{"id":17245,"date":"2010-09-16T06:07:51","date_gmt":"2010-09-16T09:07:51","guid":{"rendered":"http:\/\/www.inclusive.org.br\/?p=17245"},"modified":"2010-09-16T06:07:51","modified_gmt":"2010-09-16T09:07:51","slug":"baixa-escolaridade-mantem-pais-no-top-10-da-desigualdade-mundial","status":"publish","type":"post","link":"https:\/\/inclusivenews.com.br\/?p=17245","title":{"rendered":"Baixa escolaridade mant\u00e9m pa\u00eds no &quot;top 10&quot; da desigualdade mundial"},"content":{"rendered":"<figure id=\"attachment_12403\" aria-describedby=\"caption-attachment-12403\" style=\"width: 214px\" class=\"wp-caption alignleft\"><a href=\"http:\/\/www.inclusivenews.com.br\/wp-content\/uploads\/2009\/11\/diferente.jpg\"><img loading=\"lazy\" decoding=\"async\" class=\"size-full wp-image-12403\" title=\"Inclusive - Diferente - s\u00edmbolo matem\u00e1tico da diferen\u00e7a. Dois tra\u00e7os paralelos cortados na diagonal por outro tra\u00e7o.\" src=\"http:\/\/inclusivenews.com.br\/wp-content\/uploads\/2009\/11\/diferente.jpg\" alt=\"\" width=\"214\" height=\"149\" srcset=\"https:\/\/inclusivenews.com.br\/wp-content\/uploads\/2009\/11\/diferente.jpg 356w, https:\/\/inclusivenews.com.br\/wp-content\/uploads\/2009\/11\/diferente-300x210.jpg 300w\" sizes=\"auto, (max-width: 214px) 100vw, 214px\" \/><\/a><figcaption id=\"caption-attachment-12403\" class=\"wp-caption-text\"> <\/figcaption><\/figure>\n<p>A baixa escolaridade da popula\u00e7\u00e3o brasileira mant\u00e9m o pa\u00eds entre as dez na\u00e7\u00f5es mais desiguais do mundo. \u201cAinda estamos no top 10 da desigualdade mundial\u201d, afirma o economista-chefe do Centro de Pol\u00edticas Sociais vinculado \u00e0 Funda\u00e7\u00e3o Getulio Vargas (FGV), Marcelo C\u00f4rtes Neri.<\/p>\n<p>An\u00e1lise publicada pelo economista na \u00faltima sexta-feira (10\/9) mostra que desde 1996 h\u00e1 redu\u00e7\u00e3o do \u00edndice de Gini. O indicador, que mede a concentra\u00e7\u00e3o de renda (quanto mais perto de 1, maior a desigualdade), caiu de 0,6068, naquele ano, para 0,5448, em 2009.<\/p>\n<p>Apesar da queda, o \u00edndice brasileiro \u00e9 superior ao de pa\u00edses como os Estados Unidos (em torno de 0,400) e da \u00cdndia (0,300); e est\u00e1 pr\u00f3ximo ao de na\u00e7\u00f5es mais pobres da Am\u00e9rica Latina e do Caribe e da \u00c1frica Subsaariana. \u201cSa\u00edmos do p\u00f3dio, mas ainda estamos entre os mais desiguais\u201d, aponta o economista.<\/p>\n<p>Segundo Marcelo Neri, para diminuir a desigualdade \u00e9 preciso que a renda das classes mais baixas continue crescendo; que se mantenham programas sociais focados na popula\u00e7\u00e3o mais pobre; e, sobretudo, que o Estado amplie a oferta de educa\u00e7\u00e3o de mais qualidade e as pessoas permane\u00e7am na escola.<\/p>\n<p>O soci\u00f3logo e cientista pol\u00edtico Simon Schwartzman, presidente do Instituto de Estudos do Trabalho e Sociedade (Iets), assinala que \u201ca educa\u00e7\u00e3o no Brasil \u00e9 muito ruim\u201d e que h\u00e1 um \u201cexcesso de valoriza\u00e7\u00e3o\u201d da escolaridade, o que explica a grande diferen\u00e7a salarial entre quem tem curso superior e quem n\u00e3o tem nenhuma forma\u00e7\u00e3o. Para ele, o desempenho educacional \u201cn\u00e3o tem melhorado muito\u201d e, portanto, nos pr\u00f3ximos dez anos o quadro de desigualdade permanecer\u00e1.<\/p>\n<p>Para o gerente da Pesquisa Nacional por Amostra de Domic\u00edlios (Pnad) do Instituto Brasileiro de Geografia e Estat\u00edstica, Cimar Azeredo, o Brasil tem \u201cmazelas que n\u00e3o se desfazem de uma d\u00e9cada para outra\u201d. Ele citou a diferen\u00e7a entre a renda de homens e mulheres, brancos e negros. \u201cO passivo \u00e9 muito grande. Somos h\u00e1 muito tempo um pa\u00eds desigual.\u201d<\/p>\n<p>O estat\u00edstico e economista Jorge Abrah\u00e3o de Castro, diretor de Estudos e Pol\u00edticas Sociais do Instituto de Pesquisa Econ\u00f4mica Aplicada (Ipea), confirma que o pa\u00eds ainda vive \u201cas sequelas do passado\u201d demonstradas, por exemplo, na \u00faltima Pnad, que, al\u00e9m da desigualdade perene, indica que um em cada cinco brasileiros com 15 anos ou mais tem menos de quatro anos de estudo.<\/p>\n<p>De acordo com a Pnad, o percentual de crian\u00e7as e adolescentes de 6 a 14 anos na escola em 2009 era de 97,6%. Na avalia\u00e7\u00e3o dos especialistas, a perman\u00eancia dessas crian\u00e7as na escola resultar\u00e1 em melhoria de renda no futuro.<\/p>\n<p>Para Marcelo Neri, da FGV, a chamada nova classe m\u00e9dia brasileira, com mais de 95 milh\u00f5es de pessoas, \u00e9 formada por crian\u00e7as e adolescentes que entraram e permaneceram na escola nos anos 90, quando houve universaliza\u00e7\u00e3o do acesso ao ensino.<br \/>\n_________________<\/p>\n<p><strong>Fonte:<\/strong> <a href=\"http:\/\/agenciabrasil.ebc.com.br\">Ag\u00eancia Brasil<\/a><\/p>\n","protected":false},"excerpt":{"rendered":"<p>Para FGV, para diminuir a desigualdade \u00e9 preciso que a renda das classes mais baixas continue crescendo; que se mantenham programas sociais focados na popula\u00e7\u00e3o mais pobre; e, sobretudo, que o Estado amplie a oferta de educa\u00e7\u00e3o de mais qualidade e as pessoas permane\u00e7am na escola.<\/p>\n","protected":false},"author":1,"featured_media":0,"comment_status":"open","ping_status":"open","sticky":false,"template":"","format":"standard","meta":{"site-container-style":"default","site-container-layout":"default","site-sidebar-layout":"default","disable-article-header":"default","disable-site-header":"default","disable-site-footer":"default","disable-content-area-spacing":"default","footnotes":""},"categories":[6,4],"tags":[],"class_list":["post-17245","post","type-post","status-publish","format-standard","hentry","category-educacao","category-noticias"],"yoast_head":"<!-- This site is optimized with the Yoast SEO plugin v27.4 - https:\/\/yoast.com\/product\/yoast-seo-wordpress\/ -->\n<title>Baixa escolaridade mant\u00e9m pa\u00eds no &quot;top 10&quot; da desigualdade mundial -<\/title>\n<meta name=\"robots\" content=\"index, follow, max-snippet:-1, max-image-preview:large, max-video-preview:-1\" \/>\n<link rel=\"canonical\" href=\"https:\/\/inclusivenews.com.br\/?p=17245\" \/>\n<meta property=\"og:locale\" content=\"pt_PT\" \/>\n<meta property=\"og:type\" content=\"article\" \/>\n<meta property=\"og:title\" content=\"Baixa escolaridade mant\u00e9m pa\u00eds no &quot;top 10&quot; da desigualdade mundial -\" \/>\n<meta property=\"og:description\" content=\"Para FGV, para diminuir a desigualdade \u00e9 preciso que a renda das classes mais baixas continue crescendo; que se mantenham programas sociais focados na popula\u00e7\u00e3o mais pobre; e, sobretudo, que o Estado amplie a oferta de educa\u00e7\u00e3o de mais qualidade e as pessoas permane\u00e7am na escola.\" \/>\n<meta property=\"og:url\" content=\"https:\/\/inclusivenews.com.br\/?p=17245\" \/>\n<meta property=\"article:publisher\" content=\"https:\/\/www.facebook.com\/agenciainclusive\/\" \/>\n<meta property=\"article:published_time\" content=\"2010-09-16T09:07:51+00:00\" \/>\n<meta property=\"og:image\" content=\"http:\/\/inclusivenews.com.br\/wp-content\/uploads\/2009\/11\/diferente.jpg\" \/>\n<meta name=\"author\" content=\"inclusivenews2024\" \/>\n<meta name=\"twitter:card\" content=\"summary_large_image\" \/>\n<meta name=\"twitter:label1\" content=\"Escrito por\" \/>\n\t<meta name=\"twitter:data1\" content=\"inclusivenews2024\" \/>\n\t<meta name=\"twitter:label2\" content=\"Tempo estimado de leitura\" \/>\n\t<meta name=\"twitter:data2\" content=\"2 minutos\" \/>\n<script type=\"application\/ld+json\" class=\"yoast-schema-graph\">{\"@context\":\"https:\\\/\\\/schema.org\",\"@graph\":[{\"@type\":\"Article\",\"@id\":\"https:\\\/\\\/inclusivenews.com.br\\\/?p=17245#article\",\"isPartOf\":{\"@id\":\"https:\\\/\\\/inclusivenews.com.br\\\/?p=17245\"},\"author\":{\"name\":\"inclusivenews2024\",\"@id\":\"https:\\\/\\\/inclusivenews.com.br\\\/#\\\/schema\\\/person\\\/ae4ec7087559b8692fb33b6fffd2273b\"},\"headline\":\"Baixa escolaridade mant\u00e9m pa\u00eds no &quot;top 10&quot; da desigualdade mundial\",\"datePublished\":\"2010-09-16T09:07:51+00:00\",\"mainEntityOfPage\":{\"@id\":\"https:\\\/\\\/inclusivenews.com.br\\\/?p=17245\"},\"wordCount\":510,\"commentCount\":0,\"publisher\":{\"@id\":\"https:\\\/\\\/inclusivenews.com.br\\\/#organization\"},\"image\":{\"@id\":\"https:\\\/\\\/inclusivenews.com.br\\\/?p=17245#primaryimage\"},\"thumbnailUrl\":\"http:\\\/\\\/inclusivenews.com.br\\\/wp-content\\\/uploads\\\/2009\\\/11\\\/diferente.jpg\",\"articleSection\":[\"EDUCA\u00c7\u00c3O\",\"NOT\u00cdCIAS\"],\"inLanguage\":\"pt-PT\",\"potentialAction\":[{\"@type\":\"CommentAction\",\"name\":\"Comment\",\"target\":[\"https:\\\/\\\/inclusivenews.com.br\\\/?p=17245#respond\"]}]},{\"@type\":\"WebPage\",\"@id\":\"https:\\\/\\\/inclusivenews.com.br\\\/?p=17245\",\"url\":\"https:\\\/\\\/inclusivenews.com.br\\\/?p=17245\",\"name\":\"Baixa escolaridade mant\u00e9m pa\u00eds no &quot;top 10&quot; da desigualdade mundial -\",\"isPartOf\":{\"@id\":\"https:\\\/\\\/inclusivenews.com.br\\\/#website\"},\"primaryImageOfPage\":{\"@id\":\"https:\\\/\\\/inclusivenews.com.br\\\/?p=17245#primaryimage\"},\"image\":{\"@id\":\"https:\\\/\\\/inclusivenews.com.br\\\/?p=17245#primaryimage\"},\"thumbnailUrl\":\"http:\\\/\\\/inclusivenews.com.br\\\/wp-content\\\/uploads\\\/2009\\\/11\\\/diferente.jpg\",\"datePublished\":\"2010-09-16T09:07:51+00:00\",\"breadcrumb\":{\"@id\":\"https:\\\/\\\/inclusivenews.com.br\\\/?p=17245#breadcrumb\"},\"inLanguage\":\"pt-PT\",\"potentialAction\":[{\"@type\":\"ReadAction\",\"target\":[\"https:\\\/\\\/inclusivenews.com.br\\\/?p=17245\"]}]},{\"@type\":\"ImageObject\",\"inLanguage\":\"pt-PT\",\"@id\":\"https:\\\/\\\/inclusivenews.com.br\\\/?p=17245#primaryimage\",\"url\":\"https:\\\/\\\/inclusivenews.com.br\\\/wp-content\\\/uploads\\\/2009\\\/11\\\/diferente.jpg\",\"contentUrl\":\"https:\\\/\\\/inclusivenews.com.br\\\/wp-content\\\/uploads\\\/2009\\\/11\\\/diferente.jpg\",\"width\":356,\"height\":249,\"caption\":\"Inclusive - Diferente - s\u00edmbolo matem\u00e1tico da diferen\u00e7a. Dois tra\u00e7os paralelos cortados na diagonal por outro tra\u00e7o.\"},{\"@type\":\"BreadcrumbList\",\"@id\":\"https:\\\/\\\/inclusivenews.com.br\\\/?p=17245#breadcrumb\",\"itemListElement\":[{\"@type\":\"ListItem\",\"position\":1,\"name\":\"In\u00edcio\",\"item\":\"https:\\\/\\\/inclusivenews.com.br\\\/\"},{\"@type\":\"ListItem\",\"position\":2,\"name\":\"Baixa escolaridade mant\u00e9m pa\u00eds no &quot;top 10&quot; da desigualdade mundial\"}]},{\"@type\":\"WebSite\",\"@id\":\"https:\\\/\\\/inclusivenews.com.br\\\/#website\",\"url\":\"https:\\\/\\\/inclusivenews.com.br\\\/\",\"name\":\"Inclusive News\",\"description\":\"Inclusive News\",\"publisher\":{\"@id\":\"https:\\\/\\\/inclusivenews.com.br\\\/#organization\"},\"potentialAction\":[{\"@type\":\"SearchAction\",\"target\":{\"@type\":\"EntryPoint\",\"urlTemplate\":\"https:\\\/\\\/inclusivenews.com.br\\\/?s={search_term_string}\"},\"query-input\":{\"@type\":\"PropertyValueSpecification\",\"valueRequired\":true,\"valueName\":\"search_term_string\"}}],\"inLanguage\":\"pt-PT\"},{\"@type\":\"Organization\",\"@id\":\"https:\\\/\\\/inclusivenews.com.br\\\/#organization\",\"name\":\"Inclusive - inclus\u00e3o e cidadania\",\"url\":\"https:\\\/\\\/inclusivenews.com.br\\\/\",\"logo\":{\"@type\":\"ImageObject\",\"inLanguage\":\"pt-PT\",\"@id\":\"https:\\\/\\\/inclusivenews.com.br\\\/#\\\/schema\\\/logo\\\/image\\\/\",\"url\":\"https:\\\/\\\/inclusivenews.com.br\\\/wp-content\\\/uploads\\\/2024\\\/03\\\/@grandesite.png\",\"contentUrl\":\"https:\\\/\\\/inclusivenews.com.br\\\/wp-content\\\/uploads\\\/2024\\\/03\\\/@grandesite.png\",\"width\":1080,\"height\":1080,\"caption\":\"Inclusive - inclus\u00e3o e cidadania\"},\"image\":{\"@id\":\"https:\\\/\\\/inclusivenews.com.br\\\/#\\\/schema\\\/logo\\\/image\\\/\"},\"sameAs\":[\"https:\\\/\\\/www.facebook.com\\\/agenciainclusive\\\/\",\"https:\\\/\\\/www.instagram.com\\\/newsinclusive\\\/\"]},{\"@type\":\"Person\",\"@id\":\"https:\\\/\\\/inclusivenews.com.br\\\/#\\\/schema\\\/person\\\/ae4ec7087559b8692fb33b6fffd2273b\",\"name\":\"inclusivenews2024\",\"image\":{\"@type\":\"ImageObject\",\"inLanguage\":\"pt-PT\",\"@id\":\"https:\\\/\\\/secure.gravatar.com\\\/avatar\\\/c5a7ef84c66fa914f55bc4f7ce26cfa275a3b9a1c5568b907bd184fb4dde7b40?s=96&d=mm&r=g\",\"url\":\"https:\\\/\\\/secure.gravatar.com\\\/avatar\\\/c5a7ef84c66fa914f55bc4f7ce26cfa275a3b9a1c5568b907bd184fb4dde7b40?s=96&d=mm&r=g\",\"contentUrl\":\"https:\\\/\\\/secure.gravatar.com\\\/avatar\\\/c5a7ef84c66fa914f55bc4f7ce26cfa275a3b9a1c5568b907bd184fb4dde7b40?s=96&d=mm&r=g\",\"caption\":\"inclusivenews2024\"},\"sameAs\":[\"https:\\\/\\\/inclusivenews.com.br\"],\"url\":\"https:\\\/\\\/inclusivenews.com.br\\\/?author=1\"}]}<\/script>\n<!-- \/ Yoast SEO plugin. -->","yoast_head_json":{"title":"Baixa escolaridade mant\u00e9m pa\u00eds no &quot;top 10&quot; da desigualdade mundial -","robots":{"index":"index","follow":"follow","max-snippet":"max-snippet:-1","max-image-preview":"max-image-preview:large","max-video-preview":"max-video-preview:-1"},"canonical":"https:\/\/inclusivenews.com.br\/?p=17245","og_locale":"pt_PT","og_type":"article","og_title":"Baixa escolaridade mant\u00e9m pa\u00eds no &quot;top 10&quot; da desigualdade mundial -","og_description":"Para FGV, para diminuir a desigualdade \u00e9 preciso que a renda das classes mais baixas continue crescendo; que se mantenham programas sociais focados na popula\u00e7\u00e3o mais pobre; e, sobretudo, que o Estado amplie a oferta de educa\u00e7\u00e3o de mais qualidade e as pessoas permane\u00e7am na escola.","og_url":"https:\/\/inclusivenews.com.br\/?p=17245","article_publisher":"https:\/\/www.facebook.com\/agenciainclusive\/","article_published_time":"2010-09-16T09:07:51+00:00","og_image":[{"url":"http:\/\/inclusivenews.com.br\/wp-content\/uploads\/2009\/11\/diferente.jpg","type":"","width":"","height":""}],"author":"inclusivenews2024","twitter_card":"summary_large_image","twitter_misc":{"Escrito por":"inclusivenews2024","Tempo estimado de leitura":"2 minutos"},"schema":{"@context":"https:\/\/schema.org","@graph":[{"@type":"Article","@id":"https:\/\/inclusivenews.com.br\/?p=17245#article","isPartOf":{"@id":"https:\/\/inclusivenews.com.br\/?p=17245"},"author":{"name":"inclusivenews2024","@id":"https:\/\/inclusivenews.com.br\/#\/schema\/person\/ae4ec7087559b8692fb33b6fffd2273b"},"headline":"Baixa escolaridade mant\u00e9m pa\u00eds no &quot;top 10&quot; da desigualdade mundial","datePublished":"2010-09-16T09:07:51+00:00","mainEntityOfPage":{"@id":"https:\/\/inclusivenews.com.br\/?p=17245"},"wordCount":510,"commentCount":0,"publisher":{"@id":"https:\/\/inclusivenews.com.br\/#organization"},"image":{"@id":"https:\/\/inclusivenews.com.br\/?p=17245#primaryimage"},"thumbnailUrl":"http:\/\/inclusivenews.com.br\/wp-content\/uploads\/2009\/11\/diferente.jpg","articleSection":["EDUCA\u00c7\u00c3O","NOT\u00cdCIAS"],"inLanguage":"pt-PT","potentialAction":[{"@type":"CommentAction","name":"Comment","target":["https:\/\/inclusivenews.com.br\/?p=17245#respond"]}]},{"@type":"WebPage","@id":"https:\/\/inclusivenews.com.br\/?p=17245","url":"https:\/\/inclusivenews.com.br\/?p=17245","name":"Baixa escolaridade mant\u00e9m pa\u00eds no &quot;top 10&quot; da desigualdade mundial -","isPartOf":{"@id":"https:\/\/inclusivenews.com.br\/#website"},"primaryImageOfPage":{"@id":"https:\/\/inclusivenews.com.br\/?p=17245#primaryimage"},"image":{"@id":"https:\/\/inclusivenews.com.br\/?p=17245#primaryimage"},"thumbnailUrl":"http:\/\/inclusivenews.com.br\/wp-content\/uploads\/2009\/11\/diferente.jpg","datePublished":"2010-09-16T09:07:51+00:00","breadcrumb":{"@id":"https:\/\/inclusivenews.com.br\/?p=17245#breadcrumb"},"inLanguage":"pt-PT","potentialAction":[{"@type":"ReadAction","target":["https:\/\/inclusivenews.com.br\/?p=17245"]}]},{"@type":"ImageObject","inLanguage":"pt-PT","@id":"https:\/\/inclusivenews.com.br\/?p=17245#primaryimage","url":"https:\/\/inclusivenews.com.br\/wp-content\/uploads\/2009\/11\/diferente.jpg","contentUrl":"https:\/\/inclusivenews.com.br\/wp-content\/uploads\/2009\/11\/diferente.jpg","width":356,"height":249,"caption":"Inclusive - Diferente - s\u00edmbolo matem\u00e1tico da diferen\u00e7a. Dois tra\u00e7os paralelos cortados na diagonal por outro tra\u00e7o."},{"@type":"BreadcrumbList","@id":"https:\/\/inclusivenews.com.br\/?p=17245#breadcrumb","itemListElement":[{"@type":"ListItem","position":1,"name":"In\u00edcio","item":"https:\/\/inclusivenews.com.br\/"},{"@type":"ListItem","position":2,"name":"Baixa escolaridade mant\u00e9m pa\u00eds no &quot;top 10&quot; da desigualdade mundial"}]},{"@type":"WebSite","@id":"https:\/\/inclusivenews.com.br\/#website","url":"https:\/\/inclusivenews.com.br\/","name":"Inclusive News","description":"Inclusive News","publisher":{"@id":"https:\/\/inclusivenews.com.br\/#organization"},"potentialAction":[{"@type":"SearchAction","target":{"@type":"EntryPoint","urlTemplate":"https:\/\/inclusivenews.com.br\/?s={search_term_string}"},"query-input":{"@type":"PropertyValueSpecification","valueRequired":true,"valueName":"search_term_string"}}],"inLanguage":"pt-PT"},{"@type":"Organization","@id":"https:\/\/inclusivenews.com.br\/#organization","name":"Inclusive - inclus\u00e3o e cidadania","url":"https:\/\/inclusivenews.com.br\/","logo":{"@type":"ImageObject","inLanguage":"pt-PT","@id":"https:\/\/inclusivenews.com.br\/#\/schema\/logo\/image\/","url":"https:\/\/inclusivenews.com.br\/wp-content\/uploads\/2024\/03\/@grandesite.png","contentUrl":"https:\/\/inclusivenews.com.br\/wp-content\/uploads\/2024\/03\/@grandesite.png","width":1080,"height":1080,"caption":"Inclusive - inclus\u00e3o e cidadania"},"image":{"@id":"https:\/\/inclusivenews.com.br\/#\/schema\/logo\/image\/"},"sameAs":["https:\/\/www.facebook.com\/agenciainclusive\/","https:\/\/www.instagram.com\/newsinclusive\/"]},{"@type":"Person","@id":"https:\/\/inclusivenews.com.br\/#\/schema\/person\/ae4ec7087559b8692fb33b6fffd2273b","name":"inclusivenews2024","image":{"@type":"ImageObject","inLanguage":"pt-PT","@id":"https:\/\/secure.gravatar.com\/avatar\/c5a7ef84c66fa914f55bc4f7ce26cfa275a3b9a1c5568b907bd184fb4dde7b40?s=96&d=mm&r=g","url":"https:\/\/secure.gravatar.com\/avatar\/c5a7ef84c66fa914f55bc4f7ce26cfa275a3b9a1c5568b907bd184fb4dde7b40?s=96&d=mm&r=g","contentUrl":"https:\/\/secure.gravatar.com\/avatar\/c5a7ef84c66fa914f55bc4f7ce26cfa275a3b9a1c5568b907bd184fb4dde7b40?s=96&d=mm&r=g","caption":"inclusivenews2024"},"sameAs":["https:\/\/inclusivenews.com.br"],"url":"https:\/\/inclusivenews.com.br\/?author=1"}]}},"_links":{"self":[{"href":"https:\/\/inclusivenews.com.br\/index.php?rest_route=\/wp\/v2\/posts\/17245","targetHints":{"allow":["GET"]}}],"collection":[{"href":"https:\/\/inclusivenews.com.br\/index.php?rest_route=\/wp\/v2\/posts"}],"about":[{"href":"https:\/\/inclusivenews.com.br\/index.php?rest_route=\/wp\/v2\/types\/post"}],"author":[{"embeddable":true,"href":"https:\/\/inclusivenews.com.br\/index.php?rest_route=\/wp\/v2\/users\/1"}],"replies":[{"embeddable":true,"href":"https:\/\/inclusivenews.com.br\/index.php?rest_route=%2Fwp%2Fv2%2Fcomments&post=17245"}],"version-history":[{"count":0,"href":"https:\/\/inclusivenews.com.br\/index.php?rest_route=\/wp\/v2\/posts\/17245\/revisions"}],"wp:attachment":[{"href":"https:\/\/inclusivenews.com.br\/index.php?rest_route=%2Fwp%2Fv2%2Fmedia&parent=17245"}],"wp:term":[{"taxonomy":"category","embeddable":true,"href":"https:\/\/inclusivenews.com.br\/index.php?rest_route=%2Fwp%2Fv2%2Fcategories&post=17245"},{"taxonomy":"post_tag","embeddable":true,"href":"https:\/\/inclusivenews.com.br\/index.php?rest_route=%2Fwp%2Fv2%2Ftags&post=17245"}],"curies":[{"name":"wp","href":"https:\/\/api.w.org\/{rel}","templated":true}]}}