{"id":17249,"date":"2010-09-23T06:06:33","date_gmt":"2010-09-23T09:06:33","guid":{"rendered":"http:\/\/www.inclusive.org.br\/?p=17249"},"modified":"2010-09-23T06:06:33","modified_gmt":"2010-09-23T09:06:33","slug":"iii-forum-de-curitiba-sobre-escolaridade-e-empregabilidade-da-pesso-a-com-deficiencia","status":"publish","type":"post","link":"https:\/\/inclusivenews.com.br\/?p=17249","title":{"rendered":"III F\u00f3rum de Curitiba sobre Escolaridade e Empregabilidade da Pessoa com Defici\u00eancia"},"content":{"rendered":"<figure id=\"attachment_17254\" aria-describedby=\"caption-attachment-17254\" style=\"width: 300px\" class=\"wp-caption alignleft\"><a href=\"http:\/\/www.inclusivenews.com.br\/wp-content\/uploads\/2010\/09\/lei-de-cotas2.jpg\"><img loading=\"lazy\" decoding=\"async\" class=\"size-medium wp-image-17254\" title=\"lei de cotas2\" src=\"http:\/\/inclusivenews.com.br\/wp-content\/uploads\/2010\/09\/lei-de-cotas2-300x225.jpg\" alt=\"Duas mulheres sentadas ao computador, trabalhando, uma delas, em segundo plano, sentada em cadeira de rodas.\" width=\"300\" height=\"225\" \/><\/a><figcaption id=\"caption-attachment-17254\" class=\"wp-caption-text\">Duas mulheres sentadas ao computador, trabalhando, uma delas, em segundo plano, sentada em cadeira de rodas.<\/figcaption><\/figure>\n<p>III F\u00d3RUM DE CURITIBA SOBRE ESCOLARIDADE E EMPREGABILIDADE DA PESSOA COM DEFICI\u00caNCIA \u2013 2010<\/p>\n<p>TEMA: As tecnologias mediando a inclus\u00e3o da Pessoa com Defici\u00eancia<\/p>\n<p>OBJETIVO: Proporcionar momento de discuss\u00e3o sobre a import\u00e2ncia das tecnologias e ajuda t\u00e9cnica no processo de inser\u00e7\u00e3o das pessoas com defici\u00eancia na escola e no mundo do trabalho.<\/p>\n<p>P\u00daBLICO-ALVO: Representantes de empresas, universidades, escolas municipais especiais e conveniadas e institui\u00e7\u00f5es afins.<\/p>\n<p>LOCAL: Sal\u00e3o de Atos \u2013 Parque Barigui<\/p>\n<p>Programa\u00e7\u00e3o:<\/p>\n<p>23\/09<\/p>\n<p>18h30 Credenciamento e Abertura Oficial 19h30<\/p>\n<p>Palestra: \u201cOs recursos tecnol\u00f3gicos como facilitadores no processo de inclus\u00e3o no mundo do trabalho\u201d.<\/p>\n<p>Palestrante: Romeu Kazumi Sassaki, consultor de Inclus\u00e3o Social, S\u00e3o Paulo\/SP.<\/p>\n<p>20h30 Apresenta\u00e7\u00e3o da Banda Show Affinitas, da APAE de Ponta Grossa\/PR.<\/p>\n<p>24\/09<\/p>\n<p>8h Entrega de material 8h30 Palestra: \u201cAs tecnologias assistivas no processo educacional\u201d<\/p>\n<p>Palestrante: Silvana Elke, fisioterapeuta \u2013 Escola Especial Ecum\u00eanica<\/p>\n<p>9h Palestra: Tecnologias assistivas e emprego apoiado.<\/p>\n<p>Palestrante: Alexandre Prado Betti, consultor do Emprego Apoiado, S\u00e3o Paulo\/SP.<\/p>\n<p>9h40 Depoimento familiar 9h50 Apresenta\u00e7\u00e3o cultural 10h Intervalo<\/p>\n<p>MESA-REDONDA<\/p>\n<p>10h20 Mesa A:<\/p>\n<p>Tema: Empresa e presta\u00e7\u00e3o de servi\u00e7o na contrata\u00e7\u00e3o da PcD<\/p>\n<p>Mediador: Romeu Sassaki<\/p>\n<p>Palestrante: Regiane de C\u00e1ssia Ruivo Maturo \u2013 coordenadora t\u00e9cnica de neg\u00f3cios \u2013 SESI\/PR<\/p>\n<p>Tema: Inclus\u00e3o da PcD no mundo do trabalho no Estado do PR.<\/p>\n<p>Palestrante: Dra. Tereza Gosdal \u2013 Procuradora do Minist\u00e9rio do Trabalho, Curitiba\/PR.<\/p>\n<p>Tema: Da realidade \u00e0 a\u00e7\u00e3o: estrat\u00e9gias legais e de responsabilidade social para a inclus\u00e3o da PcD.<\/p>\n<p>10h20 Mesa B: Tema: Convivendo com a diversidade<\/p>\n<p>Mediador: Professor Ronaldo V. Schwantes, Diretor da Escola Municipal de Educa\u00e7\u00e3o Especial Helena Wladiimirna Antipoff<\/p>\n<p>Palestrante: Alexandre Prado Betti<\/p>\n<p>Tema: Emprego apoiado<\/p>\n<p>Palestrante: Elianes Klein, psic\u00f3loga e supervisora do programa de orienta\u00e7\u00e3o profissional da Escola Epheta.<\/p>\n<p>Tema: Reconhecendo potencialidades e convivendo com as diferen\u00e7as.<\/p>\n<p>11h15 Debate<\/p>\n<p>12h\u00a0\u00a0\u00a0 Almo\u00e7o<\/p>\n<p>14h Palestra: \u201cRecursos tecnol\u00f3gicos desenvolvidos em Curitiba para a inclus\u00e3o da PcD\u201d<\/p>\n<p>Palestrante: Nicoloau Afonso Barth, diretor de Rela\u00e7\u00f5es Empresariais da UTFPR.<\/p>\n<p>14h30 Depoimento empresarial 14h50 Palestra: \u201cO conviver com a diversidade\u201d<\/p>\n<p>Palestrante: Jaqueline Correa Sanson, psic\u00f3loga e psicanalista<\/p>\n<p>15h45 Apresenta\u00e7\u00e3o cultural<\/p>\n<p>16h Visita \u00e0s Oficinas<\/p>\n<p>17h Encerramento<\/p>\n<p>25\/09<\/p>\n<p>Dia da Cidadania Especial<\/p>\n<p>Vagas Limitadas Programa\u00e7\u00e3o e inscri\u00e7\u00e3o: <a href=\"http:\/\/www.cidadedoconhecimento.org.br\">www.cidadedoconhecimento.org.br<\/a> Contato: (41) 3350-3105 e 3350-9857 \u2013 Areni ou Ang\u00e9lica<\/p>\n<p>Fonte: \u00a0<a href=\"http:\/\/lumiy.wordpress.com\">http:\/\/lumiy.wordpress.com<\/a><\/p>\n","protected":false},"excerpt":{"rendered":"<p>Proporcionar momento de discuss\u00e3o sobre a import\u00e2ncia das tecnologias e ajuda t\u00e9cnica no processo de inser\u00e7\u00e3o das pessoas com defici\u00eancia na escola e no mundo do trabalho \u00e9 o objetivo do F\u00f3rum.<\/p>\n","protected":false},"author":1,"featured_media":0,"comment_status":"open","ping_status":"open","sticky":false,"template":"","format":"standard","meta":{"site-container-style":"default","site-container-layout":"default","site-sidebar-layout":"default","disable-article-header":"default","disable-site-header":"default","disable-site-footer":"default","disable-content-area-spacing":"default","footnotes":""},"categories":[44,12,38,48,26,46,4,49],"tags":[],"class_list":["post-17249","post","type-post","status-publish","format-standard","hentry","category-acessibilidade","category-cursos-e-eventos","category-deficiencia","category-inclusao","category-legislacao","category-mercado-de-trabalho","category-noticias","category-politicas-publicas"],"yoast_head":"<!-- This site is optimized with the Yoast SEO plugin v27.4 - https:\/\/yoast.com\/product\/yoast-seo-wordpress\/ -->\n<title>III F\u00f3rum de Curitiba sobre Escolaridade e Empregabilidade da Pessoa com Defici\u00eancia -<\/title>\n<meta name=\"robots\" content=\"index, follow, max-snippet:-1, max-image-preview:large, max-video-preview:-1\" \/>\n<link rel=\"canonical\" href=\"https:\/\/inclusivenews.com.br\/?p=17249\" \/>\n<meta property=\"og:locale\" content=\"pt_PT\" \/>\n<meta property=\"og:type\" content=\"article\" \/>\n<meta property=\"og:title\" content=\"III F\u00f3rum de Curitiba sobre Escolaridade e Empregabilidade da Pessoa com Defici\u00eancia -\" \/>\n<meta property=\"og:description\" content=\"Proporcionar momento de discuss\u00e3o sobre a import\u00e2ncia das tecnologias e ajuda t\u00e9cnica no processo de inser\u00e7\u00e3o das pessoas com defici\u00eancia na escola e no mundo do trabalho \u00e9 o objetivo do F\u00f3rum.\" \/>\n<meta property=\"og:url\" content=\"https:\/\/inclusivenews.com.br\/?p=17249\" \/>\n<meta property=\"article:publisher\" content=\"https:\/\/www.facebook.com\/agenciainclusive\/\" \/>\n<meta property=\"article:published_time\" content=\"2010-09-23T09:06:33+00:00\" \/>\n<meta property=\"og:image\" content=\"http:\/\/inclusivenews.com.br\/wp-content\/uploads\/2010\/09\/lei-de-cotas2-300x225.jpg\" \/>\n<meta name=\"author\" content=\"inclusivenews2024\" \/>\n<meta name=\"twitter:card\" content=\"summary_large_image\" \/>\n<meta name=\"twitter:label1\" content=\"Escrito por\" \/>\n\t<meta name=\"twitter:data1\" content=\"inclusivenews2024\" \/>\n\t<meta name=\"twitter:label2\" content=\"Tempo estimado de leitura\" \/>\n\t<meta name=\"twitter:data2\" content=\"2 minutos\" \/>\n<script type=\"application\/ld+json\" class=\"yoast-schema-graph\">{\"@context\":\"https:\\\/\\\/schema.org\",\"@graph\":[{\"@type\":\"Article\",\"@id\":\"https:\\\/\\\/inclusivenews.com.br\\\/?p=17249#article\",\"isPartOf\":{\"@id\":\"https:\\\/\\\/inclusivenews.com.br\\\/?p=17249\"},\"author\":{\"name\":\"inclusivenews2024\",\"@id\":\"https:\\\/\\\/inclusivenews.com.br\\\/#\\\/schema\\\/person\\\/ae4ec7087559b8692fb33b6fffd2273b\"},\"headline\":\"III F\u00f3rum de Curitiba sobre Escolaridade e Empregabilidade da Pessoa com Defici\u00eancia\",\"datePublished\":\"2010-09-23T09:06:33+00:00\",\"mainEntityOfPage\":{\"@id\":\"https:\\\/\\\/inclusivenews.com.br\\\/?p=17249\"},\"wordCount\":437,\"commentCount\":0,\"publisher\":{\"@id\":\"https:\\\/\\\/inclusivenews.com.br\\\/#organization\"},\"image\":{\"@id\":\"https:\\\/\\\/inclusivenews.com.br\\\/?p=17249#primaryimage\"},\"thumbnailUrl\":\"http:\\\/\\\/inclusivenews.com.br\\\/wp-content\\\/uploads\\\/2010\\\/09\\\/lei-de-cotas2-300x225.jpg\",\"articleSection\":[\"ACESSIBILIDADE\",\"Cursos e eventos\",\"Defici\u00eancia\",\"INCLUS\u00c3O SOCIAL\",\"Legisla\u00e7\u00e3o ...\",\"Mercado de Trabalho\",\"NOT\u00cdCIAS\",\"Pol\u00edticas p\u00fablicas\"],\"inLanguage\":\"pt-PT\",\"potentialAction\":[{\"@type\":\"CommentAction\",\"name\":\"Comment\",\"target\":[\"https:\\\/\\\/inclusivenews.com.br\\\/?p=17249#respond\"]}]},{\"@type\":\"WebPage\",\"@id\":\"https:\\\/\\\/inclusivenews.com.br\\\/?p=17249\",\"url\":\"https:\\\/\\\/inclusivenews.com.br\\\/?p=17249\",\"name\":\"III F\u00f3rum de Curitiba sobre Escolaridade e Empregabilidade da Pessoa com Defici\u00eancia -\",\"isPartOf\":{\"@id\":\"https:\\\/\\\/inclusivenews.com.br\\\/#website\"},\"primaryImageOfPage\":{\"@id\":\"https:\\\/\\\/inclusivenews.com.br\\\/?p=17249#primaryimage\"},\"image\":{\"@id\":\"https:\\\/\\\/inclusivenews.com.br\\\/?p=17249#primaryimage\"},\"thumbnailUrl\":\"http:\\\/\\\/inclusivenews.com.br\\\/wp-content\\\/uploads\\\/2010\\\/09\\\/lei-de-cotas2-300x225.jpg\",\"datePublished\":\"2010-09-23T09:06:33+00:00\",\"breadcrumb\":{\"@id\":\"https:\\\/\\\/inclusivenews.com.br\\\/?p=17249#breadcrumb\"},\"inLanguage\":\"pt-PT\",\"potentialAction\":[{\"@type\":\"ReadAction\",\"target\":[\"https:\\\/\\\/inclusivenews.com.br\\\/?p=17249\"]}]},{\"@type\":\"ImageObject\",\"inLanguage\":\"pt-PT\",\"@id\":\"https:\\\/\\\/inclusivenews.com.br\\\/?p=17249#primaryimage\",\"url\":\"\",\"contentUrl\":\"\"},{\"@type\":\"BreadcrumbList\",\"@id\":\"https:\\\/\\\/inclusivenews.com.br\\\/?p=17249#breadcrumb\",\"itemListElement\":[{\"@type\":\"ListItem\",\"position\":1,\"name\":\"In\u00edcio\",\"item\":\"https:\\\/\\\/inclusivenews.com.br\\\/\"},{\"@type\":\"ListItem\",\"position\":2,\"name\":\"III F\u00f3rum de Curitiba sobre Escolaridade e Empregabilidade da Pessoa com Defici\u00eancia\"}]},{\"@type\":\"WebSite\",\"@id\":\"https:\\\/\\\/inclusivenews.com.br\\\/#website\",\"url\":\"https:\\\/\\\/inclusivenews.com.br\\\/\",\"name\":\"Inclusive News\",\"description\":\"Inclusive News\",\"publisher\":{\"@id\":\"https:\\\/\\\/inclusivenews.com.br\\\/#organization\"},\"potentialAction\":[{\"@type\":\"SearchAction\",\"target\":{\"@type\":\"EntryPoint\",\"urlTemplate\":\"https:\\\/\\\/inclusivenews.com.br\\\/?s={search_term_string}\"},\"query-input\":{\"@type\":\"PropertyValueSpecification\",\"valueRequired\":true,\"valueName\":\"search_term_string\"}}],\"inLanguage\":\"pt-PT\"},{\"@type\":\"Organization\",\"@id\":\"https:\\\/\\\/inclusivenews.com.br\\\/#organization\",\"name\":\"Inclusive - inclus\u00e3o e cidadania\",\"url\":\"https:\\\/\\\/inclusivenews.com.br\\\/\",\"logo\":{\"@type\":\"ImageObject\",\"inLanguage\":\"pt-PT\",\"@id\":\"https:\\\/\\\/inclusivenews.com.br\\\/#\\\/schema\\\/logo\\\/image\\\/\",\"url\":\"https:\\\/\\\/inclusivenews.com.br\\\/wp-content\\\/uploads\\\/2024\\\/03\\\/@grandesite.png\",\"contentUrl\":\"https:\\\/\\\/inclusivenews.com.br\\\/wp-content\\\/uploads\\\/2024\\\/03\\\/@grandesite.png\",\"width\":1080,\"height\":1080,\"caption\":\"Inclusive - inclus\u00e3o e cidadania\"},\"image\":{\"@id\":\"https:\\\/\\\/inclusivenews.com.br\\\/#\\\/schema\\\/logo\\\/image\\\/\"},\"sameAs\":[\"https:\\\/\\\/www.facebook.com\\\/agenciainclusive\\\/\",\"https:\\\/\\\/www.instagram.com\\\/newsinclusive\\\/\"]},{\"@type\":\"Person\",\"@id\":\"https:\\\/\\\/inclusivenews.com.br\\\/#\\\/schema\\\/person\\\/ae4ec7087559b8692fb33b6fffd2273b\",\"name\":\"inclusivenews2024\",\"image\":{\"@type\":\"ImageObject\",\"inLanguage\":\"pt-PT\",\"@id\":\"https:\\\/\\\/secure.gravatar.com\\\/avatar\\\/c5a7ef84c66fa914f55bc4f7ce26cfa275a3b9a1c5568b907bd184fb4dde7b40?s=96&d=mm&r=g\",\"url\":\"https:\\\/\\\/secure.gravatar.com\\\/avatar\\\/c5a7ef84c66fa914f55bc4f7ce26cfa275a3b9a1c5568b907bd184fb4dde7b40?s=96&d=mm&r=g\",\"contentUrl\":\"https:\\\/\\\/secure.gravatar.com\\\/avatar\\\/c5a7ef84c66fa914f55bc4f7ce26cfa275a3b9a1c5568b907bd184fb4dde7b40?s=96&d=mm&r=g\",\"caption\":\"inclusivenews2024\"},\"sameAs\":[\"https:\\\/\\\/inclusivenews.com.br\"],\"url\":\"https:\\\/\\\/inclusivenews.com.br\\\/?author=1\"}]}<\/script>\n<!-- \/ Yoast SEO plugin. -->","yoast_head_json":{"title":"III F\u00f3rum de Curitiba sobre Escolaridade e Empregabilidade da Pessoa com Defici\u00eancia -","robots":{"index":"index","follow":"follow","max-snippet":"max-snippet:-1","max-image-preview":"max-image-preview:large","max-video-preview":"max-video-preview:-1"},"canonical":"https:\/\/inclusivenews.com.br\/?p=17249","og_locale":"pt_PT","og_type":"article","og_title":"III F\u00f3rum de Curitiba sobre Escolaridade e Empregabilidade da Pessoa com Defici\u00eancia -","og_description":"Proporcionar momento de discuss\u00e3o sobre a import\u00e2ncia das tecnologias e ajuda t\u00e9cnica no processo de inser\u00e7\u00e3o das pessoas com defici\u00eancia na escola e no mundo do trabalho \u00e9 o objetivo do F\u00f3rum.","og_url":"https:\/\/inclusivenews.com.br\/?p=17249","article_publisher":"https:\/\/www.facebook.com\/agenciainclusive\/","article_published_time":"2010-09-23T09:06:33+00:00","og_image":[{"url":"http:\/\/inclusivenews.com.br\/wp-content\/uploads\/2010\/09\/lei-de-cotas2-300x225.jpg","type":"","width":"","height":""}],"author":"inclusivenews2024","twitter_card":"summary_large_image","twitter_misc":{"Escrito por":"inclusivenews2024","Tempo estimado de leitura":"2 minutos"},"schema":{"@context":"https:\/\/schema.org","@graph":[{"@type":"Article","@id":"https:\/\/inclusivenews.com.br\/?p=17249#article","isPartOf":{"@id":"https:\/\/inclusivenews.com.br\/?p=17249"},"author":{"name":"inclusivenews2024","@id":"https:\/\/inclusivenews.com.br\/#\/schema\/person\/ae4ec7087559b8692fb33b6fffd2273b"},"headline":"III F\u00f3rum de Curitiba sobre Escolaridade e Empregabilidade da Pessoa com Defici\u00eancia","datePublished":"2010-09-23T09:06:33+00:00","mainEntityOfPage":{"@id":"https:\/\/inclusivenews.com.br\/?p=17249"},"wordCount":437,"commentCount":0,"publisher":{"@id":"https:\/\/inclusivenews.com.br\/#organization"},"image":{"@id":"https:\/\/inclusivenews.com.br\/?p=17249#primaryimage"},"thumbnailUrl":"http:\/\/inclusivenews.com.br\/wp-content\/uploads\/2010\/09\/lei-de-cotas2-300x225.jpg","articleSection":["ACESSIBILIDADE","Cursos e eventos","Defici\u00eancia","INCLUS\u00c3O SOCIAL","Legisla\u00e7\u00e3o ...","Mercado de Trabalho","NOT\u00cdCIAS","Pol\u00edticas p\u00fablicas"],"inLanguage":"pt-PT","potentialAction":[{"@type":"CommentAction","name":"Comment","target":["https:\/\/inclusivenews.com.br\/?p=17249#respond"]}]},{"@type":"WebPage","@id":"https:\/\/inclusivenews.com.br\/?p=17249","url":"https:\/\/inclusivenews.com.br\/?p=17249","name":"III F\u00f3rum de Curitiba sobre Escolaridade e Empregabilidade da Pessoa com Defici\u00eancia -","isPartOf":{"@id":"https:\/\/inclusivenews.com.br\/#website"},"primaryImageOfPage":{"@id":"https:\/\/inclusivenews.com.br\/?p=17249#primaryimage"},"image":{"@id":"https:\/\/inclusivenews.com.br\/?p=17249#primaryimage"},"thumbnailUrl":"http:\/\/inclusivenews.com.br\/wp-content\/uploads\/2010\/09\/lei-de-cotas2-300x225.jpg","datePublished":"2010-09-23T09:06:33+00:00","breadcrumb":{"@id":"https:\/\/inclusivenews.com.br\/?p=17249#breadcrumb"},"inLanguage":"pt-PT","potentialAction":[{"@type":"ReadAction","target":["https:\/\/inclusivenews.com.br\/?p=17249"]}]},{"@type":"ImageObject","inLanguage":"pt-PT","@id":"https:\/\/inclusivenews.com.br\/?p=17249#primaryimage","url":"","contentUrl":""},{"@type":"BreadcrumbList","@id":"https:\/\/inclusivenews.com.br\/?p=17249#breadcrumb","itemListElement":[{"@type":"ListItem","position":1,"name":"In\u00edcio","item":"https:\/\/inclusivenews.com.br\/"},{"@type":"ListItem","position":2,"name":"III F\u00f3rum de Curitiba sobre Escolaridade e Empregabilidade da Pessoa com Defici\u00eancia"}]},{"@type":"WebSite","@id":"https:\/\/inclusivenews.com.br\/#website","url":"https:\/\/inclusivenews.com.br\/","name":"Inclusive News","description":"Inclusive News","publisher":{"@id":"https:\/\/inclusivenews.com.br\/#organization"},"potentialAction":[{"@type":"SearchAction","target":{"@type":"EntryPoint","urlTemplate":"https:\/\/inclusivenews.com.br\/?s={search_term_string}"},"query-input":{"@type":"PropertyValueSpecification","valueRequired":true,"valueName":"search_term_string"}}],"inLanguage":"pt-PT"},{"@type":"Organization","@id":"https:\/\/inclusivenews.com.br\/#organization","name":"Inclusive - inclus\u00e3o e cidadania","url":"https:\/\/inclusivenews.com.br\/","logo":{"@type":"ImageObject","inLanguage":"pt-PT","@id":"https:\/\/inclusivenews.com.br\/#\/schema\/logo\/image\/","url":"https:\/\/inclusivenews.com.br\/wp-content\/uploads\/2024\/03\/@grandesite.png","contentUrl":"https:\/\/inclusivenews.com.br\/wp-content\/uploads\/2024\/03\/@grandesite.png","width":1080,"height":1080,"caption":"Inclusive - inclus\u00e3o e cidadania"},"image":{"@id":"https:\/\/inclusivenews.com.br\/#\/schema\/logo\/image\/"},"sameAs":["https:\/\/www.facebook.com\/agenciainclusive\/","https:\/\/www.instagram.com\/newsinclusive\/"]},{"@type":"Person","@id":"https:\/\/inclusivenews.com.br\/#\/schema\/person\/ae4ec7087559b8692fb33b6fffd2273b","name":"inclusivenews2024","image":{"@type":"ImageObject","inLanguage":"pt-PT","@id":"https:\/\/secure.gravatar.com\/avatar\/c5a7ef84c66fa914f55bc4f7ce26cfa275a3b9a1c5568b907bd184fb4dde7b40?s=96&d=mm&r=g","url":"https:\/\/secure.gravatar.com\/avatar\/c5a7ef84c66fa914f55bc4f7ce26cfa275a3b9a1c5568b907bd184fb4dde7b40?s=96&d=mm&r=g","contentUrl":"https:\/\/secure.gravatar.com\/avatar\/c5a7ef84c66fa914f55bc4f7ce26cfa275a3b9a1c5568b907bd184fb4dde7b40?s=96&d=mm&r=g","caption":"inclusivenews2024"},"sameAs":["https:\/\/inclusivenews.com.br"],"url":"https:\/\/inclusivenews.com.br\/?author=1"}]}},"_links":{"self":[{"href":"https:\/\/inclusivenews.com.br\/index.php?rest_route=\/wp\/v2\/posts\/17249","targetHints":{"allow":["GET"]}}],"collection":[{"href":"https:\/\/inclusivenews.com.br\/index.php?rest_route=\/wp\/v2\/posts"}],"about":[{"href":"https:\/\/inclusivenews.com.br\/index.php?rest_route=\/wp\/v2\/types\/post"}],"author":[{"embeddable":true,"href":"https:\/\/inclusivenews.com.br\/index.php?rest_route=\/wp\/v2\/users\/1"}],"replies":[{"embeddable":true,"href":"https:\/\/inclusivenews.com.br\/index.php?rest_route=%2Fwp%2Fv2%2Fcomments&post=17249"}],"version-history":[{"count":0,"href":"https:\/\/inclusivenews.com.br\/index.php?rest_route=\/wp\/v2\/posts\/17249\/revisions"}],"wp:attachment":[{"href":"https:\/\/inclusivenews.com.br\/index.php?rest_route=%2Fwp%2Fv2%2Fmedia&parent=17249"}],"wp:term":[{"taxonomy":"category","embeddable":true,"href":"https:\/\/inclusivenews.com.br\/index.php?rest_route=%2Fwp%2Fv2%2Fcategories&post=17249"},{"taxonomy":"post_tag","embeddable":true,"href":"https:\/\/inclusivenews.com.br\/index.php?rest_route=%2Fwp%2Fv2%2Ftags&post=17249"}],"curies":[{"name":"wp","href":"https:\/\/api.w.org\/{rel}","templated":true}]}}