{"id":17259,"date":"2010-09-16T06:04:55","date_gmt":"2010-09-16T09:04:55","guid":{"rendered":"http:\/\/www.inclusive.org.br\/?p=17259"},"modified":"2010-09-16T06:04:55","modified_gmt":"2010-09-16T09:04:55","slug":"aprender-e-ensinar-o-desafio-de-levar-a-tecnologia-social-a-educacao-publica","status":"publish","type":"post","link":"https:\/\/inclusivenews.com.br\/?p=17259","title":{"rendered":"Aprender e ensinar: o desafio de levar a tecnologia social \u00e0 educa\u00e7\u00e3o p\u00fablica"},"content":{"rendered":"<p><strong><em>Painel no Encontro de Finalistas do Concurso Aprender e Ensinar, realizado em Bras\u00edlia, debate o conceito de TS e os desafios da educa\u00e7\u00e3o brasileira.<\/em><\/strong><\/p>\n<figure style=\"width: 384px\" class=\"wp-caption alignnone\"><a class=\"moz-txt-link-freetext\" href=\"http:\/\/www.revistaforum.com.br\/noticias\/img\/aprender_e_ensinar_o_desafio_de_levar_a_tecnologia_social_a_educacao_publica_2010-09-11192239.jpg\"><img loading=\"lazy\" decoding=\"async\" src=\"http:\/\/www.revistaforum.com.br\/noticias\/img\/aprender_e_ensinar_o_desafio_de_levar_a_tecnologia_social_a_educacao_publica_2010-09-11192239.jpg\" alt=\"\" width=\"384\" height=\"256\" \/><\/a><figcaption class=\"wp-caption-text\">\u00c0 esquerda, Jorge Streit, presidente da Funda\u00e7\u00e3o Banco do Brasil, ao centro, Maria do Pilar, secret\u00e1ria do MEC, e \u00e0 direita Claiton Mello, da comunica\u00e7\u00e3o da FBB<\/figcaption><\/figure>\n<p>No segundo dia do Encontro de Finalistas do Concurso Aprender e Ensinar, o evento contou com o painel &#8220;Educa\u00e7\u00e3o P\u00fablica e Tecnologias Sociais&#8221;. \u201cH\u00e1 muitos projetos acontecendo que se encaixariam no conceito de tecnologia social\u201d, disse Jorge Streit, presidente da FBB, que falou sobre o conceito no painel. De acordo com ele, as iniciativas de tecnologia social interagem com a comunidade, ajudam a resolver seus problemas e podem ser reaplic\u00e1veis em outras localidades. Para exemplificar, Streit falou sobre a agroecologia.<\/p>\n<p>A FBB investiu cerca de R$12 milh\u00f5es na reaplica\u00e7\u00e3o da Produ\u00e7\u00e3o Agroecol\u00f3gica Sustent\u00e1vel (PAIS) entre 2005 e 2009, em parceria com o Servi\u00e7o Brasileiro de Apoio \u00e0s Micro e Pequenas Empresas (Sebrae) e o Minist\u00e9rio da Integra\u00e7\u00e3o Nacional. Hoje s\u00e3o 4,2 mil unidades em 15 estados e no DF e cerca de mais dois mil sob responsabilidade de outras institui\u00e7\u00f5es. A t\u00e9cnica consiste \u201cno plantio de culturas diferentes e complementares em torno de an\u00e9is. No centro do c\u00edrculo s\u00e3o criados pequenos animais, como galinhas e gansos, cujos dejetos servem para adubar as planta\u00e7\u00f5es do entorno\u201d.<\/p>\n<p>\u201cGrande parte da receita da agricultura familiar \u00e9 gasta com insumos qu\u00edmicos\u201d, afirmou Streit, sobre a rentabilidade da agroecologia. Al\u00e9m disso, ele citou que nas unidades de PAIS, houve uma melhora da pr\u00e1tica alimentar: \u201cAntes uma fam\u00edlia consumia cerca de tr\u00eas ou quatro tipos de alimentos, com a agroecologia a diversidade subiu para 12\u201d.<\/p>\n<p>A tecnologia social na educa\u00e7\u00e3o acontece quando iniciativas como essa s\u00e3o levadas para a sala de aula ou outros espa\u00e7os n\u00e3o formais. Segundo Maria do Pilar Lacerda, secret\u00e1ria de Educa\u00e7\u00e3o B\u00e1sica do MEC, \u201c\u00e9 importante levar a TS para a escola e registrar para que outras pessoas vejam que \u00e9 poss\u00edvel fazer\u201d.<\/p>\n<p>Para a secret\u00e1ria, essas iniciativas dos educadores mudam a escola, mas h\u00e1 muitos desafios na educa\u00e7\u00e3o do pa\u00eds. \u201cH\u00e1 650 mil crian\u00e7as ainda fora da escola. Trata-se de um direito e o poder p\u00fablico tem que garantir. N\u00e3o podemos come\u00e7ar nenhum debate sobre educa\u00e7\u00e3o sem sair desse patamar.\u201d<\/p>\n<p>Apesar do n\u00famero alto, ela disse que o pa\u00eds deu um salto. Pilar perguntou \u00e0 plat\u00e9ia quantos ali tinham curso superior, todos levantaram as m\u00e3os. Em seguida, questionou quantos pais dos presentes tinham ensino m\u00e9dio completo, um ter\u00e7o levantou a m\u00e3o. Por \u00faltimo, indagou quem tinha av\u00f3s com o ensino fundamental conclu\u00eddo: quase ningu\u00e9m. Para a secret\u00e1ria do MEC, a emenda constitucional 59 \u00e9 um avan\u00e7o nesse sentido, Aprovada em dezembro do ano passado, a EC determina que at\u00e9 2016, todos as crian\u00e7as e adolescentes de 4 a 17 anos devem estar matriculados na escola. Hoje o marco legal estabelece entre 6 a 14 anos.<\/p>\n<p>Mas, de acordo com Pilar, o desafio n\u00e3o acaba garantindo escola para todos, \u00e9 preciso pensar \u201co que vamos ensinar\u201d. \u201cSe n\u00e3o discutirmos o formato contempor\u00e2neo da escola. Vamos fracassar. Hoje a escola \u00e9 analogia, e os alunos, digitais.\u201d<\/p>\n<p><strong>O concurso<\/strong><\/p>\n<p>O Encontro de Finalistas do Concurso Aprender e Ensinar aconteceu em Bras\u00edlia, nos dias 10 e 11 de setembro. No evento, estiveram reunidos 50 educadores de todo o pa\u00eds, que desenvolvem experi\u00eancias de TS na escola. Desses, cinco ser\u00e3o premiados com uma viagem a Dakar, no Senegal, em 2011, para participar do F\u00f3rum Social Mundial. Fruto de uma parceria entre a Revista F\u00f3rum e a Funda\u00e7\u00e3o Banco Brasil, o concurso est\u00e1 em sua segunda edi\u00e7\u00e3o.<br \/>\n_________________<\/p>\n<p><strong>Fonte:<\/strong> <a href=\"http:\/\/www.revistaforum.com.br\/noticias\/2010\/09\/11\/aprender_e_ensinar_o_desafio_de_levar_a_tecnologia_social_a_educacao_publica\/\">Revista F\u00f3rum<\/a><\/p>\n","protected":false},"excerpt":{"rendered":"<p>Painel no Encontro de Finalistas do Concurso Aprender e Ensinar, realizado em Bras\u00edlia, debate o conceito de TS e os desafios da educa\u00e7\u00e3o brasileira. Da Revista F\u00f3rum.<\/p>\n","protected":false},"author":1,"featured_media":0,"comment_status":"open","ping_status":"open","sticky":false,"template":"","format":"standard","meta":{"site-container-style":"default","site-container-layout":"default","site-sidebar-layout":"default","disable-article-header":"default","disable-site-header":"default","disable-site-footer":"default","disable-content-area-spacing":"default","footnotes":""},"categories":[6,4],"tags":[],"class_list":["post-17259","post","type-post","status-publish","format-standard","hentry","category-educacao","category-noticias"],"yoast_head":"<!-- This site is optimized with the Yoast SEO plugin v27.4 - https:\/\/yoast.com\/product\/yoast-seo-wordpress\/ -->\n<title>Aprender e ensinar: o desafio de levar a tecnologia social \u00e0 educa\u00e7\u00e3o p\u00fablica -<\/title>\n<meta name=\"robots\" content=\"index, follow, max-snippet:-1, max-image-preview:large, max-video-preview:-1\" \/>\n<link rel=\"canonical\" href=\"https:\/\/inclusivenews.com.br\/?p=17259\" \/>\n<meta property=\"og:locale\" content=\"pt_PT\" \/>\n<meta property=\"og:type\" content=\"article\" \/>\n<meta property=\"og:title\" content=\"Aprender e ensinar: o desafio de levar a tecnologia social \u00e0 educa\u00e7\u00e3o p\u00fablica -\" \/>\n<meta property=\"og:description\" content=\"Painel no Encontro de Finalistas do Concurso Aprender e Ensinar, realizado em Bras\u00edlia, debate o conceito de TS e os desafios da educa\u00e7\u00e3o brasileira. Da Revista F\u00f3rum.\" \/>\n<meta property=\"og:url\" content=\"https:\/\/inclusivenews.com.br\/?p=17259\" \/>\n<meta property=\"article:publisher\" content=\"https:\/\/www.facebook.com\/agenciainclusive\/\" \/>\n<meta property=\"article:published_time\" content=\"2010-09-16T09:04:55+00:00\" \/>\n<meta property=\"og:image\" content=\"http:\/\/www.revistaforum.com.br\/noticias\/img\/aprender_e_ensinar_o_desafio_de_levar_a_tecnologia_social_a_educacao_publica_2010-09-11192239.jpg\" \/>\n<meta name=\"author\" content=\"inclusivenews2024\" \/>\n<meta name=\"twitter:card\" content=\"summary_large_image\" \/>\n<meta name=\"twitter:label1\" content=\"Escrito por\" \/>\n\t<meta name=\"twitter:data1\" content=\"inclusivenews2024\" \/>\n\t<meta name=\"twitter:label2\" content=\"Tempo estimado de leitura\" \/>\n\t<meta name=\"twitter:data2\" content=\"3 minutos\" \/>\n<script type=\"application\/ld+json\" class=\"yoast-schema-graph\">{\"@context\":\"https:\\\/\\\/schema.org\",\"@graph\":[{\"@type\":\"Article\",\"@id\":\"https:\\\/\\\/inclusivenews.com.br\\\/?p=17259#article\",\"isPartOf\":{\"@id\":\"https:\\\/\\\/inclusivenews.com.br\\\/?p=17259\"},\"author\":{\"name\":\"inclusivenews2024\",\"@id\":\"https:\\\/\\\/inclusivenews.com.br\\\/#\\\/schema\\\/person\\\/ae4ec7087559b8692fb33b6fffd2273b\"},\"headline\":\"Aprender e ensinar: o desafio de levar a tecnologia social \u00e0 educa\u00e7\u00e3o p\u00fablica\",\"datePublished\":\"2010-09-16T09:04:55+00:00\",\"mainEntityOfPage\":{\"@id\":\"https:\\\/\\\/inclusivenews.com.br\\\/?p=17259\"},\"wordCount\":669,\"commentCount\":0,\"publisher\":{\"@id\":\"https:\\\/\\\/inclusivenews.com.br\\\/#organization\"},\"image\":{\"@id\":\"https:\\\/\\\/inclusivenews.com.br\\\/?p=17259#primaryimage\"},\"thumbnailUrl\":\"http:\\\/\\\/www.revistaforum.com.br\\\/noticias\\\/img\\\/aprender_e_ensinar_o_desafio_de_levar_a_tecnologia_social_a_educacao_publica_2010-09-11192239.jpg\",\"articleSection\":[\"EDUCA\u00c7\u00c3O\",\"NOT\u00cdCIAS\"],\"inLanguage\":\"pt-PT\",\"potentialAction\":[{\"@type\":\"CommentAction\",\"name\":\"Comment\",\"target\":[\"https:\\\/\\\/inclusivenews.com.br\\\/?p=17259#respond\"]}]},{\"@type\":\"WebPage\",\"@id\":\"https:\\\/\\\/inclusivenews.com.br\\\/?p=17259\",\"url\":\"https:\\\/\\\/inclusivenews.com.br\\\/?p=17259\",\"name\":\"Aprender e ensinar: o desafio de levar a tecnologia social \u00e0 educa\u00e7\u00e3o p\u00fablica -\",\"isPartOf\":{\"@id\":\"https:\\\/\\\/inclusivenews.com.br\\\/#website\"},\"primaryImageOfPage\":{\"@id\":\"https:\\\/\\\/inclusivenews.com.br\\\/?p=17259#primaryimage\"},\"image\":{\"@id\":\"https:\\\/\\\/inclusivenews.com.br\\\/?p=17259#primaryimage\"},\"thumbnailUrl\":\"http:\\\/\\\/www.revistaforum.com.br\\\/noticias\\\/img\\\/aprender_e_ensinar_o_desafio_de_levar_a_tecnologia_social_a_educacao_publica_2010-09-11192239.jpg\",\"datePublished\":\"2010-09-16T09:04:55+00:00\",\"breadcrumb\":{\"@id\":\"https:\\\/\\\/inclusivenews.com.br\\\/?p=17259#breadcrumb\"},\"inLanguage\":\"pt-PT\",\"potentialAction\":[{\"@type\":\"ReadAction\",\"target\":[\"https:\\\/\\\/inclusivenews.com.br\\\/?p=17259\"]}]},{\"@type\":\"ImageObject\",\"inLanguage\":\"pt-PT\",\"@id\":\"https:\\\/\\\/inclusivenews.com.br\\\/?p=17259#primaryimage\",\"url\":\"http:\\\/\\\/www.revistaforum.com.br\\\/noticias\\\/img\\\/aprender_e_ensinar_o_desafio_de_levar_a_tecnologia_social_a_educacao_publica_2010-09-11192239.jpg\",\"contentUrl\":\"http:\\\/\\\/www.revistaforum.com.br\\\/noticias\\\/img\\\/aprender_e_ensinar_o_desafio_de_levar_a_tecnologia_social_a_educacao_publica_2010-09-11192239.jpg\"},{\"@type\":\"BreadcrumbList\",\"@id\":\"https:\\\/\\\/inclusivenews.com.br\\\/?p=17259#breadcrumb\",\"itemListElement\":[{\"@type\":\"ListItem\",\"position\":1,\"name\":\"In\u00edcio\",\"item\":\"https:\\\/\\\/inclusivenews.com.br\\\/\"},{\"@type\":\"ListItem\",\"position\":2,\"name\":\"Aprender e ensinar: o desafio de levar a tecnologia social \u00e0 educa\u00e7\u00e3o p\u00fablica\"}]},{\"@type\":\"WebSite\",\"@id\":\"https:\\\/\\\/inclusivenews.com.br\\\/#website\",\"url\":\"https:\\\/\\\/inclusivenews.com.br\\\/\",\"name\":\"Inclusive News\",\"description\":\"Inclusive News\",\"publisher\":{\"@id\":\"https:\\\/\\\/inclusivenews.com.br\\\/#organization\"},\"potentialAction\":[{\"@type\":\"SearchAction\",\"target\":{\"@type\":\"EntryPoint\",\"urlTemplate\":\"https:\\\/\\\/inclusivenews.com.br\\\/?s={search_term_string}\"},\"query-input\":{\"@type\":\"PropertyValueSpecification\",\"valueRequired\":true,\"valueName\":\"search_term_string\"}}],\"inLanguage\":\"pt-PT\"},{\"@type\":\"Organization\",\"@id\":\"https:\\\/\\\/inclusivenews.com.br\\\/#organization\",\"name\":\"Inclusive - inclus\u00e3o e cidadania\",\"url\":\"https:\\\/\\\/inclusivenews.com.br\\\/\",\"logo\":{\"@type\":\"ImageObject\",\"inLanguage\":\"pt-PT\",\"@id\":\"https:\\\/\\\/inclusivenews.com.br\\\/#\\\/schema\\\/logo\\\/image\\\/\",\"url\":\"https:\\\/\\\/inclusivenews.com.br\\\/wp-content\\\/uploads\\\/2024\\\/03\\\/@grandesite.png\",\"contentUrl\":\"https:\\\/\\\/inclusivenews.com.br\\\/wp-content\\\/uploads\\\/2024\\\/03\\\/@grandesite.png\",\"width\":1080,\"height\":1080,\"caption\":\"Inclusive - inclus\u00e3o e cidadania\"},\"image\":{\"@id\":\"https:\\\/\\\/inclusivenews.com.br\\\/#\\\/schema\\\/logo\\\/image\\\/\"},\"sameAs\":[\"https:\\\/\\\/www.facebook.com\\\/agenciainclusive\\\/\",\"https:\\\/\\\/www.instagram.com\\\/newsinclusive\\\/\"]},{\"@type\":\"Person\",\"@id\":\"https:\\\/\\\/inclusivenews.com.br\\\/#\\\/schema\\\/person\\\/ae4ec7087559b8692fb33b6fffd2273b\",\"name\":\"inclusivenews2024\",\"image\":{\"@type\":\"ImageObject\",\"inLanguage\":\"pt-PT\",\"@id\":\"https:\\\/\\\/secure.gravatar.com\\\/avatar\\\/c5a7ef84c66fa914f55bc4f7ce26cfa275a3b9a1c5568b907bd184fb4dde7b40?s=96&d=mm&r=g\",\"url\":\"https:\\\/\\\/secure.gravatar.com\\\/avatar\\\/c5a7ef84c66fa914f55bc4f7ce26cfa275a3b9a1c5568b907bd184fb4dde7b40?s=96&d=mm&r=g\",\"contentUrl\":\"https:\\\/\\\/secure.gravatar.com\\\/avatar\\\/c5a7ef84c66fa914f55bc4f7ce26cfa275a3b9a1c5568b907bd184fb4dde7b40?s=96&d=mm&r=g\",\"caption\":\"inclusivenews2024\"},\"sameAs\":[\"https:\\\/\\\/inclusivenews.com.br\"],\"url\":\"https:\\\/\\\/inclusivenews.com.br\\\/?author=1\"}]}<\/script>\n<!-- \/ Yoast SEO plugin. -->","yoast_head_json":{"title":"Aprender e ensinar: o desafio de levar a tecnologia social \u00e0 educa\u00e7\u00e3o p\u00fablica -","robots":{"index":"index","follow":"follow","max-snippet":"max-snippet:-1","max-image-preview":"max-image-preview:large","max-video-preview":"max-video-preview:-1"},"canonical":"https:\/\/inclusivenews.com.br\/?p=17259","og_locale":"pt_PT","og_type":"article","og_title":"Aprender e ensinar: o desafio de levar a tecnologia social \u00e0 educa\u00e7\u00e3o p\u00fablica -","og_description":"Painel no Encontro de Finalistas do Concurso Aprender e Ensinar, realizado em Bras\u00edlia, debate o conceito de TS e os desafios da educa\u00e7\u00e3o brasileira. Da Revista F\u00f3rum.","og_url":"https:\/\/inclusivenews.com.br\/?p=17259","article_publisher":"https:\/\/www.facebook.com\/agenciainclusive\/","article_published_time":"2010-09-16T09:04:55+00:00","og_image":[{"url":"http:\/\/www.revistaforum.com.br\/noticias\/img\/aprender_e_ensinar_o_desafio_de_levar_a_tecnologia_social_a_educacao_publica_2010-09-11192239.jpg","type":"","width":"","height":""}],"author":"inclusivenews2024","twitter_card":"summary_large_image","twitter_misc":{"Escrito por":"inclusivenews2024","Tempo estimado de leitura":"3 minutos"},"schema":{"@context":"https:\/\/schema.org","@graph":[{"@type":"Article","@id":"https:\/\/inclusivenews.com.br\/?p=17259#article","isPartOf":{"@id":"https:\/\/inclusivenews.com.br\/?p=17259"},"author":{"name":"inclusivenews2024","@id":"https:\/\/inclusivenews.com.br\/#\/schema\/person\/ae4ec7087559b8692fb33b6fffd2273b"},"headline":"Aprender e ensinar: o desafio de levar a tecnologia social \u00e0 educa\u00e7\u00e3o p\u00fablica","datePublished":"2010-09-16T09:04:55+00:00","mainEntityOfPage":{"@id":"https:\/\/inclusivenews.com.br\/?p=17259"},"wordCount":669,"commentCount":0,"publisher":{"@id":"https:\/\/inclusivenews.com.br\/#organization"},"image":{"@id":"https:\/\/inclusivenews.com.br\/?p=17259#primaryimage"},"thumbnailUrl":"http:\/\/www.revistaforum.com.br\/noticias\/img\/aprender_e_ensinar_o_desafio_de_levar_a_tecnologia_social_a_educacao_publica_2010-09-11192239.jpg","articleSection":["EDUCA\u00c7\u00c3O","NOT\u00cdCIAS"],"inLanguage":"pt-PT","potentialAction":[{"@type":"CommentAction","name":"Comment","target":["https:\/\/inclusivenews.com.br\/?p=17259#respond"]}]},{"@type":"WebPage","@id":"https:\/\/inclusivenews.com.br\/?p=17259","url":"https:\/\/inclusivenews.com.br\/?p=17259","name":"Aprender e ensinar: o desafio de levar a tecnologia social \u00e0 educa\u00e7\u00e3o p\u00fablica -","isPartOf":{"@id":"https:\/\/inclusivenews.com.br\/#website"},"primaryImageOfPage":{"@id":"https:\/\/inclusivenews.com.br\/?p=17259#primaryimage"},"image":{"@id":"https:\/\/inclusivenews.com.br\/?p=17259#primaryimage"},"thumbnailUrl":"http:\/\/www.revistaforum.com.br\/noticias\/img\/aprender_e_ensinar_o_desafio_de_levar_a_tecnologia_social_a_educacao_publica_2010-09-11192239.jpg","datePublished":"2010-09-16T09:04:55+00:00","breadcrumb":{"@id":"https:\/\/inclusivenews.com.br\/?p=17259#breadcrumb"},"inLanguage":"pt-PT","potentialAction":[{"@type":"ReadAction","target":["https:\/\/inclusivenews.com.br\/?p=17259"]}]},{"@type":"ImageObject","inLanguage":"pt-PT","@id":"https:\/\/inclusivenews.com.br\/?p=17259#primaryimage","url":"http:\/\/www.revistaforum.com.br\/noticias\/img\/aprender_e_ensinar_o_desafio_de_levar_a_tecnologia_social_a_educacao_publica_2010-09-11192239.jpg","contentUrl":"http:\/\/www.revistaforum.com.br\/noticias\/img\/aprender_e_ensinar_o_desafio_de_levar_a_tecnologia_social_a_educacao_publica_2010-09-11192239.jpg"},{"@type":"BreadcrumbList","@id":"https:\/\/inclusivenews.com.br\/?p=17259#breadcrumb","itemListElement":[{"@type":"ListItem","position":1,"name":"In\u00edcio","item":"https:\/\/inclusivenews.com.br\/"},{"@type":"ListItem","position":2,"name":"Aprender e ensinar: o desafio de levar a tecnologia social \u00e0 educa\u00e7\u00e3o p\u00fablica"}]},{"@type":"WebSite","@id":"https:\/\/inclusivenews.com.br\/#website","url":"https:\/\/inclusivenews.com.br\/","name":"Inclusive News","description":"Inclusive News","publisher":{"@id":"https:\/\/inclusivenews.com.br\/#organization"},"potentialAction":[{"@type":"SearchAction","target":{"@type":"EntryPoint","urlTemplate":"https:\/\/inclusivenews.com.br\/?s={search_term_string}"},"query-input":{"@type":"PropertyValueSpecification","valueRequired":true,"valueName":"search_term_string"}}],"inLanguage":"pt-PT"},{"@type":"Organization","@id":"https:\/\/inclusivenews.com.br\/#organization","name":"Inclusive - inclus\u00e3o e cidadania","url":"https:\/\/inclusivenews.com.br\/","logo":{"@type":"ImageObject","inLanguage":"pt-PT","@id":"https:\/\/inclusivenews.com.br\/#\/schema\/logo\/image\/","url":"https:\/\/inclusivenews.com.br\/wp-content\/uploads\/2024\/03\/@grandesite.png","contentUrl":"https:\/\/inclusivenews.com.br\/wp-content\/uploads\/2024\/03\/@grandesite.png","width":1080,"height":1080,"caption":"Inclusive - inclus\u00e3o e cidadania"},"image":{"@id":"https:\/\/inclusivenews.com.br\/#\/schema\/logo\/image\/"},"sameAs":["https:\/\/www.facebook.com\/agenciainclusive\/","https:\/\/www.instagram.com\/newsinclusive\/"]},{"@type":"Person","@id":"https:\/\/inclusivenews.com.br\/#\/schema\/person\/ae4ec7087559b8692fb33b6fffd2273b","name":"inclusivenews2024","image":{"@type":"ImageObject","inLanguage":"pt-PT","@id":"https:\/\/secure.gravatar.com\/avatar\/c5a7ef84c66fa914f55bc4f7ce26cfa275a3b9a1c5568b907bd184fb4dde7b40?s=96&d=mm&r=g","url":"https:\/\/secure.gravatar.com\/avatar\/c5a7ef84c66fa914f55bc4f7ce26cfa275a3b9a1c5568b907bd184fb4dde7b40?s=96&d=mm&r=g","contentUrl":"https:\/\/secure.gravatar.com\/avatar\/c5a7ef84c66fa914f55bc4f7ce26cfa275a3b9a1c5568b907bd184fb4dde7b40?s=96&d=mm&r=g","caption":"inclusivenews2024"},"sameAs":["https:\/\/inclusivenews.com.br"],"url":"https:\/\/inclusivenews.com.br\/?author=1"}]}},"_links":{"self":[{"href":"https:\/\/inclusivenews.com.br\/index.php?rest_route=\/wp\/v2\/posts\/17259","targetHints":{"allow":["GET"]}}],"collection":[{"href":"https:\/\/inclusivenews.com.br\/index.php?rest_route=\/wp\/v2\/posts"}],"about":[{"href":"https:\/\/inclusivenews.com.br\/index.php?rest_route=\/wp\/v2\/types\/post"}],"author":[{"embeddable":true,"href":"https:\/\/inclusivenews.com.br\/index.php?rest_route=\/wp\/v2\/users\/1"}],"replies":[{"embeddable":true,"href":"https:\/\/inclusivenews.com.br\/index.php?rest_route=%2Fwp%2Fv2%2Fcomments&post=17259"}],"version-history":[{"count":0,"href":"https:\/\/inclusivenews.com.br\/index.php?rest_route=\/wp\/v2\/posts\/17259\/revisions"}],"wp:attachment":[{"href":"https:\/\/inclusivenews.com.br\/index.php?rest_route=%2Fwp%2Fv2%2Fmedia&parent=17259"}],"wp:term":[{"taxonomy":"category","embeddable":true,"href":"https:\/\/inclusivenews.com.br\/index.php?rest_route=%2Fwp%2Fv2%2Fcategories&post=17259"},{"taxonomy":"post_tag","embeddable":true,"href":"https:\/\/inclusivenews.com.br\/index.php?rest_route=%2Fwp%2Fv2%2Ftags&post=17259"}],"curies":[{"name":"wp","href":"https:\/\/api.w.org\/{rel}","templated":true}]}}