{"id":17332,"date":"2010-09-23T06:15:58","date_gmt":"2010-09-23T09:15:58","guid":{"rendered":"http:\/\/www.inclusive.org.br\/?p=17332"},"modified":"2010-09-23T06:15:58","modified_gmt":"2010-09-23T09:15:58","slug":"16%c2%aa-edicao-do-premio-direitos-humanos","status":"publish","type":"post","link":"https:\/\/inclusivenews.com.br\/?p=17332","title":{"rendered":"16\u00aa edi\u00e7\u00e3o do Pr\u00eamio Direitos Humanos"},"content":{"rendered":"<p><a href=\"http:\/\/www.inclusivenews.com.br\/wp-content\/uploads\/2009\/12\/Inclusive_direitos_humanos.jpg\"><img loading=\"lazy\" decoding=\"async\" class=\"alignleft size-medium wp-image-13141\" title=\"Inclusive - direitos humanos: o globo terrestre e \u00edcones representando pessoas de v\u00e1rias cores.\" src=\"http:\/\/inclusivenews.com.br\/wp-content\/uploads\/2009\/12\/Inclusive_direitos_humanos-300x246.jpg\" alt=\"\" width=\"210\" height=\"172\" \/><\/a><\/p>\n<p>A Secretaria de Direitos Humanos da Presid\u00eancia da Rep\u00fablica (SDH\/PR) abre hoje as inscri\u00e7\u00f5es para sugest\u00f5es ao Pr\u00eamio Direitos Humanos 2010 \u2013 16\u00aa Edi\u00e7\u00e3o. Clique <a href=\"http:\/\/www1.direitoshumanos.gov.br\/2010\/09\/17-set-2010-abertas-as-inscricoes-para-a-16a-edicao-do-premio-direitos-humanos#Leia\">aqui<\/a> para acessar o regulamento e as fichas de sugest\u00e3o de inscri\u00e7\u00e3o, que dever\u00e3o ser encaminhadas para o endere\u00e7o eletr\u00f4nico <a href=\"mailto:pdh@sedh.gov.br\">pdh@sedh.gov.br<\/a> at\u00e9 17 de outubro de 2010. Os vencedores ser\u00e3o conhecidos em dezembro, ponto alto das comemora\u00e7\u00f5es da Declara\u00e7\u00e3o Universal dos Direitos Humanos.<\/p>\n<p>O pr\u00eamio, composto por uma escultura e um certificado, \u00e9 concedido pelo governo federal a pessoas e organiza\u00e7\u00f5es cujos trabalhos na \u00e1rea dos Direitos Humanos sejam merecedores de reconhecimento e destaque por toda a sociedade.<\/p>\n<p>Institu\u00eddo em 1995, o Pr\u00eamio Direitos Humanos inclui na edi\u00e7\u00e3o de 2010 duas novas categorias: M\u00eddia e Direitos Humanos e Garantia dos Direitos dos Povos Ind\u00edgenas.<\/p>\n<p>Ao longo de 16 anos de exist\u00eancia j\u00e1 foram agraciadas diversas pessoas e institui\u00e7\u00f5es. Entre as personalidades premiadas est\u00e3o: Herbert de Souza, o Betinho, o Cardeal Em\u00e9rito de S\u00e3o Paulo, Dom Paulo Evaristo Arns, a novelista Gl\u00f3ria Perez, o padre J\u00falio Lancelotti, ex-ministro da Justi\u00e7a, Jos\u00e9 Gregori, Milton Santos (post morten), o Padre Jaime Crowe, Manoel Bezerra de Mattos Neto, entre outros. Das ONGs contempladas est\u00e3o: Central \u00danica de Favelas, F\u00f3rum em Defesa dos Direitos Ind\u00edgenas, Comiss\u00e3o Pastoral da Terra, Aldeias Infantis SOS Brasil &#8211; Amazonas, Grupo Cultural AfroReggae, entre outras.<\/p>\n<p>Conhe\u00e7a as 18 Categorias do Pr\u00eamio Direitos Humanos 2010<\/p>\n<p>1 &#8211; Dorothy Stang, compreendendo a atua\u00e7\u00e3o na qualidade de Defensor de Direitos Humanos, conforme defini\u00e7\u00e3o da Declara\u00e7\u00e3o sobre o Direito e o Dever dos Indiv\u00edduos, Grupos e Institui\u00e7\u00f5es de Promover e Proteger os Direitos Humanos e as Liberdades Fundamentais Universalmente Reconhecidos, publicada pela Assembl\u00e9ia Geral das Na\u00e7\u00f5es Unidas, em 1998;<br \/>\n2 &#8211; Educa\u00e7\u00e3o em Direitos Humanos, compreendendo a atua\u00e7\u00e3o relativa \u00e0 implementa\u00e7\u00e3o dos princ\u00edpios, objetivos e linhas de a\u00e7\u00e3o do Plano Nacional de Educa\u00e7\u00e3o em Direitos Humanos;<br \/>\n3 &#8211; M\u00eddia e Direitos Humanos, compreendendo a atua\u00e7\u00e3o de ve\u00edculos impressos ou eletr\u00f4nicos &#8211; como jornais, revistas, r\u00e1dios, televis\u00f5es, sites, blogs e outras publica\u00e7\u00f5es na internet, entre outros &#8211; e de organiza\u00e7\u00f5es n\u00e3o governamentais que buscam efetivar a promo\u00e7\u00e3o e defesa dos direitos humanos por meio da comunica\u00e7\u00e3o, como a difus\u00e3o de material editorial que contribua para o avan\u00e7o do conhecimento da popula\u00e7\u00e3o sobre seus direitos.<br \/>\n4 &#8211; Enfrentamento \u00e0 Pobreza, compreendendo a atua\u00e7\u00e3o relacionada \u00e0 garantia dos direitos econ\u00f4micos e sociais consignados por pactos internacionais, bem como a\u00e7\u00f5es na \u00e1rea de combate \u00e0 fome e seguran\u00e7a alimentar;<br \/>\n5 &#8211; Enfrentamento \u00e0 Viol\u00eancia, compreendendo a atua\u00e7\u00e3o relacionada \u00e0 garantia do direito \u00e0 seguran\u00e7a e ao enfrentamento \u00e0 viol\u00eancia institucional e \u00e0s situa\u00e7\u00f5es de viol\u00eancia e de maus-tratos a grupos sociais espec\u00edficos, incluindo atua\u00e7\u00f5es relacionadas \u00e0 promo\u00e7\u00e3o da paz;<br \/>\n6 \u2013 Seguran\u00e7a P\u00fablica, compreendendo a atua\u00e7\u00e3o de profissionais da seguran\u00e7a p\u00fablica, individualmente considerados, em grupos ou corpora\u00e7\u00f5es, que adotem pr\u00e1ticas e\/ou iniciativas voltadas \u00e0 promo\u00e7\u00e3o e defesa dos Direitos Humanos e \u00e0 prote\u00e7\u00e3o de grupos sociais espec\u00edficos;<br \/>\n7 \u2013 Enfrentamento \u00e0 Tortura, compreendendo a\u00e7\u00f5es de enfrentamento e den\u00fancia de tortura, bem como atividades de forma\u00e7\u00e3o de agentes para a preven\u00e7\u00e3o e combate \u00e0 tortura, tendo como refer\u00eancia a Conven\u00e7\u00e3o Contra a Tortura e outros Tratamentos Cru\u00e9is, Desumanos e Degradantes, aprovada pela Assembl\u00e9ia Geral da ONU em 1984 e\/ou a Lei n\u00ba 9.455\/97, que define os crimes de tortura no Brasil;<br \/>\n8 \u2013 Direito \u00e0 Mem\u00f3ria e \u00e0 Verdade, compreendendo o resgate \u00e0 mem\u00f3ria e \u00e0 verdade no contexto da repress\u00e3o pol\u00edtca ocorrida no Brasil no per\u00edodo de 1964-1985, com vistas a promover a reflex\u00e3o e a divulga\u00e7\u00e3o sobre a hist\u00f3ria brasileira, especialmente, sobre os fatos importantes ocorridos naquele per\u00edodo, bem como o cen\u00e1rio pol\u00edtico-cultural e seu importante papel na constru\u00e7\u00e3o da sociedade brasileira e do pensamento atual, afm de possibilitar \u00e0 popula\u00e7\u00e3o o conhecimento da hist\u00f3ria recente do pa\u00eds, e a constru\u00e7\u00e3o de mecanismos de defesa dos Direitos Humanos;<br \/>\n9 &#8211; Igualdade Racial, compreendendo a atua\u00e7\u00e3o na promo\u00e7\u00e3o da igualdade e no enfrentamento \u00e0 discrimina\u00e7\u00e3o relacionada \u00e0 ra\u00e7a;<br \/>\n10 \u2013 Igualdade de G\u00eanero, compreendendo a atua\u00e7\u00e3o na promo\u00e7\u00e3o da igualdade e no enfrentamento \u00e0 discrimina\u00e7\u00e3o relacionada a g\u00eanero;<br \/>\n11 \u2013 Garantia dos Direitos da Popula\u00e7\u00e3o LGBT, compreendendo a atua\u00e7\u00e3o na promo\u00e7\u00e3o e na defesa da cidadania e dos Direitos Humanos de L\u00e9sbicas, Gays, Bissexuais, Travestis e Transexuais (LGBT);<br \/>\n12 &#8211; Santa Quit\u00e9ria do Maranh\u00e3o, compreendendo a atua\u00e7\u00e3o em prol da erradica\u00e7\u00e3o do subregistro de nascimento;<br \/>\n13 &#8211; Erradica\u00e7\u00e3o do Trabalho Escravo, compreendendo a atua\u00e7\u00e3o na erradica\u00e7\u00e3o ao trabalho escravo no pa\u00eds, em conformidade com o 2\u00ba Plano Nacional de Erradica\u00e7\u00e3o de Trabalho Escravo;<br \/>\n14 &#8211; Garantia dos Direitos da Crian\u00e7a e do Adolescente, compreendendo a atua\u00e7\u00e3o relacionada \u00e0 implementa\u00e7\u00e3o do Estatuto da Crian\u00e7a e do Adolescente, conforme Lei n\u00b0 8.069\/90;<br \/>\n15 &#8211; Garantia dos Direitos da Pessoa Idosa, compreendendo a atua\u00e7\u00e3o relacionada \u00e0 implementa\u00e7\u00e3o do Estatuto do Idoso, conforme Lei n\u00ba 10.741\/03;<br \/>\n16 &#8211; Garantia dos Direitos das Pessoas com Defici\u00eancia, compreendendo a atua\u00e7\u00e3o em prol da equipara\u00e7\u00e3o de oportunidades, da inclus\u00e3o social e da promo\u00e7\u00e3o e defesa dos direitos das pessoas com defici\u00eancia;<br \/>\n17 &#8211; Garantia dos Direitos dos Povos Ind\u00edgenas, compreendendo a atua\u00e7\u00e3o pela valoriza\u00e7\u00e3o de suas culturas e valores, bem como pela sua preserva\u00e7\u00e3o.<br \/>\n18 &#8211; Categoria Livre, compreendendo a atua\u00e7\u00e3o em qualquer dos planos abrangidos pela tem\u00e1tica dos Direitos Humanos.<\/p>\n<p><strong><a href=\"http:\/\/www1.direitoshumanos.gov.br\/2010\/09\/17-set-2010-abertas-as-inscricoes-para-a-16a-edicao-do-premio-direitos-humanos\">+ informa\u00e7\u00f5es neste link<\/a><\/strong><\/p>\n<p><strong>__________ <\/strong><\/p>\n<p><strong>Fonte: <\/strong><a href=\"http:\/\/www1.direitoshumanos.gov.br\/2010\/09\/17-set-2010-abertas-as-inscricoes-para-a-16a-edicao-do-premio-direitos-humanos\">SEDH<\/a><strong> <\/strong><\/p>\n","protected":false},"excerpt":{"rendered":"<p>Institu\u00eddo em 1995, o Pr\u00eamio Direitos Humanos inclui na edi\u00e7\u00e3o de 2010 duas novas categorias: M\u00eddia e Direitos Humanos e Garantia dos Direitos dos Povos Ind\u00edgenas. Informa\u00e7\u00e3o \u00e9 da SEDH.<\/p>\n","protected":false},"author":1,"featured_media":0,"comment_status":"open","ping_status":"open","sticky":false,"template":"","format":"standard","meta":{"site-container-style":"default","site-container-layout":"default","site-sidebar-layout":"default","disable-article-header":"default","disable-site-header":"default","disable-site-footer":"default","disable-content-area-spacing":"default","footnotes":""},"categories":[11,4],"tags":[],"class_list":["post-17332","post","type-post","status-publish","format-standard","hentry","category-direitos-humanos","category-noticias"],"yoast_head":"<!-- This site is optimized with the Yoast SEO plugin v27.4 - https:\/\/yoast.com\/product\/yoast-seo-wordpress\/ -->\n<title>16\u00aa edi\u00e7\u00e3o do Pr\u00eamio Direitos Humanos -<\/title>\n<meta name=\"robots\" content=\"index, follow, max-snippet:-1, max-image-preview:large, max-video-preview:-1\" \/>\n<link rel=\"canonical\" href=\"https:\/\/inclusivenews.com.br\/?p=17332\" \/>\n<meta property=\"og:locale\" content=\"pt_PT\" \/>\n<meta property=\"og:type\" content=\"article\" \/>\n<meta property=\"og:title\" content=\"16\u00aa edi\u00e7\u00e3o do Pr\u00eamio Direitos Humanos -\" \/>\n<meta property=\"og:description\" content=\"Institu\u00eddo em 1995, o Pr\u00eamio Direitos Humanos inclui na edi\u00e7\u00e3o de 2010 duas novas categorias: M\u00eddia e Direitos Humanos e Garantia dos Direitos dos Povos Ind\u00edgenas. Informa\u00e7\u00e3o \u00e9 da SEDH.\" \/>\n<meta property=\"og:url\" content=\"https:\/\/inclusivenews.com.br\/?p=17332\" \/>\n<meta property=\"article:publisher\" content=\"https:\/\/www.facebook.com\/agenciainclusive\/\" \/>\n<meta property=\"article:published_time\" content=\"2010-09-23T09:15:58+00:00\" \/>\n<meta property=\"og:image\" content=\"http:\/\/inclusivenews.com.br\/wp-content\/uploads\/2009\/12\/Inclusive_direitos_humanos-300x246.jpg\" \/>\n<meta name=\"author\" content=\"inclusivenews2024\" \/>\n<meta name=\"twitter:card\" content=\"summary_large_image\" \/>\n<meta name=\"twitter:label1\" content=\"Escrito por\" \/>\n\t<meta name=\"twitter:data1\" content=\"inclusivenews2024\" \/>\n\t<meta name=\"twitter:label2\" content=\"Tempo estimado de leitura\" \/>\n\t<meta name=\"twitter:data2\" content=\"5 minutos\" \/>\n<script type=\"application\/ld+json\" class=\"yoast-schema-graph\">{\"@context\":\"https:\\\/\\\/schema.org\",\"@graph\":[{\"@type\":\"Article\",\"@id\":\"https:\\\/\\\/inclusivenews.com.br\\\/?p=17332#article\",\"isPartOf\":{\"@id\":\"https:\\\/\\\/inclusivenews.com.br\\\/?p=17332\"},\"author\":{\"name\":\"inclusivenews2024\",\"@id\":\"https:\\\/\\\/inclusivenews.com.br\\\/#\\\/schema\\\/person\\\/ae4ec7087559b8692fb33b6fffd2273b\"},\"headline\":\"16\u00aa edi\u00e7\u00e3o do Pr\u00eamio Direitos Humanos\",\"datePublished\":\"2010-09-23T09:15:58+00:00\",\"mainEntityOfPage\":{\"@id\":\"https:\\\/\\\/inclusivenews.com.br\\\/?p=17332\"},\"wordCount\":976,\"commentCount\":0,\"publisher\":{\"@id\":\"https:\\\/\\\/inclusivenews.com.br\\\/#organization\"},\"image\":{\"@id\":\"https:\\\/\\\/inclusivenews.com.br\\\/?p=17332#primaryimage\"},\"thumbnailUrl\":\"http:\\\/\\\/inclusivenews.com.br\\\/wp-content\\\/uploads\\\/2009\\\/12\\\/Inclusive_direitos_humanos-300x246.jpg\",\"articleSection\":[\"DIREITOS HUMANOS\",\"NOT\u00cdCIAS\"],\"inLanguage\":\"pt-PT\",\"potentialAction\":[{\"@type\":\"CommentAction\",\"name\":\"Comment\",\"target\":[\"https:\\\/\\\/inclusivenews.com.br\\\/?p=17332#respond\"]}]},{\"@type\":\"WebPage\",\"@id\":\"https:\\\/\\\/inclusivenews.com.br\\\/?p=17332\",\"url\":\"https:\\\/\\\/inclusivenews.com.br\\\/?p=17332\",\"name\":\"16\u00aa edi\u00e7\u00e3o do Pr\u00eamio Direitos Humanos -\",\"isPartOf\":{\"@id\":\"https:\\\/\\\/inclusivenews.com.br\\\/#website\"},\"primaryImageOfPage\":{\"@id\":\"https:\\\/\\\/inclusivenews.com.br\\\/?p=17332#primaryimage\"},\"image\":{\"@id\":\"https:\\\/\\\/inclusivenews.com.br\\\/?p=17332#primaryimage\"},\"thumbnailUrl\":\"http:\\\/\\\/inclusivenews.com.br\\\/wp-content\\\/uploads\\\/2009\\\/12\\\/Inclusive_direitos_humanos-300x246.jpg\",\"datePublished\":\"2010-09-23T09:15:58+00:00\",\"breadcrumb\":{\"@id\":\"https:\\\/\\\/inclusivenews.com.br\\\/?p=17332#breadcrumb\"},\"inLanguage\":\"pt-PT\",\"potentialAction\":[{\"@type\":\"ReadAction\",\"target\":[\"https:\\\/\\\/inclusivenews.com.br\\\/?p=17332\"]}]},{\"@type\":\"ImageObject\",\"inLanguage\":\"pt-PT\",\"@id\":\"https:\\\/\\\/inclusivenews.com.br\\\/?p=17332#primaryimage\",\"url\":\"\",\"contentUrl\":\"\"},{\"@type\":\"BreadcrumbList\",\"@id\":\"https:\\\/\\\/inclusivenews.com.br\\\/?p=17332#breadcrumb\",\"itemListElement\":[{\"@type\":\"ListItem\",\"position\":1,\"name\":\"In\u00edcio\",\"item\":\"https:\\\/\\\/inclusivenews.com.br\\\/\"},{\"@type\":\"ListItem\",\"position\":2,\"name\":\"16\u00aa edi\u00e7\u00e3o do Pr\u00eamio Direitos Humanos\"}]},{\"@type\":\"WebSite\",\"@id\":\"https:\\\/\\\/inclusivenews.com.br\\\/#website\",\"url\":\"https:\\\/\\\/inclusivenews.com.br\\\/\",\"name\":\"Inclusive News\",\"description\":\"Inclusive News\",\"publisher\":{\"@id\":\"https:\\\/\\\/inclusivenews.com.br\\\/#organization\"},\"potentialAction\":[{\"@type\":\"SearchAction\",\"target\":{\"@type\":\"EntryPoint\",\"urlTemplate\":\"https:\\\/\\\/inclusivenews.com.br\\\/?s={search_term_string}\"},\"query-input\":{\"@type\":\"PropertyValueSpecification\",\"valueRequired\":true,\"valueName\":\"search_term_string\"}}],\"inLanguage\":\"pt-PT\"},{\"@type\":\"Organization\",\"@id\":\"https:\\\/\\\/inclusivenews.com.br\\\/#organization\",\"name\":\"Inclusive - inclus\u00e3o e cidadania\",\"url\":\"https:\\\/\\\/inclusivenews.com.br\\\/\",\"logo\":{\"@type\":\"ImageObject\",\"inLanguage\":\"pt-PT\",\"@id\":\"https:\\\/\\\/inclusivenews.com.br\\\/#\\\/schema\\\/logo\\\/image\\\/\",\"url\":\"https:\\\/\\\/inclusivenews.com.br\\\/wp-content\\\/uploads\\\/2024\\\/03\\\/@grandesite.png\",\"contentUrl\":\"https:\\\/\\\/inclusivenews.com.br\\\/wp-content\\\/uploads\\\/2024\\\/03\\\/@grandesite.png\",\"width\":1080,\"height\":1080,\"caption\":\"Inclusive - inclus\u00e3o e cidadania\"},\"image\":{\"@id\":\"https:\\\/\\\/inclusivenews.com.br\\\/#\\\/schema\\\/logo\\\/image\\\/\"},\"sameAs\":[\"https:\\\/\\\/www.facebook.com\\\/agenciainclusive\\\/\",\"https:\\\/\\\/www.instagram.com\\\/newsinclusive\\\/\"]},{\"@type\":\"Person\",\"@id\":\"https:\\\/\\\/inclusivenews.com.br\\\/#\\\/schema\\\/person\\\/ae4ec7087559b8692fb33b6fffd2273b\",\"name\":\"inclusivenews2024\",\"image\":{\"@type\":\"ImageObject\",\"inLanguage\":\"pt-PT\",\"@id\":\"https:\\\/\\\/secure.gravatar.com\\\/avatar\\\/c5a7ef84c66fa914f55bc4f7ce26cfa275a3b9a1c5568b907bd184fb4dde7b40?s=96&d=mm&r=g\",\"url\":\"https:\\\/\\\/secure.gravatar.com\\\/avatar\\\/c5a7ef84c66fa914f55bc4f7ce26cfa275a3b9a1c5568b907bd184fb4dde7b40?s=96&d=mm&r=g\",\"contentUrl\":\"https:\\\/\\\/secure.gravatar.com\\\/avatar\\\/c5a7ef84c66fa914f55bc4f7ce26cfa275a3b9a1c5568b907bd184fb4dde7b40?s=96&d=mm&r=g\",\"caption\":\"inclusivenews2024\"},\"sameAs\":[\"https:\\\/\\\/inclusivenews.com.br\"],\"url\":\"https:\\\/\\\/inclusivenews.com.br\\\/?author=1\"}]}<\/script>\n<!-- \/ Yoast SEO plugin. -->","yoast_head_json":{"title":"16\u00aa edi\u00e7\u00e3o do Pr\u00eamio Direitos Humanos -","robots":{"index":"index","follow":"follow","max-snippet":"max-snippet:-1","max-image-preview":"max-image-preview:large","max-video-preview":"max-video-preview:-1"},"canonical":"https:\/\/inclusivenews.com.br\/?p=17332","og_locale":"pt_PT","og_type":"article","og_title":"16\u00aa edi\u00e7\u00e3o do Pr\u00eamio Direitos Humanos -","og_description":"Institu\u00eddo em 1995, o Pr\u00eamio Direitos Humanos inclui na edi\u00e7\u00e3o de 2010 duas novas categorias: M\u00eddia e Direitos Humanos e Garantia dos Direitos dos Povos Ind\u00edgenas. Informa\u00e7\u00e3o \u00e9 da SEDH.","og_url":"https:\/\/inclusivenews.com.br\/?p=17332","article_publisher":"https:\/\/www.facebook.com\/agenciainclusive\/","article_published_time":"2010-09-23T09:15:58+00:00","og_image":[{"url":"http:\/\/inclusivenews.com.br\/wp-content\/uploads\/2009\/12\/Inclusive_direitos_humanos-300x246.jpg","type":"","width":"","height":""}],"author":"inclusivenews2024","twitter_card":"summary_large_image","twitter_misc":{"Escrito por":"inclusivenews2024","Tempo estimado de leitura":"5 minutos"},"schema":{"@context":"https:\/\/schema.org","@graph":[{"@type":"Article","@id":"https:\/\/inclusivenews.com.br\/?p=17332#article","isPartOf":{"@id":"https:\/\/inclusivenews.com.br\/?p=17332"},"author":{"name":"inclusivenews2024","@id":"https:\/\/inclusivenews.com.br\/#\/schema\/person\/ae4ec7087559b8692fb33b6fffd2273b"},"headline":"16\u00aa edi\u00e7\u00e3o do Pr\u00eamio Direitos Humanos","datePublished":"2010-09-23T09:15:58+00:00","mainEntityOfPage":{"@id":"https:\/\/inclusivenews.com.br\/?p=17332"},"wordCount":976,"commentCount":0,"publisher":{"@id":"https:\/\/inclusivenews.com.br\/#organization"},"image":{"@id":"https:\/\/inclusivenews.com.br\/?p=17332#primaryimage"},"thumbnailUrl":"http:\/\/inclusivenews.com.br\/wp-content\/uploads\/2009\/12\/Inclusive_direitos_humanos-300x246.jpg","articleSection":["DIREITOS HUMANOS","NOT\u00cdCIAS"],"inLanguage":"pt-PT","potentialAction":[{"@type":"CommentAction","name":"Comment","target":["https:\/\/inclusivenews.com.br\/?p=17332#respond"]}]},{"@type":"WebPage","@id":"https:\/\/inclusivenews.com.br\/?p=17332","url":"https:\/\/inclusivenews.com.br\/?p=17332","name":"16\u00aa edi\u00e7\u00e3o do Pr\u00eamio Direitos Humanos -","isPartOf":{"@id":"https:\/\/inclusivenews.com.br\/#website"},"primaryImageOfPage":{"@id":"https:\/\/inclusivenews.com.br\/?p=17332#primaryimage"},"image":{"@id":"https:\/\/inclusivenews.com.br\/?p=17332#primaryimage"},"thumbnailUrl":"http:\/\/inclusivenews.com.br\/wp-content\/uploads\/2009\/12\/Inclusive_direitos_humanos-300x246.jpg","datePublished":"2010-09-23T09:15:58+00:00","breadcrumb":{"@id":"https:\/\/inclusivenews.com.br\/?p=17332#breadcrumb"},"inLanguage":"pt-PT","potentialAction":[{"@type":"ReadAction","target":["https:\/\/inclusivenews.com.br\/?p=17332"]}]},{"@type":"ImageObject","inLanguage":"pt-PT","@id":"https:\/\/inclusivenews.com.br\/?p=17332#primaryimage","url":"","contentUrl":""},{"@type":"BreadcrumbList","@id":"https:\/\/inclusivenews.com.br\/?p=17332#breadcrumb","itemListElement":[{"@type":"ListItem","position":1,"name":"In\u00edcio","item":"https:\/\/inclusivenews.com.br\/"},{"@type":"ListItem","position":2,"name":"16\u00aa edi\u00e7\u00e3o do Pr\u00eamio Direitos Humanos"}]},{"@type":"WebSite","@id":"https:\/\/inclusivenews.com.br\/#website","url":"https:\/\/inclusivenews.com.br\/","name":"Inclusive News","description":"Inclusive News","publisher":{"@id":"https:\/\/inclusivenews.com.br\/#organization"},"potentialAction":[{"@type":"SearchAction","target":{"@type":"EntryPoint","urlTemplate":"https:\/\/inclusivenews.com.br\/?s={search_term_string}"},"query-input":{"@type":"PropertyValueSpecification","valueRequired":true,"valueName":"search_term_string"}}],"inLanguage":"pt-PT"},{"@type":"Organization","@id":"https:\/\/inclusivenews.com.br\/#organization","name":"Inclusive - inclus\u00e3o e cidadania","url":"https:\/\/inclusivenews.com.br\/","logo":{"@type":"ImageObject","inLanguage":"pt-PT","@id":"https:\/\/inclusivenews.com.br\/#\/schema\/logo\/image\/","url":"https:\/\/inclusivenews.com.br\/wp-content\/uploads\/2024\/03\/@grandesite.png","contentUrl":"https:\/\/inclusivenews.com.br\/wp-content\/uploads\/2024\/03\/@grandesite.png","width":1080,"height":1080,"caption":"Inclusive - inclus\u00e3o e cidadania"},"image":{"@id":"https:\/\/inclusivenews.com.br\/#\/schema\/logo\/image\/"},"sameAs":["https:\/\/www.facebook.com\/agenciainclusive\/","https:\/\/www.instagram.com\/newsinclusive\/"]},{"@type":"Person","@id":"https:\/\/inclusivenews.com.br\/#\/schema\/person\/ae4ec7087559b8692fb33b6fffd2273b","name":"inclusivenews2024","image":{"@type":"ImageObject","inLanguage":"pt-PT","@id":"https:\/\/secure.gravatar.com\/avatar\/c5a7ef84c66fa914f55bc4f7ce26cfa275a3b9a1c5568b907bd184fb4dde7b40?s=96&d=mm&r=g","url":"https:\/\/secure.gravatar.com\/avatar\/c5a7ef84c66fa914f55bc4f7ce26cfa275a3b9a1c5568b907bd184fb4dde7b40?s=96&d=mm&r=g","contentUrl":"https:\/\/secure.gravatar.com\/avatar\/c5a7ef84c66fa914f55bc4f7ce26cfa275a3b9a1c5568b907bd184fb4dde7b40?s=96&d=mm&r=g","caption":"inclusivenews2024"},"sameAs":["https:\/\/inclusivenews.com.br"],"url":"https:\/\/inclusivenews.com.br\/?author=1"}]}},"_links":{"self":[{"href":"https:\/\/inclusivenews.com.br\/index.php?rest_route=\/wp\/v2\/posts\/17332","targetHints":{"allow":["GET"]}}],"collection":[{"href":"https:\/\/inclusivenews.com.br\/index.php?rest_route=\/wp\/v2\/posts"}],"about":[{"href":"https:\/\/inclusivenews.com.br\/index.php?rest_route=\/wp\/v2\/types\/post"}],"author":[{"embeddable":true,"href":"https:\/\/inclusivenews.com.br\/index.php?rest_route=\/wp\/v2\/users\/1"}],"replies":[{"embeddable":true,"href":"https:\/\/inclusivenews.com.br\/index.php?rest_route=%2Fwp%2Fv2%2Fcomments&post=17332"}],"version-history":[{"count":0,"href":"https:\/\/inclusivenews.com.br\/index.php?rest_route=\/wp\/v2\/posts\/17332\/revisions"}],"wp:attachment":[{"href":"https:\/\/inclusivenews.com.br\/index.php?rest_route=%2Fwp%2Fv2%2Fmedia&parent=17332"}],"wp:term":[{"taxonomy":"category","embeddable":true,"href":"https:\/\/inclusivenews.com.br\/index.php?rest_route=%2Fwp%2Fv2%2Fcategories&post=17332"},{"taxonomy":"post_tag","embeddable":true,"href":"https:\/\/inclusivenews.com.br\/index.php?rest_route=%2Fwp%2Fv2%2Ftags&post=17332"}],"curies":[{"name":"wp","href":"https:\/\/api.w.org\/{rel}","templated":true}]}}