{"id":17344,"date":"2010-09-20T08:51:49","date_gmt":"2010-09-20T11:51:49","guid":{"rendered":"http:\/\/www.inclusive.org.br\/?p=17344"},"modified":"2010-09-20T08:51:49","modified_gmt":"2010-09-20T11:51:49","slug":"movimento-une-as-diferencas-em-copacabana","status":"publish","type":"post","link":"https:\/\/inclusivenews.com.br\/?p=17344","title":{"rendered":"Movimento une as diferen\u00e7as em Copacabana"},"content":{"rendered":"<div class=\"mceTemp\">\n<dl class=\"wp-caption alignleft\" style=\"width: 346px;\">\n<dt class=\"wp-caption-dt\"><img loading=\"lazy\" decoding=\"async\" class=\" \" title=\"Imagem da passeata no Rio de Janeiro\" src=\"http:\/\/imgs.sidneyrezende.com\/srzd\/upload\/m\/o\/mov_mov4a.jpg\" alt=\"\" width=\"336\" height=\"252\" \/><\/dt>\n<dd class=\"wp-caption-dd\"><\/dd>\n<\/dl>\n<\/div>\n<p>A orla de Copacabana, Zona Sul do Rio, foi tomada, neste domingo, por pessoas que reivindicam respeito \u00e0 diversidade. Cadeirantes, surdos, cegos, an\u00f5es, pessoas com s\u00edndrome de down e outras defici\u00eancias participaram do Supera\u00e7\u00e3o Rio 2010, organizado pelo Instituto Novo Ser em parceria com o Movimento Supera\u00e7\u00e3o. Um trio el\u00e9trico, com participa\u00e7\u00e3o de Marcelo Yuka, animou os participantes e quem passeava pela praia.<\/p>\n<p>O SRZD esteve l\u00e1 e entrevistou algumas dessas pessoas que tinham como maior objetivo a mobiliza\u00e7\u00e3o da sociedade para a causa.<\/p>\n<p>O t\u00e9cnico de seguros S\u00e9rgio Costa, que faz parte da produ\u00e7\u00e3o da passeata, ficou parapl\u00e9gico depois de ter sido baleado em um assalto h\u00e1 sete anos em S\u00e3o Paulo, onde mora. Sobre o preconceito que o deficiente sofre, S\u00e9rgio diz que melhorou. Para ele, &#8220;o maior preconceito \u00e9 n\u00e3o saber lidar com a defici\u00eancia&#8221;.<\/p>\n<p>O psic\u00f3logo Messias Fernandes, de 29 anos, que tem sequelas de traumatismo raquimedular &#8211; mergulho em \u00e1gua rasa -, tem um discurso diferente da maioria. &#8220;Fala-se muito em incluir. Mas a pessoa nunca deixou de ser da sociedade. Como vai incluir o que j\u00e1 \u00e9 da sociedade? O que precisa mudar \u00e9 a filosofia das pessoas, inclusive quem tem defici\u00eancia&#8221;. Messias, depois do acidente em 1995, chegou a ficar tetrapl\u00e9gico, mas com cirurgia, conseguiu ter recupera\u00e7\u00e3o dos movimentos, se livrando da cadeira de rodas dois anos depois.<\/p>\n<p>A escritora Marcia Garc\u00eas, autora do livro &#8220;O di\u00e1rio de M\u00e1rcia Garc\u00eas&#8221;, \u00e9 cadeirante por causa da esclerose m\u00faltipla. Em 1996, ela ficou com debilidade do lado direito do corpo e foi diagnosticada como neurocistocirose &#8211; quando o ovo da solit\u00e1ria fica alojado no c\u00e9rebro. Apenas em 2001, M\u00e1rcia descobriu seu verdadeiro problema, e quatro anos depois a escritora estava em uma cadeira de rodas. Quanto ao movimento, Marcia diz que espera &#8220;realmente alertar as autoridades quanto \u00e0 acessibilidade no Rio&#8221;.<\/p>\n<p>Para o jornalista Jairo Marques, cadeirante devido \u00e0 poliomielite, \u00e9 &#8220;imprescind\u00edvel&#8221; uma melhoria na infraestrutura da cidade para se tornar mais acess\u00edvel aos portadores de defici\u00eancia. Segundo ele, a acessibilidade &#8220;beira a indig\u00eancia em uma das cidades mais importantes do mundo&#8221;.<\/p>\n<p>Apesar de a passeata n\u00e3o ter sido pol\u00edtico-partid\u00e1ria, havia um grande n\u00famero de pessoas aproveitando o momento e fazendo panfletagem de candidatos \u00e0s pr\u00f3ximas elei\u00e7\u00f5es. Jairo torce para que isso n\u00e3o seja apenas para ganharem votos. &#8220;Tomara que esses candidatos levem causa para frente&#8221;.<\/p>\n<p>Entre as pessoas presentes no evento, um menino chamou aten\u00e7\u00e3o por andar de um lado para o outro com sua cadeira de rodas com desenvoltura e a empinando. Vin\u00edcius Rangel, de 11 anos, \u00e9 cadeirante desde os tr\u00eas. O menino est\u00e1 no 5\u00ba ano na escola e, perguntado sobre como \u00e9 a infraestrutura do col\u00e9gio, ele conta o que deveria acontecer em todos os estabelecimentos de ensino, mas que s\u00e3o raros. &#8220;L\u00e1 \u00e9 tudo rampado, adaptado. At\u00e9 o banheiro&#8221;. Ap\u00f3s falar com o SRZD, Vin\u00edcius disparou com sua cadeira. O pai foi atr\u00e1s, enquanto a m\u00e3e, Isabel, falava com a gente.<\/p>\n<p>Isabel conta que espera um pa\u00eds melhor para seu filho &#8220;em rela\u00e7\u00e3o ao acesso e, principalmente, respeito&#8221;. Quanto a Vin\u00edcius, a m\u00e3e revela: &#8220;ele \u00e9 bem resolvido, muito bem. D\u00e1 sempre o jeito dele. Quando uma pessoa olha com pena, ele come\u00e7a a empinar a cadeira e ela muda a vis\u00e3o&#8221;.<\/p>\n<p>Se Vin\u00edcius \u00e9 bem adaptado em sua cadeira, Alarico Moura &#8211; mais conhecido como Al\u00e1 -, de 66 anos, n\u00e3o sai de casa sem sua bicicleta. Morador da Ilha do Governador, Al\u00e1 pedalou mais de 20 km para chegar a Copacabana. &#8220;Eu tamb\u00e9m dirijo, mas meu carro est\u00e1 engui\u00e7ado h\u00e1 quatro anos&#8221;. O detalhe mais curioso: Al\u00e1 \u00e9 amputado, n\u00e3o tem a perna esquerda, depois de um atropelamento em 1979. Apesar disso, ele \u00e9 ciclista profissional e j\u00e1 ganhou in\u00fameros campeonatos. Se o leitor acha 20 km muito, Al\u00e1 conta mais: j\u00e1 fez viagens do Rio \u00e0 Regi\u00e3o dos Lagos de bicicleta e j\u00e1 visitou o sul de Minas Gerais pedalando. Suas palestras e eventos ainda n\u00e3o o deixam ir mais longe.<\/p>\n<p>Durante a passeata, o SRZD encontrou o estudante Luciano Oliveira, tetrapl\u00e9gico e que usa a boca para fazer pinturas, que j\u00e1 havia contado sua hist\u00f3ria para o portal (leia aqui). Para ele, o movimento ajuda a divulgar a causa, que est\u00e1 longe de ser resolvida. &#8220;Acredito que estamos bem distantes do modelo ideal de acessibilidade, com barreiras arquitet\u00f4nicas acentuadas&#8221;.<\/p>\n<p>___________<\/p>\n<p><strong>Fonte:<\/strong> <a href=\"http:\/\/www.sidneyrezende.com\/noticia\/101147+superacao+rio+2010+movimento+une\">SRZD<\/a><\/p>\n","protected":false},"excerpt":{"rendered":"<p>A orla de Copacabana, Zona Sul do Rio, foi tomada, neste domingo, por pessoas que reivindicam respeito \u00e0 diversidade. Cadeirantes, surdos, cegos, an\u00f5es, pessoas com s\u00edndrome de down e outras defici\u00eancias participaram do Supera\u00e7\u00e3o Rio 2010. Inform\u00e7\u00e3o \u00e9 do SRZD.<\/p>\n","protected":false},"author":1,"featured_media":0,"comment_status":"open","ping_status":"open","sticky":false,"template":"","format":"standard","meta":{"site-container-style":"default","site-container-layout":"default","site-sidebar-layout":"default","disable-article-header":"default","disable-site-header":"default","disable-site-footer":"default","disable-content-area-spacing":"default","footnotes":""},"categories":[38,48,4],"tags":[],"class_list":["post-17344","post","type-post","status-publish","format-standard","hentry","category-deficiencia","category-inclusao","category-noticias"],"yoast_head":"<!-- This site is optimized with the Yoast SEO plugin v27.4 - https:\/\/yoast.com\/product\/yoast-seo-wordpress\/ -->\n<title>Movimento une as diferen\u00e7as em Copacabana -<\/title>\n<meta name=\"robots\" content=\"index, follow, max-snippet:-1, max-image-preview:large, max-video-preview:-1\" \/>\n<link rel=\"canonical\" href=\"https:\/\/inclusivenews.com.br\/?p=17344\" \/>\n<meta property=\"og:locale\" content=\"pt_PT\" \/>\n<meta property=\"og:type\" content=\"article\" \/>\n<meta property=\"og:title\" content=\"Movimento une as diferen\u00e7as em Copacabana -\" \/>\n<meta property=\"og:description\" content=\"A orla de Copacabana, Zona Sul do Rio, foi tomada, neste domingo, por pessoas que reivindicam respeito \u00e0 diversidade. Cadeirantes, surdos, cegos, an\u00f5es, pessoas com s\u00edndrome de down e outras defici\u00eancias participaram do Supera\u00e7\u00e3o Rio 2010. Inform\u00e7\u00e3o \u00e9 do SRZD.\" \/>\n<meta property=\"og:url\" content=\"https:\/\/inclusivenews.com.br\/?p=17344\" \/>\n<meta property=\"article:publisher\" content=\"https:\/\/www.facebook.com\/agenciainclusive\/\" \/>\n<meta property=\"article:published_time\" content=\"2010-09-20T11:51:49+00:00\" \/>\n<meta property=\"og:image\" content=\"http:\/\/imgs.sidneyrezende.com\/srzd\/upload\/m\/o\/mov_mov4a.jpg\" \/>\n<meta name=\"author\" content=\"inclusivenews2024\" \/>\n<meta name=\"twitter:card\" content=\"summary_large_image\" \/>\n<meta name=\"twitter:label1\" content=\"Escrito por\" \/>\n\t<meta name=\"twitter:data1\" content=\"inclusivenews2024\" \/>\n\t<meta name=\"twitter:label2\" content=\"Tempo estimado de leitura\" \/>\n\t<meta name=\"twitter:data2\" content=\"4 minutos\" \/>\n<script type=\"application\/ld+json\" class=\"yoast-schema-graph\">{\"@context\":\"https:\\\/\\\/schema.org\",\"@graph\":[{\"@type\":\"Article\",\"@id\":\"https:\\\/\\\/inclusivenews.com.br\\\/?p=17344#article\",\"isPartOf\":{\"@id\":\"https:\\\/\\\/inclusivenews.com.br\\\/?p=17344\"},\"author\":{\"name\":\"inclusivenews2024\",\"@id\":\"https:\\\/\\\/inclusivenews.com.br\\\/#\\\/schema\\\/person\\\/ae4ec7087559b8692fb33b6fffd2273b\"},\"headline\":\"Movimento une as diferen\u00e7as em Copacabana\",\"datePublished\":\"2010-09-20T11:51:49+00:00\",\"mainEntityOfPage\":{\"@id\":\"https:\\\/\\\/inclusivenews.com.br\\\/?p=17344\"},\"wordCount\":771,\"commentCount\":0,\"publisher\":{\"@id\":\"https:\\\/\\\/inclusivenews.com.br\\\/#organization\"},\"image\":{\"@id\":\"https:\\\/\\\/inclusivenews.com.br\\\/?p=17344#primaryimage\"},\"thumbnailUrl\":\"http:\\\/\\\/imgs.sidneyrezende.com\\\/srzd\\\/upload\\\/m\\\/o\\\/mov_mov4a.jpg\",\"articleSection\":[\"Defici\u00eancia\",\"INCLUS\u00c3O SOCIAL\",\"NOT\u00cdCIAS\"],\"inLanguage\":\"pt-PT\",\"potentialAction\":[{\"@type\":\"CommentAction\",\"name\":\"Comment\",\"target\":[\"https:\\\/\\\/inclusivenews.com.br\\\/?p=17344#respond\"]}]},{\"@type\":\"WebPage\",\"@id\":\"https:\\\/\\\/inclusivenews.com.br\\\/?p=17344\",\"url\":\"https:\\\/\\\/inclusivenews.com.br\\\/?p=17344\",\"name\":\"Movimento une as diferen\u00e7as em Copacabana -\",\"isPartOf\":{\"@id\":\"https:\\\/\\\/inclusivenews.com.br\\\/#website\"},\"primaryImageOfPage\":{\"@id\":\"https:\\\/\\\/inclusivenews.com.br\\\/?p=17344#primaryimage\"},\"image\":{\"@id\":\"https:\\\/\\\/inclusivenews.com.br\\\/?p=17344#primaryimage\"},\"thumbnailUrl\":\"http:\\\/\\\/imgs.sidneyrezende.com\\\/srzd\\\/upload\\\/m\\\/o\\\/mov_mov4a.jpg\",\"datePublished\":\"2010-09-20T11:51:49+00:00\",\"breadcrumb\":{\"@id\":\"https:\\\/\\\/inclusivenews.com.br\\\/?p=17344#breadcrumb\"},\"inLanguage\":\"pt-PT\",\"potentialAction\":[{\"@type\":\"ReadAction\",\"target\":[\"https:\\\/\\\/inclusivenews.com.br\\\/?p=17344\"]}]},{\"@type\":\"ImageObject\",\"inLanguage\":\"pt-PT\",\"@id\":\"https:\\\/\\\/inclusivenews.com.br\\\/?p=17344#primaryimage\",\"url\":\"http:\\\/\\\/imgs.sidneyrezende.com\\\/srzd\\\/upload\\\/m\\\/o\\\/mov_mov4a.jpg\",\"contentUrl\":\"http:\\\/\\\/imgs.sidneyrezende.com\\\/srzd\\\/upload\\\/m\\\/o\\\/mov_mov4a.jpg\"},{\"@type\":\"BreadcrumbList\",\"@id\":\"https:\\\/\\\/inclusivenews.com.br\\\/?p=17344#breadcrumb\",\"itemListElement\":[{\"@type\":\"ListItem\",\"position\":1,\"name\":\"In\u00edcio\",\"item\":\"https:\\\/\\\/inclusivenews.com.br\\\/\"},{\"@type\":\"ListItem\",\"position\":2,\"name\":\"Movimento une as diferen\u00e7as em Copacabana\"}]},{\"@type\":\"WebSite\",\"@id\":\"https:\\\/\\\/inclusivenews.com.br\\\/#website\",\"url\":\"https:\\\/\\\/inclusivenews.com.br\\\/\",\"name\":\"Inclusive News\",\"description\":\"Inclusive News\",\"publisher\":{\"@id\":\"https:\\\/\\\/inclusivenews.com.br\\\/#organization\"},\"potentialAction\":[{\"@type\":\"SearchAction\",\"target\":{\"@type\":\"EntryPoint\",\"urlTemplate\":\"https:\\\/\\\/inclusivenews.com.br\\\/?s={search_term_string}\"},\"query-input\":{\"@type\":\"PropertyValueSpecification\",\"valueRequired\":true,\"valueName\":\"search_term_string\"}}],\"inLanguage\":\"pt-PT\"},{\"@type\":\"Organization\",\"@id\":\"https:\\\/\\\/inclusivenews.com.br\\\/#organization\",\"name\":\"Inclusive - inclus\u00e3o e cidadania\",\"url\":\"https:\\\/\\\/inclusivenews.com.br\\\/\",\"logo\":{\"@type\":\"ImageObject\",\"inLanguage\":\"pt-PT\",\"@id\":\"https:\\\/\\\/inclusivenews.com.br\\\/#\\\/schema\\\/logo\\\/image\\\/\",\"url\":\"https:\\\/\\\/inclusivenews.com.br\\\/wp-content\\\/uploads\\\/2024\\\/03\\\/@grandesite.png\",\"contentUrl\":\"https:\\\/\\\/inclusivenews.com.br\\\/wp-content\\\/uploads\\\/2024\\\/03\\\/@grandesite.png\",\"width\":1080,\"height\":1080,\"caption\":\"Inclusive - inclus\u00e3o e cidadania\"},\"image\":{\"@id\":\"https:\\\/\\\/inclusivenews.com.br\\\/#\\\/schema\\\/logo\\\/image\\\/\"},\"sameAs\":[\"https:\\\/\\\/www.facebook.com\\\/agenciainclusive\\\/\",\"https:\\\/\\\/www.instagram.com\\\/newsinclusive\\\/\"]},{\"@type\":\"Person\",\"@id\":\"https:\\\/\\\/inclusivenews.com.br\\\/#\\\/schema\\\/person\\\/ae4ec7087559b8692fb33b6fffd2273b\",\"name\":\"inclusivenews2024\",\"image\":{\"@type\":\"ImageObject\",\"inLanguage\":\"pt-PT\",\"@id\":\"https:\\\/\\\/secure.gravatar.com\\\/avatar\\\/c5a7ef84c66fa914f55bc4f7ce26cfa275a3b9a1c5568b907bd184fb4dde7b40?s=96&d=mm&r=g\",\"url\":\"https:\\\/\\\/secure.gravatar.com\\\/avatar\\\/c5a7ef84c66fa914f55bc4f7ce26cfa275a3b9a1c5568b907bd184fb4dde7b40?s=96&d=mm&r=g\",\"contentUrl\":\"https:\\\/\\\/secure.gravatar.com\\\/avatar\\\/c5a7ef84c66fa914f55bc4f7ce26cfa275a3b9a1c5568b907bd184fb4dde7b40?s=96&d=mm&r=g\",\"caption\":\"inclusivenews2024\"},\"sameAs\":[\"https:\\\/\\\/inclusivenews.com.br\"],\"url\":\"https:\\\/\\\/inclusivenews.com.br\\\/?author=1\"}]}<\/script>\n<!-- \/ Yoast SEO plugin. -->","yoast_head_json":{"title":"Movimento une as diferen\u00e7as em Copacabana -","robots":{"index":"index","follow":"follow","max-snippet":"max-snippet:-1","max-image-preview":"max-image-preview:large","max-video-preview":"max-video-preview:-1"},"canonical":"https:\/\/inclusivenews.com.br\/?p=17344","og_locale":"pt_PT","og_type":"article","og_title":"Movimento une as diferen\u00e7as em Copacabana -","og_description":"A orla de Copacabana, Zona Sul do Rio, foi tomada, neste domingo, por pessoas que reivindicam respeito \u00e0 diversidade. Cadeirantes, surdos, cegos, an\u00f5es, pessoas com s\u00edndrome de down e outras defici\u00eancias participaram do Supera\u00e7\u00e3o Rio 2010. Inform\u00e7\u00e3o \u00e9 do SRZD.","og_url":"https:\/\/inclusivenews.com.br\/?p=17344","article_publisher":"https:\/\/www.facebook.com\/agenciainclusive\/","article_published_time":"2010-09-20T11:51:49+00:00","og_image":[{"url":"http:\/\/imgs.sidneyrezende.com\/srzd\/upload\/m\/o\/mov_mov4a.jpg","type":"","width":"","height":""}],"author":"inclusivenews2024","twitter_card":"summary_large_image","twitter_misc":{"Escrito por":"inclusivenews2024","Tempo estimado de leitura":"4 minutos"},"schema":{"@context":"https:\/\/schema.org","@graph":[{"@type":"Article","@id":"https:\/\/inclusivenews.com.br\/?p=17344#article","isPartOf":{"@id":"https:\/\/inclusivenews.com.br\/?p=17344"},"author":{"name":"inclusivenews2024","@id":"https:\/\/inclusivenews.com.br\/#\/schema\/person\/ae4ec7087559b8692fb33b6fffd2273b"},"headline":"Movimento une as diferen\u00e7as em Copacabana","datePublished":"2010-09-20T11:51:49+00:00","mainEntityOfPage":{"@id":"https:\/\/inclusivenews.com.br\/?p=17344"},"wordCount":771,"commentCount":0,"publisher":{"@id":"https:\/\/inclusivenews.com.br\/#organization"},"image":{"@id":"https:\/\/inclusivenews.com.br\/?p=17344#primaryimage"},"thumbnailUrl":"http:\/\/imgs.sidneyrezende.com\/srzd\/upload\/m\/o\/mov_mov4a.jpg","articleSection":["Defici\u00eancia","INCLUS\u00c3O SOCIAL","NOT\u00cdCIAS"],"inLanguage":"pt-PT","potentialAction":[{"@type":"CommentAction","name":"Comment","target":["https:\/\/inclusivenews.com.br\/?p=17344#respond"]}]},{"@type":"WebPage","@id":"https:\/\/inclusivenews.com.br\/?p=17344","url":"https:\/\/inclusivenews.com.br\/?p=17344","name":"Movimento une as diferen\u00e7as em Copacabana -","isPartOf":{"@id":"https:\/\/inclusivenews.com.br\/#website"},"primaryImageOfPage":{"@id":"https:\/\/inclusivenews.com.br\/?p=17344#primaryimage"},"image":{"@id":"https:\/\/inclusivenews.com.br\/?p=17344#primaryimage"},"thumbnailUrl":"http:\/\/imgs.sidneyrezende.com\/srzd\/upload\/m\/o\/mov_mov4a.jpg","datePublished":"2010-09-20T11:51:49+00:00","breadcrumb":{"@id":"https:\/\/inclusivenews.com.br\/?p=17344#breadcrumb"},"inLanguage":"pt-PT","potentialAction":[{"@type":"ReadAction","target":["https:\/\/inclusivenews.com.br\/?p=17344"]}]},{"@type":"ImageObject","inLanguage":"pt-PT","@id":"https:\/\/inclusivenews.com.br\/?p=17344#primaryimage","url":"http:\/\/imgs.sidneyrezende.com\/srzd\/upload\/m\/o\/mov_mov4a.jpg","contentUrl":"http:\/\/imgs.sidneyrezende.com\/srzd\/upload\/m\/o\/mov_mov4a.jpg"},{"@type":"BreadcrumbList","@id":"https:\/\/inclusivenews.com.br\/?p=17344#breadcrumb","itemListElement":[{"@type":"ListItem","position":1,"name":"In\u00edcio","item":"https:\/\/inclusivenews.com.br\/"},{"@type":"ListItem","position":2,"name":"Movimento une as diferen\u00e7as em Copacabana"}]},{"@type":"WebSite","@id":"https:\/\/inclusivenews.com.br\/#website","url":"https:\/\/inclusivenews.com.br\/","name":"Inclusive News","description":"Inclusive News","publisher":{"@id":"https:\/\/inclusivenews.com.br\/#organization"},"potentialAction":[{"@type":"SearchAction","target":{"@type":"EntryPoint","urlTemplate":"https:\/\/inclusivenews.com.br\/?s={search_term_string}"},"query-input":{"@type":"PropertyValueSpecification","valueRequired":true,"valueName":"search_term_string"}}],"inLanguage":"pt-PT"},{"@type":"Organization","@id":"https:\/\/inclusivenews.com.br\/#organization","name":"Inclusive - inclus\u00e3o e cidadania","url":"https:\/\/inclusivenews.com.br\/","logo":{"@type":"ImageObject","inLanguage":"pt-PT","@id":"https:\/\/inclusivenews.com.br\/#\/schema\/logo\/image\/","url":"https:\/\/inclusivenews.com.br\/wp-content\/uploads\/2024\/03\/@grandesite.png","contentUrl":"https:\/\/inclusivenews.com.br\/wp-content\/uploads\/2024\/03\/@grandesite.png","width":1080,"height":1080,"caption":"Inclusive - inclus\u00e3o e cidadania"},"image":{"@id":"https:\/\/inclusivenews.com.br\/#\/schema\/logo\/image\/"},"sameAs":["https:\/\/www.facebook.com\/agenciainclusive\/","https:\/\/www.instagram.com\/newsinclusive\/"]},{"@type":"Person","@id":"https:\/\/inclusivenews.com.br\/#\/schema\/person\/ae4ec7087559b8692fb33b6fffd2273b","name":"inclusivenews2024","image":{"@type":"ImageObject","inLanguage":"pt-PT","@id":"https:\/\/secure.gravatar.com\/avatar\/c5a7ef84c66fa914f55bc4f7ce26cfa275a3b9a1c5568b907bd184fb4dde7b40?s=96&d=mm&r=g","url":"https:\/\/secure.gravatar.com\/avatar\/c5a7ef84c66fa914f55bc4f7ce26cfa275a3b9a1c5568b907bd184fb4dde7b40?s=96&d=mm&r=g","contentUrl":"https:\/\/secure.gravatar.com\/avatar\/c5a7ef84c66fa914f55bc4f7ce26cfa275a3b9a1c5568b907bd184fb4dde7b40?s=96&d=mm&r=g","caption":"inclusivenews2024"},"sameAs":["https:\/\/inclusivenews.com.br"],"url":"https:\/\/inclusivenews.com.br\/?author=1"}]}},"_links":{"self":[{"href":"https:\/\/inclusivenews.com.br\/index.php?rest_route=\/wp\/v2\/posts\/17344","targetHints":{"allow":["GET"]}}],"collection":[{"href":"https:\/\/inclusivenews.com.br\/index.php?rest_route=\/wp\/v2\/posts"}],"about":[{"href":"https:\/\/inclusivenews.com.br\/index.php?rest_route=\/wp\/v2\/types\/post"}],"author":[{"embeddable":true,"href":"https:\/\/inclusivenews.com.br\/index.php?rest_route=\/wp\/v2\/users\/1"}],"replies":[{"embeddable":true,"href":"https:\/\/inclusivenews.com.br\/index.php?rest_route=%2Fwp%2Fv2%2Fcomments&post=17344"}],"version-history":[{"count":0,"href":"https:\/\/inclusivenews.com.br\/index.php?rest_route=\/wp\/v2\/posts\/17344\/revisions"}],"wp:attachment":[{"href":"https:\/\/inclusivenews.com.br\/index.php?rest_route=%2Fwp%2Fv2%2Fmedia&parent=17344"}],"wp:term":[{"taxonomy":"category","embeddable":true,"href":"https:\/\/inclusivenews.com.br\/index.php?rest_route=%2Fwp%2Fv2%2Fcategories&post=17344"},{"taxonomy":"post_tag","embeddable":true,"href":"https:\/\/inclusivenews.com.br\/index.php?rest_route=%2Fwp%2Fv2%2Ftags&post=17344"}],"curies":[{"name":"wp","href":"https:\/\/api.w.org\/{rel}","templated":true}]}}