{"id":17350,"date":"2010-09-20T14:36:02","date_gmt":"2010-09-20T17:36:02","guid":{"rendered":"http:\/\/www.inclusive.org.br\/?p=17350"},"modified":"2010-09-20T14:36:02","modified_gmt":"2010-09-20T17:36:02","slug":"manifestantes-guarulhenses-pedem-respeito-a-pessoa-com-deficiencia","status":"publish","type":"post","link":"https:\/\/inclusivenews.com.br\/?p=17350","title":{"rendered":"Manifestantes guarulhenses pedem respeito \u00e0 pessoa com defici\u00eancia"},"content":{"rendered":"<figure id=\"attachment_17351\" aria-describedby=\"caption-attachment-17351\" style=\"width: 240px\" class=\"wp-caption alignleft\"><a href=\"http:\/\/www.inclusivenews.com.br\/wp-content\/uploads\/2010\/09\/Manifestantes-seguram-cartazes-no-cal\u00e7ad\u00e3o-no-centro-da-cidade.jpg\"><img loading=\"lazy\" decoding=\"async\" class=\"size-medium wp-image-17351\" title=\"Manifestantes seguram cartazes no cal\u00e7ad\u00e3o no centro da cidade\" src=\"http:\/\/inclusivenews.com.br\/wp-content\/uploads\/2010\/09\/Manifestantes-seguram-cartazes-no-cal\u00e7ad\u00e3o-no-centro-da-cidade-300x225.jpg\" alt=\"\" width=\"240\" height=\"180\" \/><\/a><figcaption id=\"caption-attachment-17351\" class=\"wp-caption-text\"> <\/figcaption><\/figure>\n<p><strong>Por Hevlyn M. Celso<\/strong><\/p>\n<p>\u201cN\u00e3o queremos piedade, queremos oportunidade. Somos cidad\u00e3os, queremos nossos direitos\u201d. Este foi o lema da caminhada que o Conselho Municipal para Assuntos da Pessoa com Defici\u00eancia (CMAPD) de Guarulhos, organizou na \u00faltima quarta, 15, pelos direitos da pessoa com defici\u00eancia. O encontro se deu \u00e0s 9h30 na Pra\u00e7a Get\u00falio Vargas, onde pais, amigos e pessoas com defici\u00eancia se reuniram. De l\u00e1, seguiram pelas ruas centrais da cidade, portando cartazes que diziam: \u201cAcessibilidade n\u00e3o \u00e9 op\u00e7\u00e3o, \u00e9 obriga\u00e7\u00e3o\u201d, \u201cPessoa com defici\u00eancia tamb\u00e9m \u00e9 eleitor\u201d, \u201cPol\u00edticas p\u00fablicas: mais a\u00e7\u00e3o, menos bl\u00e1-bl\u00e1-bl\u00e1\u201d, \u201cSocorro! Mais de 50.000 sem atendimento m\u00e9dico\u201d, entre outros. A passeata teve o apoio do Sindicato dos Qu\u00edmicos de Guarulhos e Regi\u00e3o, filiado \u00e0 For\u00e7a Sindical, que participou com carro de som, e da Secretaria de Transporte e Tr\u00e2nsito (STT), que enviou funcion\u00e1rios e motociclistas.<\/p>\n<p>A concentra\u00e7\u00e3o foi em frente \u00e0 Igreja Matriz, no cal\u00e7ad\u00e3o central da cidade, e teve a inten\u00e7\u00e3o de chamar a aten\u00e7\u00e3o dos passantes, pol\u00edticos e autoridades para os direitos da pessoa com defici\u00eancia. Diversas pessoas deram seu depoimento, entre elas, a presidente do CMAPD, Maria Lu\u00edsa Rom\u00e3o, que \u00e9 cadeirante: \u201cA sociedade de Guarulhos precisa se conscientizar que n\u00f3s somos mais de 150.000 pessoas com defici\u00eancia neste munic\u00edpio. A maioria de n\u00f3s, eleitores. Precisamos ter nossos direitos respeitados, cumpridos, e n\u00e3o s\u00f3 em \u00e9poca de elei\u00e7\u00e3o, em que os candidatos se voltam \u00e0s necessidades das pessoas com defici\u00eancia na inten\u00e7\u00e3o \u00fanica de ganhar votos. N\u00f3s precisamos de acessibilidade j\u00e1. Guarulhos \u00e9 a segunda cidade em arrecada\u00e7\u00e3o de impostos. \u00c9 um absurdo n\u00e3o termos acessibilidade, n\u00e3o haver ruas adaptadas, nem servi\u00e7os adaptados. O Centro de Atendimento \u00e0 Pessoa com Defici\u00eancia precisa de manuten\u00e7\u00e3o, de atendimento eficiente, para que n\u00f3s possamos ter mais qualidade de vida\u201d. Segundo o diretor de inclus\u00e3o social do Sindicato dos Qu\u00edmicos, Antonio Messias, uma parceria foi feita entre eles e as ind\u00fastrias farmac\u00eauticas da cidade para a contrata\u00e7\u00e3o de pessoas com defici\u00eancias, mas os empres\u00e1rios reclamam da falta de qualifica\u00e7\u00e3o profissional. Ele afirma que se faz urgente um programa de qualifica\u00e7\u00e3o, e que o sindicato tem lutado para isso.<\/p>\n<p>Concei\u00e7\u00e3o Aparecida de Almeida, m\u00e3e de uma mo\u00e7a com defici\u00eancia intelectual, pediu carinho, respeito e amor \u00e0s pessoas: \u201cEles s\u00e3o iguais a todos voc\u00eas, ao inv\u00e9s de olhar com preconceito, olhem como se estivessem vendo um irm\u00e3o, o pai ou a m\u00e3e de voc\u00eas; um deficiente n\u00e3o \u00e9 doente, n\u00e3o vai transmitir nenhuma doen\u00e7a\u201d.<\/p>\n<p>Maria Lu\u00edsa aproveitou a ocasi\u00e3o e convidou os presentes para uma reuni\u00e3o no pr\u00f3ximo dia 21 de setembro, 19hrs, no Centro de Educa\u00e7\u00e3o Adamastor, aonde haver\u00e1 duas palestras, e tamb\u00e9m para o dia 29, 18h30, no sal\u00e3o paroquial da Par\u00f3quia S\u00e3o Judas Tadeu, aonde haver\u00e1 uma assembl\u00e9ia geral em que ser\u00e3o discutidos os direitos das pessoas com defici\u00eancia.<\/p>\n<p>A caminhada foi uma preliminar ao Dia Nacional de Luta da Pessoa com Defici\u00eancia, e teve o intuito de conscientizar a sociedade na luta por pol\u00edticas p\u00fablicas mais justas.<\/p>\n<p>Em duas horas de protesto, n\u00e3o se notou a presen\u00e7a de nenhum candidato \u00e0 elei\u00e7\u00e3o, autoridades locais ou representantes dos ve\u00edculos de comunica\u00e7\u00e3o, embora de acordo com um membro do CMAPD, estes tenham sido convidados com anteced\u00eancia.<\/p>\n<p>__________________<\/p>\n<p>Para mais informa\u00e7\u00f5es:<\/p>\n<p><strong>Conselho Municipal para Assuntos da Pessoa com Defici\u00eancia \u2013 CMAPD<\/strong><\/p>\n<p>Avenida Esperan\u00e7a, 223 \u2013 Centro, Guarulhos<strong><br \/>\n<\/strong>Telefone: (11) 2463-3767<\/p>\n<p>Centro de Educa\u00e7\u00e3o Adamastor<\/p>\n<p>Avenida Monteiro Lobato, 724 Macedo, Centro, Guarulhos<br \/>\nTelefone:(11) 2472.5420 \/ 2425.0650<\/p>\n<p>Par\u00f3quia S\u00e3o Judas Tadeu<\/p>\n<p>Rua da Verdade, 130 Torres Tibagi, Guarulhos<\/p>\n","protected":false},"excerpt":{"rendered":"<p>A caminhada foi uma preliminar ao Dia Nacional de Luta da Pessoa com Defici\u00eancia, e teve o intuito de conscientizar a sociedade na luta por pol\u00edticas p\u00fablicas mais justas.<\/p>\n","protected":false},"author":1,"featured_media":0,"comment_status":"open","ping_status":"open","sticky":false,"template":"","format":"standard","meta":{"site-container-style":"default","site-container-layout":"default","site-sidebar-layout":"default","disable-article-header":"default","disable-site-header":"default","disable-site-footer":"default","disable-content-area-spacing":"default","footnotes":""},"categories":[38,48,4],"tags":[],"class_list":["post-17350","post","type-post","status-publish","format-standard","hentry","category-deficiencia","category-inclusao","category-noticias"],"yoast_head":"<!-- This site is optimized with the Yoast SEO plugin v27.4 - https:\/\/yoast.com\/product\/yoast-seo-wordpress\/ -->\n<title>Manifestantes guarulhenses pedem respeito \u00e0 pessoa com defici\u00eancia -<\/title>\n<meta name=\"robots\" content=\"index, follow, max-snippet:-1, max-image-preview:large, max-video-preview:-1\" \/>\n<link rel=\"canonical\" href=\"https:\/\/inclusivenews.com.br\/?p=17350\" \/>\n<meta property=\"og:locale\" content=\"pt_PT\" \/>\n<meta property=\"og:type\" content=\"article\" \/>\n<meta property=\"og:title\" content=\"Manifestantes guarulhenses pedem respeito \u00e0 pessoa com defici\u00eancia -\" \/>\n<meta property=\"og:description\" content=\"A caminhada foi uma preliminar ao Dia Nacional de Luta da Pessoa com Defici\u00eancia, e teve o intuito de conscientizar a sociedade na luta por pol\u00edticas p\u00fablicas mais justas.\" \/>\n<meta property=\"og:url\" content=\"https:\/\/inclusivenews.com.br\/?p=17350\" \/>\n<meta property=\"article:publisher\" content=\"https:\/\/www.facebook.com\/agenciainclusive\/\" \/>\n<meta property=\"article:published_time\" content=\"2010-09-20T17:36:02+00:00\" \/>\n<meta name=\"author\" content=\"inclusivenews2024\" \/>\n<meta name=\"twitter:card\" content=\"summary_large_image\" \/>\n<meta name=\"twitter:label1\" content=\"Escrito por\" \/>\n\t<meta name=\"twitter:data1\" content=\"inclusivenews2024\" \/>\n\t<meta name=\"twitter:label2\" content=\"Tempo estimado de leitura\" \/>\n\t<meta name=\"twitter:data2\" content=\"3 minutos\" \/>\n<script type=\"application\/ld+json\" class=\"yoast-schema-graph\">{\"@context\":\"https:\\\/\\\/schema.org\",\"@graph\":[{\"@type\":\"Article\",\"@id\":\"https:\\\/\\\/inclusivenews.com.br\\\/?p=17350#article\",\"isPartOf\":{\"@id\":\"https:\\\/\\\/inclusivenews.com.br\\\/?p=17350\"},\"author\":{\"name\":\"inclusivenews2024\",\"@id\":\"https:\\\/\\\/inclusivenews.com.br\\\/#\\\/schema\\\/person\\\/ae4ec7087559b8692fb33b6fffd2273b\"},\"headline\":\"Manifestantes guarulhenses pedem respeito \u00e0 pessoa com defici\u00eancia\",\"datePublished\":\"2010-09-20T17:36:02+00:00\",\"mainEntityOfPage\":{\"@id\":\"https:\\\/\\\/inclusivenews.com.br\\\/?p=17350\"},\"wordCount\":664,\"commentCount\":2,\"publisher\":{\"@id\":\"https:\\\/\\\/inclusivenews.com.br\\\/#organization\"},\"articleSection\":[\"Defici\u00eancia\",\"INCLUS\u00c3O SOCIAL\",\"NOT\u00cdCIAS\"],\"inLanguage\":\"pt-PT\",\"potentialAction\":[{\"@type\":\"CommentAction\",\"name\":\"Comment\",\"target\":[\"https:\\\/\\\/inclusivenews.com.br\\\/?p=17350#respond\"]}]},{\"@type\":\"WebPage\",\"@id\":\"https:\\\/\\\/inclusivenews.com.br\\\/?p=17350\",\"url\":\"https:\\\/\\\/inclusivenews.com.br\\\/?p=17350\",\"name\":\"Manifestantes guarulhenses pedem respeito \u00e0 pessoa com defici\u00eancia -\",\"isPartOf\":{\"@id\":\"https:\\\/\\\/inclusivenews.com.br\\\/#website\"},\"datePublished\":\"2010-09-20T17:36:02+00:00\",\"breadcrumb\":{\"@id\":\"https:\\\/\\\/inclusivenews.com.br\\\/?p=17350#breadcrumb\"},\"inLanguage\":\"pt-PT\",\"potentialAction\":[{\"@type\":\"ReadAction\",\"target\":[\"https:\\\/\\\/inclusivenews.com.br\\\/?p=17350\"]}]},{\"@type\":\"BreadcrumbList\",\"@id\":\"https:\\\/\\\/inclusivenews.com.br\\\/?p=17350#breadcrumb\",\"itemListElement\":[{\"@type\":\"ListItem\",\"position\":1,\"name\":\"In\u00edcio\",\"item\":\"https:\\\/\\\/inclusivenews.com.br\\\/\"},{\"@type\":\"ListItem\",\"position\":2,\"name\":\"Manifestantes guarulhenses pedem respeito \u00e0 pessoa com defici\u00eancia\"}]},{\"@type\":\"WebSite\",\"@id\":\"https:\\\/\\\/inclusivenews.com.br\\\/#website\",\"url\":\"https:\\\/\\\/inclusivenews.com.br\\\/\",\"name\":\"Inclusive News\",\"description\":\"Inclusive News\",\"publisher\":{\"@id\":\"https:\\\/\\\/inclusivenews.com.br\\\/#organization\"},\"potentialAction\":[{\"@type\":\"SearchAction\",\"target\":{\"@type\":\"EntryPoint\",\"urlTemplate\":\"https:\\\/\\\/inclusivenews.com.br\\\/?s={search_term_string}\"},\"query-input\":{\"@type\":\"PropertyValueSpecification\",\"valueRequired\":true,\"valueName\":\"search_term_string\"}}],\"inLanguage\":\"pt-PT\"},{\"@type\":\"Organization\",\"@id\":\"https:\\\/\\\/inclusivenews.com.br\\\/#organization\",\"name\":\"Inclusive - inclus\u00e3o e cidadania\",\"url\":\"https:\\\/\\\/inclusivenews.com.br\\\/\",\"logo\":{\"@type\":\"ImageObject\",\"inLanguage\":\"pt-PT\",\"@id\":\"https:\\\/\\\/inclusivenews.com.br\\\/#\\\/schema\\\/logo\\\/image\\\/\",\"url\":\"https:\\\/\\\/inclusivenews.com.br\\\/wp-content\\\/uploads\\\/2024\\\/03\\\/@grandesite.png\",\"contentUrl\":\"https:\\\/\\\/inclusivenews.com.br\\\/wp-content\\\/uploads\\\/2024\\\/03\\\/@grandesite.png\",\"width\":1080,\"height\":1080,\"caption\":\"Inclusive - inclus\u00e3o e cidadania\"},\"image\":{\"@id\":\"https:\\\/\\\/inclusivenews.com.br\\\/#\\\/schema\\\/logo\\\/image\\\/\"},\"sameAs\":[\"https:\\\/\\\/www.facebook.com\\\/agenciainclusive\\\/\",\"https:\\\/\\\/www.instagram.com\\\/newsinclusive\\\/\"]},{\"@type\":\"Person\",\"@id\":\"https:\\\/\\\/inclusivenews.com.br\\\/#\\\/schema\\\/person\\\/ae4ec7087559b8692fb33b6fffd2273b\",\"name\":\"inclusivenews2024\",\"image\":{\"@type\":\"ImageObject\",\"inLanguage\":\"pt-PT\",\"@id\":\"https:\\\/\\\/secure.gravatar.com\\\/avatar\\\/c5a7ef84c66fa914f55bc4f7ce26cfa275a3b9a1c5568b907bd184fb4dde7b40?s=96&d=mm&r=g\",\"url\":\"https:\\\/\\\/secure.gravatar.com\\\/avatar\\\/c5a7ef84c66fa914f55bc4f7ce26cfa275a3b9a1c5568b907bd184fb4dde7b40?s=96&d=mm&r=g\",\"contentUrl\":\"https:\\\/\\\/secure.gravatar.com\\\/avatar\\\/c5a7ef84c66fa914f55bc4f7ce26cfa275a3b9a1c5568b907bd184fb4dde7b40?s=96&d=mm&r=g\",\"caption\":\"inclusivenews2024\"},\"sameAs\":[\"https:\\\/\\\/inclusivenews.com.br\"],\"url\":\"https:\\\/\\\/inclusivenews.com.br\\\/?author=1\"}]}<\/script>\n<!-- \/ Yoast SEO plugin. -->","yoast_head_json":{"title":"Manifestantes guarulhenses pedem respeito \u00e0 pessoa com defici\u00eancia -","robots":{"index":"index","follow":"follow","max-snippet":"max-snippet:-1","max-image-preview":"max-image-preview:large","max-video-preview":"max-video-preview:-1"},"canonical":"https:\/\/inclusivenews.com.br\/?p=17350","og_locale":"pt_PT","og_type":"article","og_title":"Manifestantes guarulhenses pedem respeito \u00e0 pessoa com defici\u00eancia -","og_description":"A caminhada foi uma preliminar ao Dia Nacional de Luta da Pessoa com Defici\u00eancia, e teve o intuito de conscientizar a sociedade na luta por pol\u00edticas p\u00fablicas mais justas.","og_url":"https:\/\/inclusivenews.com.br\/?p=17350","article_publisher":"https:\/\/www.facebook.com\/agenciainclusive\/","article_published_time":"2010-09-20T17:36:02+00:00","author":"inclusivenews2024","twitter_card":"summary_large_image","twitter_misc":{"Escrito por":"inclusivenews2024","Tempo estimado de leitura":"3 minutos"},"schema":{"@context":"https:\/\/schema.org","@graph":[{"@type":"Article","@id":"https:\/\/inclusivenews.com.br\/?p=17350#article","isPartOf":{"@id":"https:\/\/inclusivenews.com.br\/?p=17350"},"author":{"name":"inclusivenews2024","@id":"https:\/\/inclusivenews.com.br\/#\/schema\/person\/ae4ec7087559b8692fb33b6fffd2273b"},"headline":"Manifestantes guarulhenses pedem respeito \u00e0 pessoa com defici\u00eancia","datePublished":"2010-09-20T17:36:02+00:00","mainEntityOfPage":{"@id":"https:\/\/inclusivenews.com.br\/?p=17350"},"wordCount":664,"commentCount":2,"publisher":{"@id":"https:\/\/inclusivenews.com.br\/#organization"},"articleSection":["Defici\u00eancia","INCLUS\u00c3O SOCIAL","NOT\u00cdCIAS"],"inLanguage":"pt-PT","potentialAction":[{"@type":"CommentAction","name":"Comment","target":["https:\/\/inclusivenews.com.br\/?p=17350#respond"]}]},{"@type":"WebPage","@id":"https:\/\/inclusivenews.com.br\/?p=17350","url":"https:\/\/inclusivenews.com.br\/?p=17350","name":"Manifestantes guarulhenses pedem respeito \u00e0 pessoa com defici\u00eancia -","isPartOf":{"@id":"https:\/\/inclusivenews.com.br\/#website"},"datePublished":"2010-09-20T17:36:02+00:00","breadcrumb":{"@id":"https:\/\/inclusivenews.com.br\/?p=17350#breadcrumb"},"inLanguage":"pt-PT","potentialAction":[{"@type":"ReadAction","target":["https:\/\/inclusivenews.com.br\/?p=17350"]}]},{"@type":"BreadcrumbList","@id":"https:\/\/inclusivenews.com.br\/?p=17350#breadcrumb","itemListElement":[{"@type":"ListItem","position":1,"name":"In\u00edcio","item":"https:\/\/inclusivenews.com.br\/"},{"@type":"ListItem","position":2,"name":"Manifestantes guarulhenses pedem respeito \u00e0 pessoa com defici\u00eancia"}]},{"@type":"WebSite","@id":"https:\/\/inclusivenews.com.br\/#website","url":"https:\/\/inclusivenews.com.br\/","name":"Inclusive News","description":"Inclusive News","publisher":{"@id":"https:\/\/inclusivenews.com.br\/#organization"},"potentialAction":[{"@type":"SearchAction","target":{"@type":"EntryPoint","urlTemplate":"https:\/\/inclusivenews.com.br\/?s={search_term_string}"},"query-input":{"@type":"PropertyValueSpecification","valueRequired":true,"valueName":"search_term_string"}}],"inLanguage":"pt-PT"},{"@type":"Organization","@id":"https:\/\/inclusivenews.com.br\/#organization","name":"Inclusive - inclus\u00e3o e cidadania","url":"https:\/\/inclusivenews.com.br\/","logo":{"@type":"ImageObject","inLanguage":"pt-PT","@id":"https:\/\/inclusivenews.com.br\/#\/schema\/logo\/image\/","url":"https:\/\/inclusivenews.com.br\/wp-content\/uploads\/2024\/03\/@grandesite.png","contentUrl":"https:\/\/inclusivenews.com.br\/wp-content\/uploads\/2024\/03\/@grandesite.png","width":1080,"height":1080,"caption":"Inclusive - inclus\u00e3o e cidadania"},"image":{"@id":"https:\/\/inclusivenews.com.br\/#\/schema\/logo\/image\/"},"sameAs":["https:\/\/www.facebook.com\/agenciainclusive\/","https:\/\/www.instagram.com\/newsinclusive\/"]},{"@type":"Person","@id":"https:\/\/inclusivenews.com.br\/#\/schema\/person\/ae4ec7087559b8692fb33b6fffd2273b","name":"inclusivenews2024","image":{"@type":"ImageObject","inLanguage":"pt-PT","@id":"https:\/\/secure.gravatar.com\/avatar\/c5a7ef84c66fa914f55bc4f7ce26cfa275a3b9a1c5568b907bd184fb4dde7b40?s=96&d=mm&r=g","url":"https:\/\/secure.gravatar.com\/avatar\/c5a7ef84c66fa914f55bc4f7ce26cfa275a3b9a1c5568b907bd184fb4dde7b40?s=96&d=mm&r=g","contentUrl":"https:\/\/secure.gravatar.com\/avatar\/c5a7ef84c66fa914f55bc4f7ce26cfa275a3b9a1c5568b907bd184fb4dde7b40?s=96&d=mm&r=g","caption":"inclusivenews2024"},"sameAs":["https:\/\/inclusivenews.com.br"],"url":"https:\/\/inclusivenews.com.br\/?author=1"}]}},"_links":{"self":[{"href":"https:\/\/inclusivenews.com.br\/index.php?rest_route=\/wp\/v2\/posts\/17350","targetHints":{"allow":["GET"]}}],"collection":[{"href":"https:\/\/inclusivenews.com.br\/index.php?rest_route=\/wp\/v2\/posts"}],"about":[{"href":"https:\/\/inclusivenews.com.br\/index.php?rest_route=\/wp\/v2\/types\/post"}],"author":[{"embeddable":true,"href":"https:\/\/inclusivenews.com.br\/index.php?rest_route=\/wp\/v2\/users\/1"}],"replies":[{"embeddable":true,"href":"https:\/\/inclusivenews.com.br\/index.php?rest_route=%2Fwp%2Fv2%2Fcomments&post=17350"}],"version-history":[{"count":0,"href":"https:\/\/inclusivenews.com.br\/index.php?rest_route=\/wp\/v2\/posts\/17350\/revisions"}],"wp:attachment":[{"href":"https:\/\/inclusivenews.com.br\/index.php?rest_route=%2Fwp%2Fv2%2Fmedia&parent=17350"}],"wp:term":[{"taxonomy":"category","embeddable":true,"href":"https:\/\/inclusivenews.com.br\/index.php?rest_route=%2Fwp%2Fv2%2Fcategories&post=17350"},{"taxonomy":"post_tag","embeddable":true,"href":"https:\/\/inclusivenews.com.br\/index.php?rest_route=%2Fwp%2Fv2%2Ftags&post=17350"}],"curies":[{"name":"wp","href":"https:\/\/api.w.org\/{rel}","templated":true}]}}