{"id":17364,"date":"2010-09-23T06:13:39","date_gmt":"2010-09-23T09:13:39","guid":{"rendered":"http:\/\/www.inclusive.org.br\/?p=17364"},"modified":"2010-09-23T06:13:39","modified_gmt":"2010-09-23T09:13:39","slug":"educacao-inclusiva-no-abc-fopei-grande-abc-07-10","status":"publish","type":"post","link":"https:\/\/inclusivenews.com.br\/?p=17364","title":{"rendered":"Educa\u00e7\u00e3o Inclusiva no ABC &#8211; FoPEI Grande ABC (07-10)"},"content":{"rendered":"<figure id=\"attachment_12416\" aria-describedby=\"caption-attachment-12416\" style=\"width: 72px\" class=\"wp-caption alignleft\"><a href=\"http:\/\/www.inclusivenews.com.br\/wp-content\/uploads\/2009\/11\/fopei.jpg\"><img loading=\"lazy\" decoding=\"async\" class=\"size-full wp-image-12416\" title=\"Logotipo do F\u00f3rum Permanente de Educa\u00e7\u00e3o Inclusiva: as palavras educa\u00e7\u00e3o inclusiva e 5 figuras multicoloridas de m\u00e3os, sendo que uma m\u00e3o est\u00e1 vazada, sendo preenchida\" src=\"http:\/\/inclusivenews.com.br\/wp-content\/uploads\/2009\/11\/fopei.jpg\" alt=\"\" width=\"72\" height=\"76\" \/><\/a><figcaption id=\"caption-attachment-12416\" class=\"wp-caption-text\"> <\/figcaption><\/figure>\n<p>O <a href=\"http:\/\/br.groups.yahoo.com\/group\/foruminclusao\/\">F\u00f3rum Permanente de Educa\u00e7\u00e3o Inclusiva<\/a>, por meio de sua Comiss\u00e3o Executiva, tem a satisfa\u00e7\u00e3o de convidar a todos para o primeiro encontro do F\u00f3rum Permanente de Educa\u00e7\u00e3o Inclusiva da Regi\u00e3o do Grande ABC, cuja pauta \u00e9 dar continuidade ao planejamento e implementa\u00e7\u00e3o do f\u00f3rum.<\/p>\n<p>A reuni\u00e3o ocorrer\u00e1 no dia 7 de outubro de 2010, das 9h \u00e0s 12h, no Cenforpe \u2013 Centro de Forma\u00e7\u00e3o dos Professores, situado na Avenida Dom Jaime de Barros C\u00e2mara, 201 \u2013 Bairro Planalto, em S\u00e3o Bernardo do Campo \u2013 SP.<\/p>\n<p>Encaminhamos abaixo texto de apresenta\u00e7\u00e3o do F\u00f3rum que estamos enviando aos munic\u00edpios para divulga\u00e7\u00e3o &#8211; se puder, ajude a encaminh\u00e1-lo para o setor de Educa\u00e7\u00e3o Especial &#8211; Educa\u00e7\u00e3o Inclusiva de sua cidade!<\/p>\n<p>Contamos com a participa\u00e7\u00e3o de todos os munic\u00edpio que comp\u00f5em as sete cidades do ABC. Abra\u00e7os e at\u00e9 l\u00e1! Comiss\u00e3o Executiva &#8211; FoPEI<\/p>\n<p>DIVULGUEM PARA SEUS COLEGAS, CONTAMOS COM VOC\u00caS!!!<br \/>\nVisite o blog do FoPEI Grande ABC <a href=\"http:\/\/fgabc.blogspot.com\">http:\/\/fgabc.blogspot.com<\/a><\/p>\n<p style=\"padding-left: 30px;\">\u00c0 Secret\u00e1ria de Educa\u00e7\u00e3o Com c\u00f3pia para o respons\u00e1vel pela Educa\u00e7\u00e3o B\u00e1sica, Educa\u00e7\u00e3o de Jovens e Adultos e Educa\u00e7\u00e3o Especial\/Educa\u00e7\u00e3o Inclusiva<\/p>\n<p style=\"padding-left: 30px;\">O F\u00f3rum Permanente de Educa\u00e7\u00e3o Inclusiva, iniciativa do MEC-SP em 1998, surgiu da necessidade de subsidiar os munic\u00edpios para a crescente demanda de matr\u00edcula de alunos com defici\u00eancia na rede regular de ensino. Chamado inicialmente de F\u00f3rum Estadual de Educa\u00e7\u00e3o Especial, passou a chamar-se de F\u00f3rum Permanente de Educa\u00e7\u00e3o Inclusiva a partir de 2001, dada a perspectiva de subsidiar os participantes na constru\u00e7\u00e3o de uma escola de qualidade para todos(as). Assim o F\u00f3rum vem se constituindo como um espa\u00e7o importante de troca de experi\u00eancias e de forma\u00e7\u00e3o de educadores. Hoje, ele congrega al\u00e9m de representa\u00e7\u00f5es de escolas e secretarias de educa\u00e7\u00e3o dos munic\u00edpios, universidades, institui\u00e7\u00f5es e pessoas que, de formas diferenciadas, t\u00eam v\u00ednculo com a educa\u00e7\u00e3o inclusiva. Ao longo de doze anos de caminhada, consideramos este o momento oportuno para divulgar nossas a\u00e7\u00f5es no intuito de aproximarmos ainda mais o F\u00f3rum Permanente de Educa\u00e7\u00e3o Inclusiva dos gestores municipais e estaduais. Atualmente contamos com os F\u00f3runs Regionais do Alto Tiet\u00ea, Regi\u00e3o Metropolitana da Baixada Santista e Portal do Paranapanema, todos voltados \u00e0s quest\u00f5es relativas a Legisla\u00e7\u00e3o, Pol\u00edticas P\u00fablicas, Par\u00e2metros Curriculares e Projetos Pedag\u00f3gicos, no n\u00edvel local, trabalhando para aproximar as pessoas que compartilham essas experi\u00eancias. Esta estrat\u00e9gia tem permitido uma discuss\u00e3o mais aprofundada das especificidades das pol\u00edticas p\u00fablicas educacionais em cada regi\u00e3o, sustentada por nossa Carta de Princ\u00edpios. Dentro deste objetivo, \u00e9 com muita satisfa\u00e7\u00e3o que convidamos o seu munic\u00edpio para participar do primeiro encontro do F\u00f3rum Permanente de Educa\u00e7\u00e3o Inclusiva da Regi\u00e3o do Grande ABC, reunindo as cidades de Diadema, Mau\u00e1, Ribeir\u00e3o Pires, Rio Grande da Serra, Santo Andr\u00e9, S\u00e3o Bernardo do Campo e S\u00e3o Caetano do Sul. Solicitamos a divulga\u00e7\u00e3o do encontro junto aos profissionais da Secretaria de Educa\u00e7\u00e3o, a fim de que possam participar desta iniciativa. A reuni\u00e3o ocorrer\u00e1 no dia 7 de outubro de 2010, das 9h \u00e0s 12h, no Cenforpe \u2013 Centro de Forma\u00e7\u00e3o dos Professores, situado na Avenida Dom Jaime de Barros C\u00e2mara, 201 \u2013 Bairro Planalto, em S\u00e3o Bernardo do Campo \u2013 SP.<\/p>\n<p style=\"padding-left: 30px;\">Atenciosamente,<\/p>\n<p style=\"padding-left: 30px;\">Comiss\u00e3o Executiva do F\u00f3rum Permanente de Educa\u00e7\u00e3o Inclusiva<\/p>\n<p>_________________<\/p>\n<p><strong>Carta de Princ\u00edpios do F\u00f3rum Permanente de Educa\u00e7\u00e3o Inclusiva<\/strong><\/p>\n<p>1. Defendemos a inclus\u00e3o total e incondicional de todas as pessoas em todos os contextos sociais e o direito de serem benefici\u00e1rias dos bens p\u00fablicos e privados.<\/p>\n<p>2. Defendemos o processo de transforma\u00e7\u00e3o da sociedade para atender \u00e0 singularidade humana e \u00e0 pluralidade cultural, o que implica em rupturas e mudan\u00e7as pol\u00edticas, econ\u00f4micas e sociais.<\/p>\n<p>3. Defendemos a cultura da diversidade em oposi\u00e7\u00e3o \u00e0 cultura do preconceito, com base nos direitos humanos fundamentais de igualdade, participa\u00e7\u00e3o, solidariedade e liberdade.<\/p>\n<p>4. Defendemos a cultura da diversidade na educa\u00e7\u00e3o n\u00e3o como busca do melhor modelo educativo individual ou de adapta\u00e7\u00f5es curriculares, mas da constru\u00e7\u00e3o de sistemas educacionais inclusivos que assegurem o acesso e perman\u00eancia de todos como resultado da qualidade social da educa\u00e7\u00e3o.<\/p>\n<p>5. Defendemos a educa\u00e7\u00e3o como um direito de todos e dever do Estado, seja esse o provedor dos servi\u00e7os educacionais ou fiscalizador dos servi\u00e7os prestados por entidades privadas.<\/p>\n<p>6. Defendemos a gest\u00e3o democr\u00e1tica e controle social em todas as inst\u00e2ncias dos sistemas de ensino e nas unidades escolares.<\/p>\n<p>7. Defendemos que a educa\u00e7\u00e3o escolar \u00e9 o instrumento fundamental de desenvolvimento individual, social, cultural, pol\u00edtico e econ\u00f4mico do pa\u00eds para garantir o exerc\u00edcio da cidadania.<\/p>\n<p>Comiss\u00e3o Executiva do F\u00f3rum Permanente de Educa\u00e7\u00e3o Inclusiva<\/p>\n<p>_________________________________________<\/p>\n","protected":false},"excerpt":{"rendered":"<p>O F\u00f3rum Permanente de Educa\u00e7\u00e3o Inclusiva, por meio de sua Comiss\u00e3o Executiva, convida a todos para o primeiro encontro do F\u00f3rum Permanente de Educa\u00e7\u00e3o Inclusiva da Regi\u00e3o do Grande ABC, dia 7\/10.<\/p>\n","protected":false},"author":1,"featured_media":0,"comment_status":"open","ping_status":"open","sticky":false,"template":"","format":"standard","meta":{"site-container-style":"default","site-container-layout":"default","site-sidebar-layout":"default","disable-article-header":"default","disable-site-header":"default","disable-site-footer":"default","disable-content-area-spacing":"default","footnotes":""},"categories":[12,6,48,4],"tags":[],"class_list":["post-17364","post","type-post","status-publish","format-standard","hentry","category-cursos-e-eventos","category-educacao","category-inclusao","category-noticias"],"yoast_head":"<!-- This site is optimized with the Yoast SEO plugin v27.4 - https:\/\/yoast.com\/product\/yoast-seo-wordpress\/ -->\n<title>Educa\u00e7\u00e3o Inclusiva no ABC - FoPEI Grande ABC (07-10) -<\/title>\n<meta name=\"robots\" content=\"index, follow, max-snippet:-1, max-image-preview:large, max-video-preview:-1\" \/>\n<link rel=\"canonical\" href=\"https:\/\/inclusivenews.com.br\/?p=17364\" \/>\n<meta property=\"og:locale\" content=\"pt_PT\" \/>\n<meta property=\"og:type\" content=\"article\" \/>\n<meta property=\"og:title\" content=\"Educa\u00e7\u00e3o Inclusiva no ABC - FoPEI Grande ABC (07-10) -\" \/>\n<meta property=\"og:description\" content=\"O F\u00f3rum Permanente de Educa\u00e7\u00e3o Inclusiva, por meio de sua Comiss\u00e3o Executiva, convida a todos para o primeiro encontro do F\u00f3rum Permanente de Educa\u00e7\u00e3o Inclusiva da Regi\u00e3o do Grande ABC, dia 7\/10.\" \/>\n<meta property=\"og:url\" content=\"https:\/\/inclusivenews.com.br\/?p=17364\" \/>\n<meta property=\"article:publisher\" content=\"https:\/\/www.facebook.com\/agenciainclusive\/\" \/>\n<meta property=\"article:published_time\" content=\"2010-09-23T09:13:39+00:00\" \/>\n<meta property=\"og:image\" content=\"http:\/\/inclusivenews.com.br\/wp-content\/uploads\/2009\/11\/fopei.jpg\" \/>\n<meta name=\"author\" content=\"inclusivenews2024\" \/>\n<meta name=\"twitter:card\" content=\"summary_large_image\" \/>\n<meta name=\"twitter:label1\" content=\"Escrito por\" \/>\n\t<meta name=\"twitter:data1\" content=\"inclusivenews2024\" \/>\n\t<meta name=\"twitter:label2\" content=\"Tempo estimado de leitura\" \/>\n\t<meta name=\"twitter:data2\" content=\"4 minutos\" \/>\n<script type=\"application\/ld+json\" class=\"yoast-schema-graph\">{\"@context\":\"https:\\\/\\\/schema.org\",\"@graph\":[{\"@type\":\"Article\",\"@id\":\"https:\\\/\\\/inclusivenews.com.br\\\/?p=17364#article\",\"isPartOf\":{\"@id\":\"https:\\\/\\\/inclusivenews.com.br\\\/?p=17364\"},\"author\":{\"name\":\"inclusivenews2024\",\"@id\":\"https:\\\/\\\/inclusivenews.com.br\\\/#\\\/schema\\\/person\\\/ae4ec7087559b8692fb33b6fffd2273b\"},\"headline\":\"Educa\u00e7\u00e3o Inclusiva no ABC &#8211; FoPEI Grande ABC (07-10)\",\"datePublished\":\"2010-09-23T09:13:39+00:00\",\"mainEntityOfPage\":{\"@id\":\"https:\\\/\\\/inclusivenews.com.br\\\/?p=17364\"},\"wordCount\":847,\"commentCount\":0,\"publisher\":{\"@id\":\"https:\\\/\\\/inclusivenews.com.br\\\/#organization\"},\"image\":{\"@id\":\"https:\\\/\\\/inclusivenews.com.br\\\/?p=17364#primaryimage\"},\"thumbnailUrl\":\"http:\\\/\\\/inclusivenews.com.br\\\/wp-content\\\/uploads\\\/2009\\\/11\\\/fopei.jpg\",\"articleSection\":[\"Cursos e eventos\",\"EDUCA\u00c7\u00c3O\",\"INCLUS\u00c3O SOCIAL\",\"NOT\u00cdCIAS\"],\"inLanguage\":\"pt-PT\",\"potentialAction\":[{\"@type\":\"CommentAction\",\"name\":\"Comment\",\"target\":[\"https:\\\/\\\/inclusivenews.com.br\\\/?p=17364#respond\"]}]},{\"@type\":\"WebPage\",\"@id\":\"https:\\\/\\\/inclusivenews.com.br\\\/?p=17364\",\"url\":\"https:\\\/\\\/inclusivenews.com.br\\\/?p=17364\",\"name\":\"Educa\u00e7\u00e3o Inclusiva no ABC - FoPEI Grande ABC (07-10) -\",\"isPartOf\":{\"@id\":\"https:\\\/\\\/inclusivenews.com.br\\\/#website\"},\"primaryImageOfPage\":{\"@id\":\"https:\\\/\\\/inclusivenews.com.br\\\/?p=17364#primaryimage\"},\"image\":{\"@id\":\"https:\\\/\\\/inclusivenews.com.br\\\/?p=17364#primaryimage\"},\"thumbnailUrl\":\"http:\\\/\\\/inclusivenews.com.br\\\/wp-content\\\/uploads\\\/2009\\\/11\\\/fopei.jpg\",\"datePublished\":\"2010-09-23T09:13:39+00:00\",\"breadcrumb\":{\"@id\":\"https:\\\/\\\/inclusivenews.com.br\\\/?p=17364#breadcrumb\"},\"inLanguage\":\"pt-PT\",\"potentialAction\":[{\"@type\":\"ReadAction\",\"target\":[\"https:\\\/\\\/inclusivenews.com.br\\\/?p=17364\"]}]},{\"@type\":\"ImageObject\",\"inLanguage\":\"pt-PT\",\"@id\":\"https:\\\/\\\/inclusivenews.com.br\\\/?p=17364#primaryimage\",\"url\":\"https:\\\/\\\/inclusivenews.com.br\\\/wp-content\\\/uploads\\\/2009\\\/11\\\/fopei.jpg\",\"contentUrl\":\"https:\\\/\\\/inclusivenews.com.br\\\/wp-content\\\/uploads\\\/2009\\\/11\\\/fopei.jpg\",\"width\":72,\"height\":76,\"caption\":\"Logotipo do FOPEI - F\u00f3rum Permanente de Educa\u00e7\u00e3o Inclusiva - o termo educa\u00e7\u00e3o inclusiva sobreposto pela imagem de 5 figuras humanas de bra\u00e7os abertos, cada uma de uma cor\"},{\"@type\":\"BreadcrumbList\",\"@id\":\"https:\\\/\\\/inclusivenews.com.br\\\/?p=17364#breadcrumb\",\"itemListElement\":[{\"@type\":\"ListItem\",\"position\":1,\"name\":\"In\u00edcio\",\"item\":\"https:\\\/\\\/inclusivenews.com.br\\\/\"},{\"@type\":\"ListItem\",\"position\":2,\"name\":\"Educa\u00e7\u00e3o Inclusiva no ABC &#8211; FoPEI Grande ABC (07-10)\"}]},{\"@type\":\"WebSite\",\"@id\":\"https:\\\/\\\/inclusivenews.com.br\\\/#website\",\"url\":\"https:\\\/\\\/inclusivenews.com.br\\\/\",\"name\":\"Inclusive News\",\"description\":\"Inclusive News\",\"publisher\":{\"@id\":\"https:\\\/\\\/inclusivenews.com.br\\\/#organization\"},\"potentialAction\":[{\"@type\":\"SearchAction\",\"target\":{\"@type\":\"EntryPoint\",\"urlTemplate\":\"https:\\\/\\\/inclusivenews.com.br\\\/?s={search_term_string}\"},\"query-input\":{\"@type\":\"PropertyValueSpecification\",\"valueRequired\":true,\"valueName\":\"search_term_string\"}}],\"inLanguage\":\"pt-PT\"},{\"@type\":\"Organization\",\"@id\":\"https:\\\/\\\/inclusivenews.com.br\\\/#organization\",\"name\":\"Inclusive - inclus\u00e3o e cidadania\",\"url\":\"https:\\\/\\\/inclusivenews.com.br\\\/\",\"logo\":{\"@type\":\"ImageObject\",\"inLanguage\":\"pt-PT\",\"@id\":\"https:\\\/\\\/inclusivenews.com.br\\\/#\\\/schema\\\/logo\\\/image\\\/\",\"url\":\"https:\\\/\\\/inclusivenews.com.br\\\/wp-content\\\/uploads\\\/2024\\\/03\\\/@grandesite.png\",\"contentUrl\":\"https:\\\/\\\/inclusivenews.com.br\\\/wp-content\\\/uploads\\\/2024\\\/03\\\/@grandesite.png\",\"width\":1080,\"height\":1080,\"caption\":\"Inclusive - inclus\u00e3o e cidadania\"},\"image\":{\"@id\":\"https:\\\/\\\/inclusivenews.com.br\\\/#\\\/schema\\\/logo\\\/image\\\/\"},\"sameAs\":[\"https:\\\/\\\/www.facebook.com\\\/agenciainclusive\\\/\",\"https:\\\/\\\/www.instagram.com\\\/newsinclusive\\\/\"]},{\"@type\":\"Person\",\"@id\":\"https:\\\/\\\/inclusivenews.com.br\\\/#\\\/schema\\\/person\\\/ae4ec7087559b8692fb33b6fffd2273b\",\"name\":\"inclusivenews2024\",\"image\":{\"@type\":\"ImageObject\",\"inLanguage\":\"pt-PT\",\"@id\":\"https:\\\/\\\/secure.gravatar.com\\\/avatar\\\/c5a7ef84c66fa914f55bc4f7ce26cfa275a3b9a1c5568b907bd184fb4dde7b40?s=96&d=mm&r=g\",\"url\":\"https:\\\/\\\/secure.gravatar.com\\\/avatar\\\/c5a7ef84c66fa914f55bc4f7ce26cfa275a3b9a1c5568b907bd184fb4dde7b40?s=96&d=mm&r=g\",\"contentUrl\":\"https:\\\/\\\/secure.gravatar.com\\\/avatar\\\/c5a7ef84c66fa914f55bc4f7ce26cfa275a3b9a1c5568b907bd184fb4dde7b40?s=96&d=mm&r=g\",\"caption\":\"inclusivenews2024\"},\"sameAs\":[\"https:\\\/\\\/inclusivenews.com.br\"],\"url\":\"https:\\\/\\\/inclusivenews.com.br\\\/?author=1\"}]}<\/script>\n<!-- \/ Yoast SEO plugin. -->","yoast_head_json":{"title":"Educa\u00e7\u00e3o Inclusiva no ABC - FoPEI Grande ABC (07-10) -","robots":{"index":"index","follow":"follow","max-snippet":"max-snippet:-1","max-image-preview":"max-image-preview:large","max-video-preview":"max-video-preview:-1"},"canonical":"https:\/\/inclusivenews.com.br\/?p=17364","og_locale":"pt_PT","og_type":"article","og_title":"Educa\u00e7\u00e3o Inclusiva no ABC - FoPEI Grande ABC (07-10) -","og_description":"O F\u00f3rum Permanente de Educa\u00e7\u00e3o Inclusiva, por meio de sua Comiss\u00e3o Executiva, convida a todos para o primeiro encontro do F\u00f3rum Permanente de Educa\u00e7\u00e3o Inclusiva da Regi\u00e3o do Grande ABC, dia 7\/10.","og_url":"https:\/\/inclusivenews.com.br\/?p=17364","article_publisher":"https:\/\/www.facebook.com\/agenciainclusive\/","article_published_time":"2010-09-23T09:13:39+00:00","og_image":[{"url":"http:\/\/inclusivenews.com.br\/wp-content\/uploads\/2009\/11\/fopei.jpg","type":"","width":"","height":""}],"author":"inclusivenews2024","twitter_card":"summary_large_image","twitter_misc":{"Escrito por":"inclusivenews2024","Tempo estimado de leitura":"4 minutos"},"schema":{"@context":"https:\/\/schema.org","@graph":[{"@type":"Article","@id":"https:\/\/inclusivenews.com.br\/?p=17364#article","isPartOf":{"@id":"https:\/\/inclusivenews.com.br\/?p=17364"},"author":{"name":"inclusivenews2024","@id":"https:\/\/inclusivenews.com.br\/#\/schema\/person\/ae4ec7087559b8692fb33b6fffd2273b"},"headline":"Educa\u00e7\u00e3o Inclusiva no ABC &#8211; FoPEI Grande ABC (07-10)","datePublished":"2010-09-23T09:13:39+00:00","mainEntityOfPage":{"@id":"https:\/\/inclusivenews.com.br\/?p=17364"},"wordCount":847,"commentCount":0,"publisher":{"@id":"https:\/\/inclusivenews.com.br\/#organization"},"image":{"@id":"https:\/\/inclusivenews.com.br\/?p=17364#primaryimage"},"thumbnailUrl":"http:\/\/inclusivenews.com.br\/wp-content\/uploads\/2009\/11\/fopei.jpg","articleSection":["Cursos e eventos","EDUCA\u00c7\u00c3O","INCLUS\u00c3O SOCIAL","NOT\u00cdCIAS"],"inLanguage":"pt-PT","potentialAction":[{"@type":"CommentAction","name":"Comment","target":["https:\/\/inclusivenews.com.br\/?p=17364#respond"]}]},{"@type":"WebPage","@id":"https:\/\/inclusivenews.com.br\/?p=17364","url":"https:\/\/inclusivenews.com.br\/?p=17364","name":"Educa\u00e7\u00e3o Inclusiva no ABC - FoPEI Grande ABC (07-10) -","isPartOf":{"@id":"https:\/\/inclusivenews.com.br\/#website"},"primaryImageOfPage":{"@id":"https:\/\/inclusivenews.com.br\/?p=17364#primaryimage"},"image":{"@id":"https:\/\/inclusivenews.com.br\/?p=17364#primaryimage"},"thumbnailUrl":"http:\/\/inclusivenews.com.br\/wp-content\/uploads\/2009\/11\/fopei.jpg","datePublished":"2010-09-23T09:13:39+00:00","breadcrumb":{"@id":"https:\/\/inclusivenews.com.br\/?p=17364#breadcrumb"},"inLanguage":"pt-PT","potentialAction":[{"@type":"ReadAction","target":["https:\/\/inclusivenews.com.br\/?p=17364"]}]},{"@type":"ImageObject","inLanguage":"pt-PT","@id":"https:\/\/inclusivenews.com.br\/?p=17364#primaryimage","url":"https:\/\/inclusivenews.com.br\/wp-content\/uploads\/2009\/11\/fopei.jpg","contentUrl":"https:\/\/inclusivenews.com.br\/wp-content\/uploads\/2009\/11\/fopei.jpg","width":72,"height":76,"caption":"Logotipo do FOPEI - F\u00f3rum Permanente de Educa\u00e7\u00e3o Inclusiva - o termo educa\u00e7\u00e3o inclusiva sobreposto pela imagem de 5 figuras humanas de bra\u00e7os abertos, cada uma de uma cor"},{"@type":"BreadcrumbList","@id":"https:\/\/inclusivenews.com.br\/?p=17364#breadcrumb","itemListElement":[{"@type":"ListItem","position":1,"name":"In\u00edcio","item":"https:\/\/inclusivenews.com.br\/"},{"@type":"ListItem","position":2,"name":"Educa\u00e7\u00e3o Inclusiva no ABC &#8211; FoPEI Grande ABC (07-10)"}]},{"@type":"WebSite","@id":"https:\/\/inclusivenews.com.br\/#website","url":"https:\/\/inclusivenews.com.br\/","name":"Inclusive News","description":"Inclusive News","publisher":{"@id":"https:\/\/inclusivenews.com.br\/#organization"},"potentialAction":[{"@type":"SearchAction","target":{"@type":"EntryPoint","urlTemplate":"https:\/\/inclusivenews.com.br\/?s={search_term_string}"},"query-input":{"@type":"PropertyValueSpecification","valueRequired":true,"valueName":"search_term_string"}}],"inLanguage":"pt-PT"},{"@type":"Organization","@id":"https:\/\/inclusivenews.com.br\/#organization","name":"Inclusive - inclus\u00e3o e cidadania","url":"https:\/\/inclusivenews.com.br\/","logo":{"@type":"ImageObject","inLanguage":"pt-PT","@id":"https:\/\/inclusivenews.com.br\/#\/schema\/logo\/image\/","url":"https:\/\/inclusivenews.com.br\/wp-content\/uploads\/2024\/03\/@grandesite.png","contentUrl":"https:\/\/inclusivenews.com.br\/wp-content\/uploads\/2024\/03\/@grandesite.png","width":1080,"height":1080,"caption":"Inclusive - inclus\u00e3o e cidadania"},"image":{"@id":"https:\/\/inclusivenews.com.br\/#\/schema\/logo\/image\/"},"sameAs":["https:\/\/www.facebook.com\/agenciainclusive\/","https:\/\/www.instagram.com\/newsinclusive\/"]},{"@type":"Person","@id":"https:\/\/inclusivenews.com.br\/#\/schema\/person\/ae4ec7087559b8692fb33b6fffd2273b","name":"inclusivenews2024","image":{"@type":"ImageObject","inLanguage":"pt-PT","@id":"https:\/\/secure.gravatar.com\/avatar\/c5a7ef84c66fa914f55bc4f7ce26cfa275a3b9a1c5568b907bd184fb4dde7b40?s=96&d=mm&r=g","url":"https:\/\/secure.gravatar.com\/avatar\/c5a7ef84c66fa914f55bc4f7ce26cfa275a3b9a1c5568b907bd184fb4dde7b40?s=96&d=mm&r=g","contentUrl":"https:\/\/secure.gravatar.com\/avatar\/c5a7ef84c66fa914f55bc4f7ce26cfa275a3b9a1c5568b907bd184fb4dde7b40?s=96&d=mm&r=g","caption":"inclusivenews2024"},"sameAs":["https:\/\/inclusivenews.com.br"],"url":"https:\/\/inclusivenews.com.br\/?author=1"}]}},"_links":{"self":[{"href":"https:\/\/inclusivenews.com.br\/index.php?rest_route=\/wp\/v2\/posts\/17364","targetHints":{"allow":["GET"]}}],"collection":[{"href":"https:\/\/inclusivenews.com.br\/index.php?rest_route=\/wp\/v2\/posts"}],"about":[{"href":"https:\/\/inclusivenews.com.br\/index.php?rest_route=\/wp\/v2\/types\/post"}],"author":[{"embeddable":true,"href":"https:\/\/inclusivenews.com.br\/index.php?rest_route=\/wp\/v2\/users\/1"}],"replies":[{"embeddable":true,"href":"https:\/\/inclusivenews.com.br\/index.php?rest_route=%2Fwp%2Fv2%2Fcomments&post=17364"}],"version-history":[{"count":0,"href":"https:\/\/inclusivenews.com.br\/index.php?rest_route=\/wp\/v2\/posts\/17364\/revisions"}],"wp:attachment":[{"href":"https:\/\/inclusivenews.com.br\/index.php?rest_route=%2Fwp%2Fv2%2Fmedia&parent=17364"}],"wp:term":[{"taxonomy":"category","embeddable":true,"href":"https:\/\/inclusivenews.com.br\/index.php?rest_route=%2Fwp%2Fv2%2Fcategories&post=17364"},{"taxonomy":"post_tag","embeddable":true,"href":"https:\/\/inclusivenews.com.br\/index.php?rest_route=%2Fwp%2Fv2%2Ftags&post=17364"}],"curies":[{"name":"wp","href":"https:\/\/api.w.org\/{rel}","templated":true}]}}