{"id":17382,"date":"2010-09-23T06:02:41","date_gmt":"2010-09-23T09:02:41","guid":{"rendered":"http:\/\/www.inclusive.org.br\/?p=17382"},"modified":"2010-09-23T06:02:41","modified_gmt":"2010-09-23T09:02:41","slug":"votacoes-para-o-premio-betinho-vao-ate-3-de-novembro","status":"publish","type":"post","link":"https:\/\/inclusivenews.com.br\/?p=17382","title":{"rendered":"Vota\u00e7\u00f5es para o Pr\u00eamio Betinho v\u00e3o at\u00e9 3 de novembro"},"content":{"rendered":"<figure style=\"width: 139px\" class=\"wp-caption alignleft\"><a class=\"moz-txt-link-freetext\" href=\"http:\/\/www.coepbrasil.org.br\/premiobetinho\/Imagem\/logoPremio.png\"><img loading=\"lazy\" decoding=\"async\" title=\"Logotipo do Pr\u00eamio, onde l\u00ea-se o seu t\u00edtulo e v\u00ea-se uma caricatura do Betinho\" src=\"http:\/\/www.coepbrasil.org.br\/premiobetinho\/Imagem\/logoPremio.png\" alt=\"\" width=\"139\" height=\"248\" \/><\/a><figcaption class=\"wp-caption-text\"> <\/figcaption><\/figure>\n<p>Valorizar as pessoas que no seu dia a dia lutam contra a fome e pela promo\u00e7\u00e3o dos direitos de cidadania. Esse \u00e9 o objetivo do Pr\u00eamio Betinho \u2013 Atitude Cidad\u00e3, organizado pelo Comit\u00ea de Entidades no Combate \u00e0 Fome e pela Vida (Coep) e pela Rede Mobilizadores, e cuja terceira edi\u00e7\u00e3o foi lan\u00e7ada 9 de agosto e vai at\u00e9 3 de novembro.<\/p>\n<p>\u201cEm 1993, o Betinho criou o Coep. Hoje, ap\u00f3s 17 anos, temos muitas hist\u00f3rias de mobiliza\u00e7\u00e3o para contar e \u00e9 com esse esp\u00edrito de colabora\u00e7\u00e3o e de exemplo de atitude cidad\u00e3 que lan\u00e7amos a terceira edi\u00e7\u00e3o do Pr\u00eamio\u201d, comenta Andr\u00e9 Spitz, presidente do Coep Nacional.<\/p>\n<p>Os candidatos ao pr\u00eamios s\u00e3o indicados pelos integrantes da Rede Coep, formada por organiza\u00e7\u00f5es de 27 estados e 29 munic\u00edpios, escolhidos pelas a\u00e7\u00f5es sociais que desenvolvem diretamente ou por meio de organiza\u00e7\u00f5es parceiras. As a\u00e7\u00f5es realizadas pelos candidatos t\u00eam focos variados: assist\u00eancia, gera\u00e7\u00e3o de renda, desenvolvimento sustent\u00e1vel de comunidades e preserva\u00e7\u00e3o do meio ambiente.<\/p>\n<p>Nesta terceira edi\u00e7\u00e3o, h\u00e1 duas novidades: a primeira \u00e9 a se\u00e7\u00e3o \u201cMinha Mobiliza\u00e7\u00e3o\u201d, que vai reconhecer as pessoas que mais se empenharam em divulgar e aumentar a vota\u00e7\u00e3o no pr\u00eamio. Ao votar, a pessoa receber\u00e1 automaticamente em sua caixa postal um e-mail com um link personalizado gerado pelo site. Para atrair novos votos, basta reencaminhar esse link para sua rede de amigos. Depois, poder\u00e1 verificar o impacto da sua mobiliza\u00e7\u00e3o. Ao final da vota\u00e7\u00e3o ser\u00e1 reconhecida a pessoa que se destacou como mobilizadora.<\/p>\n<p>A segunda novidade \u00e9 o lan\u00e7amento do &#8220;Mapa de Atitudes Cidad\u00e3s&#8221;, um banco de informa\u00e7\u00f5es com todas as a\u00e7\u00f5es realizadas pelos candidatos das edi\u00e7\u00f5es anteriores. Novas a\u00e7\u00f5es tamb\u00e9m podem ser cadastradas por pessoas ou organiza\u00e7\u00f5es que queiram destacar iniciativas desenvolvidas em comunidades de baixa renda.<\/p>\n<p>Como nos anos anteriores, a vota\u00e7\u00e3o pode ser feita no <a href=\"http:\/\/www.coepbrasil.org.br\/premiobetinho\">site<\/a> do pr\u00eamio.<br \/>\n____________<\/p>\n<p><strong>Fonte: <\/strong><a href=\"http:\/\/www.ibase.br\/modules.php?name=Conteudo&amp;pid=2923\">IBASE<\/a><\/p>\n","protected":false},"excerpt":{"rendered":"<p>Valorizar as pessoas que no seu dia a dia lutam contra a fome e pela promo\u00e7\u00e3o dos direitos de cidadania. Esse \u00e9 o objetivo do Pr\u00eamio Betinho \u2013 Atitude Cidad\u00e3, organizado pelo Comit\u00ea de Entidades no Combate \u00e0 Fome e pela Vida (Coep) e pela Rede Mobilizadores, e cuja terceira edi\u00e7\u00e3o foi lan\u00e7ada 9 de agosto e vai at\u00e9 3 de novembro.<\/p>\n","protected":false},"author":1,"featured_media":0,"comment_status":"open","ping_status":"open","sticky":false,"template":"","format":"standard","meta":{"site-container-style":"default","site-container-layout":"default","site-sidebar-layout":"default","disable-article-header":"default","disable-site-header":"default","disable-site-footer":"default","disable-content-area-spacing":"default","footnotes":""},"categories":[11,4],"tags":[],"class_list":["post-17382","post","type-post","status-publish","format-standard","hentry","category-direitos-humanos","category-noticias"],"yoast_head":"<!-- This site is optimized with the Yoast SEO plugin v27.4 - https:\/\/yoast.com\/product\/yoast-seo-wordpress\/ -->\n<title>Vota\u00e7\u00f5es para o Pr\u00eamio Betinho v\u00e3o at\u00e9 3 de novembro -<\/title>\n<meta name=\"robots\" content=\"index, follow, max-snippet:-1, max-image-preview:large, max-video-preview:-1\" \/>\n<link rel=\"canonical\" href=\"https:\/\/inclusivenews.com.br\/?p=17382\" \/>\n<meta property=\"og:locale\" content=\"pt_PT\" \/>\n<meta property=\"og:type\" content=\"article\" \/>\n<meta property=\"og:title\" content=\"Vota\u00e7\u00f5es para o Pr\u00eamio Betinho v\u00e3o at\u00e9 3 de novembro -\" \/>\n<meta property=\"og:description\" content=\"Valorizar as pessoas que no seu dia a dia lutam contra a fome e pela promo\u00e7\u00e3o dos direitos de cidadania. Esse \u00e9 o objetivo do Pr\u00eamio Betinho \u2013 Atitude Cidad\u00e3, organizado pelo Comit\u00ea de Entidades no Combate \u00e0 Fome e pela Vida (Coep) e pela Rede Mobilizadores, e cuja terceira edi\u00e7\u00e3o foi lan\u00e7ada 9 de agosto e vai at\u00e9 3 de novembro.\" \/>\n<meta property=\"og:url\" content=\"https:\/\/inclusivenews.com.br\/?p=17382\" \/>\n<meta property=\"article:publisher\" content=\"https:\/\/www.facebook.com\/agenciainclusive\/\" \/>\n<meta property=\"article:published_time\" content=\"2010-09-23T09:02:41+00:00\" \/>\n<meta property=\"og:image\" content=\"http:\/\/www.coepbrasil.org.br\/premiobetinho\/Imagem\/logoPremio.png\" \/>\n<meta name=\"author\" content=\"inclusivenews2024\" \/>\n<meta name=\"twitter:card\" content=\"summary_large_image\" \/>\n<meta name=\"twitter:label1\" content=\"Escrito por\" \/>\n\t<meta name=\"twitter:data1\" content=\"inclusivenews2024\" \/>\n\t<meta name=\"twitter:label2\" content=\"Tempo estimado de leitura\" \/>\n\t<meta name=\"twitter:data2\" content=\"2 minutos\" \/>\n<script type=\"application\/ld+json\" class=\"yoast-schema-graph\">{\"@context\":\"https:\\\/\\\/schema.org\",\"@graph\":[{\"@type\":\"Article\",\"@id\":\"https:\\\/\\\/inclusivenews.com.br\\\/?p=17382#article\",\"isPartOf\":{\"@id\":\"https:\\\/\\\/inclusivenews.com.br\\\/?p=17382\"},\"author\":{\"name\":\"inclusivenews2024\",\"@id\":\"https:\\\/\\\/inclusivenews.com.br\\\/#\\\/schema\\\/person\\\/ae4ec7087559b8692fb33b6fffd2273b\"},\"headline\":\"Vota\u00e7\u00f5es para o Pr\u00eamio Betinho v\u00e3o at\u00e9 3 de novembro\",\"datePublished\":\"2010-09-23T09:02:41+00:00\",\"mainEntityOfPage\":{\"@id\":\"https:\\\/\\\/inclusivenews.com.br\\\/?p=17382\"},\"wordCount\":352,\"commentCount\":0,\"publisher\":{\"@id\":\"https:\\\/\\\/inclusivenews.com.br\\\/#organization\"},\"image\":{\"@id\":\"https:\\\/\\\/inclusivenews.com.br\\\/?p=17382#primaryimage\"},\"thumbnailUrl\":\"http:\\\/\\\/www.coepbrasil.org.br\\\/premiobetinho\\\/Imagem\\\/logoPremio.png\",\"articleSection\":[\"DIREITOS HUMANOS\",\"NOT\u00cdCIAS\"],\"inLanguage\":\"pt-PT\",\"potentialAction\":[{\"@type\":\"CommentAction\",\"name\":\"Comment\",\"target\":[\"https:\\\/\\\/inclusivenews.com.br\\\/?p=17382#respond\"]}]},{\"@type\":\"WebPage\",\"@id\":\"https:\\\/\\\/inclusivenews.com.br\\\/?p=17382\",\"url\":\"https:\\\/\\\/inclusivenews.com.br\\\/?p=17382\",\"name\":\"Vota\u00e7\u00f5es para o Pr\u00eamio Betinho v\u00e3o at\u00e9 3 de novembro -\",\"isPartOf\":{\"@id\":\"https:\\\/\\\/inclusivenews.com.br\\\/#website\"},\"primaryImageOfPage\":{\"@id\":\"https:\\\/\\\/inclusivenews.com.br\\\/?p=17382#primaryimage\"},\"image\":{\"@id\":\"https:\\\/\\\/inclusivenews.com.br\\\/?p=17382#primaryimage\"},\"thumbnailUrl\":\"http:\\\/\\\/www.coepbrasil.org.br\\\/premiobetinho\\\/Imagem\\\/logoPremio.png\",\"datePublished\":\"2010-09-23T09:02:41+00:00\",\"breadcrumb\":{\"@id\":\"https:\\\/\\\/inclusivenews.com.br\\\/?p=17382#breadcrumb\"},\"inLanguage\":\"pt-PT\",\"potentialAction\":[{\"@type\":\"ReadAction\",\"target\":[\"https:\\\/\\\/inclusivenews.com.br\\\/?p=17382\"]}]},{\"@type\":\"ImageObject\",\"inLanguage\":\"pt-PT\",\"@id\":\"https:\\\/\\\/inclusivenews.com.br\\\/?p=17382#primaryimage\",\"url\":\"http:\\\/\\\/www.coepbrasil.org.br\\\/premiobetinho\\\/Imagem\\\/logoPremio.png\",\"contentUrl\":\"http:\\\/\\\/www.coepbrasil.org.br\\\/premiobetinho\\\/Imagem\\\/logoPremio.png\"},{\"@type\":\"BreadcrumbList\",\"@id\":\"https:\\\/\\\/inclusivenews.com.br\\\/?p=17382#breadcrumb\",\"itemListElement\":[{\"@type\":\"ListItem\",\"position\":1,\"name\":\"In\u00edcio\",\"item\":\"https:\\\/\\\/inclusivenews.com.br\\\/\"},{\"@type\":\"ListItem\",\"position\":2,\"name\":\"Vota\u00e7\u00f5es para o Pr\u00eamio Betinho v\u00e3o at\u00e9 3 de novembro\"}]},{\"@type\":\"WebSite\",\"@id\":\"https:\\\/\\\/inclusivenews.com.br\\\/#website\",\"url\":\"https:\\\/\\\/inclusivenews.com.br\\\/\",\"name\":\"Inclusive News\",\"description\":\"Inclusive News\",\"publisher\":{\"@id\":\"https:\\\/\\\/inclusivenews.com.br\\\/#organization\"},\"potentialAction\":[{\"@type\":\"SearchAction\",\"target\":{\"@type\":\"EntryPoint\",\"urlTemplate\":\"https:\\\/\\\/inclusivenews.com.br\\\/?s={search_term_string}\"},\"query-input\":{\"@type\":\"PropertyValueSpecification\",\"valueRequired\":true,\"valueName\":\"search_term_string\"}}],\"inLanguage\":\"pt-PT\"},{\"@type\":\"Organization\",\"@id\":\"https:\\\/\\\/inclusivenews.com.br\\\/#organization\",\"name\":\"Inclusive - inclus\u00e3o e cidadania\",\"url\":\"https:\\\/\\\/inclusivenews.com.br\\\/\",\"logo\":{\"@type\":\"ImageObject\",\"inLanguage\":\"pt-PT\",\"@id\":\"https:\\\/\\\/inclusivenews.com.br\\\/#\\\/schema\\\/logo\\\/image\\\/\",\"url\":\"https:\\\/\\\/inclusivenews.com.br\\\/wp-content\\\/uploads\\\/2024\\\/03\\\/@grandesite.png\",\"contentUrl\":\"https:\\\/\\\/inclusivenews.com.br\\\/wp-content\\\/uploads\\\/2024\\\/03\\\/@grandesite.png\",\"width\":1080,\"height\":1080,\"caption\":\"Inclusive - inclus\u00e3o e cidadania\"},\"image\":{\"@id\":\"https:\\\/\\\/inclusivenews.com.br\\\/#\\\/schema\\\/logo\\\/image\\\/\"},\"sameAs\":[\"https:\\\/\\\/www.facebook.com\\\/agenciainclusive\\\/\",\"https:\\\/\\\/www.instagram.com\\\/newsinclusive\\\/\"]},{\"@type\":\"Person\",\"@id\":\"https:\\\/\\\/inclusivenews.com.br\\\/#\\\/schema\\\/person\\\/ae4ec7087559b8692fb33b6fffd2273b\",\"name\":\"inclusivenews2024\",\"image\":{\"@type\":\"ImageObject\",\"inLanguage\":\"pt-PT\",\"@id\":\"https:\\\/\\\/secure.gravatar.com\\\/avatar\\\/c5a7ef84c66fa914f55bc4f7ce26cfa275a3b9a1c5568b907bd184fb4dde7b40?s=96&d=mm&r=g\",\"url\":\"https:\\\/\\\/secure.gravatar.com\\\/avatar\\\/c5a7ef84c66fa914f55bc4f7ce26cfa275a3b9a1c5568b907bd184fb4dde7b40?s=96&d=mm&r=g\",\"contentUrl\":\"https:\\\/\\\/secure.gravatar.com\\\/avatar\\\/c5a7ef84c66fa914f55bc4f7ce26cfa275a3b9a1c5568b907bd184fb4dde7b40?s=96&d=mm&r=g\",\"caption\":\"inclusivenews2024\"},\"sameAs\":[\"https:\\\/\\\/inclusivenews.com.br\"],\"url\":\"https:\\\/\\\/inclusivenews.com.br\\\/?author=1\"}]}<\/script>\n<!-- \/ Yoast SEO plugin. -->","yoast_head_json":{"title":"Vota\u00e7\u00f5es para o Pr\u00eamio Betinho v\u00e3o at\u00e9 3 de novembro -","robots":{"index":"index","follow":"follow","max-snippet":"max-snippet:-1","max-image-preview":"max-image-preview:large","max-video-preview":"max-video-preview:-1"},"canonical":"https:\/\/inclusivenews.com.br\/?p=17382","og_locale":"pt_PT","og_type":"article","og_title":"Vota\u00e7\u00f5es para o Pr\u00eamio Betinho v\u00e3o at\u00e9 3 de novembro -","og_description":"Valorizar as pessoas que no seu dia a dia lutam contra a fome e pela promo\u00e7\u00e3o dos direitos de cidadania. Esse \u00e9 o objetivo do Pr\u00eamio Betinho \u2013 Atitude Cidad\u00e3, organizado pelo Comit\u00ea de Entidades no Combate \u00e0 Fome e pela Vida (Coep) e pela Rede Mobilizadores, e cuja terceira edi\u00e7\u00e3o foi lan\u00e7ada 9 de agosto e vai at\u00e9 3 de novembro.","og_url":"https:\/\/inclusivenews.com.br\/?p=17382","article_publisher":"https:\/\/www.facebook.com\/agenciainclusive\/","article_published_time":"2010-09-23T09:02:41+00:00","og_image":[{"url":"http:\/\/www.coepbrasil.org.br\/premiobetinho\/Imagem\/logoPremio.png","type":"","width":"","height":""}],"author":"inclusivenews2024","twitter_card":"summary_large_image","twitter_misc":{"Escrito por":"inclusivenews2024","Tempo estimado de leitura":"2 minutos"},"schema":{"@context":"https:\/\/schema.org","@graph":[{"@type":"Article","@id":"https:\/\/inclusivenews.com.br\/?p=17382#article","isPartOf":{"@id":"https:\/\/inclusivenews.com.br\/?p=17382"},"author":{"name":"inclusivenews2024","@id":"https:\/\/inclusivenews.com.br\/#\/schema\/person\/ae4ec7087559b8692fb33b6fffd2273b"},"headline":"Vota\u00e7\u00f5es para o Pr\u00eamio Betinho v\u00e3o at\u00e9 3 de novembro","datePublished":"2010-09-23T09:02:41+00:00","mainEntityOfPage":{"@id":"https:\/\/inclusivenews.com.br\/?p=17382"},"wordCount":352,"commentCount":0,"publisher":{"@id":"https:\/\/inclusivenews.com.br\/#organization"},"image":{"@id":"https:\/\/inclusivenews.com.br\/?p=17382#primaryimage"},"thumbnailUrl":"http:\/\/www.coepbrasil.org.br\/premiobetinho\/Imagem\/logoPremio.png","articleSection":["DIREITOS HUMANOS","NOT\u00cdCIAS"],"inLanguage":"pt-PT","potentialAction":[{"@type":"CommentAction","name":"Comment","target":["https:\/\/inclusivenews.com.br\/?p=17382#respond"]}]},{"@type":"WebPage","@id":"https:\/\/inclusivenews.com.br\/?p=17382","url":"https:\/\/inclusivenews.com.br\/?p=17382","name":"Vota\u00e7\u00f5es para o Pr\u00eamio Betinho v\u00e3o at\u00e9 3 de novembro -","isPartOf":{"@id":"https:\/\/inclusivenews.com.br\/#website"},"primaryImageOfPage":{"@id":"https:\/\/inclusivenews.com.br\/?p=17382#primaryimage"},"image":{"@id":"https:\/\/inclusivenews.com.br\/?p=17382#primaryimage"},"thumbnailUrl":"http:\/\/www.coepbrasil.org.br\/premiobetinho\/Imagem\/logoPremio.png","datePublished":"2010-09-23T09:02:41+00:00","breadcrumb":{"@id":"https:\/\/inclusivenews.com.br\/?p=17382#breadcrumb"},"inLanguage":"pt-PT","potentialAction":[{"@type":"ReadAction","target":["https:\/\/inclusivenews.com.br\/?p=17382"]}]},{"@type":"ImageObject","inLanguage":"pt-PT","@id":"https:\/\/inclusivenews.com.br\/?p=17382#primaryimage","url":"http:\/\/www.coepbrasil.org.br\/premiobetinho\/Imagem\/logoPremio.png","contentUrl":"http:\/\/www.coepbrasil.org.br\/premiobetinho\/Imagem\/logoPremio.png"},{"@type":"BreadcrumbList","@id":"https:\/\/inclusivenews.com.br\/?p=17382#breadcrumb","itemListElement":[{"@type":"ListItem","position":1,"name":"In\u00edcio","item":"https:\/\/inclusivenews.com.br\/"},{"@type":"ListItem","position":2,"name":"Vota\u00e7\u00f5es para o Pr\u00eamio Betinho v\u00e3o at\u00e9 3 de novembro"}]},{"@type":"WebSite","@id":"https:\/\/inclusivenews.com.br\/#website","url":"https:\/\/inclusivenews.com.br\/","name":"Inclusive News","description":"Inclusive News","publisher":{"@id":"https:\/\/inclusivenews.com.br\/#organization"},"potentialAction":[{"@type":"SearchAction","target":{"@type":"EntryPoint","urlTemplate":"https:\/\/inclusivenews.com.br\/?s={search_term_string}"},"query-input":{"@type":"PropertyValueSpecification","valueRequired":true,"valueName":"search_term_string"}}],"inLanguage":"pt-PT"},{"@type":"Organization","@id":"https:\/\/inclusivenews.com.br\/#organization","name":"Inclusive - inclus\u00e3o e cidadania","url":"https:\/\/inclusivenews.com.br\/","logo":{"@type":"ImageObject","inLanguage":"pt-PT","@id":"https:\/\/inclusivenews.com.br\/#\/schema\/logo\/image\/","url":"https:\/\/inclusivenews.com.br\/wp-content\/uploads\/2024\/03\/@grandesite.png","contentUrl":"https:\/\/inclusivenews.com.br\/wp-content\/uploads\/2024\/03\/@grandesite.png","width":1080,"height":1080,"caption":"Inclusive - inclus\u00e3o e cidadania"},"image":{"@id":"https:\/\/inclusivenews.com.br\/#\/schema\/logo\/image\/"},"sameAs":["https:\/\/www.facebook.com\/agenciainclusive\/","https:\/\/www.instagram.com\/newsinclusive\/"]},{"@type":"Person","@id":"https:\/\/inclusivenews.com.br\/#\/schema\/person\/ae4ec7087559b8692fb33b6fffd2273b","name":"inclusivenews2024","image":{"@type":"ImageObject","inLanguage":"pt-PT","@id":"https:\/\/secure.gravatar.com\/avatar\/c5a7ef84c66fa914f55bc4f7ce26cfa275a3b9a1c5568b907bd184fb4dde7b40?s=96&d=mm&r=g","url":"https:\/\/secure.gravatar.com\/avatar\/c5a7ef84c66fa914f55bc4f7ce26cfa275a3b9a1c5568b907bd184fb4dde7b40?s=96&d=mm&r=g","contentUrl":"https:\/\/secure.gravatar.com\/avatar\/c5a7ef84c66fa914f55bc4f7ce26cfa275a3b9a1c5568b907bd184fb4dde7b40?s=96&d=mm&r=g","caption":"inclusivenews2024"},"sameAs":["https:\/\/inclusivenews.com.br"],"url":"https:\/\/inclusivenews.com.br\/?author=1"}]}},"_links":{"self":[{"href":"https:\/\/inclusivenews.com.br\/index.php?rest_route=\/wp\/v2\/posts\/17382","targetHints":{"allow":["GET"]}}],"collection":[{"href":"https:\/\/inclusivenews.com.br\/index.php?rest_route=\/wp\/v2\/posts"}],"about":[{"href":"https:\/\/inclusivenews.com.br\/index.php?rest_route=\/wp\/v2\/types\/post"}],"author":[{"embeddable":true,"href":"https:\/\/inclusivenews.com.br\/index.php?rest_route=\/wp\/v2\/users\/1"}],"replies":[{"embeddable":true,"href":"https:\/\/inclusivenews.com.br\/index.php?rest_route=%2Fwp%2Fv2%2Fcomments&post=17382"}],"version-history":[{"count":0,"href":"https:\/\/inclusivenews.com.br\/index.php?rest_route=\/wp\/v2\/posts\/17382\/revisions"}],"wp:attachment":[{"href":"https:\/\/inclusivenews.com.br\/index.php?rest_route=%2Fwp%2Fv2%2Fmedia&parent=17382"}],"wp:term":[{"taxonomy":"category","embeddable":true,"href":"https:\/\/inclusivenews.com.br\/index.php?rest_route=%2Fwp%2Fv2%2Fcategories&post=17382"},{"taxonomy":"post_tag","embeddable":true,"href":"https:\/\/inclusivenews.com.br\/index.php?rest_route=%2Fwp%2Fv2%2Ftags&post=17382"}],"curies":[{"name":"wp","href":"https:\/\/api.w.org\/{rel}","templated":true}]}}