{"id":17395,"date":"2010-09-23T06:16:18","date_gmt":"2010-09-23T09:16:18","guid":{"rendered":"http:\/\/www.inclusive.org.br\/?p=17395"},"modified":"2010-09-23T06:16:18","modified_gmt":"2010-09-23T09:16:18","slug":"inclusao-diversidade-debate-o-dia-nacional-de-luta-das-pessoas-com-deficiencia","status":"publish","type":"post","link":"https:\/\/inclusivenews.com.br\/?p=17395","title":{"rendered":"Inclus\u00e3o &amp; Diversidade debate o Dia Nacional de Luta das Pessoas com Defici\u00eancia"},"content":{"rendered":"<figure id=\"attachment_17430\" aria-describedby=\"caption-attachment-17430\" style=\"width: 314px\" class=\"wp-caption alignleft\"><a href=\"http:\/\/www.inclusivenews.com.br\/wp-content\/uploads\/2010\/09\/inclusaoidiversidade.jpg\"><img loading=\"lazy\" decoding=\"async\" class=\"size-full wp-image-17430\" title=\"Letra 'i' min\u00fascula de inclus\u00e3o conjugada com 'D' mai\u00fasculo de diversidade, formando um s\u00f3 elemento cinza sublinhado de vermelho. O pingo do &quot;i&quot; tamb\u00e9m \u00e9 vermelho, refor\u00e7ando a id\u00e9ia de inclus\u00e3o.   \u00c0 direita da logo est\u00e3o escritas, uma sobre a outra, as palavras 'inclus\u00e3o', em preto e min\u00fasculo, e 'DIVERSIDADE', em vermelho e mai\u00fasculo. O s\u00edmbolo '&amp;', em cinza, \u00e0 direita, &quot;ENLA\u00c7A&quot; as duas palavras atrav\u00e9s de suas \u00faltimas letras 'o' e 'E', respectivamente, na id\u00e9ia de que os conceitos devem estar sempre ligados.\" src=\"http:\/\/inclusivenews.com.br\/wp-content\/uploads\/2010\/09\/inclusaoidiversidade.jpg\" alt=\"Letra 'i' min\u00fascula de inclus\u00e3o conjugada com 'D' mai\u00fasculo de diversidade, formando um s\u00f3 elemento cinza sublinhado de vermelho. O pingo do &quot;i&quot; tamb\u00e9m \u00e9 vermelho, refor\u00e7ando a id\u00e9ia de inclus\u00e3o. \u00c0 direita da logo est\u00e3o escritas, uma sobre a outra, as palavras 'inclus\u00e3o', em preto e min\u00fasculo, e 'DIVERSIDADE', em vermelho e mai\u00fasculo. O s\u00edmbolo '&amp;', em cinza, \u00e0 direita, &quot;ENLA\u00c7A&quot; as duas palavras atrav\u00e9s de suas \u00faltimas letras 'o' e 'E', respectivamente, na id\u00e9ia de que os conceitos devem estar sempre ligados.\" width=\"314\" height=\"92\" \/><\/a><figcaption id=\"caption-attachment-17430\" class=\"wp-caption-text\"> <\/figcaption><\/figure>\n<p>Alexandre Mapurunga, do\u00a0Inclus\u00e3o &amp; Diversidade, e suas convidadas &#8211; a soci\u00f3loga Marta Gil e a presidente da RIADIS, Regina Atalla, debatem\u00a0o Dia Nacional de Luta das Pessoas com Defici\u00eancia em podcast de \u00e1udio que reproduzimos a seguir. O papo tamb\u00e9m foi traduzido em Libras por Fernando Melo e os v\u00eddeos est\u00e3o logo abaixo do \u00e1udio.<\/p>\n<div>[mp3player width=210 height=20 config=fmp_jw_widget_config.xml<br \/>\nfile=http:\/\/www.mapurunga.net\/arquivos\/papo_inclusivo1.mp3]<\/div>\n<div><a href=\"http:\/\/www.mapurunga.net\/arquivos\/papo_inclusivo1.mp3\" target=\"_blank\" rel=\"noopener\"><br \/>\nClique neste link para fazer download do podcast.<\/a><\/div>\n<p><object classid=\"clsid:d27cdb6e-ae6d-11cf-96b8-444553540000\" width=\"448\" height=\"270\" codebase=\"http:\/\/download.macromedia.com\/pub\/shockwave\/cabs\/flash\/swflash.cab#version=6,0,40,0\"><param name=\"src\" value=\"http:\/\/www.youtube.com\/v\/ywNJoqRfFxM\" \/><embed type=\"application\/x-shockwave-flash\" width=\"448\" height=\"270\" src=\"http:\/\/www.youtube.com\/v\/ywNJoqRfFxM\"><\/embed><\/object><\/p>\n<p><object classid=\"clsid:d27cdb6e-ae6d-11cf-96b8-444553540000\" width=\"448\" height=\"270\" codebase=\"http:\/\/download.macromedia.com\/pub\/shockwave\/cabs\/flash\/swflash.cab#version=6,0,40,0\"><param name=\"src\" value=\"http:\/\/www.youtube.com\/v\/5aRaStKFq0Y\" \/><embed type=\"application\/x-shockwave-flash\" width=\"448\" height=\"270\" src=\"http:\/\/www.youtube.com\/v\/5aRaStKFq0Y\"><\/embed><\/object><\/p>\n<p><object classid=\"clsid:d27cdb6e-ae6d-11cf-96b8-444553540000\" width=\"448\" height=\"270\" codebase=\"http:\/\/download.macromedia.com\/pub\/shockwave\/cabs\/flash\/swflash.cab#version=6,0,40,0\"><param name=\"src\" value=\"http:\/\/www.youtube.com\/v\/c5IFT-kDrP0\" \/><embed type=\"application\/x-shockwave-flash\" width=\"448\" height=\"270\" src=\"http:\/\/www.youtube.com\/v\/c5IFT-kDrP0\"><\/embed><\/object><\/p>\n<p>________________________<\/p>\n<p><strong>Fonte:<\/strong> <a href=\"http:\/\/www.inclusaoediversidade.com\/2010\/09\/papo-inclusivo-1.html\">Inclus\u00e3o &amp; Diversidade<\/a><\/p>\n","protected":false},"excerpt":{"rendered":"<p>Alexandre Mapurunga, do Inclus\u00e3o &#038; Diversidade, e suas convidadas &#8211; a soci\u00f3loga Marta Gil e a presidente da RIADIS, Regina Atalla, debatem o Dia Nacional de Luta das Pessoas com Defici\u00eancia em podcast de \u00e1udio.<\/p>\n","protected":false},"author":1,"featured_media":0,"comment_status":"open","ping_status":"open","sticky":false,"template":"","format":"standard","meta":{"site-container-style":"default","site-container-layout":"default","site-sidebar-layout":"default","disable-article-header":"default","disable-site-header":"default","disable-site-footer":"default","disable-content-area-spacing":"default","footnotes":""},"categories":[21,4],"tags":[],"class_list":["post-17395","post","type-post","status-publish","format-standard","hentry","category-audio","category-noticias"],"yoast_head":"<!-- This site is optimized with the Yoast SEO plugin v27.4 - https:\/\/yoast.com\/product\/yoast-seo-wordpress\/ -->\n<title>Inclus\u00e3o &amp; Diversidade debate o Dia Nacional de Luta das Pessoas com Defici\u00eancia -<\/title>\n<meta name=\"robots\" content=\"index, follow, max-snippet:-1, max-image-preview:large, max-video-preview:-1\" \/>\n<link rel=\"canonical\" href=\"https:\/\/inclusivenews.com.br\/?p=17395\" \/>\n<meta property=\"og:locale\" content=\"pt_PT\" \/>\n<meta property=\"og:type\" content=\"article\" \/>\n<meta property=\"og:title\" content=\"Inclus\u00e3o &amp; Diversidade debate o Dia Nacional de Luta das Pessoas com Defici\u00eancia -\" \/>\n<meta property=\"og:description\" content=\"Alexandre Mapurunga, do Inclus\u00e3o &amp; Diversidade, e suas convidadas - a soci\u00f3loga Marta Gil e a presidente da RIADIS, Regina Atalla, debatem o Dia Nacional de Luta das Pessoas com Defici\u00eancia em podcast de \u00e1udio.\" \/>\n<meta property=\"og:url\" content=\"https:\/\/inclusivenews.com.br\/?p=17395\" \/>\n<meta property=\"article:publisher\" content=\"https:\/\/www.facebook.com\/agenciainclusive\/\" \/>\n<meta property=\"article:published_time\" content=\"2010-09-23T09:16:18+00:00\" \/>\n<meta property=\"og:image\" content=\"http:\/\/inclusivenews.com.br\/wp-content\/uploads\/2010\/09\/inclusaoidiversidade.jpg\" \/>\n<meta name=\"author\" content=\"inclusivenews2024\" \/>\n<meta name=\"twitter:card\" content=\"summary_large_image\" \/>\n<meta name=\"twitter:label1\" content=\"Escrito por\" \/>\n\t<meta name=\"twitter:data1\" content=\"inclusivenews2024\" \/>\n\t<meta name=\"twitter:label2\" content=\"Tempo estimado de leitura\" \/>\n\t<meta name=\"twitter:data2\" content=\"1 minuto\" \/>\n<script type=\"application\/ld+json\" class=\"yoast-schema-graph\">{\"@context\":\"https:\\\/\\\/schema.org\",\"@graph\":[{\"@type\":\"Article\",\"@id\":\"https:\\\/\\\/inclusivenews.com.br\\\/?p=17395#article\",\"isPartOf\":{\"@id\":\"https:\\\/\\\/inclusivenews.com.br\\\/?p=17395\"},\"author\":{\"name\":\"inclusivenews2024\",\"@id\":\"https:\\\/\\\/inclusivenews.com.br\\\/#\\\/schema\\\/person\\\/ae4ec7087559b8692fb33b6fffd2273b\"},\"headline\":\"Inclus\u00e3o &amp; Diversidade debate o Dia Nacional de Luta das Pessoas com Defici\u00eancia\",\"datePublished\":\"2010-09-23T09:16:18+00:00\",\"mainEntityOfPage\":{\"@id\":\"https:\\\/\\\/inclusivenews.com.br\\\/?p=17395\"},\"wordCount\":118,\"commentCount\":0,\"publisher\":{\"@id\":\"https:\\\/\\\/inclusivenews.com.br\\\/#organization\"},\"image\":{\"@id\":\"https:\\\/\\\/inclusivenews.com.br\\\/?p=17395#primaryimage\"},\"thumbnailUrl\":\"http:\\\/\\\/inclusivenews.com.br\\\/wp-content\\\/uploads\\\/2010\\\/09\\\/inclusaoidiversidade.jpg\",\"articleSection\":[\"\u00c1udio\",\"NOT\u00cdCIAS\"],\"inLanguage\":\"pt-PT\",\"potentialAction\":[{\"@type\":\"CommentAction\",\"name\":\"Comment\",\"target\":[\"https:\\\/\\\/inclusivenews.com.br\\\/?p=17395#respond\"]}]},{\"@type\":\"WebPage\",\"@id\":\"https:\\\/\\\/inclusivenews.com.br\\\/?p=17395\",\"url\":\"https:\\\/\\\/inclusivenews.com.br\\\/?p=17395\",\"name\":\"Inclus\u00e3o &amp; Diversidade debate o Dia Nacional de Luta das Pessoas com Defici\u00eancia -\",\"isPartOf\":{\"@id\":\"https:\\\/\\\/inclusivenews.com.br\\\/#website\"},\"primaryImageOfPage\":{\"@id\":\"https:\\\/\\\/inclusivenews.com.br\\\/?p=17395#primaryimage\"},\"image\":{\"@id\":\"https:\\\/\\\/inclusivenews.com.br\\\/?p=17395#primaryimage\"},\"thumbnailUrl\":\"http:\\\/\\\/inclusivenews.com.br\\\/wp-content\\\/uploads\\\/2010\\\/09\\\/inclusaoidiversidade.jpg\",\"datePublished\":\"2010-09-23T09:16:18+00:00\",\"breadcrumb\":{\"@id\":\"https:\\\/\\\/inclusivenews.com.br\\\/?p=17395#breadcrumb\"},\"inLanguage\":\"pt-PT\",\"potentialAction\":[{\"@type\":\"ReadAction\",\"target\":[\"https:\\\/\\\/inclusivenews.com.br\\\/?p=17395\"]}]},{\"@type\":\"ImageObject\",\"inLanguage\":\"pt-PT\",\"@id\":\"https:\\\/\\\/inclusivenews.com.br\\\/?p=17395#primaryimage\",\"url\":\"\",\"contentUrl\":\"\"},{\"@type\":\"BreadcrumbList\",\"@id\":\"https:\\\/\\\/inclusivenews.com.br\\\/?p=17395#breadcrumb\",\"itemListElement\":[{\"@type\":\"ListItem\",\"position\":1,\"name\":\"In\u00edcio\",\"item\":\"https:\\\/\\\/inclusivenews.com.br\\\/\"},{\"@type\":\"ListItem\",\"position\":2,\"name\":\"Inclus\u00e3o &amp; Diversidade debate o Dia Nacional de Luta das Pessoas com Defici\u00eancia\"}]},{\"@type\":\"WebSite\",\"@id\":\"https:\\\/\\\/inclusivenews.com.br\\\/#website\",\"url\":\"https:\\\/\\\/inclusivenews.com.br\\\/\",\"name\":\"Inclusive News\",\"description\":\"Inclusive News\",\"publisher\":{\"@id\":\"https:\\\/\\\/inclusivenews.com.br\\\/#organization\"},\"potentialAction\":[{\"@type\":\"SearchAction\",\"target\":{\"@type\":\"EntryPoint\",\"urlTemplate\":\"https:\\\/\\\/inclusivenews.com.br\\\/?s={search_term_string}\"},\"query-input\":{\"@type\":\"PropertyValueSpecification\",\"valueRequired\":true,\"valueName\":\"search_term_string\"}}],\"inLanguage\":\"pt-PT\"},{\"@type\":\"Organization\",\"@id\":\"https:\\\/\\\/inclusivenews.com.br\\\/#organization\",\"name\":\"Inclusive - inclus\u00e3o e cidadania\",\"url\":\"https:\\\/\\\/inclusivenews.com.br\\\/\",\"logo\":{\"@type\":\"ImageObject\",\"inLanguage\":\"pt-PT\",\"@id\":\"https:\\\/\\\/inclusivenews.com.br\\\/#\\\/schema\\\/logo\\\/image\\\/\",\"url\":\"https:\\\/\\\/inclusivenews.com.br\\\/wp-content\\\/uploads\\\/2024\\\/03\\\/@grandesite.png\",\"contentUrl\":\"https:\\\/\\\/inclusivenews.com.br\\\/wp-content\\\/uploads\\\/2024\\\/03\\\/@grandesite.png\",\"width\":1080,\"height\":1080,\"caption\":\"Inclusive - inclus\u00e3o e cidadania\"},\"image\":{\"@id\":\"https:\\\/\\\/inclusivenews.com.br\\\/#\\\/schema\\\/logo\\\/image\\\/\"},\"sameAs\":[\"https:\\\/\\\/www.facebook.com\\\/agenciainclusive\\\/\",\"https:\\\/\\\/www.instagram.com\\\/newsinclusive\\\/\"]},{\"@type\":\"Person\",\"@id\":\"https:\\\/\\\/inclusivenews.com.br\\\/#\\\/schema\\\/person\\\/ae4ec7087559b8692fb33b6fffd2273b\",\"name\":\"inclusivenews2024\",\"image\":{\"@type\":\"ImageObject\",\"inLanguage\":\"pt-PT\",\"@id\":\"https:\\\/\\\/secure.gravatar.com\\\/avatar\\\/c5a7ef84c66fa914f55bc4f7ce26cfa275a3b9a1c5568b907bd184fb4dde7b40?s=96&d=mm&r=g\",\"url\":\"https:\\\/\\\/secure.gravatar.com\\\/avatar\\\/c5a7ef84c66fa914f55bc4f7ce26cfa275a3b9a1c5568b907bd184fb4dde7b40?s=96&d=mm&r=g\",\"contentUrl\":\"https:\\\/\\\/secure.gravatar.com\\\/avatar\\\/c5a7ef84c66fa914f55bc4f7ce26cfa275a3b9a1c5568b907bd184fb4dde7b40?s=96&d=mm&r=g\",\"caption\":\"inclusivenews2024\"},\"sameAs\":[\"https:\\\/\\\/inclusivenews.com.br\"],\"url\":\"https:\\\/\\\/inclusivenews.com.br\\\/?author=1\"}]}<\/script>\n<!-- \/ Yoast SEO plugin. -->","yoast_head_json":{"title":"Inclus\u00e3o &amp; Diversidade debate o Dia Nacional de Luta das Pessoas com Defici\u00eancia -","robots":{"index":"index","follow":"follow","max-snippet":"max-snippet:-1","max-image-preview":"max-image-preview:large","max-video-preview":"max-video-preview:-1"},"canonical":"https:\/\/inclusivenews.com.br\/?p=17395","og_locale":"pt_PT","og_type":"article","og_title":"Inclus\u00e3o &amp; Diversidade debate o Dia Nacional de Luta das Pessoas com Defici\u00eancia -","og_description":"Alexandre Mapurunga, do Inclus\u00e3o & Diversidade, e suas convidadas - a soci\u00f3loga Marta Gil e a presidente da RIADIS, Regina Atalla, debatem o Dia Nacional de Luta das Pessoas com Defici\u00eancia em podcast de \u00e1udio.","og_url":"https:\/\/inclusivenews.com.br\/?p=17395","article_publisher":"https:\/\/www.facebook.com\/agenciainclusive\/","article_published_time":"2010-09-23T09:16:18+00:00","og_image":[{"url":"http:\/\/inclusivenews.com.br\/wp-content\/uploads\/2010\/09\/inclusaoidiversidade.jpg","type":"","width":"","height":""}],"author":"inclusivenews2024","twitter_card":"summary_large_image","twitter_misc":{"Escrito por":"inclusivenews2024","Tempo estimado de leitura":"1 minuto"},"schema":{"@context":"https:\/\/schema.org","@graph":[{"@type":"Article","@id":"https:\/\/inclusivenews.com.br\/?p=17395#article","isPartOf":{"@id":"https:\/\/inclusivenews.com.br\/?p=17395"},"author":{"name":"inclusivenews2024","@id":"https:\/\/inclusivenews.com.br\/#\/schema\/person\/ae4ec7087559b8692fb33b6fffd2273b"},"headline":"Inclus\u00e3o &amp; Diversidade debate o Dia Nacional de Luta das Pessoas com Defici\u00eancia","datePublished":"2010-09-23T09:16:18+00:00","mainEntityOfPage":{"@id":"https:\/\/inclusivenews.com.br\/?p=17395"},"wordCount":118,"commentCount":0,"publisher":{"@id":"https:\/\/inclusivenews.com.br\/#organization"},"image":{"@id":"https:\/\/inclusivenews.com.br\/?p=17395#primaryimage"},"thumbnailUrl":"http:\/\/inclusivenews.com.br\/wp-content\/uploads\/2010\/09\/inclusaoidiversidade.jpg","articleSection":["\u00c1udio","NOT\u00cdCIAS"],"inLanguage":"pt-PT","potentialAction":[{"@type":"CommentAction","name":"Comment","target":["https:\/\/inclusivenews.com.br\/?p=17395#respond"]}]},{"@type":"WebPage","@id":"https:\/\/inclusivenews.com.br\/?p=17395","url":"https:\/\/inclusivenews.com.br\/?p=17395","name":"Inclus\u00e3o &amp; Diversidade debate o Dia Nacional de Luta das Pessoas com Defici\u00eancia -","isPartOf":{"@id":"https:\/\/inclusivenews.com.br\/#website"},"primaryImageOfPage":{"@id":"https:\/\/inclusivenews.com.br\/?p=17395#primaryimage"},"image":{"@id":"https:\/\/inclusivenews.com.br\/?p=17395#primaryimage"},"thumbnailUrl":"http:\/\/inclusivenews.com.br\/wp-content\/uploads\/2010\/09\/inclusaoidiversidade.jpg","datePublished":"2010-09-23T09:16:18+00:00","breadcrumb":{"@id":"https:\/\/inclusivenews.com.br\/?p=17395#breadcrumb"},"inLanguage":"pt-PT","potentialAction":[{"@type":"ReadAction","target":["https:\/\/inclusivenews.com.br\/?p=17395"]}]},{"@type":"ImageObject","inLanguage":"pt-PT","@id":"https:\/\/inclusivenews.com.br\/?p=17395#primaryimage","url":"","contentUrl":""},{"@type":"BreadcrumbList","@id":"https:\/\/inclusivenews.com.br\/?p=17395#breadcrumb","itemListElement":[{"@type":"ListItem","position":1,"name":"In\u00edcio","item":"https:\/\/inclusivenews.com.br\/"},{"@type":"ListItem","position":2,"name":"Inclus\u00e3o &amp; Diversidade debate o Dia Nacional de Luta das Pessoas com Defici\u00eancia"}]},{"@type":"WebSite","@id":"https:\/\/inclusivenews.com.br\/#website","url":"https:\/\/inclusivenews.com.br\/","name":"Inclusive News","description":"Inclusive News","publisher":{"@id":"https:\/\/inclusivenews.com.br\/#organization"},"potentialAction":[{"@type":"SearchAction","target":{"@type":"EntryPoint","urlTemplate":"https:\/\/inclusivenews.com.br\/?s={search_term_string}"},"query-input":{"@type":"PropertyValueSpecification","valueRequired":true,"valueName":"search_term_string"}}],"inLanguage":"pt-PT"},{"@type":"Organization","@id":"https:\/\/inclusivenews.com.br\/#organization","name":"Inclusive - inclus\u00e3o e cidadania","url":"https:\/\/inclusivenews.com.br\/","logo":{"@type":"ImageObject","inLanguage":"pt-PT","@id":"https:\/\/inclusivenews.com.br\/#\/schema\/logo\/image\/","url":"https:\/\/inclusivenews.com.br\/wp-content\/uploads\/2024\/03\/@grandesite.png","contentUrl":"https:\/\/inclusivenews.com.br\/wp-content\/uploads\/2024\/03\/@grandesite.png","width":1080,"height":1080,"caption":"Inclusive - inclus\u00e3o e cidadania"},"image":{"@id":"https:\/\/inclusivenews.com.br\/#\/schema\/logo\/image\/"},"sameAs":["https:\/\/www.facebook.com\/agenciainclusive\/","https:\/\/www.instagram.com\/newsinclusive\/"]},{"@type":"Person","@id":"https:\/\/inclusivenews.com.br\/#\/schema\/person\/ae4ec7087559b8692fb33b6fffd2273b","name":"inclusivenews2024","image":{"@type":"ImageObject","inLanguage":"pt-PT","@id":"https:\/\/secure.gravatar.com\/avatar\/c5a7ef84c66fa914f55bc4f7ce26cfa275a3b9a1c5568b907bd184fb4dde7b40?s=96&d=mm&r=g","url":"https:\/\/secure.gravatar.com\/avatar\/c5a7ef84c66fa914f55bc4f7ce26cfa275a3b9a1c5568b907bd184fb4dde7b40?s=96&d=mm&r=g","contentUrl":"https:\/\/secure.gravatar.com\/avatar\/c5a7ef84c66fa914f55bc4f7ce26cfa275a3b9a1c5568b907bd184fb4dde7b40?s=96&d=mm&r=g","caption":"inclusivenews2024"},"sameAs":["https:\/\/inclusivenews.com.br"],"url":"https:\/\/inclusivenews.com.br\/?author=1"}]}},"_links":{"self":[{"href":"https:\/\/inclusivenews.com.br\/index.php?rest_route=\/wp\/v2\/posts\/17395","targetHints":{"allow":["GET"]}}],"collection":[{"href":"https:\/\/inclusivenews.com.br\/index.php?rest_route=\/wp\/v2\/posts"}],"about":[{"href":"https:\/\/inclusivenews.com.br\/index.php?rest_route=\/wp\/v2\/types\/post"}],"author":[{"embeddable":true,"href":"https:\/\/inclusivenews.com.br\/index.php?rest_route=\/wp\/v2\/users\/1"}],"replies":[{"embeddable":true,"href":"https:\/\/inclusivenews.com.br\/index.php?rest_route=%2Fwp%2Fv2%2Fcomments&post=17395"}],"version-history":[{"count":0,"href":"https:\/\/inclusivenews.com.br\/index.php?rest_route=\/wp\/v2\/posts\/17395\/revisions"}],"wp:attachment":[{"href":"https:\/\/inclusivenews.com.br\/index.php?rest_route=%2Fwp%2Fv2%2Fmedia&parent=17395"}],"wp:term":[{"taxonomy":"category","embeddable":true,"href":"https:\/\/inclusivenews.com.br\/index.php?rest_route=%2Fwp%2Fv2%2Fcategories&post=17395"},{"taxonomy":"post_tag","embeddable":true,"href":"https:\/\/inclusivenews.com.br\/index.php?rest_route=%2Fwp%2Fv2%2Ftags&post=17395"}],"curies":[{"name":"wp","href":"https:\/\/api.w.org\/{rel}","templated":true}]}}