{"id":17400,"date":"2010-09-23T06:05:25","date_gmt":"2010-09-23T09:05:25","guid":{"rendered":"http:\/\/www.inclusive.org.br\/?p=17400"},"modified":"2010-09-23T06:05:25","modified_gmt":"2010-09-23T09:05:25","slug":"decisoes-politicas-nao-tem-interferido-na-diminuicao-de-famintos-no-mundo","status":"publish","type":"post","link":"https:\/\/inclusivenews.com.br\/?p=17400","title":{"rendered":"Decis\u00f5es pol\u00edticas n\u00e3o t\u00eam interferido na diminui\u00e7\u00e3o de famintos no mundo"},"content":{"rendered":"<p><span class=\"noticia_texto\"><\/p>\n<div id=\"mudaFonte\"><strong><a href=\"http:\/\/www.inclusivenews.com.br\/wp-content\/uploads\/2010\/05\/prato_vazio.jpg\"><img loading=\"lazy\" decoding=\"async\" class=\"alignleft size-full wp-image-15447\" title=\"Efeito negativo em um prato vazio.\" src=\"http:\/\/inclusivenews.com.br\/wp-content\/uploads\/2010\/05\/prato_vazio.jpg\" alt=\"\" width=\"180\" height=\"160\" \/><\/a><\/strong><\/div>\n<p><strong>Por Natasha Pitts<\/strong><br \/>\nJornalista da Adital<\/p>\n<div>Reduzir pela metade a quantidade de pessoas famintas no mundo at\u00e9 o ano de 2015 ainda \u00e9 poss\u00edvel. A afirma\u00e7\u00e3o consta em relat\u00f3rio produzido e publicado pela entidade brit\u00e2nica Oxfam, no \u00faltimo dia 14. Nos dois \u00faltimos anos a quantidade de pessoas famintas caiu, no entanto, isto n\u00e3o se deu por consequ\u00eancia de decis\u00f5es pol\u00edticas. Caso haja vontade dos chefes de Estado de todo o mundo, ainda ser\u00e1 poss\u00edvel concretizar o principal Objetivo de Desenvolvimento do Mil\u00eanio (ODM).<\/div>\n<div id=\"mudaFonte\">\n<p>De acordo com dados da Organiza\u00e7\u00e3o das Na\u00e7\u00f5es Unidas para a Agricultura e a Alimenta\u00e7\u00e3o (FAO), a quantidade de pessoas que n\u00e3o t\u00eam condi\u00e7\u00f5es de se alimentar adequadamente caiu 98 milh\u00f5es no \u00faltimo ano, mas apesar desta redu\u00e7\u00e3o 925 milh\u00f5es de pessoas espalhadas por todo o globo ainda passam fome.<\/p>\n<p>O documento \u2018Reduzir a fome \u00e0 metade: ainda \u00e9 poss\u00edvel?\u2019, de autoria da Oxfam, concorda com dados da FAO e vai mais fundo ao acrescentar que a quantidade de famintos caiu pela primeira vez nos \u00faltimos quinze anos. A redu\u00e7\u00e3o foi festejada, pois 2009 marcou o ano de maior crescimento negativo da hist\u00f3ria com 1,020 milh\u00f5es de pessoas assoladas pela fome. Infelizmente, esta queda n\u00e3o foi impulsionada por decis\u00f5es pol\u00edticas de chefes mundiais. O relat\u00f3rio da Oxfam esclarece que foram as boas colheitas dos dois \u00faltimos anos que puxaram esta redu\u00e7\u00e3o.<\/p>\n<p>Apesar dos bons resultados, n\u00e3o \u00e9 poss\u00edvel contar apenas com a sorte de boas colheitas para alimentar milhares de famintos espalhados por todos os continentes. A Oxfam chama aten\u00e7\u00e3o para a necessidade de iniciativa urgente. Caso contr\u00e1rio, a popula\u00e7\u00e3o mundial assistir\u00e1, em breve, a um dos maiores fracassos coletivos da hist\u00f3ria: o n\u00e3o cumprimento do principal Objetivo de Desenvolvimento do Mil\u00eanio.<\/p>\n<p>&#8220;Ainda \u00e9 poss\u00edvel reduzir a fome \u00e0 metade, mas apenas se os pa\u00edses em desenvolvimento assumirem a lideran\u00e7a com pol\u00edticas e investimentos adequados, se os pa\u00edses doadores incrementarem drasticamente sua ajuda \u00e0 agricultura, \u00e0 seguran\u00e7a alimentar e \u00e0 prote\u00e7\u00e3o social atrav\u00e9s de planos nacionais e regionais e se abordarem de forma coletiva os assuntos globais que afetam \u00e0 seguran\u00e7a alimentar&#8221;, chama aten\u00e7\u00e3o o relat\u00f3rio da Oxfam.<\/p>\n<p>Com base em estimativas da FAO, a Oxfam calcula que para reduzir pela metade o n\u00famero de famintos seria necess\u00e1rio um incremento de 75 bilh\u00f5es de d\u00f3lares.<\/p>\n<p>N\u00e3o apenas a quantidade de ajuda est\u00e1 sendo insuficiente para a grandiosidade do problema, mas tamb\u00e9m a qualidade e a efic\u00e1cia precisam melhorar, diz o relat\u00f3rio. Caso isto n\u00e3o seja visto, o mundo corre o risco de sofrer com outra crise alimentar, o que poder\u00e1 ocorrer, principalmente, porque as causas principais da fome seguem sendo estimuladas. Os biocombust\u00edveis, a especula\u00e7\u00e3o com as mat\u00e9rias primas, a demanda crescente de carne e energia nos pa\u00edses emergentes, o estancamento da produtividade agr\u00edcola e os conflitos s\u00e3o as principais fontes geradoras de fome.<\/p>\n<p>Na pr\u00f3xima segunda-feira (20), os l\u00edderes mundiais estar\u00e3o reunidos em Nova York, nos Estados Unidos, para participar da C\u00fapula das Na\u00e7\u00f5es Unidas sobre os ODM e analisar cifras como a \u00ednfima redu\u00e7\u00e3o da fome mundial, que, em 10 anos, tempo de exist\u00eancia dos ODM, passou de 14% (em 2000) para 13,5% (em 2010). Assim como para compreender os fen\u00f4menos ocorridos em pa\u00edses que conseguiram alcan\u00e7ar ou est\u00e3o pr\u00f3ximos de cumprir com o 1\u00ba ODM. O Vietn\u00e3 \u00e9 um deles.<\/p>\n<p>Em comunicado, a Oxfam aproveita a oportunidade do encontro internacional para fazer um apelo \u00e0s na\u00e7\u00f5es &#8220;para que ap\u00f3iem um plano de a\u00e7\u00e3o global contra a fome como parte de um pacote mais amplo de resgate dos ODM&#8221;.<\/p>\n<p>&#8220;O plano de a\u00e7\u00e3o deveria apoiar o desenvolvimento de planos nacionais para reduzir a fome; tamb\u00e9m deveria assegurar que estes planos contem com fundos suficientes provenientes de um aumento da ajuda oficial ao desenvolvimento e dos investimentos nacionais; e por \u00faltimo o plano deveria desenvolver as pol\u00edticas globais necess\u00e1rias para afrontar as amea\u00e7as mundiais \u00e0 seguran\u00e7a alimentar&#8221;, pontua o relat\u00f3rio da Oxfam, indicando o caminho.<span class=\"noticia_autor\"><br \/>\n___________<\/span><\/p>\n<p><strong>Fonte:<\/strong> <a href=\"http:\/\/www.adital.com.br\/site\/noticia.asp?lang=PT&amp;cat=78&amp;cod=50992\">Adital<\/a><\/p>\n<p><span class=\"noticia_autor\"><\/p>\n<p><\/span><\/p>\n<\/div>\n<p><\/span><\/p>\n","protected":false},"excerpt":{"rendered":"<p>Apesar dos bons resultados, n\u00e3o \u00e9 poss\u00edvel contar apenas com a sorte de boas colheitas para alimentar milhares de famintos espalhados por todos os continentes. A Oxfam chama aten\u00e7\u00e3o para a necessidade de iniciativa urgente. Caso contr\u00e1rio, a popula\u00e7\u00e3o mundial assistir\u00e1, em breve, a um dos maiores fracassos coletivos da hist\u00f3ria: o n\u00e3o cumprimento do principal Objetivo de Desenvolvimento do Mil\u00eanio. Informa\u00e7\u00e3o \u00e9 da Adital.<\/p>\n","protected":false},"author":1,"featured_media":0,"comment_status":"open","ping_status":"open","sticky":false,"template":"","format":"standard","meta":{"site-container-style":"default","site-container-layout":"default","site-sidebar-layout":"default","disable-article-header":"default","disable-site-header":"default","disable-site-footer":"default","disable-content-area-spacing":"default","footnotes":""},"categories":[11,4],"tags":[],"class_list":["post-17400","post","type-post","status-publish","format-standard","hentry","category-direitos-humanos","category-noticias"],"yoast_head":"<!-- This site is optimized with the Yoast SEO plugin v27.4 - https:\/\/yoast.com\/product\/yoast-seo-wordpress\/ -->\n<title>Decis\u00f5es pol\u00edticas n\u00e3o t\u00eam interferido na diminui\u00e7\u00e3o de famintos no mundo -<\/title>\n<meta name=\"robots\" content=\"index, follow, max-snippet:-1, max-image-preview:large, max-video-preview:-1\" \/>\n<link rel=\"canonical\" href=\"https:\/\/inclusivenews.com.br\/?p=17400\" \/>\n<meta property=\"og:locale\" content=\"pt_PT\" \/>\n<meta property=\"og:type\" content=\"article\" \/>\n<meta property=\"og:title\" content=\"Decis\u00f5es pol\u00edticas n\u00e3o t\u00eam interferido na diminui\u00e7\u00e3o de famintos no mundo -\" \/>\n<meta property=\"og:description\" content=\"Apesar dos bons resultados, n\u00e3o \u00e9 poss\u00edvel contar apenas com a sorte de boas colheitas para alimentar milhares de famintos espalhados por todos os continentes. A Oxfam chama aten\u00e7\u00e3o para a necessidade de iniciativa urgente. Caso contr\u00e1rio, a popula\u00e7\u00e3o mundial assistir\u00e1, em breve, a um dos maiores fracassos coletivos da hist\u00f3ria: o n\u00e3o cumprimento do principal Objetivo de Desenvolvimento do Mil\u00eanio. Informa\u00e7\u00e3o \u00e9 da Adital.\" \/>\n<meta property=\"og:url\" content=\"https:\/\/inclusivenews.com.br\/?p=17400\" \/>\n<meta property=\"article:publisher\" content=\"https:\/\/www.facebook.com\/agenciainclusive\/\" \/>\n<meta property=\"article:published_time\" content=\"2010-09-23T09:05:25+00:00\" \/>\n<meta property=\"og:image\" content=\"http:\/\/inclusivenews.com.br\/wp-content\/uploads\/2010\/05\/prato_vazio.jpg\" \/>\n<meta name=\"author\" content=\"inclusivenews2024\" \/>\n<meta name=\"twitter:card\" content=\"summary_large_image\" \/>\n<meta name=\"twitter:label1\" content=\"Escrito por\" \/>\n\t<meta name=\"twitter:data1\" content=\"inclusivenews2024\" \/>\n\t<meta name=\"twitter:label2\" content=\"Tempo estimado de leitura\" \/>\n\t<meta name=\"twitter:data2\" content=\"4 minutos\" \/>\n<script type=\"application\/ld+json\" class=\"yoast-schema-graph\">{\"@context\":\"https:\\\/\\\/schema.org\",\"@graph\":[{\"@type\":\"Article\",\"@id\":\"https:\\\/\\\/inclusivenews.com.br\\\/?p=17400#article\",\"isPartOf\":{\"@id\":\"https:\\\/\\\/inclusivenews.com.br\\\/?p=17400\"},\"author\":{\"name\":\"inclusivenews2024\",\"@id\":\"https:\\\/\\\/inclusivenews.com.br\\\/#\\\/schema\\\/person\\\/ae4ec7087559b8692fb33b6fffd2273b\"},\"headline\":\"Decis\u00f5es pol\u00edticas n\u00e3o t\u00eam interferido na diminui\u00e7\u00e3o de famintos no mundo\",\"datePublished\":\"2010-09-23T09:05:25+00:00\",\"mainEntityOfPage\":{\"@id\":\"https:\\\/\\\/inclusivenews.com.br\\\/?p=17400\"},\"wordCount\":726,\"commentCount\":0,\"publisher\":{\"@id\":\"https:\\\/\\\/inclusivenews.com.br\\\/#organization\"},\"image\":{\"@id\":\"https:\\\/\\\/inclusivenews.com.br\\\/?p=17400#primaryimage\"},\"thumbnailUrl\":\"http:\\\/\\\/inclusivenews.com.br\\\/wp-content\\\/uploads\\\/2010\\\/05\\\/prato_vazio.jpg\",\"articleSection\":[\"DIREITOS HUMANOS\",\"NOT\u00cdCIAS\"],\"inLanguage\":\"pt-PT\",\"potentialAction\":[{\"@type\":\"CommentAction\",\"name\":\"Comment\",\"target\":[\"https:\\\/\\\/inclusivenews.com.br\\\/?p=17400#respond\"]}]},{\"@type\":\"WebPage\",\"@id\":\"https:\\\/\\\/inclusivenews.com.br\\\/?p=17400\",\"url\":\"https:\\\/\\\/inclusivenews.com.br\\\/?p=17400\",\"name\":\"Decis\u00f5es pol\u00edticas n\u00e3o t\u00eam interferido na diminui\u00e7\u00e3o de famintos no mundo -\",\"isPartOf\":{\"@id\":\"https:\\\/\\\/inclusivenews.com.br\\\/#website\"},\"primaryImageOfPage\":{\"@id\":\"https:\\\/\\\/inclusivenews.com.br\\\/?p=17400#primaryimage\"},\"image\":{\"@id\":\"https:\\\/\\\/inclusivenews.com.br\\\/?p=17400#primaryimage\"},\"thumbnailUrl\":\"http:\\\/\\\/inclusivenews.com.br\\\/wp-content\\\/uploads\\\/2010\\\/05\\\/prato_vazio.jpg\",\"datePublished\":\"2010-09-23T09:05:25+00:00\",\"breadcrumb\":{\"@id\":\"https:\\\/\\\/inclusivenews.com.br\\\/?p=17400#breadcrumb\"},\"inLanguage\":\"pt-PT\",\"potentialAction\":[{\"@type\":\"ReadAction\",\"target\":[\"https:\\\/\\\/inclusivenews.com.br\\\/?p=17400\"]}]},{\"@type\":\"ImageObject\",\"inLanguage\":\"pt-PT\",\"@id\":\"https:\\\/\\\/inclusivenews.com.br\\\/?p=17400#primaryimage\",\"url\":\"\",\"contentUrl\":\"\"},{\"@type\":\"BreadcrumbList\",\"@id\":\"https:\\\/\\\/inclusivenews.com.br\\\/?p=17400#breadcrumb\",\"itemListElement\":[{\"@type\":\"ListItem\",\"position\":1,\"name\":\"In\u00edcio\",\"item\":\"https:\\\/\\\/inclusivenews.com.br\\\/\"},{\"@type\":\"ListItem\",\"position\":2,\"name\":\"Decis\u00f5es pol\u00edticas n\u00e3o t\u00eam interferido na diminui\u00e7\u00e3o de famintos no mundo\"}]},{\"@type\":\"WebSite\",\"@id\":\"https:\\\/\\\/inclusivenews.com.br\\\/#website\",\"url\":\"https:\\\/\\\/inclusivenews.com.br\\\/\",\"name\":\"Inclusive News\",\"description\":\"Inclusive News\",\"publisher\":{\"@id\":\"https:\\\/\\\/inclusivenews.com.br\\\/#organization\"},\"potentialAction\":[{\"@type\":\"SearchAction\",\"target\":{\"@type\":\"EntryPoint\",\"urlTemplate\":\"https:\\\/\\\/inclusivenews.com.br\\\/?s={search_term_string}\"},\"query-input\":{\"@type\":\"PropertyValueSpecification\",\"valueRequired\":true,\"valueName\":\"search_term_string\"}}],\"inLanguage\":\"pt-PT\"},{\"@type\":\"Organization\",\"@id\":\"https:\\\/\\\/inclusivenews.com.br\\\/#organization\",\"name\":\"Inclusive - inclus\u00e3o e cidadania\",\"url\":\"https:\\\/\\\/inclusivenews.com.br\\\/\",\"logo\":{\"@type\":\"ImageObject\",\"inLanguage\":\"pt-PT\",\"@id\":\"https:\\\/\\\/inclusivenews.com.br\\\/#\\\/schema\\\/logo\\\/image\\\/\",\"url\":\"https:\\\/\\\/inclusivenews.com.br\\\/wp-content\\\/uploads\\\/2024\\\/03\\\/@grandesite.png\",\"contentUrl\":\"https:\\\/\\\/inclusivenews.com.br\\\/wp-content\\\/uploads\\\/2024\\\/03\\\/@grandesite.png\",\"width\":1080,\"height\":1080,\"caption\":\"Inclusive - inclus\u00e3o e cidadania\"},\"image\":{\"@id\":\"https:\\\/\\\/inclusivenews.com.br\\\/#\\\/schema\\\/logo\\\/image\\\/\"},\"sameAs\":[\"https:\\\/\\\/www.facebook.com\\\/agenciainclusive\\\/\",\"https:\\\/\\\/www.instagram.com\\\/newsinclusive\\\/\"]},{\"@type\":\"Person\",\"@id\":\"https:\\\/\\\/inclusivenews.com.br\\\/#\\\/schema\\\/person\\\/ae4ec7087559b8692fb33b6fffd2273b\",\"name\":\"inclusivenews2024\",\"image\":{\"@type\":\"ImageObject\",\"inLanguage\":\"pt-PT\",\"@id\":\"https:\\\/\\\/secure.gravatar.com\\\/avatar\\\/c5a7ef84c66fa914f55bc4f7ce26cfa275a3b9a1c5568b907bd184fb4dde7b40?s=96&d=mm&r=g\",\"url\":\"https:\\\/\\\/secure.gravatar.com\\\/avatar\\\/c5a7ef84c66fa914f55bc4f7ce26cfa275a3b9a1c5568b907bd184fb4dde7b40?s=96&d=mm&r=g\",\"contentUrl\":\"https:\\\/\\\/secure.gravatar.com\\\/avatar\\\/c5a7ef84c66fa914f55bc4f7ce26cfa275a3b9a1c5568b907bd184fb4dde7b40?s=96&d=mm&r=g\",\"caption\":\"inclusivenews2024\"},\"sameAs\":[\"https:\\\/\\\/inclusivenews.com.br\"],\"url\":\"https:\\\/\\\/inclusivenews.com.br\\\/?author=1\"}]}<\/script>\n<!-- \/ Yoast SEO plugin. -->","yoast_head_json":{"title":"Decis\u00f5es pol\u00edticas n\u00e3o t\u00eam interferido na diminui\u00e7\u00e3o de famintos no mundo -","robots":{"index":"index","follow":"follow","max-snippet":"max-snippet:-1","max-image-preview":"max-image-preview:large","max-video-preview":"max-video-preview:-1"},"canonical":"https:\/\/inclusivenews.com.br\/?p=17400","og_locale":"pt_PT","og_type":"article","og_title":"Decis\u00f5es pol\u00edticas n\u00e3o t\u00eam interferido na diminui\u00e7\u00e3o de famintos no mundo -","og_description":"Apesar dos bons resultados, n\u00e3o \u00e9 poss\u00edvel contar apenas com a sorte de boas colheitas para alimentar milhares de famintos espalhados por todos os continentes. A Oxfam chama aten\u00e7\u00e3o para a necessidade de iniciativa urgente. Caso contr\u00e1rio, a popula\u00e7\u00e3o mundial assistir\u00e1, em breve, a um dos maiores fracassos coletivos da hist\u00f3ria: o n\u00e3o cumprimento do principal Objetivo de Desenvolvimento do Mil\u00eanio. Informa\u00e7\u00e3o \u00e9 da Adital.","og_url":"https:\/\/inclusivenews.com.br\/?p=17400","article_publisher":"https:\/\/www.facebook.com\/agenciainclusive\/","article_published_time":"2010-09-23T09:05:25+00:00","og_image":[{"url":"http:\/\/inclusivenews.com.br\/wp-content\/uploads\/2010\/05\/prato_vazio.jpg","type":"","width":"","height":""}],"author":"inclusivenews2024","twitter_card":"summary_large_image","twitter_misc":{"Escrito por":"inclusivenews2024","Tempo estimado de leitura":"4 minutos"},"schema":{"@context":"https:\/\/schema.org","@graph":[{"@type":"Article","@id":"https:\/\/inclusivenews.com.br\/?p=17400#article","isPartOf":{"@id":"https:\/\/inclusivenews.com.br\/?p=17400"},"author":{"name":"inclusivenews2024","@id":"https:\/\/inclusivenews.com.br\/#\/schema\/person\/ae4ec7087559b8692fb33b6fffd2273b"},"headline":"Decis\u00f5es pol\u00edticas n\u00e3o t\u00eam interferido na diminui\u00e7\u00e3o de famintos no mundo","datePublished":"2010-09-23T09:05:25+00:00","mainEntityOfPage":{"@id":"https:\/\/inclusivenews.com.br\/?p=17400"},"wordCount":726,"commentCount":0,"publisher":{"@id":"https:\/\/inclusivenews.com.br\/#organization"},"image":{"@id":"https:\/\/inclusivenews.com.br\/?p=17400#primaryimage"},"thumbnailUrl":"http:\/\/inclusivenews.com.br\/wp-content\/uploads\/2010\/05\/prato_vazio.jpg","articleSection":["DIREITOS HUMANOS","NOT\u00cdCIAS"],"inLanguage":"pt-PT","potentialAction":[{"@type":"CommentAction","name":"Comment","target":["https:\/\/inclusivenews.com.br\/?p=17400#respond"]}]},{"@type":"WebPage","@id":"https:\/\/inclusivenews.com.br\/?p=17400","url":"https:\/\/inclusivenews.com.br\/?p=17400","name":"Decis\u00f5es pol\u00edticas n\u00e3o t\u00eam interferido na diminui\u00e7\u00e3o de famintos no mundo -","isPartOf":{"@id":"https:\/\/inclusivenews.com.br\/#website"},"primaryImageOfPage":{"@id":"https:\/\/inclusivenews.com.br\/?p=17400#primaryimage"},"image":{"@id":"https:\/\/inclusivenews.com.br\/?p=17400#primaryimage"},"thumbnailUrl":"http:\/\/inclusivenews.com.br\/wp-content\/uploads\/2010\/05\/prato_vazio.jpg","datePublished":"2010-09-23T09:05:25+00:00","breadcrumb":{"@id":"https:\/\/inclusivenews.com.br\/?p=17400#breadcrumb"},"inLanguage":"pt-PT","potentialAction":[{"@type":"ReadAction","target":["https:\/\/inclusivenews.com.br\/?p=17400"]}]},{"@type":"ImageObject","inLanguage":"pt-PT","@id":"https:\/\/inclusivenews.com.br\/?p=17400#primaryimage","url":"","contentUrl":""},{"@type":"BreadcrumbList","@id":"https:\/\/inclusivenews.com.br\/?p=17400#breadcrumb","itemListElement":[{"@type":"ListItem","position":1,"name":"In\u00edcio","item":"https:\/\/inclusivenews.com.br\/"},{"@type":"ListItem","position":2,"name":"Decis\u00f5es pol\u00edticas n\u00e3o t\u00eam interferido na diminui\u00e7\u00e3o de famintos no mundo"}]},{"@type":"WebSite","@id":"https:\/\/inclusivenews.com.br\/#website","url":"https:\/\/inclusivenews.com.br\/","name":"Inclusive News","description":"Inclusive News","publisher":{"@id":"https:\/\/inclusivenews.com.br\/#organization"},"potentialAction":[{"@type":"SearchAction","target":{"@type":"EntryPoint","urlTemplate":"https:\/\/inclusivenews.com.br\/?s={search_term_string}"},"query-input":{"@type":"PropertyValueSpecification","valueRequired":true,"valueName":"search_term_string"}}],"inLanguage":"pt-PT"},{"@type":"Organization","@id":"https:\/\/inclusivenews.com.br\/#organization","name":"Inclusive - inclus\u00e3o e cidadania","url":"https:\/\/inclusivenews.com.br\/","logo":{"@type":"ImageObject","inLanguage":"pt-PT","@id":"https:\/\/inclusivenews.com.br\/#\/schema\/logo\/image\/","url":"https:\/\/inclusivenews.com.br\/wp-content\/uploads\/2024\/03\/@grandesite.png","contentUrl":"https:\/\/inclusivenews.com.br\/wp-content\/uploads\/2024\/03\/@grandesite.png","width":1080,"height":1080,"caption":"Inclusive - inclus\u00e3o e cidadania"},"image":{"@id":"https:\/\/inclusivenews.com.br\/#\/schema\/logo\/image\/"},"sameAs":["https:\/\/www.facebook.com\/agenciainclusive\/","https:\/\/www.instagram.com\/newsinclusive\/"]},{"@type":"Person","@id":"https:\/\/inclusivenews.com.br\/#\/schema\/person\/ae4ec7087559b8692fb33b6fffd2273b","name":"inclusivenews2024","image":{"@type":"ImageObject","inLanguage":"pt-PT","@id":"https:\/\/secure.gravatar.com\/avatar\/c5a7ef84c66fa914f55bc4f7ce26cfa275a3b9a1c5568b907bd184fb4dde7b40?s=96&d=mm&r=g","url":"https:\/\/secure.gravatar.com\/avatar\/c5a7ef84c66fa914f55bc4f7ce26cfa275a3b9a1c5568b907bd184fb4dde7b40?s=96&d=mm&r=g","contentUrl":"https:\/\/secure.gravatar.com\/avatar\/c5a7ef84c66fa914f55bc4f7ce26cfa275a3b9a1c5568b907bd184fb4dde7b40?s=96&d=mm&r=g","caption":"inclusivenews2024"},"sameAs":["https:\/\/inclusivenews.com.br"],"url":"https:\/\/inclusivenews.com.br\/?author=1"}]}},"_links":{"self":[{"href":"https:\/\/inclusivenews.com.br\/index.php?rest_route=\/wp\/v2\/posts\/17400","targetHints":{"allow":["GET"]}}],"collection":[{"href":"https:\/\/inclusivenews.com.br\/index.php?rest_route=\/wp\/v2\/posts"}],"about":[{"href":"https:\/\/inclusivenews.com.br\/index.php?rest_route=\/wp\/v2\/types\/post"}],"author":[{"embeddable":true,"href":"https:\/\/inclusivenews.com.br\/index.php?rest_route=\/wp\/v2\/users\/1"}],"replies":[{"embeddable":true,"href":"https:\/\/inclusivenews.com.br\/index.php?rest_route=%2Fwp%2Fv2%2Fcomments&post=17400"}],"version-history":[{"count":0,"href":"https:\/\/inclusivenews.com.br\/index.php?rest_route=\/wp\/v2\/posts\/17400\/revisions"}],"wp:attachment":[{"href":"https:\/\/inclusivenews.com.br\/index.php?rest_route=%2Fwp%2Fv2%2Fmedia&parent=17400"}],"wp:term":[{"taxonomy":"category","embeddable":true,"href":"https:\/\/inclusivenews.com.br\/index.php?rest_route=%2Fwp%2Fv2%2Fcategories&post=17400"},{"taxonomy":"post_tag","embeddable":true,"href":"https:\/\/inclusivenews.com.br\/index.php?rest_route=%2Fwp%2Fv2%2Ftags&post=17400"}],"curies":[{"name":"wp","href":"https:\/\/api.w.org\/{rel}","templated":true}]}}