{"id":17480,"date":"2010-09-30T06:19:39","date_gmt":"2010-09-30T09:19:39","guid":{"rendered":"http:\/\/www.inclusive.org.br\/?p=17480"},"modified":"2010-09-30T06:19:39","modified_gmt":"2010-09-30T09:19:39","slug":"partidos-politicos-e-democracia-sao-os-temas-do-mes-na-revista-do-ministerio-publico-dialogico","status":"publish","type":"post","link":"https:\/\/inclusivenews.com.br\/?p=17480","title":{"rendered":"Partidos pol\u00edticos e democracia s\u00e3o os temas do m\u00eas na revista do Minist\u00e9rio  P\u00fablico Dial\u00f3gico"},"content":{"rendered":"<figure style=\"width: 101px\" class=\"wp-caption alignleft\"><a class=\"moz-txt-link-freetext\" href=\"http:\/\/www.mpd.org.br\/img\/userfiles\/image\/Capinha%2031.jpg\"><img loading=\"lazy\" decoding=\"async\" title=\"Capa da edi\u00e7\u00e3o, onde v\u00ea-se v\u00e1rios bonecos humanos enfileirados\" src=\"http:\/\/www.mpd.org.br\/img\/userfiles\/image\/Capinha%2031.jpg\" alt=\"Capa da edi\u00e7\u00e3o, onde v\u00ea-se v\u00e1rios bonecos humanos enfileirados\" width=\"101\" height=\"127\" \/><\/a><figcaption class=\"wp-caption-text\"> <\/figcaption><\/figure>\n<p>A democracia moderna \u00e9 representativa e nasceu ao longo do tempo. Partidos pol\u00edticos, no sentido moderno, surgiram h\u00e1 aproximadamente apenas 170 anos. Hoje podemos afirmar que a democracia representativa depende do funcionamento do pluripartidarismo e de partidos pol\u00edticos estruturalmente bem organizados. Na Constitui\u00e7\u00e3o Federal Brasileira, por exemplo, se prev\u00ea em seu artigo 14, que a soberania popular ser\u00e1 exercida pelo sufr\u00e1gio universal e pelo voto direto e secreto; e, mais adiante, diz que uma \u2013 dentre outras \u2013 das condi\u00e7\u00f5es para a elegibilidade \u00e9 a filia\u00e7\u00e3o partid\u00e1ria do candidato.<\/p>\n<p>Democracia \u00e9 o governo do povo, por\u00e9m o povo n\u00e3o \u00e9 homog\u00eaneo. Ele \u00e9 formado por indiv\u00edduos de diferentes origens, com caracter\u00edsticas, prefer\u00eancias e necessidades distintas. Por quest\u00e3o de afinidade, e muitas vezes tamb\u00e9m por sobreviv\u00eancia, os indiv\u00edduos se organizam em grupos, exercendo o direito \u00e0 livre-associa\u00e7\u00e3o, garantido pela Constitui\u00e7\u00e3o Federal.<\/p>\n<p><a href=\"http:\/\/www.mpd.org.br\/img\/userfiles\/file\/Revista%2031.pdf\">Partidos pol\u00edticos e democracia s\u00e3o os temas do m\u00eas na revista do Minist\u00e9rio P\u00fablico Dial\u00f3gico. Leia a publica\u00e7\u00e3o na \u00edntegra neste link.<\/a><\/p>\n","protected":false},"excerpt":{"rendered":"<p>Cidadania, partidos pol\u00edticos e democracia s\u00e3o os temas do m\u00eas na revista do Minist\u00e9rio P\u00fablico Dial\u00f3gico. (Dispon\u00edvel para download)<\/p>\n","protected":false},"author":1,"featured_media":0,"comment_status":"open","ping_status":"open","sticky":false,"template":"","format":"standard","meta":{"site-container-style":"default","site-container-layout":"default","site-sidebar-layout":"default","disable-article-header":"default","disable-site-header":"default","disable-site-footer":"default","disable-content-area-spacing":"default","footnotes":""},"categories":[11,52,4,10,80],"tags":[],"class_list":["post-17480","post","type-post","status-publish","format-standard","hentry","category-direitos-humanos","category-downloadables","category-noticias","category-publicacoes","category-revistas"],"yoast_head":"<!-- This site is optimized with the Yoast SEO plugin v27.4 - https:\/\/yoast.com\/product\/yoast-seo-wordpress\/ -->\n<title>Partidos pol\u00edticos e democracia s\u00e3o os temas do m\u00eas na revista do Minist\u00e9rio P\u00fablico Dial\u00f3gico -<\/title>\n<meta name=\"robots\" content=\"index, follow, max-snippet:-1, max-image-preview:large, max-video-preview:-1\" \/>\n<link rel=\"canonical\" href=\"https:\/\/inclusivenews.com.br\/?p=17480\" \/>\n<meta property=\"og:locale\" content=\"pt_PT\" \/>\n<meta property=\"og:type\" content=\"article\" \/>\n<meta property=\"og:title\" content=\"Partidos pol\u00edticos e democracia s\u00e3o os temas do m\u00eas na revista do Minist\u00e9rio P\u00fablico Dial\u00f3gico -\" \/>\n<meta property=\"og:description\" content=\"Cidadania, partidos pol\u00edticos e democracia s\u00e3o os temas do m\u00eas na revista do Minist\u00e9rio P\u00fablico Dial\u00f3gico. (Dispon\u00edvel para download)\" \/>\n<meta property=\"og:url\" content=\"https:\/\/inclusivenews.com.br\/?p=17480\" \/>\n<meta property=\"article:publisher\" content=\"https:\/\/www.facebook.com\/agenciainclusive\/\" \/>\n<meta property=\"article:published_time\" content=\"2010-09-30T09:19:39+00:00\" \/>\n<meta property=\"og:image\" content=\"http:\/\/www.mpd.org.br\/img\/userfiles\/image\/Capinha%2031.jpg\" \/>\n<meta name=\"author\" content=\"inclusivenews2024\" \/>\n<meta name=\"twitter:card\" content=\"summary_large_image\" \/>\n<meta name=\"twitter:label1\" content=\"Escrito por\" \/>\n\t<meta name=\"twitter:data1\" content=\"inclusivenews2024\" \/>\n\t<meta name=\"twitter:label2\" content=\"Tempo estimado de leitura\" \/>\n\t<meta name=\"twitter:data2\" content=\"1 minuto\" \/>\n<script type=\"application\/ld+json\" class=\"yoast-schema-graph\">{\"@context\":\"https:\\\/\\\/schema.org\",\"@graph\":[{\"@type\":\"Article\",\"@id\":\"https:\\\/\\\/inclusivenews.com.br\\\/?p=17480#article\",\"isPartOf\":{\"@id\":\"https:\\\/\\\/inclusivenews.com.br\\\/?p=17480\"},\"author\":{\"name\":\"inclusivenews2024\",\"@id\":\"https:\\\/\\\/inclusivenews.com.br\\\/#\\\/schema\\\/person\\\/ae4ec7087559b8692fb33b6fffd2273b\"},\"headline\":\"Partidos pol\u00edticos e democracia s\u00e3o os temas do m\u00eas na revista do Minist\u00e9rio P\u00fablico Dial\u00f3gico\",\"datePublished\":\"2010-09-30T09:19:39+00:00\",\"mainEntityOfPage\":{\"@id\":\"https:\\\/\\\/inclusivenews.com.br\\\/?p=17480\"},\"wordCount\":206,\"commentCount\":0,\"publisher\":{\"@id\":\"https:\\\/\\\/inclusivenews.com.br\\\/#organization\"},\"image\":{\"@id\":\"https:\\\/\\\/inclusivenews.com.br\\\/?p=17480#primaryimage\"},\"thumbnailUrl\":\"http:\\\/\\\/www.mpd.org.br\\\/img\\\/userfiles\\\/image\\\/Capinha%2031.jpg\",\"articleSection\":[\"DIREITOS HUMANOS\",\"Downloadables\",\"NOT\u00cdCIAS\",\"PUBLICA\u00c7\u00d5ES\",\"Revistas\"],\"inLanguage\":\"pt-PT\",\"potentialAction\":[{\"@type\":\"CommentAction\",\"name\":\"Comment\",\"target\":[\"https:\\\/\\\/inclusivenews.com.br\\\/?p=17480#respond\"]}]},{\"@type\":\"WebPage\",\"@id\":\"https:\\\/\\\/inclusivenews.com.br\\\/?p=17480\",\"url\":\"https:\\\/\\\/inclusivenews.com.br\\\/?p=17480\",\"name\":\"Partidos pol\u00edticos e democracia s\u00e3o os temas do m\u00eas na revista do Minist\u00e9rio P\u00fablico Dial\u00f3gico -\",\"isPartOf\":{\"@id\":\"https:\\\/\\\/inclusivenews.com.br\\\/#website\"},\"primaryImageOfPage\":{\"@id\":\"https:\\\/\\\/inclusivenews.com.br\\\/?p=17480#primaryimage\"},\"image\":{\"@id\":\"https:\\\/\\\/inclusivenews.com.br\\\/?p=17480#primaryimage\"},\"thumbnailUrl\":\"http:\\\/\\\/www.mpd.org.br\\\/img\\\/userfiles\\\/image\\\/Capinha%2031.jpg\",\"datePublished\":\"2010-09-30T09:19:39+00:00\",\"breadcrumb\":{\"@id\":\"https:\\\/\\\/inclusivenews.com.br\\\/?p=17480#breadcrumb\"},\"inLanguage\":\"pt-PT\",\"potentialAction\":[{\"@type\":\"ReadAction\",\"target\":[\"https:\\\/\\\/inclusivenews.com.br\\\/?p=17480\"]}]},{\"@type\":\"ImageObject\",\"inLanguage\":\"pt-PT\",\"@id\":\"https:\\\/\\\/inclusivenews.com.br\\\/?p=17480#primaryimage\",\"url\":\"http:\\\/\\\/www.mpd.org.br\\\/img\\\/userfiles\\\/image\\\/Capinha%2031.jpg\",\"contentUrl\":\"http:\\\/\\\/www.mpd.org.br\\\/img\\\/userfiles\\\/image\\\/Capinha%2031.jpg\"},{\"@type\":\"BreadcrumbList\",\"@id\":\"https:\\\/\\\/inclusivenews.com.br\\\/?p=17480#breadcrumb\",\"itemListElement\":[{\"@type\":\"ListItem\",\"position\":1,\"name\":\"In\u00edcio\",\"item\":\"https:\\\/\\\/inclusivenews.com.br\\\/\"},{\"@type\":\"ListItem\",\"position\":2,\"name\":\"Partidos pol\u00edticos e democracia s\u00e3o os temas do m\u00eas na revista do Minist\u00e9rio P\u00fablico Dial\u00f3gico\"}]},{\"@type\":\"WebSite\",\"@id\":\"https:\\\/\\\/inclusivenews.com.br\\\/#website\",\"url\":\"https:\\\/\\\/inclusivenews.com.br\\\/\",\"name\":\"Inclusive News\",\"description\":\"Inclusive News\",\"publisher\":{\"@id\":\"https:\\\/\\\/inclusivenews.com.br\\\/#organization\"},\"potentialAction\":[{\"@type\":\"SearchAction\",\"target\":{\"@type\":\"EntryPoint\",\"urlTemplate\":\"https:\\\/\\\/inclusivenews.com.br\\\/?s={search_term_string}\"},\"query-input\":{\"@type\":\"PropertyValueSpecification\",\"valueRequired\":true,\"valueName\":\"search_term_string\"}}],\"inLanguage\":\"pt-PT\"},{\"@type\":\"Organization\",\"@id\":\"https:\\\/\\\/inclusivenews.com.br\\\/#organization\",\"name\":\"Inclusive - inclus\u00e3o e cidadania\",\"url\":\"https:\\\/\\\/inclusivenews.com.br\\\/\",\"logo\":{\"@type\":\"ImageObject\",\"inLanguage\":\"pt-PT\",\"@id\":\"https:\\\/\\\/inclusivenews.com.br\\\/#\\\/schema\\\/logo\\\/image\\\/\",\"url\":\"https:\\\/\\\/inclusivenews.com.br\\\/wp-content\\\/uploads\\\/2024\\\/03\\\/@grandesite.png\",\"contentUrl\":\"https:\\\/\\\/inclusivenews.com.br\\\/wp-content\\\/uploads\\\/2024\\\/03\\\/@grandesite.png\",\"width\":1080,\"height\":1080,\"caption\":\"Inclusive - inclus\u00e3o e cidadania\"},\"image\":{\"@id\":\"https:\\\/\\\/inclusivenews.com.br\\\/#\\\/schema\\\/logo\\\/image\\\/\"},\"sameAs\":[\"https:\\\/\\\/www.facebook.com\\\/agenciainclusive\\\/\",\"https:\\\/\\\/www.instagram.com\\\/newsinclusive\\\/\"]},{\"@type\":\"Person\",\"@id\":\"https:\\\/\\\/inclusivenews.com.br\\\/#\\\/schema\\\/person\\\/ae4ec7087559b8692fb33b6fffd2273b\",\"name\":\"inclusivenews2024\",\"image\":{\"@type\":\"ImageObject\",\"inLanguage\":\"pt-PT\",\"@id\":\"https:\\\/\\\/secure.gravatar.com\\\/avatar\\\/c5a7ef84c66fa914f55bc4f7ce26cfa275a3b9a1c5568b907bd184fb4dde7b40?s=96&d=mm&r=g\",\"url\":\"https:\\\/\\\/secure.gravatar.com\\\/avatar\\\/c5a7ef84c66fa914f55bc4f7ce26cfa275a3b9a1c5568b907bd184fb4dde7b40?s=96&d=mm&r=g\",\"contentUrl\":\"https:\\\/\\\/secure.gravatar.com\\\/avatar\\\/c5a7ef84c66fa914f55bc4f7ce26cfa275a3b9a1c5568b907bd184fb4dde7b40?s=96&d=mm&r=g\",\"caption\":\"inclusivenews2024\"},\"sameAs\":[\"https:\\\/\\\/inclusivenews.com.br\"],\"url\":\"https:\\\/\\\/inclusivenews.com.br\\\/?author=1\"}]}<\/script>\n<!-- \/ Yoast SEO plugin. -->","yoast_head_json":{"title":"Partidos pol\u00edticos e democracia s\u00e3o os temas do m\u00eas na revista do Minist\u00e9rio P\u00fablico Dial\u00f3gico -","robots":{"index":"index","follow":"follow","max-snippet":"max-snippet:-1","max-image-preview":"max-image-preview:large","max-video-preview":"max-video-preview:-1"},"canonical":"https:\/\/inclusivenews.com.br\/?p=17480","og_locale":"pt_PT","og_type":"article","og_title":"Partidos pol\u00edticos e democracia s\u00e3o os temas do m\u00eas na revista do Minist\u00e9rio P\u00fablico Dial\u00f3gico -","og_description":"Cidadania, partidos pol\u00edticos e democracia s\u00e3o os temas do m\u00eas na revista do Minist\u00e9rio P\u00fablico Dial\u00f3gico. (Dispon\u00edvel para download)","og_url":"https:\/\/inclusivenews.com.br\/?p=17480","article_publisher":"https:\/\/www.facebook.com\/agenciainclusive\/","article_published_time":"2010-09-30T09:19:39+00:00","og_image":[{"url":"http:\/\/www.mpd.org.br\/img\/userfiles\/image\/Capinha%2031.jpg","type":"","width":"","height":""}],"author":"inclusivenews2024","twitter_card":"summary_large_image","twitter_misc":{"Escrito por":"inclusivenews2024","Tempo estimado de leitura":"1 minuto"},"schema":{"@context":"https:\/\/schema.org","@graph":[{"@type":"Article","@id":"https:\/\/inclusivenews.com.br\/?p=17480#article","isPartOf":{"@id":"https:\/\/inclusivenews.com.br\/?p=17480"},"author":{"name":"inclusivenews2024","@id":"https:\/\/inclusivenews.com.br\/#\/schema\/person\/ae4ec7087559b8692fb33b6fffd2273b"},"headline":"Partidos pol\u00edticos e democracia s\u00e3o os temas do m\u00eas na revista do Minist\u00e9rio P\u00fablico Dial\u00f3gico","datePublished":"2010-09-30T09:19:39+00:00","mainEntityOfPage":{"@id":"https:\/\/inclusivenews.com.br\/?p=17480"},"wordCount":206,"commentCount":0,"publisher":{"@id":"https:\/\/inclusivenews.com.br\/#organization"},"image":{"@id":"https:\/\/inclusivenews.com.br\/?p=17480#primaryimage"},"thumbnailUrl":"http:\/\/www.mpd.org.br\/img\/userfiles\/image\/Capinha%2031.jpg","articleSection":["DIREITOS HUMANOS","Downloadables","NOT\u00cdCIAS","PUBLICA\u00c7\u00d5ES","Revistas"],"inLanguage":"pt-PT","potentialAction":[{"@type":"CommentAction","name":"Comment","target":["https:\/\/inclusivenews.com.br\/?p=17480#respond"]}]},{"@type":"WebPage","@id":"https:\/\/inclusivenews.com.br\/?p=17480","url":"https:\/\/inclusivenews.com.br\/?p=17480","name":"Partidos pol\u00edticos e democracia s\u00e3o os temas do m\u00eas na revista do Minist\u00e9rio P\u00fablico Dial\u00f3gico -","isPartOf":{"@id":"https:\/\/inclusivenews.com.br\/#website"},"primaryImageOfPage":{"@id":"https:\/\/inclusivenews.com.br\/?p=17480#primaryimage"},"image":{"@id":"https:\/\/inclusivenews.com.br\/?p=17480#primaryimage"},"thumbnailUrl":"http:\/\/www.mpd.org.br\/img\/userfiles\/image\/Capinha%2031.jpg","datePublished":"2010-09-30T09:19:39+00:00","breadcrumb":{"@id":"https:\/\/inclusivenews.com.br\/?p=17480#breadcrumb"},"inLanguage":"pt-PT","potentialAction":[{"@type":"ReadAction","target":["https:\/\/inclusivenews.com.br\/?p=17480"]}]},{"@type":"ImageObject","inLanguage":"pt-PT","@id":"https:\/\/inclusivenews.com.br\/?p=17480#primaryimage","url":"http:\/\/www.mpd.org.br\/img\/userfiles\/image\/Capinha%2031.jpg","contentUrl":"http:\/\/www.mpd.org.br\/img\/userfiles\/image\/Capinha%2031.jpg"},{"@type":"BreadcrumbList","@id":"https:\/\/inclusivenews.com.br\/?p=17480#breadcrumb","itemListElement":[{"@type":"ListItem","position":1,"name":"In\u00edcio","item":"https:\/\/inclusivenews.com.br\/"},{"@type":"ListItem","position":2,"name":"Partidos pol\u00edticos e democracia s\u00e3o os temas do m\u00eas na revista do Minist\u00e9rio P\u00fablico Dial\u00f3gico"}]},{"@type":"WebSite","@id":"https:\/\/inclusivenews.com.br\/#website","url":"https:\/\/inclusivenews.com.br\/","name":"Inclusive News","description":"Inclusive News","publisher":{"@id":"https:\/\/inclusivenews.com.br\/#organization"},"potentialAction":[{"@type":"SearchAction","target":{"@type":"EntryPoint","urlTemplate":"https:\/\/inclusivenews.com.br\/?s={search_term_string}"},"query-input":{"@type":"PropertyValueSpecification","valueRequired":true,"valueName":"search_term_string"}}],"inLanguage":"pt-PT"},{"@type":"Organization","@id":"https:\/\/inclusivenews.com.br\/#organization","name":"Inclusive - inclus\u00e3o e cidadania","url":"https:\/\/inclusivenews.com.br\/","logo":{"@type":"ImageObject","inLanguage":"pt-PT","@id":"https:\/\/inclusivenews.com.br\/#\/schema\/logo\/image\/","url":"https:\/\/inclusivenews.com.br\/wp-content\/uploads\/2024\/03\/@grandesite.png","contentUrl":"https:\/\/inclusivenews.com.br\/wp-content\/uploads\/2024\/03\/@grandesite.png","width":1080,"height":1080,"caption":"Inclusive - inclus\u00e3o e cidadania"},"image":{"@id":"https:\/\/inclusivenews.com.br\/#\/schema\/logo\/image\/"},"sameAs":["https:\/\/www.facebook.com\/agenciainclusive\/","https:\/\/www.instagram.com\/newsinclusive\/"]},{"@type":"Person","@id":"https:\/\/inclusivenews.com.br\/#\/schema\/person\/ae4ec7087559b8692fb33b6fffd2273b","name":"inclusivenews2024","image":{"@type":"ImageObject","inLanguage":"pt-PT","@id":"https:\/\/secure.gravatar.com\/avatar\/c5a7ef84c66fa914f55bc4f7ce26cfa275a3b9a1c5568b907bd184fb4dde7b40?s=96&d=mm&r=g","url":"https:\/\/secure.gravatar.com\/avatar\/c5a7ef84c66fa914f55bc4f7ce26cfa275a3b9a1c5568b907bd184fb4dde7b40?s=96&d=mm&r=g","contentUrl":"https:\/\/secure.gravatar.com\/avatar\/c5a7ef84c66fa914f55bc4f7ce26cfa275a3b9a1c5568b907bd184fb4dde7b40?s=96&d=mm&r=g","caption":"inclusivenews2024"},"sameAs":["https:\/\/inclusivenews.com.br"],"url":"https:\/\/inclusivenews.com.br\/?author=1"}]}},"_links":{"self":[{"href":"https:\/\/inclusivenews.com.br\/index.php?rest_route=\/wp\/v2\/posts\/17480","targetHints":{"allow":["GET"]}}],"collection":[{"href":"https:\/\/inclusivenews.com.br\/index.php?rest_route=\/wp\/v2\/posts"}],"about":[{"href":"https:\/\/inclusivenews.com.br\/index.php?rest_route=\/wp\/v2\/types\/post"}],"author":[{"embeddable":true,"href":"https:\/\/inclusivenews.com.br\/index.php?rest_route=\/wp\/v2\/users\/1"}],"replies":[{"embeddable":true,"href":"https:\/\/inclusivenews.com.br\/index.php?rest_route=%2Fwp%2Fv2%2Fcomments&post=17480"}],"version-history":[{"count":0,"href":"https:\/\/inclusivenews.com.br\/index.php?rest_route=\/wp\/v2\/posts\/17480\/revisions"}],"wp:attachment":[{"href":"https:\/\/inclusivenews.com.br\/index.php?rest_route=%2Fwp%2Fv2%2Fmedia&parent=17480"}],"wp:term":[{"taxonomy":"category","embeddable":true,"href":"https:\/\/inclusivenews.com.br\/index.php?rest_route=%2Fwp%2Fv2%2Fcategories&post=17480"},{"taxonomy":"post_tag","embeddable":true,"href":"https:\/\/inclusivenews.com.br\/index.php?rest_route=%2Fwp%2Fv2%2Ftags&post=17480"}],"curies":[{"name":"wp","href":"https:\/\/api.w.org\/{rel}","templated":true}]}}