{"id":17510,"date":"2010-09-28T16:42:22","date_gmt":"2010-09-28T19:42:22","guid":{"rendered":"http:\/\/www.inclusive.org.br\/?p=17510"},"modified":"2010-09-28T16:42:22","modified_gmt":"2010-09-28T19:42:22","slug":"campanha-ser-diferente-e-normal-e-lancada-em-sao-paulo","status":"publish","type":"post","link":"https:\/\/inclusivenews.com.br\/?p=17510","title":{"rendered":"Campanha Ser Diferente \u00e9 Normal \u00e9 lan\u00e7ada em S\u00e3o Paulo"},"content":{"rendered":"<figure id=\"attachment_17511\" aria-describedby=\"caption-attachment-17511\" style=\"width: 432px\" class=\"wp-caption alignleft\"><a href=\"http:\/\/www.inclusivenews.com.br\/wp-content\/uploads\/2010\/09\/luiza-e-barbara.jpg\"><img loading=\"lazy\" decoding=\"async\" class=\"size-full wp-image-17511 \" title=\"luiza e barbara\" src=\"http:\/\/inclusivenews.com.br\/wp-content\/uploads\/2010\/09\/luiza-e-barbara.jpg\" alt=\"Luiza Tom\u00e9 e Barbara Magalh\u00e3es mostram camiseta branca com cora\u00e7\u00e3o rabiscado e a inscri\u00e7\u00e3o Ser Diferente \u00e9 Normal, criada exclusivamente para o lan\u00e7amento da campanha em S\u00e3o Paulo\" width=\"432\" height=\"324\" \/><\/a><figcaption id=\"caption-attachment-17511\" class=\"wp-caption-text\">Luiza Tom\u00e9 e Barbara Magalh\u00e3es mostram camiseta branca com cora\u00e7\u00e3o rabiscado e a inscri\u00e7\u00e3o Ser Diferente \u00e9 Normal, criada exclusivamente para o lan\u00e7amento da campanha em S\u00e3o Paulo<\/figcaption><\/figure>\n<p>Aconteceu ontem, dia 27 de setembro, o desfile que , al\u00e9m de lan\u00e7ar a nova camiseta da Campanha \u201cSER DIFERENTE \u00c9 NORMAL\u201d na cidade de S\u00e3o Paulo, causou um grande impacto no mundo da moda.<\/p>\n<p>Por meio da parceria entre a Associa\u00e7\u00e3o 3 IN e o Instituto Meta Social a lind\u00edssima loja Claudeth e Deca realizou o desfile de lan\u00e7amento de sua cole\u00e7\u00e3o para o ver\u00e3o 2011 com a presen\u00e7a de mais de 40 mulheres especial\u00edssimas e mais, com Luiza Tom\u00e9 como madrinha da Campanha e com 3 bel\u00edssimas modelos com defici\u00eancia dividindo a passarela com outras modelos e mostrando, al\u00e9m das roupas que ser\u00e3o tend\u00eancia no pr\u00f3ximo ver\u00e3o, o valor das diferen\u00e7as em todos os espa\u00e7os.<\/p>\n<p>Luiza Tom\u00e9 ocupou a passarela vestindo a camiseta elaborada pela estilista Luciana Daud para a Campanha \u201cSER DIFERENTE \u00c9 NORMAL\u201d com Fernanda Honorato, Paula Werneck e Tabata Contri.<\/p>\n<p>Al\u00e9m de tantas celebridades e momentos especiais o desfile contou com a presen\u00e7a da imprensa que usou e abusou do espa\u00e7o para realizar mat\u00e9rias sobre diversidade e pessoas com defici\u00eancia.<\/p>\n<p>A Secretaria Estadual dos Direitos das Pessoas com Defici\u00eancia, esteve representada e elogiou o evento.<\/p>\n<p>Os dois modelos de camiseta\u00a0est\u00e3o sendo vendidos em Sao Paulo, na loja Claudete e Deca &#8211;<br \/>\nRua Jaques Felix, 223 &#8211; Vila Nova Concei\u00e7\u00e3o &#8211; (11) 38457351, mas no momento est\u00e3o esgotados. A loja est\u00e1 providenciando uma nova leva. Telefone para saber quando chega.<\/p>\n<p>As camisetas tradicionais &#8220;Ser Diferente\u00a0\u00e9 Normal&#8221; podem ser adquiridas\u00a0no site do Instituto MetaSocial:<\/p>\n<p><a href=\"http:\/\/www.metasocial.org.br\/\">http:\/\/www.metasocial.org.br\/<\/a><\/p>\n<p>Fotos do evento:<\/p>\n<figure id=\"attachment_17512\" aria-describedby=\"caption-attachment-17512\" style=\"width: 432px\" class=\"wp-caption alignleft\"><a href=\"http:\/\/www.inclusivenews.com.br\/wp-content\/uploads\/2010\/09\/beth-barbara-rosana-luiza.jpg\"><img loading=\"lazy\" decoding=\"async\" class=\"size-full wp-image-17512 \" title=\"beth barbara rosana luiza\" src=\"http:\/\/inclusivenews.com.br\/wp-content\/uploads\/2010\/09\/beth-barbara-rosana-luiza.jpg\" alt=\"Beth Szafir, Barbara Magalh\u00e3es, Rosana Pagura e Luiza Tom\u00e9\" width=\"432\" height=\"324\" \/><\/a><figcaption id=\"caption-attachment-17512\" class=\"wp-caption-text\">Beth Szafir, Barbara Magalh\u00e3es, Rosana Pagura e Luiza Tom\u00e9<\/figcaption><\/figure>\n<figure id=\"attachment_17513\" aria-describedby=\"caption-attachment-17513\" style=\"width: 432px\" class=\"wp-caption alignleft\"><a href=\"http:\/\/www.inclusivenews.com.br\/wp-content\/uploads\/2010\/09\/fer-luiza-claudete.jpg\"><img loading=\"lazy\" decoding=\"async\" class=\"size-full wp-image-17513 \" title=\"fer luiza claudete\" src=\"http:\/\/inclusivenews.com.br\/wp-content\/uploads\/2010\/09\/fer-luiza-claudete.jpg\" alt=\"Helena Werneck(META SOCIAL) Paula Werneck, Luiza Tom\u00e9( MADRINHA DA CAMPANHA), Fernanda Honorato, Claudete Daud, Deca Daud e Beth Szafir\" width=\"432\" height=\"324\" \/><\/a><figcaption id=\"caption-attachment-17513\" class=\"wp-caption-text\">Helena Werneck(META SOCIAL) Paula Werneck, Luiza Tom\u00e9( MADRINHA DA CAMPANHA), Fernanda Honorato, Claudete Daud, Deca Daud e Beth Szafir<\/figcaption><\/figure>\n<figure id=\"attachment_17514\" aria-describedby=\"caption-attachment-17514\" style=\"width: 432px\" class=\"wp-caption alignleft\"><a href=\"http:\/\/www.inclusivenews.com.br\/wp-content\/uploads\/2010\/09\/entrevista-caras.jpg\"><img loading=\"lazy\" decoding=\"async\" class=\"size-full wp-image-17514 \" title=\"entrevista caras\" src=\"http:\/\/inclusivenews.com.br\/wp-content\/uploads\/2010\/09\/entrevista-caras.jpg\" alt=\"Helena Werneck, do Instituto MetaSocial e Barbara Magalh\u00e3es da 3IN d\u00e3o entrevista \u00e0 rep\u00f3rter da revista CARAS\" width=\"432\" height=\"324\" \/><\/a><figcaption id=\"caption-attachment-17514\" class=\"wp-caption-text\">Helena Werneck, do Instituto MetaSocial e Barbara Magalh\u00e3es da 3IN d\u00e3o entrevista \u00e0 rep\u00f3rter da revista CARAS<\/figcaption><\/figure>\n<figure id=\"attachment_17515\" aria-describedby=\"caption-attachment-17515\" style=\"width: 324px\" class=\"wp-caption alignleft\"><a href=\"http:\/\/www.inclusivenews.com.br\/wp-content\/uploads\/2010\/09\/paula.jpg\"><img loading=\"lazy\" decoding=\"async\" class=\"size-full wp-image-17515 \" title=\"paula\" src=\"http:\/\/inclusivenews.com.br\/wp-content\/uploads\/2010\/09\/paula.jpg\" alt=\"A modelo Paula Werneck sendo penteada\" width=\"324\" height=\"432\" \/><\/a><figcaption id=\"caption-attachment-17515\" class=\"wp-caption-text\">A modelo Paula Werneck sendo penteada<\/figcaption><\/figure>\n<p><a href=\"http:\/\/www.inclusivenews.com.br\/wp-content\/uploads\/2010\/09\/sdsp1.jpg\"><img loading=\"lazy\" decoding=\"async\" class=\"alignleft size-full wp-image-17531\" title=\"sdsp1\" src=\"http:\/\/inclusivenews.com.br\/wp-content\/uploads\/2010\/09\/sdsp1.jpg\" alt=\"\" width=\"432\" height=\"324\" \/><\/a><\/p>\n<figure id=\"attachment_17532\" aria-describedby=\"caption-attachment-17532\" style=\"width: 324px\" class=\"wp-caption alignleft\"><a href=\"http:\/\/www.inclusivenews.com.br\/wp-content\/uploads\/2010\/09\/sdsp2.jpg\"><img loading=\"lazy\" decoding=\"async\" class=\"size-full wp-image-17532 \" title=\"sdsp2\" src=\"http:\/\/inclusivenews.com.br\/wp-content\/uploads\/2010\/09\/sdsp2.jpg\" alt=\"A modelo Fernanda Honorato com a camiseta da campanha\" width=\"324\" height=\"432\" \/><\/a><figcaption id=\"caption-attachment-17532\" class=\"wp-caption-text\">A modelo Fernanda Honorato com a camiseta da campanha<\/figcaption><\/figure>\n<figure id=\"attachment_17533\" aria-describedby=\"caption-attachment-17533\" style=\"width: 324px\" class=\"wp-caption alignleft\"><a href=\"http:\/\/www.inclusivenews.com.br\/wp-content\/uploads\/2010\/09\/sdsp3.jpg\"><img loading=\"lazy\" decoding=\"async\" class=\"size-full wp-image-17533 \" title=\"sdsp3\" src=\"http:\/\/inclusivenews.com.br\/wp-content\/uploads\/2010\/09\/sdsp3.jpg\" alt=\"Fernanda Honorato e Beth Szafir\" width=\"324\" height=\"432\" \/><\/a><figcaption id=\"caption-attachment-17533\" class=\"wp-caption-text\">Fernanda Honorato e Beth Szafir<\/figcaption><\/figure>\n<p><a href=\"http:\/\/www.inclusivenews.com.br\/wp-content\/uploads\/2010\/09\/sdsp4.jpg\"><img loading=\"lazy\" decoding=\"async\" class=\"alignleft size-full wp-image-17534\" title=\"sdsp4\" src=\"http:\/\/inclusivenews.com.br\/wp-content\/uploads\/2010\/09\/sdsp4.jpg\" alt=\"\" width=\"432\" height=\"324\" \/><\/a><\/p>\n<p><a href=\"http:\/\/www.inclusivenews.com.br\/wp-content\/uploads\/2010\/09\/sdsp7.jpg\"><img loading=\"lazy\" decoding=\"async\" class=\"alignleft size-full wp-image-17536\" title=\"sdsp7\" src=\"http:\/\/inclusivenews.com.br\/wp-content\/uploads\/2010\/09\/sdsp7.jpg\" alt=\"\" width=\"432\" height=\"288\" \/><\/a><\/p>\n<p><a href=\"http:\/\/www.inclusivenews.com.br\/wp-content\/uploads\/2010\/09\/sdsp9.jpg\"><img loading=\"lazy\" decoding=\"async\" class=\"alignleft size-full wp-image-17537\" title=\"sdsp9\" src=\"http:\/\/inclusivenews.com.br\/wp-content\/uploads\/2010\/09\/sdsp9.jpg\" alt=\"\" width=\"432\" height=\"288\" \/><\/a><\/p>\n<p><a href=\"http:\/\/www.inclusivenews.com.br\/wp-content\/uploads\/2010\/09\/sdsp10.jpg\"><img loading=\"lazy\" decoding=\"async\" class=\"alignleft size-full wp-image-17538\" title=\"sdsp10\" src=\"http:\/\/inclusivenews.com.br\/wp-content\/uploads\/2010\/09\/sdsp10.jpg\" alt=\"\" width=\"432\" height=\"288\" \/><\/a><\/p>\n<p><a href=\"http:\/\/www.inclusivenews.com.br\/wp-content\/uploads\/2010\/09\/sdsp11.jpg\"><img loading=\"lazy\" decoding=\"async\" class=\"alignleft size-full wp-image-17539\" title=\"sdsp11\" src=\"http:\/\/inclusivenews.com.br\/wp-content\/uploads\/2010\/09\/sdsp11.jpg\" alt=\"\" width=\"288\" height=\"432\" \/><\/a><\/p>\n<figure id=\"attachment_17540\" aria-describedby=\"caption-attachment-17540\" style=\"width: 288px\" class=\"wp-caption alignleft\"><a href=\"http:\/\/www.inclusivenews.com.br\/wp-content\/uploads\/2010\/09\/sdsp12.jpg\"><img loading=\"lazy\" decoding=\"async\" class=\"size-full wp-image-17540 \" title=\"sdsp12\" src=\"http:\/\/inclusivenews.com.br\/wp-content\/uploads\/2010\/09\/sdsp12.jpg\" alt=\"Paula Werneck desfila\" width=\"288\" height=\"432\" \/><\/a><figcaption id=\"caption-attachment-17540\" class=\"wp-caption-text\">Paula Werneck desfila<\/figcaption><\/figure>\n<figure id=\"attachment_17542\" aria-describedby=\"caption-attachment-17542\" style=\"width: 288px\" class=\"wp-caption alignleft\"><a href=\"http:\/\/www.inclusivenews.com.br\/wp-content\/uploads\/2010\/09\/sdsp13.jpg\"><img loading=\"lazy\" decoding=\"async\" class=\"size-full wp-image-17542 \" title=\"sdsp13\" src=\"http:\/\/inclusivenews.com.br\/wp-content\/uploads\/2010\/09\/sdsp13.jpg\" alt=\"Fernanda Honorato desfila\" width=\"288\" height=\"432\" \/><\/a><figcaption id=\"caption-attachment-17542\" class=\"wp-caption-text\">Fernanda Honorato desfila<\/figcaption><\/figure>\n<p><a href=\"http:\/\/www.inclusivenews.com.br\/wp-content\/uploads\/2010\/09\/sdsp14.jpg\"><img loading=\"lazy\" decoding=\"async\" class=\"alignleft size-full wp-image-17544\" title=\"sdsp14\" src=\"http:\/\/inclusivenews.com.br\/wp-content\/uploads\/2010\/09\/sdsp14.jpg\" alt=\"\" width=\"432\" height=\"288\" \/><\/a><\/p>\n<p><a href=\"http:\/\/www.inclusivenews.com.br\/wp-content\/uploads\/2010\/09\/sdsp15.jpg\"><img loading=\"lazy\" decoding=\"async\" class=\"alignleft size-full wp-image-17545\" title=\"sdsp15\" src=\"http:\/\/inclusivenews.com.br\/wp-content\/uploads\/2010\/09\/sdsp15.jpg\" alt=\"\" width=\"432\" height=\"288\" \/><\/a><\/p>\n<p><a href=\"http:\/\/www.inclusivenews.com.br\/wp-content\/uploads\/2010\/09\/sdsp16.jpg\"><img loading=\"lazy\" decoding=\"async\" class=\"alignleft size-full wp-image-17546\" title=\"sdsp16\" src=\"http:\/\/inclusivenews.com.br\/wp-content\/uploads\/2010\/09\/sdsp16.jpg\" alt=\"\" width=\"432\" height=\"288\" \/><\/a><\/p>\n<p><a href=\"http:\/\/www.inclusivenews.com.br\/wp-content\/uploads\/2010\/09\/sdsp17.jpg\"><img loading=\"lazy\" decoding=\"async\" class=\"alignleft size-full wp-image-17547\" title=\"sdsp17\" src=\"http:\/\/inclusivenews.com.br\/wp-content\/uploads\/2010\/09\/sdsp17.jpg\" alt=\"\" width=\"432\" height=\"288\" \/><\/a><\/p>\n<p><a href=\"http:\/\/www.inclusivenews.com.br\/wp-content\/uploads\/2010\/09\/sdsp18.jpg\"><img loading=\"lazy\" decoding=\"async\" class=\"alignleft size-full wp-image-17548\" title=\"sdsp18\" src=\"http:\/\/inclusivenews.com.br\/wp-content\/uploads\/2010\/09\/sdsp18.jpg\" alt=\"\" width=\"432\" height=\"288\" \/><\/a><\/p>\n<p><a href=\"http:\/\/www.inclusivenews.com.br\/wp-content\/uploads\/2010\/09\/sdsp19.jpg\"><img loading=\"lazy\" decoding=\"async\" class=\"alignleft size-full wp-image-17549\" title=\"sdsp19\" src=\"http:\/\/inclusivenews.com.br\/wp-content\/uploads\/2010\/09\/sdsp19.jpg\" alt=\"\" width=\"432\" height=\"288\" \/><\/a><\/p>\n<p><a href=\"http:\/\/www.inclusivenews.com.br\/wp-content\/uploads\/2010\/09\/sdsp20.jpg\"><img loading=\"lazy\" decoding=\"async\" class=\"alignleft size-full wp-image-17550\" title=\"sdsp20\" src=\"http:\/\/inclusivenews.com.br\/wp-content\/uploads\/2010\/09\/sdsp20.jpg\" alt=\"\" width=\"288\" height=\"432\" \/><\/a><\/p>\n<p><a href=\"http:\/\/www.inclusivenews.com.br\/wp-content\/uploads\/2010\/09\/sdsp21.jpg\"><img loading=\"lazy\" decoding=\"async\" class=\"alignleft size-full wp-image-17551\" title=\"sdsp21\" src=\"http:\/\/inclusivenews.com.br\/wp-content\/uploads\/2010\/09\/sdsp21.jpg\" alt=\"\" width=\"432\" height=\"288\" \/><\/a><\/p>\n<p><a href=\"http:\/\/www.inclusivenews.com.br\/wp-content\/uploads\/2010\/09\/sdsp22.jpg\"><img loading=\"lazy\" decoding=\"async\" class=\"alignleft size-full wp-image-17552\" title=\"sdsp22\" src=\"http:\/\/inclusivenews.com.br\/wp-content\/uploads\/2010\/09\/sdsp22.jpg\" alt=\"\" width=\"288\" height=\"432\" \/><\/a><\/p>\n<p><a href=\"http:\/\/www.inclusivenews.com.br\/wp-content\/uploads\/2010\/09\/sdsp23.jpg\"><img loading=\"lazy\" decoding=\"async\" class=\"alignleft size-full wp-image-17553\" title=\"sdsp23\" src=\"http:\/\/inclusivenews.com.br\/wp-content\/uploads\/2010\/09\/sdsp23.jpg\" alt=\"\" width=\"288\" height=\"432\" \/><\/a><\/p>\n<p><a href=\"http:\/\/www.inclusivenews.com.br\/wp-content\/uploads\/2010\/09\/sdsp24.jpg\"><img loading=\"lazy\" decoding=\"async\" class=\"alignleft size-full wp-image-17554\" title=\"sdsp24\" src=\"http:\/\/inclusivenews.com.br\/wp-content\/uploads\/2010\/09\/sdsp24.jpg\" alt=\"\" width=\"432\" height=\"288\" \/><\/a><\/p>\n<p><a href=\"http:\/\/www.inclusivenews.com.br\/wp-content\/uploads\/2010\/09\/sdsp251.jpg\"><img loading=\"lazy\" decoding=\"async\" class=\"alignleft size-full wp-image-17556\" title=\"sdsp25\" src=\"http:\/\/inclusivenews.com.br\/wp-content\/uploads\/2010\/09\/sdsp251.jpg\" alt=\"\" width=\"432\" height=\"288\" \/><\/a><\/p>\n<p><a href=\"http:\/\/www.inclusivenews.com.br\/wp-content\/uploads\/2010\/09\/sdsp26.jpg\"><img loading=\"lazy\" decoding=\"async\" class=\"alignleft size-full wp-image-17557\" title=\"sdsp26\" src=\"http:\/\/inclusivenews.com.br\/wp-content\/uploads\/2010\/09\/sdsp26.jpg\" alt=\"\" width=\"432\" height=\"288\" \/><\/a><\/p>\n<p><a href=\"http:\/\/www.inclusivenews.com.br\/wp-content\/uploads\/2010\/09\/sdsp27.jpg\"><img loading=\"lazy\" decoding=\"async\" class=\"alignleft size-full wp-image-17558\" title=\"sdsp27\" src=\"http:\/\/inclusivenews.com.br\/wp-content\/uploads\/2010\/09\/sdsp27.jpg\" alt=\"\" width=\"432\" height=\"288\" \/><\/a><\/p>\n<figure id=\"attachment_17559\" aria-describedby=\"caption-attachment-17559\" style=\"width: 432px\" class=\"wp-caption alignleft\"><a href=\"http:\/\/www.inclusivenews.com.br\/wp-content\/uploads\/2010\/09\/sdsp28.jpg\"><img loading=\"lazy\" decoding=\"async\" class=\"size-full wp-image-17559 \" title=\"sdsp28\" src=\"http:\/\/inclusivenews.com.br\/wp-content\/uploads\/2010\/09\/sdsp28.jpg\" alt=\"Andrea Barbi e Audrey Bosio d\u00e3o entrevista \u00e0 rep\u00f3rter da TV Globo\" width=\"432\" height=\"288\" \/><\/a><figcaption id=\"caption-attachment-17559\" class=\"wp-caption-text\">Andrea Barbi e Audrey Bosio d\u00e3o entrevista \u00e0 rep\u00f3rter da TV Globo<\/figcaption><\/figure>\n<figure id=\"attachment_17560\" aria-describedby=\"caption-attachment-17560\" style=\"width: 288px\" class=\"wp-caption alignleft\"><a href=\"http:\/\/www.inclusivenews.com.br\/wp-content\/uploads\/2010\/09\/sdsp29.jpg\"><img loading=\"lazy\" decoding=\"async\" class=\"size-full wp-image-17560 \" title=\"sdsp29\" src=\"http:\/\/inclusivenews.com.br\/wp-content\/uploads\/2010\/09\/sdsp29.jpg\" alt=\"Helena Werneck, do MetaSocial, e Barbara Magalh\u00e3es, da 3IN, desfilam juntas\" width=\"288\" height=\"432\" \/><\/a><figcaption id=\"caption-attachment-17560\" class=\"wp-caption-text\">Helena Werneck, do MetaSocial, e Barbara Magalh\u00e3es, da 3IN, desfilam juntas<\/figcaption><\/figure>\n<figure id=\"attachment_17562\" aria-describedby=\"caption-attachment-17562\" style=\"width: 432px\" class=\"wp-caption alignleft\"><a href=\"http:\/\/www.inclusivenews.com.br\/wp-content\/uploads\/2010\/09\/sdsp30.jpg\"><img loading=\"lazy\" decoding=\"async\" class=\"size-full wp-image-17562 \" title=\"sdsp30\" src=\"http:\/\/inclusivenews.com.br\/wp-content\/uploads\/2010\/09\/sdsp30.jpg\" alt=\"Fernanda Honorato d\u00e1 entrevista \u00e0 rep\u00f3rter da Globo\" width=\"432\" height=\"288\" \/><\/a><figcaption id=\"caption-attachment-17562\" class=\"wp-caption-text\">Fernanda Honorato d\u00e1 entrevista \u00e0 rep\u00f3rter da Globo<\/figcaption><\/figure>\n<p><a href=\"http:\/\/www.inclusivenews.com.br\/wp-content\/uploads\/2010\/09\/sdsp31.jpg\"><img loading=\"lazy\" decoding=\"async\" class=\"alignleft size-full wp-image-17563\" title=\"sdsp31\" src=\"http:\/\/inclusivenews.com.br\/wp-content\/uploads\/2010\/09\/sdsp31.jpg\" alt=\"\" width=\"432\" height=\"288\" \/><\/a><\/p>\n<p><a href=\"http:\/\/www.inclusivenews.com.br\/wp-content\/uploads\/2010\/09\/sdsp32.jpg\"><img loading=\"lazy\" decoding=\"async\" class=\"alignleft size-full wp-image-17564\" title=\"sdsp32\" src=\"http:\/\/inclusivenews.com.br\/wp-content\/uploads\/2010\/09\/sdsp32.jpg\" alt=\"\" width=\"432\" height=\"288\" \/><\/a><\/p>\n<p><a href=\"http:\/\/www.inclusivenews.com.br\/wp-content\/uploads\/2010\/09\/sdsp33.jpg\"><img loading=\"lazy\" decoding=\"async\" class=\"alignleft size-full wp-image-17565\" title=\"sdsp33\" src=\"http:\/\/inclusivenews.com.br\/wp-content\/uploads\/2010\/09\/sdsp33.jpg\" alt=\"\" width=\"432\" height=\"288\" \/><\/a><\/p>\n<figure id=\"attachment_17566\" aria-describedby=\"caption-attachment-17566\" style=\"width: 432px\" class=\"wp-caption alignleft\"><a href=\"http:\/\/www.inclusivenews.com.br\/wp-content\/uploads\/2010\/09\/sdsp34.jpg\"><img loading=\"lazy\" decoding=\"async\" class=\"size-full wp-image-17566 \" title=\"sdsp34\" src=\"http:\/\/inclusivenews.com.br\/wp-content\/uploads\/2010\/09\/sdsp34.jpg\" alt=\"Luiza Thom\u00e9 d\u00e1 entrevista \u00e0 CNT\" width=\"432\" height=\"288\" \/><\/a><figcaption id=\"caption-attachment-17566\" class=\"wp-caption-text\">Luiza Thom\u00e9 d\u00e1 entrevista \u00e0 CNT<\/figcaption><\/figure>\n<div class=\"mceTemp\">\n<figure id=\"attachment_17580\" aria-describedby=\"caption-attachment-17580\" style=\"width: 420px\" class=\"wp-caption alignleft\"><a href=\"http:\/\/www.inclusivenews.com.br\/wp-content\/uploads\/2010\/09\/DSC05884.jpg\"><img loading=\"lazy\" decoding=\"async\" class=\"size-full wp-image-17580   \" title=\"DSC05884\" src=\"http:\/\/inclusivenews.com.br\/wp-content\/uploads\/2010\/09\/DSC05884.jpg\" alt=\"A modelo Paula Werneck\" width=\"420\" height=\"560\" \/><\/a><figcaption id=\"caption-attachment-17580\" class=\"wp-caption-text\">A modelo Paula Werneck<\/figcaption><\/figure>\n<\/div>\n<p>\u00a0<\/p>\n<p><a href=\"http:\/\/www.inclusivenews.com.br\/wp-content\/uploads\/2010\/09\/DSC05886.jpg\"><img loading=\"lazy\" decoding=\"async\" class=\"alignleft size-full wp-image-17581\" title=\"DSC05886\" src=\"http:\/\/inclusivenews.com.br\/wp-content\/uploads\/2010\/09\/DSC05886.jpg\" alt=\"\" width=\"560\" height=\"420\" \/><\/a><\/p>\n<p><a href=\"http:\/\/www.inclusivenews.com.br\/wp-content\/uploads\/2010\/09\/DSC05887.jpg\"><img loading=\"lazy\" decoding=\"async\" class=\"alignleft size-full wp-image-17582\" title=\"DSC05887\" src=\"http:\/\/inclusivenews.com.br\/wp-content\/uploads\/2010\/09\/DSC05887.jpg\" alt=\"\" width=\"560\" height=\"420\" \/><\/a><\/p>\n<p><a href=\"http:\/\/www.inclusivenews.com.br\/wp-content\/uploads\/2010\/09\/DSC05890.jpg\"><img loading=\"lazy\" decoding=\"async\" class=\"alignleft size-full wp-image-17585\" title=\"DSC05890\" src=\"http:\/\/inclusivenews.com.br\/wp-content\/uploads\/2010\/09\/DSC05890.jpg\" alt=\"\" width=\"560\" height=\"420\" \/><\/a><\/p>\n<p>Assista aos videos mostrando trechos do desfile:<\/p>\n<p><a href=\"http:\/\/www.inclusivenews.com.br\/wp-content\/uploads\/2010\/09\/MOV05891.mpg\">MOV05891<\/a><\/p>\n<p><a href=\"http:\/\/www.inclusivenews.com.br\/wp-content\/uploads\/2010\/09\/MOV05893.mpg\">MOV05893<\/a><\/p>\n<p>Fonte: 3IN e Instituto MetaSocial<\/p>\n<p><a href=\"http:\/\/www.3in.org.br\/Noticias_View.aspx?id=917&amp;origem=noticias\">http:\/\/www.3in.org.br\/Noticias_View.aspx?id=917&amp;origem=noticias<\/a><\/p>\n","protected":false},"excerpt":{"rendered":"<p>Luiza Tom\u00e9 ocupou a passarela vestindo a camiseta elaborada pela estilista Luciana Daud para a Campanha \u201cSER DIFERENTE \u00c9 NORMAL\u201d com Fernanda Honorato, Paula Werneck e Tabata Contri.<\/p>\n","protected":false},"author":1,"featured_media":0,"comment_status":"open","ping_status":"open","sticky":false,"template":"","format":"standard","meta":{"site-container-style":"default","site-container-layout":"default","site-sidebar-layout":"default","disable-article-header":"default","disable-site-header":"default","disable-site-footer":"default","disable-content-area-spacing":"default","footnotes":""},"categories":[3,38,48,4],"tags":[],"class_list":["post-17510","post","type-post","status-publish","format-standard","hentry","category-campanhas","category-deficiencia","category-inclusao","category-noticias"],"yoast_head":"<!-- This site is optimized with the Yoast SEO plugin v27.4 - https:\/\/yoast.com\/product\/yoast-seo-wordpress\/ -->\n<title>Campanha Ser Diferente \u00e9 Normal \u00e9 lan\u00e7ada em S\u00e3o Paulo -<\/title>\n<meta name=\"robots\" content=\"index, follow, max-snippet:-1, max-image-preview:large, max-video-preview:-1\" \/>\n<link rel=\"canonical\" href=\"https:\/\/inclusivenews.com.br\/?p=17510\" \/>\n<meta property=\"og:locale\" content=\"pt_PT\" \/>\n<meta property=\"og:type\" content=\"article\" \/>\n<meta property=\"og:title\" content=\"Campanha Ser Diferente \u00e9 Normal \u00e9 lan\u00e7ada em S\u00e3o Paulo -\" \/>\n<meta property=\"og:description\" content=\"Luiza Tom\u00e9 ocupou a passarela vestindo a camiseta elaborada pela estilista Luciana Daud para a Campanha \u201cSER DIFERENTE \u00c9 NORMAL\u201d com Fernanda Honorato, Paula Werneck e Tabata Contri.\" \/>\n<meta property=\"og:url\" content=\"https:\/\/inclusivenews.com.br\/?p=17510\" \/>\n<meta property=\"article:publisher\" content=\"https:\/\/www.facebook.com\/agenciainclusive\/\" \/>\n<meta property=\"article:published_time\" content=\"2010-09-28T19:42:22+00:00\" \/>\n<meta property=\"og:image\" content=\"http:\/\/inclusivenews.com.br\/wp-content\/uploads\/2010\/09\/luiza-e-barbara.jpg\" \/>\n<meta name=\"author\" content=\"inclusivenews2024\" \/>\n<meta name=\"twitter:card\" content=\"summary_large_image\" \/>\n<meta name=\"twitter:label1\" content=\"Escrito por\" \/>\n\t<meta name=\"twitter:data1\" content=\"inclusivenews2024\" \/>\n\t<meta name=\"twitter:label2\" content=\"Tempo estimado de leitura\" \/>\n\t<meta name=\"twitter:data2\" content=\"3 minutos\" \/>\n<script type=\"application\/ld+json\" class=\"yoast-schema-graph\">{\"@context\":\"https:\\\/\\\/schema.org\",\"@graph\":[{\"@type\":\"Article\",\"@id\":\"https:\\\/\\\/inclusivenews.com.br\\\/?p=17510#article\",\"isPartOf\":{\"@id\":\"https:\\\/\\\/inclusivenews.com.br\\\/?p=17510\"},\"author\":{\"name\":\"inclusivenews2024\",\"@id\":\"https:\\\/\\\/inclusivenews.com.br\\\/#\\\/schema\\\/person\\\/ae4ec7087559b8692fb33b6fffd2273b\"},\"headline\":\"Campanha Ser Diferente \u00e9 Normal \u00e9 lan\u00e7ada em S\u00e3o Paulo\",\"datePublished\":\"2010-09-28T19:42:22+00:00\",\"mainEntityOfPage\":{\"@id\":\"https:\\\/\\\/inclusivenews.com.br\\\/?p=17510\"},\"wordCount\":571,\"commentCount\":4,\"publisher\":{\"@id\":\"https:\\\/\\\/inclusivenews.com.br\\\/#organization\"},\"image\":{\"@id\":\"https:\\\/\\\/inclusivenews.com.br\\\/?p=17510#primaryimage\"},\"thumbnailUrl\":\"http:\\\/\\\/inclusivenews.com.br\\\/wp-content\\\/uploads\\\/2010\\\/09\\\/luiza-e-barbara.jpg\",\"articleSection\":[\"CAMPANHAS\",\"Defici\u00eancia\",\"INCLUS\u00c3O SOCIAL\",\"NOT\u00cdCIAS\"],\"inLanguage\":\"pt-PT\",\"potentialAction\":[{\"@type\":\"CommentAction\",\"name\":\"Comment\",\"target\":[\"https:\\\/\\\/inclusivenews.com.br\\\/?p=17510#respond\"]}]},{\"@type\":\"WebPage\",\"@id\":\"https:\\\/\\\/inclusivenews.com.br\\\/?p=17510\",\"url\":\"https:\\\/\\\/inclusivenews.com.br\\\/?p=17510\",\"name\":\"Campanha Ser Diferente \u00e9 Normal \u00e9 lan\u00e7ada em S\u00e3o Paulo -\",\"isPartOf\":{\"@id\":\"https:\\\/\\\/inclusivenews.com.br\\\/#website\"},\"primaryImageOfPage\":{\"@id\":\"https:\\\/\\\/inclusivenews.com.br\\\/?p=17510#primaryimage\"},\"image\":{\"@id\":\"https:\\\/\\\/inclusivenews.com.br\\\/?p=17510#primaryimage\"},\"thumbnailUrl\":\"http:\\\/\\\/inclusivenews.com.br\\\/wp-content\\\/uploads\\\/2010\\\/09\\\/luiza-e-barbara.jpg\",\"datePublished\":\"2010-09-28T19:42:22+00:00\",\"breadcrumb\":{\"@id\":\"https:\\\/\\\/inclusivenews.com.br\\\/?p=17510#breadcrumb\"},\"inLanguage\":\"pt-PT\",\"potentialAction\":[{\"@type\":\"ReadAction\",\"target\":[\"https:\\\/\\\/inclusivenews.com.br\\\/?p=17510\"]}]},{\"@type\":\"ImageObject\",\"inLanguage\":\"pt-PT\",\"@id\":\"https:\\\/\\\/inclusivenews.com.br\\\/?p=17510#primaryimage\",\"url\":\"\",\"contentUrl\":\"\"},{\"@type\":\"BreadcrumbList\",\"@id\":\"https:\\\/\\\/inclusivenews.com.br\\\/?p=17510#breadcrumb\",\"itemListElement\":[{\"@type\":\"ListItem\",\"position\":1,\"name\":\"In\u00edcio\",\"item\":\"https:\\\/\\\/inclusivenews.com.br\\\/\"},{\"@type\":\"ListItem\",\"position\":2,\"name\":\"Campanha Ser Diferente \u00e9 Normal \u00e9 lan\u00e7ada em S\u00e3o Paulo\"}]},{\"@type\":\"WebSite\",\"@id\":\"https:\\\/\\\/inclusivenews.com.br\\\/#website\",\"url\":\"https:\\\/\\\/inclusivenews.com.br\\\/\",\"name\":\"Inclusive News\",\"description\":\"Inclusive News\",\"publisher\":{\"@id\":\"https:\\\/\\\/inclusivenews.com.br\\\/#organization\"},\"potentialAction\":[{\"@type\":\"SearchAction\",\"target\":{\"@type\":\"EntryPoint\",\"urlTemplate\":\"https:\\\/\\\/inclusivenews.com.br\\\/?s={search_term_string}\"},\"query-input\":{\"@type\":\"PropertyValueSpecification\",\"valueRequired\":true,\"valueName\":\"search_term_string\"}}],\"inLanguage\":\"pt-PT\"},{\"@type\":\"Organization\",\"@id\":\"https:\\\/\\\/inclusivenews.com.br\\\/#organization\",\"name\":\"Inclusive - inclus\u00e3o e cidadania\",\"url\":\"https:\\\/\\\/inclusivenews.com.br\\\/\",\"logo\":{\"@type\":\"ImageObject\",\"inLanguage\":\"pt-PT\",\"@id\":\"https:\\\/\\\/inclusivenews.com.br\\\/#\\\/schema\\\/logo\\\/image\\\/\",\"url\":\"https:\\\/\\\/inclusivenews.com.br\\\/wp-content\\\/uploads\\\/2024\\\/03\\\/@grandesite.png\",\"contentUrl\":\"https:\\\/\\\/inclusivenews.com.br\\\/wp-content\\\/uploads\\\/2024\\\/03\\\/@grandesite.png\",\"width\":1080,\"height\":1080,\"caption\":\"Inclusive - inclus\u00e3o e cidadania\"},\"image\":{\"@id\":\"https:\\\/\\\/inclusivenews.com.br\\\/#\\\/schema\\\/logo\\\/image\\\/\"},\"sameAs\":[\"https:\\\/\\\/www.facebook.com\\\/agenciainclusive\\\/\",\"https:\\\/\\\/www.instagram.com\\\/newsinclusive\\\/\"]},{\"@type\":\"Person\",\"@id\":\"https:\\\/\\\/inclusivenews.com.br\\\/#\\\/schema\\\/person\\\/ae4ec7087559b8692fb33b6fffd2273b\",\"name\":\"inclusivenews2024\",\"image\":{\"@type\":\"ImageObject\",\"inLanguage\":\"pt-PT\",\"@id\":\"https:\\\/\\\/secure.gravatar.com\\\/avatar\\\/c5a7ef84c66fa914f55bc4f7ce26cfa275a3b9a1c5568b907bd184fb4dde7b40?s=96&d=mm&r=g\",\"url\":\"https:\\\/\\\/secure.gravatar.com\\\/avatar\\\/c5a7ef84c66fa914f55bc4f7ce26cfa275a3b9a1c5568b907bd184fb4dde7b40?s=96&d=mm&r=g\",\"contentUrl\":\"https:\\\/\\\/secure.gravatar.com\\\/avatar\\\/c5a7ef84c66fa914f55bc4f7ce26cfa275a3b9a1c5568b907bd184fb4dde7b40?s=96&d=mm&r=g\",\"caption\":\"inclusivenews2024\"},\"sameAs\":[\"https:\\\/\\\/inclusivenews.com.br\"],\"url\":\"https:\\\/\\\/inclusivenews.com.br\\\/?author=1\"}]}<\/script>\n<!-- \/ Yoast SEO plugin. -->","yoast_head_json":{"title":"Campanha Ser Diferente \u00e9 Normal \u00e9 lan\u00e7ada em S\u00e3o Paulo -","robots":{"index":"index","follow":"follow","max-snippet":"max-snippet:-1","max-image-preview":"max-image-preview:large","max-video-preview":"max-video-preview:-1"},"canonical":"https:\/\/inclusivenews.com.br\/?p=17510","og_locale":"pt_PT","og_type":"article","og_title":"Campanha Ser Diferente \u00e9 Normal \u00e9 lan\u00e7ada em S\u00e3o Paulo -","og_description":"Luiza Tom\u00e9 ocupou a passarela vestindo a camiseta elaborada pela estilista Luciana Daud para a Campanha \u201cSER DIFERENTE \u00c9 NORMAL\u201d com Fernanda Honorato, Paula Werneck e Tabata Contri.","og_url":"https:\/\/inclusivenews.com.br\/?p=17510","article_publisher":"https:\/\/www.facebook.com\/agenciainclusive\/","article_published_time":"2010-09-28T19:42:22+00:00","og_image":[{"url":"http:\/\/inclusivenews.com.br\/wp-content\/uploads\/2010\/09\/luiza-e-barbara.jpg","type":"","width":"","height":""}],"author":"inclusivenews2024","twitter_card":"summary_large_image","twitter_misc":{"Escrito por":"inclusivenews2024","Tempo estimado de leitura":"3 minutos"},"schema":{"@context":"https:\/\/schema.org","@graph":[{"@type":"Article","@id":"https:\/\/inclusivenews.com.br\/?p=17510#article","isPartOf":{"@id":"https:\/\/inclusivenews.com.br\/?p=17510"},"author":{"name":"inclusivenews2024","@id":"https:\/\/inclusivenews.com.br\/#\/schema\/person\/ae4ec7087559b8692fb33b6fffd2273b"},"headline":"Campanha Ser Diferente \u00e9 Normal \u00e9 lan\u00e7ada em S\u00e3o Paulo","datePublished":"2010-09-28T19:42:22+00:00","mainEntityOfPage":{"@id":"https:\/\/inclusivenews.com.br\/?p=17510"},"wordCount":571,"commentCount":4,"publisher":{"@id":"https:\/\/inclusivenews.com.br\/#organization"},"image":{"@id":"https:\/\/inclusivenews.com.br\/?p=17510#primaryimage"},"thumbnailUrl":"http:\/\/inclusivenews.com.br\/wp-content\/uploads\/2010\/09\/luiza-e-barbara.jpg","articleSection":["CAMPANHAS","Defici\u00eancia","INCLUS\u00c3O SOCIAL","NOT\u00cdCIAS"],"inLanguage":"pt-PT","potentialAction":[{"@type":"CommentAction","name":"Comment","target":["https:\/\/inclusivenews.com.br\/?p=17510#respond"]}]},{"@type":"WebPage","@id":"https:\/\/inclusivenews.com.br\/?p=17510","url":"https:\/\/inclusivenews.com.br\/?p=17510","name":"Campanha Ser Diferente \u00e9 Normal \u00e9 lan\u00e7ada em S\u00e3o Paulo -","isPartOf":{"@id":"https:\/\/inclusivenews.com.br\/#website"},"primaryImageOfPage":{"@id":"https:\/\/inclusivenews.com.br\/?p=17510#primaryimage"},"image":{"@id":"https:\/\/inclusivenews.com.br\/?p=17510#primaryimage"},"thumbnailUrl":"http:\/\/inclusivenews.com.br\/wp-content\/uploads\/2010\/09\/luiza-e-barbara.jpg","datePublished":"2010-09-28T19:42:22+00:00","breadcrumb":{"@id":"https:\/\/inclusivenews.com.br\/?p=17510#breadcrumb"},"inLanguage":"pt-PT","potentialAction":[{"@type":"ReadAction","target":["https:\/\/inclusivenews.com.br\/?p=17510"]}]},{"@type":"ImageObject","inLanguage":"pt-PT","@id":"https:\/\/inclusivenews.com.br\/?p=17510#primaryimage","url":"","contentUrl":""},{"@type":"BreadcrumbList","@id":"https:\/\/inclusivenews.com.br\/?p=17510#breadcrumb","itemListElement":[{"@type":"ListItem","position":1,"name":"In\u00edcio","item":"https:\/\/inclusivenews.com.br\/"},{"@type":"ListItem","position":2,"name":"Campanha Ser Diferente \u00e9 Normal \u00e9 lan\u00e7ada em S\u00e3o Paulo"}]},{"@type":"WebSite","@id":"https:\/\/inclusivenews.com.br\/#website","url":"https:\/\/inclusivenews.com.br\/","name":"Inclusive News","description":"Inclusive News","publisher":{"@id":"https:\/\/inclusivenews.com.br\/#organization"},"potentialAction":[{"@type":"SearchAction","target":{"@type":"EntryPoint","urlTemplate":"https:\/\/inclusivenews.com.br\/?s={search_term_string}"},"query-input":{"@type":"PropertyValueSpecification","valueRequired":true,"valueName":"search_term_string"}}],"inLanguage":"pt-PT"},{"@type":"Organization","@id":"https:\/\/inclusivenews.com.br\/#organization","name":"Inclusive - inclus\u00e3o e cidadania","url":"https:\/\/inclusivenews.com.br\/","logo":{"@type":"ImageObject","inLanguage":"pt-PT","@id":"https:\/\/inclusivenews.com.br\/#\/schema\/logo\/image\/","url":"https:\/\/inclusivenews.com.br\/wp-content\/uploads\/2024\/03\/@grandesite.png","contentUrl":"https:\/\/inclusivenews.com.br\/wp-content\/uploads\/2024\/03\/@grandesite.png","width":1080,"height":1080,"caption":"Inclusive - inclus\u00e3o e cidadania"},"image":{"@id":"https:\/\/inclusivenews.com.br\/#\/schema\/logo\/image\/"},"sameAs":["https:\/\/www.facebook.com\/agenciainclusive\/","https:\/\/www.instagram.com\/newsinclusive\/"]},{"@type":"Person","@id":"https:\/\/inclusivenews.com.br\/#\/schema\/person\/ae4ec7087559b8692fb33b6fffd2273b","name":"inclusivenews2024","image":{"@type":"ImageObject","inLanguage":"pt-PT","@id":"https:\/\/secure.gravatar.com\/avatar\/c5a7ef84c66fa914f55bc4f7ce26cfa275a3b9a1c5568b907bd184fb4dde7b40?s=96&d=mm&r=g","url":"https:\/\/secure.gravatar.com\/avatar\/c5a7ef84c66fa914f55bc4f7ce26cfa275a3b9a1c5568b907bd184fb4dde7b40?s=96&d=mm&r=g","contentUrl":"https:\/\/secure.gravatar.com\/avatar\/c5a7ef84c66fa914f55bc4f7ce26cfa275a3b9a1c5568b907bd184fb4dde7b40?s=96&d=mm&r=g","caption":"inclusivenews2024"},"sameAs":["https:\/\/inclusivenews.com.br"],"url":"https:\/\/inclusivenews.com.br\/?author=1"}]}},"_links":{"self":[{"href":"https:\/\/inclusivenews.com.br\/index.php?rest_route=\/wp\/v2\/posts\/17510","targetHints":{"allow":["GET"]}}],"collection":[{"href":"https:\/\/inclusivenews.com.br\/index.php?rest_route=\/wp\/v2\/posts"}],"about":[{"href":"https:\/\/inclusivenews.com.br\/index.php?rest_route=\/wp\/v2\/types\/post"}],"author":[{"embeddable":true,"href":"https:\/\/inclusivenews.com.br\/index.php?rest_route=\/wp\/v2\/users\/1"}],"replies":[{"embeddable":true,"href":"https:\/\/inclusivenews.com.br\/index.php?rest_route=%2Fwp%2Fv2%2Fcomments&post=17510"}],"version-history":[{"count":0,"href":"https:\/\/inclusivenews.com.br\/index.php?rest_route=\/wp\/v2\/posts\/17510\/revisions"}],"wp:attachment":[{"href":"https:\/\/inclusivenews.com.br\/index.php?rest_route=%2Fwp%2Fv2%2Fmedia&parent=17510"}],"wp:term":[{"taxonomy":"category","embeddable":true,"href":"https:\/\/inclusivenews.com.br\/index.php?rest_route=%2Fwp%2Fv2%2Fcategories&post=17510"},{"taxonomy":"post_tag","embeddable":true,"href":"https:\/\/inclusivenews.com.br\/index.php?rest_route=%2Fwp%2Fv2%2Ftags&post=17510"}],"curies":[{"name":"wp","href":"https:\/\/api.w.org\/{rel}","templated":true}]}}