{"id":17593,"date":"2010-10-07T06:06:10","date_gmt":"2010-10-07T09:06:10","guid":{"rendered":"http:\/\/www.inclusive.org.br\/?p=17593"},"modified":"2010-10-07T06:06:10","modified_gmt":"2010-10-07T09:06:10","slug":"estimulos-reduzem-os-sintomas-do-autismo","status":"publish","type":"post","link":"https:\/\/inclusivenews.com.br\/?p=17593","title":{"rendered":"Est\u00edmulos reduzem os sintomas do autismo"},"content":{"rendered":"<p><em><span style=\"font-size: 14px; color: #000000;\">S\u00edndrome n\u00e3o tem cura mas tratamento precoce traz melhoras e permite rotina pr\u00f3xima do normal<\/span><\/em><\/p>\n<figure style=\"width: 364px\" class=\"wp-caption alignnone\"><img loading=\"lazy\" decoding=\"async\" src=\"http:\/\/cosmo.uol.com.br\/multimidia\/imagens\/2010%5C09%5C24%5C63543173526G.jpg\" alt=\"\" width=\"364\" height=\"272\" \/><figcaption class=\"wp-caption-text\"> Jo\u00e3o Victor e a m\u00e3e Cristina (\u00e0 dir.) participam de atividade no Instituto Ser: est\u00edmulo e progressos (Foto: Divulga\u00e7\u00e3o)<\/figcaption><\/figure>\n<p><span><span style=\"font-size: 14px; color: #000000;\"><strong>Delma Medeiros, Ag\u00eancia Anhanguera de Not\u00edcias<\/strong><\/span><\/span><\/p>\n<p><span><span style=\"font-size: 14px; color: #000000;\"> Uma s\u00edndrome neuro-comportamental que interfere no desenvolvimento social, na linguagem e na capacidade criativa da crian\u00e7a, o autismo infantil n\u00e3o tem causa conhecida nem cura. Mas, quando diagnosticado e tratado precocemente por profissionais especializados, tem seus sintomas gradualmente amenizados, permitindo aos portadores uma rotina muito pr\u00f3xima do normal, com desenvolvimento de linguagem e intera\u00e7\u00e3o social. <\/span><\/span><\/p>\n<p><span><span style=\"font-size: 14px; color: #000000;\"> Na mesma linha, a s\u00edndrome de Asperger, tamb\u00e9m do espectro do autismo, \u00e9 um transtorno pouco conhecido inclusive pela classe m\u00e9dica. A s\u00edndrome se caracteriza pelo isolamento, pouca comunica\u00e7\u00e3o verbal e interesse muito focado. Se diferencia do autismo por n\u00e3o comportar nenhum atraso no desenvolvimento cognitivo ou de linguagem. \u201cAs pessoas dotadas da condi\u00e7\u00e3o de Asperger t\u00eam intelig\u00eancia normal ou at\u00e9 acima da m\u00e9dia\u201d, afirma a psic\u00f3loga Ana Parreira, que tem um familiar com a s\u00edndrome e passou a estudar o tema. <\/span><\/span><\/p>\n<p><span><span style=\"font-size: 14px; color: #000000;\"> Segundo o psiquiatra da inf\u00e2ncia e adolesc\u00eancia, C\u00e9sar de Moraes, a s\u00edndrome de autismo come\u00e7a cedo, antes dos 3 anos. \u201cMas, comumente, \u00e9 poss\u00edvel se observar altera\u00e7\u00f5es no desenvolvimento j\u00e1 no primeiro ano de vida\u201d, diz o especialista. N\u00e3o responder quando chamado pelo nome e n\u00e3o apontar coisas s\u00e3o alguns dos sinais de autismo infantil. \u201cEssas altera\u00e7\u00f5es ficam mais evidentes a partir do segundo ano de vida. O atraso no desenvolvimento da fala \u00e9 o fator que mais leva os pais a buscarem ajuda especializada\u201d, informa. <\/span><\/span><\/p>\n<p><span><span style=\"font-size: 14px; color: #000000;\"> Segundo o m\u00e9dico, n\u00e3o h\u00e1 dados estat\u00edsticos da s\u00edndrome no Brasil. Mas, dados internacionais de pa\u00edses como Estados Unidos, Inglaterra e Canad\u00e1 sugerem uma preval\u00eancia em torno de 1% das crian\u00e7as. O transtorno acarreta dificuldades de intera\u00e7\u00e3o social, atraso ou aus\u00eancia da fala, comportamento repetitivo, apego \u00e0 rotina, pouco contato visual, falta de criatividade nas brincadeiras, dificuldade de express\u00e3o e de interpretar fatos e pouca socializa\u00e7\u00e3o. J\u00e1 o tratamento em centros especializados e equipe transdisciplinar, com estimula\u00e7\u00e3o da linguagem, cogni\u00e7\u00e3o e socializa\u00e7\u00e3o, nas \u00e1reas de fonoaudiologia, terapia ocupacional, atividades pedag\u00f3gicas, entre outras, melhora o desenvolvimento da crian\u00e7a. \u201cO tratamento consiste nesse processo de estimula\u00e7\u00e3o e orienta\u00e7\u00e3o \u00e0 fam\u00edlia\u201d, diz.<br \/>\n____________<\/span><\/span><\/p>\n<p><span><span style=\"font-size: 14px; color: #000000;\"> <strong>Fonte:<\/strong> <a href=\"http:\/\/cosmo.uol.com.br\/noticia\/63543\/2010-09-24\/estimulos-reduzem-os-sintomas-do-autismo.html\">Cosmo<\/a><br \/>\n<\/span><\/span><\/p>\n","protected":false},"excerpt":{"rendered":"<p>S\u00edndrome n\u00e3o tem cura mas tratamento precoce traz melhoras e permite rotina pr\u00f3xima do normal. Do Cosmo on-line\/Ag\u00eancia Anhanguera de Not\u00edcias.<\/p>\n","protected":false},"author":1,"featured_media":0,"comment_status":"open","ping_status":"open","sticky":false,"template":"","format":"standard","meta":{"site-container-style":"default","site-container-layout":"default","site-sidebar-layout":"default","disable-article-header":"default","disable-site-header":"default","disable-site-footer":"default","disable-content-area-spacing":"default","footnotes":""},"categories":[6,48,4],"tags":[34],"class_list":["post-17593","post","type-post","status-publish","format-standard","hentry","category-educacao","category-inclusao","category-noticias","tag-autismo"],"yoast_head":"<!-- This site is optimized with the Yoast SEO plugin v27.4 - https:\/\/yoast.com\/product\/yoast-seo-wordpress\/ -->\n<title>Est\u00edmulos reduzem os sintomas do autismo -<\/title>\n<meta name=\"robots\" content=\"index, follow, max-snippet:-1, max-image-preview:large, max-video-preview:-1\" \/>\n<link rel=\"canonical\" href=\"https:\/\/inclusivenews.com.br\/?p=17593\" \/>\n<meta property=\"og:locale\" content=\"pt_PT\" \/>\n<meta property=\"og:type\" content=\"article\" \/>\n<meta property=\"og:title\" content=\"Est\u00edmulos reduzem os sintomas do autismo -\" \/>\n<meta property=\"og:description\" content=\"S\u00edndrome n\u00e3o tem cura mas tratamento precoce traz melhoras e permite rotina pr\u00f3xima do normal. Do Cosmo on-line\/Ag\u00eancia Anhanguera de Not\u00edcias.\" \/>\n<meta property=\"og:url\" content=\"https:\/\/inclusivenews.com.br\/?p=17593\" \/>\n<meta property=\"article:publisher\" content=\"https:\/\/www.facebook.com\/agenciainclusive\/\" \/>\n<meta property=\"article:published_time\" content=\"2010-10-07T09:06:10+00:00\" \/>\n<meta property=\"og:image\" content=\"http:\/\/cosmo.uol.com.br\/multimidia\/imagens\/2010%5C09%5C24%5C63543173526G.jpg\" \/>\n<meta name=\"author\" content=\"inclusivenews2024\" \/>\n<meta name=\"twitter:card\" content=\"summary_large_image\" \/>\n<meta name=\"twitter:label1\" content=\"Escrito por\" \/>\n\t<meta name=\"twitter:data1\" content=\"inclusivenews2024\" \/>\n\t<meta name=\"twitter:label2\" content=\"Tempo estimado de leitura\" \/>\n\t<meta name=\"twitter:data2\" content=\"2 minutos\" \/>\n<script type=\"application\/ld+json\" class=\"yoast-schema-graph\">{\"@context\":\"https:\\\/\\\/schema.org\",\"@graph\":[{\"@type\":\"Article\",\"@id\":\"https:\\\/\\\/inclusivenews.com.br\\\/?p=17593#article\",\"isPartOf\":{\"@id\":\"https:\\\/\\\/inclusivenews.com.br\\\/?p=17593\"},\"author\":{\"name\":\"inclusivenews2024\",\"@id\":\"https:\\\/\\\/inclusivenews.com.br\\\/#\\\/schema\\\/person\\\/ae4ec7087559b8692fb33b6fffd2273b\"},\"headline\":\"Est\u00edmulos reduzem os sintomas do autismo\",\"datePublished\":\"2010-10-07T09:06:10+00:00\",\"mainEntityOfPage\":{\"@id\":\"https:\\\/\\\/inclusivenews.com.br\\\/?p=17593\"},\"wordCount\":436,\"commentCount\":0,\"publisher\":{\"@id\":\"https:\\\/\\\/inclusivenews.com.br\\\/#organization\"},\"image\":{\"@id\":\"https:\\\/\\\/inclusivenews.com.br\\\/?p=17593#primaryimage\"},\"thumbnailUrl\":\"http:\\\/\\\/cosmo.uol.com.br\\\/multimidia\\\/imagens\\\/2010%5C09%5C24%5C63543173526G.jpg\",\"keywords\":[\"Autismo\"],\"articleSection\":[\"EDUCA\u00c7\u00c3O\",\"INCLUS\u00c3O SOCIAL\",\"NOT\u00cdCIAS\"],\"inLanguage\":\"pt-PT\",\"potentialAction\":[{\"@type\":\"CommentAction\",\"name\":\"Comment\",\"target\":[\"https:\\\/\\\/inclusivenews.com.br\\\/?p=17593#respond\"]}]},{\"@type\":\"WebPage\",\"@id\":\"https:\\\/\\\/inclusivenews.com.br\\\/?p=17593\",\"url\":\"https:\\\/\\\/inclusivenews.com.br\\\/?p=17593\",\"name\":\"Est\u00edmulos reduzem os sintomas do autismo -\",\"isPartOf\":{\"@id\":\"https:\\\/\\\/inclusivenews.com.br\\\/#website\"},\"primaryImageOfPage\":{\"@id\":\"https:\\\/\\\/inclusivenews.com.br\\\/?p=17593#primaryimage\"},\"image\":{\"@id\":\"https:\\\/\\\/inclusivenews.com.br\\\/?p=17593#primaryimage\"},\"thumbnailUrl\":\"http:\\\/\\\/cosmo.uol.com.br\\\/multimidia\\\/imagens\\\/2010%5C09%5C24%5C63543173526G.jpg\",\"datePublished\":\"2010-10-07T09:06:10+00:00\",\"breadcrumb\":{\"@id\":\"https:\\\/\\\/inclusivenews.com.br\\\/?p=17593#breadcrumb\"},\"inLanguage\":\"pt-PT\",\"potentialAction\":[{\"@type\":\"ReadAction\",\"target\":[\"https:\\\/\\\/inclusivenews.com.br\\\/?p=17593\"]}]},{\"@type\":\"ImageObject\",\"inLanguage\":\"pt-PT\",\"@id\":\"https:\\\/\\\/inclusivenews.com.br\\\/?p=17593#primaryimage\",\"url\":\"http:\\\/\\\/cosmo.uol.com.br\\\/multimidia\\\/imagens\\\/2010%5C09%5C24%5C63543173526G.jpg\",\"contentUrl\":\"http:\\\/\\\/cosmo.uol.com.br\\\/multimidia\\\/imagens\\\/2010%5C09%5C24%5C63543173526G.jpg\"},{\"@type\":\"BreadcrumbList\",\"@id\":\"https:\\\/\\\/inclusivenews.com.br\\\/?p=17593#breadcrumb\",\"itemListElement\":[{\"@type\":\"ListItem\",\"position\":1,\"name\":\"In\u00edcio\",\"item\":\"https:\\\/\\\/inclusivenews.com.br\\\/\"},{\"@type\":\"ListItem\",\"position\":2,\"name\":\"Est\u00edmulos reduzem os sintomas do autismo\"}]},{\"@type\":\"WebSite\",\"@id\":\"https:\\\/\\\/inclusivenews.com.br\\\/#website\",\"url\":\"https:\\\/\\\/inclusivenews.com.br\\\/\",\"name\":\"Inclusive News\",\"description\":\"Inclusive News\",\"publisher\":{\"@id\":\"https:\\\/\\\/inclusivenews.com.br\\\/#organization\"},\"potentialAction\":[{\"@type\":\"SearchAction\",\"target\":{\"@type\":\"EntryPoint\",\"urlTemplate\":\"https:\\\/\\\/inclusivenews.com.br\\\/?s={search_term_string}\"},\"query-input\":{\"@type\":\"PropertyValueSpecification\",\"valueRequired\":true,\"valueName\":\"search_term_string\"}}],\"inLanguage\":\"pt-PT\"},{\"@type\":\"Organization\",\"@id\":\"https:\\\/\\\/inclusivenews.com.br\\\/#organization\",\"name\":\"Inclusive - inclus\u00e3o e cidadania\",\"url\":\"https:\\\/\\\/inclusivenews.com.br\\\/\",\"logo\":{\"@type\":\"ImageObject\",\"inLanguage\":\"pt-PT\",\"@id\":\"https:\\\/\\\/inclusivenews.com.br\\\/#\\\/schema\\\/logo\\\/image\\\/\",\"url\":\"https:\\\/\\\/inclusivenews.com.br\\\/wp-content\\\/uploads\\\/2024\\\/03\\\/@grandesite.png\",\"contentUrl\":\"https:\\\/\\\/inclusivenews.com.br\\\/wp-content\\\/uploads\\\/2024\\\/03\\\/@grandesite.png\",\"width\":1080,\"height\":1080,\"caption\":\"Inclusive - inclus\u00e3o e cidadania\"},\"image\":{\"@id\":\"https:\\\/\\\/inclusivenews.com.br\\\/#\\\/schema\\\/logo\\\/image\\\/\"},\"sameAs\":[\"https:\\\/\\\/www.facebook.com\\\/agenciainclusive\\\/\",\"https:\\\/\\\/www.instagram.com\\\/newsinclusive\\\/\"]},{\"@type\":\"Person\",\"@id\":\"https:\\\/\\\/inclusivenews.com.br\\\/#\\\/schema\\\/person\\\/ae4ec7087559b8692fb33b6fffd2273b\",\"name\":\"inclusivenews2024\",\"image\":{\"@type\":\"ImageObject\",\"inLanguage\":\"pt-PT\",\"@id\":\"https:\\\/\\\/secure.gravatar.com\\\/avatar\\\/c5a7ef84c66fa914f55bc4f7ce26cfa275a3b9a1c5568b907bd184fb4dde7b40?s=96&d=mm&r=g\",\"url\":\"https:\\\/\\\/secure.gravatar.com\\\/avatar\\\/c5a7ef84c66fa914f55bc4f7ce26cfa275a3b9a1c5568b907bd184fb4dde7b40?s=96&d=mm&r=g\",\"contentUrl\":\"https:\\\/\\\/secure.gravatar.com\\\/avatar\\\/c5a7ef84c66fa914f55bc4f7ce26cfa275a3b9a1c5568b907bd184fb4dde7b40?s=96&d=mm&r=g\",\"caption\":\"inclusivenews2024\"},\"sameAs\":[\"https:\\\/\\\/inclusivenews.com.br\"],\"url\":\"https:\\\/\\\/inclusivenews.com.br\\\/?author=1\"}]}<\/script>\n<!-- \/ Yoast SEO plugin. -->","yoast_head_json":{"title":"Est\u00edmulos reduzem os sintomas do autismo -","robots":{"index":"index","follow":"follow","max-snippet":"max-snippet:-1","max-image-preview":"max-image-preview:large","max-video-preview":"max-video-preview:-1"},"canonical":"https:\/\/inclusivenews.com.br\/?p=17593","og_locale":"pt_PT","og_type":"article","og_title":"Est\u00edmulos reduzem os sintomas do autismo -","og_description":"S\u00edndrome n\u00e3o tem cura mas tratamento precoce traz melhoras e permite rotina pr\u00f3xima do normal. Do Cosmo on-line\/Ag\u00eancia Anhanguera de Not\u00edcias.","og_url":"https:\/\/inclusivenews.com.br\/?p=17593","article_publisher":"https:\/\/www.facebook.com\/agenciainclusive\/","article_published_time":"2010-10-07T09:06:10+00:00","og_image":[{"url":"http:\/\/cosmo.uol.com.br\/multimidia\/imagens\/2010%5C09%5C24%5C63543173526G.jpg","type":"","width":"","height":""}],"author":"inclusivenews2024","twitter_card":"summary_large_image","twitter_misc":{"Escrito por":"inclusivenews2024","Tempo estimado de leitura":"2 minutos"},"schema":{"@context":"https:\/\/schema.org","@graph":[{"@type":"Article","@id":"https:\/\/inclusivenews.com.br\/?p=17593#article","isPartOf":{"@id":"https:\/\/inclusivenews.com.br\/?p=17593"},"author":{"name":"inclusivenews2024","@id":"https:\/\/inclusivenews.com.br\/#\/schema\/person\/ae4ec7087559b8692fb33b6fffd2273b"},"headline":"Est\u00edmulos reduzem os sintomas do autismo","datePublished":"2010-10-07T09:06:10+00:00","mainEntityOfPage":{"@id":"https:\/\/inclusivenews.com.br\/?p=17593"},"wordCount":436,"commentCount":0,"publisher":{"@id":"https:\/\/inclusivenews.com.br\/#organization"},"image":{"@id":"https:\/\/inclusivenews.com.br\/?p=17593#primaryimage"},"thumbnailUrl":"http:\/\/cosmo.uol.com.br\/multimidia\/imagens\/2010%5C09%5C24%5C63543173526G.jpg","keywords":["Autismo"],"articleSection":["EDUCA\u00c7\u00c3O","INCLUS\u00c3O SOCIAL","NOT\u00cdCIAS"],"inLanguage":"pt-PT","potentialAction":[{"@type":"CommentAction","name":"Comment","target":["https:\/\/inclusivenews.com.br\/?p=17593#respond"]}]},{"@type":"WebPage","@id":"https:\/\/inclusivenews.com.br\/?p=17593","url":"https:\/\/inclusivenews.com.br\/?p=17593","name":"Est\u00edmulos reduzem os sintomas do autismo -","isPartOf":{"@id":"https:\/\/inclusivenews.com.br\/#website"},"primaryImageOfPage":{"@id":"https:\/\/inclusivenews.com.br\/?p=17593#primaryimage"},"image":{"@id":"https:\/\/inclusivenews.com.br\/?p=17593#primaryimage"},"thumbnailUrl":"http:\/\/cosmo.uol.com.br\/multimidia\/imagens\/2010%5C09%5C24%5C63543173526G.jpg","datePublished":"2010-10-07T09:06:10+00:00","breadcrumb":{"@id":"https:\/\/inclusivenews.com.br\/?p=17593#breadcrumb"},"inLanguage":"pt-PT","potentialAction":[{"@type":"ReadAction","target":["https:\/\/inclusivenews.com.br\/?p=17593"]}]},{"@type":"ImageObject","inLanguage":"pt-PT","@id":"https:\/\/inclusivenews.com.br\/?p=17593#primaryimage","url":"http:\/\/cosmo.uol.com.br\/multimidia\/imagens\/2010%5C09%5C24%5C63543173526G.jpg","contentUrl":"http:\/\/cosmo.uol.com.br\/multimidia\/imagens\/2010%5C09%5C24%5C63543173526G.jpg"},{"@type":"BreadcrumbList","@id":"https:\/\/inclusivenews.com.br\/?p=17593#breadcrumb","itemListElement":[{"@type":"ListItem","position":1,"name":"In\u00edcio","item":"https:\/\/inclusivenews.com.br\/"},{"@type":"ListItem","position":2,"name":"Est\u00edmulos reduzem os sintomas do autismo"}]},{"@type":"WebSite","@id":"https:\/\/inclusivenews.com.br\/#website","url":"https:\/\/inclusivenews.com.br\/","name":"Inclusive News","description":"Inclusive News","publisher":{"@id":"https:\/\/inclusivenews.com.br\/#organization"},"potentialAction":[{"@type":"SearchAction","target":{"@type":"EntryPoint","urlTemplate":"https:\/\/inclusivenews.com.br\/?s={search_term_string}"},"query-input":{"@type":"PropertyValueSpecification","valueRequired":true,"valueName":"search_term_string"}}],"inLanguage":"pt-PT"},{"@type":"Organization","@id":"https:\/\/inclusivenews.com.br\/#organization","name":"Inclusive - inclus\u00e3o e cidadania","url":"https:\/\/inclusivenews.com.br\/","logo":{"@type":"ImageObject","inLanguage":"pt-PT","@id":"https:\/\/inclusivenews.com.br\/#\/schema\/logo\/image\/","url":"https:\/\/inclusivenews.com.br\/wp-content\/uploads\/2024\/03\/@grandesite.png","contentUrl":"https:\/\/inclusivenews.com.br\/wp-content\/uploads\/2024\/03\/@grandesite.png","width":1080,"height":1080,"caption":"Inclusive - inclus\u00e3o e cidadania"},"image":{"@id":"https:\/\/inclusivenews.com.br\/#\/schema\/logo\/image\/"},"sameAs":["https:\/\/www.facebook.com\/agenciainclusive\/","https:\/\/www.instagram.com\/newsinclusive\/"]},{"@type":"Person","@id":"https:\/\/inclusivenews.com.br\/#\/schema\/person\/ae4ec7087559b8692fb33b6fffd2273b","name":"inclusivenews2024","image":{"@type":"ImageObject","inLanguage":"pt-PT","@id":"https:\/\/secure.gravatar.com\/avatar\/c5a7ef84c66fa914f55bc4f7ce26cfa275a3b9a1c5568b907bd184fb4dde7b40?s=96&d=mm&r=g","url":"https:\/\/secure.gravatar.com\/avatar\/c5a7ef84c66fa914f55bc4f7ce26cfa275a3b9a1c5568b907bd184fb4dde7b40?s=96&d=mm&r=g","contentUrl":"https:\/\/secure.gravatar.com\/avatar\/c5a7ef84c66fa914f55bc4f7ce26cfa275a3b9a1c5568b907bd184fb4dde7b40?s=96&d=mm&r=g","caption":"inclusivenews2024"},"sameAs":["https:\/\/inclusivenews.com.br"],"url":"https:\/\/inclusivenews.com.br\/?author=1"}]}},"_links":{"self":[{"href":"https:\/\/inclusivenews.com.br\/index.php?rest_route=\/wp\/v2\/posts\/17593","targetHints":{"allow":["GET"]}}],"collection":[{"href":"https:\/\/inclusivenews.com.br\/index.php?rest_route=\/wp\/v2\/posts"}],"about":[{"href":"https:\/\/inclusivenews.com.br\/index.php?rest_route=\/wp\/v2\/types\/post"}],"author":[{"embeddable":true,"href":"https:\/\/inclusivenews.com.br\/index.php?rest_route=\/wp\/v2\/users\/1"}],"replies":[{"embeddable":true,"href":"https:\/\/inclusivenews.com.br\/index.php?rest_route=%2Fwp%2Fv2%2Fcomments&post=17593"}],"version-history":[{"count":0,"href":"https:\/\/inclusivenews.com.br\/index.php?rest_route=\/wp\/v2\/posts\/17593\/revisions"}],"wp:attachment":[{"href":"https:\/\/inclusivenews.com.br\/index.php?rest_route=%2Fwp%2Fv2%2Fmedia&parent=17593"}],"wp:term":[{"taxonomy":"category","embeddable":true,"href":"https:\/\/inclusivenews.com.br\/index.php?rest_route=%2Fwp%2Fv2%2Fcategories&post=17593"},{"taxonomy":"post_tag","embeddable":true,"href":"https:\/\/inclusivenews.com.br\/index.php?rest_route=%2Fwp%2Fv2%2Ftags&post=17593"}],"curies":[{"name":"wp","href":"https:\/\/api.w.org\/{rel}","templated":true}]}}