{"id":17595,"date":"2010-10-07T06:16:08","date_gmt":"2010-10-07T09:16:08","guid":{"rendered":"http:\/\/www.inclusive.org.br\/?p=17595"},"modified":"2010-10-07T06:16:08","modified_gmt":"2010-10-07T09:16:08","slug":"para-a-anistia-internacional-brasil-precisa-aliar-crescimento-ao-enfrentamento-de-problemas-sociais","status":"publish","type":"post","link":"https:\/\/inclusivenews.com.br\/?p=17595","title":{"rendered":"Para a Anistia Internacional, Brasil precisa aliar crescimento ao enfrentamento de problemas sociais"},"content":{"rendered":"<figure id=\"attachment_12448\" aria-describedby=\"caption-attachment-12448\" style=\"width: 210px\" class=\"wp-caption alignleft\"><a href=\"http:\/\/www.inclusivenews.com.br\/wp-content\/uploads\/2009\/11\/anistia1.jpg\"><img loading=\"lazy\" decoding=\"async\" class=\"size-medium wp-image-12448\" title=\"Anistia Internacional\" src=\"http:\/\/inclusivenews.com.br\/wp-content\/uploads\/2009\/11\/anistia1-300x191.jpg\" alt=\"\" width=\"210\" height=\"134\" srcset=\"https:\/\/inclusivenews.com.br\/wp-content\/uploads\/2009\/11\/anistia1-300x191.jpg 300w, https:\/\/inclusivenews.com.br\/wp-content\/uploads\/2009\/11\/anistia1.jpg 640w\" sizes=\"auto, (max-width: 210px) 100vw, 210px\" \/><\/a><figcaption id=\"caption-attachment-12448\" class=\"wp-caption-text\"> <\/figcaption><\/figure>\n<p>O secret\u00e1rio-geral da organiza\u00e7\u00e3o n\u00e3o governamental (ONG) Anistia Internacional, Salil Shetty, disse que o Brasil deve proveitar a &#8220;chance hist\u00f3rica&#8221; de aliar o forte crescimento econ\u00f4mico e a estabilidade pol\u00edtica ao enfrentamento do legado de desigualdade, discrimina\u00e7\u00e3o e viola\u00e7\u00f5es de direitos humanos dos cidad\u00e3os mais pobres. Segundo ele, essas a\u00e7\u00f5es far\u00e3o do Brasil um pa\u00eds desenvolvido.<\/p>\n<p>As informa\u00e7\u00f5es s\u00e3o da ag\u00eancia BBC Brasil. Segundo Shetty, \u00e9 fundamental que o pr\u00f3ximo governo se comprometa com a demarca\u00e7\u00e3o de terras ind\u00edgenas e com a reforma agr\u00e1ria e que garanta a seguran\u00e7a dos grupos que lutam pelo acesso \u00e0 terra. \u201cApesar de apresentar claras oportunidades, o forte crescimento do Brasil cont\u00e9m alguns perigos\u201d, disse.<\/p>\n<p>O secret\u00e1rio lembrou que quest\u00f5es j\u00e1 foram levantadas sobre o Programa de Crescimento Econ\u00f4mico (PAC), com comunidades pesqueiras e grupos ind\u00edgenas sendo amea\u00e7adas de expuls\u00e3o e ativistas ambientais sendo alvos de ataques. A moderniza\u00e7\u00e3o da infraestrutura \u00e9 essencial, mas se o Brasil quer realizar seu grande potencial, isso n\u00e3o pode ser conseguido \u00e0s custas dos direitos humanos\u201d.<\/p>\n<p>Shetty assumiu a dire\u00e7\u00e3o da ONG de defesa dos direitos humanos em <span id=\"OBJ_PREFIX_DWT62\" class=\"Object\"><span id=\"OBJ_PREFIX_DWT63\" class=\"Object\">julho<\/span><\/span> deste ano, depois de ter sido, por quase sete anos, diretor da Campanha do Mil\u00eanio das Na\u00e7\u00f5es Unidas, para a redu\u00e7\u00e3o da pobreza no mundo.<\/p>\n<p>\u201cUma agenda <span id=\"OBJ_PREFIX_DWT64\" class=\"Object\"><span id=\"OBJ_PREFIX_DWT65\" class=\"Object\">dom<\/span><\/span>\u00e9stica clara, de respeito aos direitos humanos fundamentais para todos os cidad\u00e3os brasileiros, pode se traduzir no pa\u00eds tendo um papel de lideran\u00e7a internacional, promovendo os direitos humanos globalmente ao contribuir com suas experi\u00eancias \u00fanicas como uma economia emergente num mundo em r\u00e1pida transforma\u00e7\u00e3o\u201d, afirmou Shetty.<\/p>\n<p>O representante da Anistia Internacional acrescentou que \u201co novo governo do Brasil precisa desenvolver esfor\u00e7os pr\u00e9vios para combater a desigualdade por meio de programas de transfer\u00eancia de renda como o Bolsa Fam\u00edlia\u201d.<\/p>\n<p>Para Shetty, o pr\u00f3ximo governo deve fazer ainda mais. \u201cA reforma das institui\u00e7\u00f5es que ainda t\u00eam a marca da era autorit\u00e1ria \u2013 em particular a pol\u00edcia e o sistema prisional \u2013 \u00e9 urgente. Apenas resolvendo a impunidade por tortura, maus-tratos e execu\u00e7\u00f5es sum\u00e1rias por agentes do Estado \u00e9 que o Brasil vai come\u00e7ar a resolver sua crise de seguran\u00e7a p\u00fablica\u201d, diz.<\/p>\n<p>Segundo o secret\u00e1rio-geral da Anistia Internacional, as autoridades de todos os n\u00edveis \u2013 municipal, estadual e federal \u2013 devem investir pesadamente em comunidades marginalizadas, levando para elas servi\u00e7os p\u00fablicos, incluindo habita\u00e7\u00e3o, sa\u00fade, educa\u00e7\u00e3o e policiamento \u201cprofissional e respons\u00e1vel\u201d.<\/p>\n<p><em>Edi\u00e7\u00e3o: Gra\u00e7a Adjuto<br \/>\n_________________<\/em><\/p>\n<p><em> <\/em><strong>Fonte:<\/strong> <a href=\"http:\/\/agenciabrasil.ebc.com.br\/home\/-\/journal_content\/56\/19523\/1065283\">Ag\u00eancia Brasil<\/a><\/p>\n","protected":false},"excerpt":{"rendered":"<p>Segundo o secret\u00e1rio-geral da Anistia Internacional, as autoridades de todos os n\u00edveis \u2013 municipal, estadual e federal \u2013 devem investir pesadamente em comunidades marginalizadas. Da Ag\u00eancia Brasil.<\/p>\n","protected":false},"author":1,"featured_media":0,"comment_status":"open","ping_status":"open","sticky":false,"template":"","format":"standard","meta":{"site-container-style":"default","site-container-layout":"default","site-sidebar-layout":"default","disable-article-header":"default","disable-site-header":"default","disable-site-footer":"default","disable-content-area-spacing":"default","footnotes":""},"categories":[4],"tags":[],"class_list":["post-17595","post","type-post","status-publish","format-standard","hentry","category-noticias"],"yoast_head":"<!-- This site is optimized with the Yoast SEO plugin v27.4 - https:\/\/yoast.com\/product\/yoast-seo-wordpress\/ -->\n<title>Para a Anistia Internacional, Brasil precisa aliar crescimento ao enfrentamento de problemas sociais -<\/title>\n<meta name=\"robots\" content=\"index, follow, max-snippet:-1, max-image-preview:large, max-video-preview:-1\" \/>\n<link rel=\"canonical\" href=\"https:\/\/inclusivenews.com.br\/?p=17595\" \/>\n<meta property=\"og:locale\" content=\"pt_PT\" \/>\n<meta property=\"og:type\" content=\"article\" \/>\n<meta property=\"og:title\" content=\"Para a Anistia Internacional, Brasil precisa aliar crescimento ao enfrentamento de problemas sociais -\" \/>\n<meta property=\"og:description\" content=\"Segundo o secret\u00e1rio-geral da Anistia Internacional, as autoridades de todos os n\u00edveis \u2013 municipal, estadual e federal \u2013 devem investir pesadamente em comunidades marginalizadas. Da Ag\u00eancia Brasil.\" \/>\n<meta property=\"og:url\" content=\"https:\/\/inclusivenews.com.br\/?p=17595\" \/>\n<meta property=\"article:publisher\" content=\"https:\/\/www.facebook.com\/agenciainclusive\/\" \/>\n<meta property=\"article:published_time\" content=\"2010-10-07T09:16:08+00:00\" \/>\n<meta property=\"og:image\" content=\"http:\/\/inclusivenews.com.br\/wp-content\/uploads\/2009\/11\/anistia1-300x191.jpg\" \/>\n<meta name=\"author\" content=\"inclusivenews2024\" \/>\n<meta name=\"twitter:card\" content=\"summary_large_image\" \/>\n<meta name=\"twitter:label1\" content=\"Escrito por\" \/>\n\t<meta name=\"twitter:data1\" content=\"inclusivenews2024\" \/>\n\t<meta name=\"twitter:label2\" content=\"Tempo estimado de leitura\" \/>\n\t<meta name=\"twitter:data2\" content=\"2 minutos\" \/>\n<script type=\"application\/ld+json\" class=\"yoast-schema-graph\">{\"@context\":\"https:\\\/\\\/schema.org\",\"@graph\":[{\"@type\":\"Article\",\"@id\":\"https:\\\/\\\/inclusivenews.com.br\\\/?p=17595#article\",\"isPartOf\":{\"@id\":\"https:\\\/\\\/inclusivenews.com.br\\\/?p=17595\"},\"author\":{\"name\":\"inclusivenews2024\",\"@id\":\"https:\\\/\\\/inclusivenews.com.br\\\/#\\\/schema\\\/person\\\/ae4ec7087559b8692fb33b6fffd2273b\"},\"headline\":\"Para a Anistia Internacional, Brasil precisa aliar crescimento ao enfrentamento de problemas sociais\",\"datePublished\":\"2010-10-07T09:16:08+00:00\",\"mainEntityOfPage\":{\"@id\":\"https:\\\/\\\/inclusivenews.com.br\\\/?p=17595\"},\"wordCount\":468,\"commentCount\":0,\"publisher\":{\"@id\":\"https:\\\/\\\/inclusivenews.com.br\\\/#organization\"},\"image\":{\"@id\":\"https:\\\/\\\/inclusivenews.com.br\\\/?p=17595#primaryimage\"},\"thumbnailUrl\":\"http:\\\/\\\/inclusivenews.com.br\\\/wp-content\\\/uploads\\\/2009\\\/11\\\/anistia1-300x191.jpg\",\"articleSection\":[\"NOT\u00cdCIAS\"],\"inLanguage\":\"pt-PT\",\"potentialAction\":[{\"@type\":\"CommentAction\",\"name\":\"Comment\",\"target\":[\"https:\\\/\\\/inclusivenews.com.br\\\/?p=17595#respond\"]}]},{\"@type\":\"WebPage\",\"@id\":\"https:\\\/\\\/inclusivenews.com.br\\\/?p=17595\",\"url\":\"https:\\\/\\\/inclusivenews.com.br\\\/?p=17595\",\"name\":\"Para a Anistia Internacional, Brasil precisa aliar crescimento ao enfrentamento de problemas sociais -\",\"isPartOf\":{\"@id\":\"https:\\\/\\\/inclusivenews.com.br\\\/#website\"},\"primaryImageOfPage\":{\"@id\":\"https:\\\/\\\/inclusivenews.com.br\\\/?p=17595#primaryimage\"},\"image\":{\"@id\":\"https:\\\/\\\/inclusivenews.com.br\\\/?p=17595#primaryimage\"},\"thumbnailUrl\":\"http:\\\/\\\/inclusivenews.com.br\\\/wp-content\\\/uploads\\\/2009\\\/11\\\/anistia1-300x191.jpg\",\"datePublished\":\"2010-10-07T09:16:08+00:00\",\"breadcrumb\":{\"@id\":\"https:\\\/\\\/inclusivenews.com.br\\\/?p=17595#breadcrumb\"},\"inLanguage\":\"pt-PT\",\"potentialAction\":[{\"@type\":\"ReadAction\",\"target\":[\"https:\\\/\\\/inclusivenews.com.br\\\/?p=17595\"]}]},{\"@type\":\"ImageObject\",\"inLanguage\":\"pt-PT\",\"@id\":\"https:\\\/\\\/inclusivenews.com.br\\\/?p=17595#primaryimage\",\"url\":\"https:\\\/\\\/inclusivenews.com.br\\\/wp-content\\\/uploads\\\/2009\\\/11\\\/anistia1.jpg\",\"contentUrl\":\"https:\\\/\\\/inclusivenews.com.br\\\/wp-content\\\/uploads\\\/2009\\\/11\\\/anistia1.jpg\",\"width\":640,\"height\":408,\"caption\":\"Anistia Internacional\"},{\"@type\":\"BreadcrumbList\",\"@id\":\"https:\\\/\\\/inclusivenews.com.br\\\/?p=17595#breadcrumb\",\"itemListElement\":[{\"@type\":\"ListItem\",\"position\":1,\"name\":\"In\u00edcio\",\"item\":\"https:\\\/\\\/inclusivenews.com.br\\\/\"},{\"@type\":\"ListItem\",\"position\":2,\"name\":\"Para a Anistia Internacional, Brasil precisa aliar crescimento ao enfrentamento de problemas sociais\"}]},{\"@type\":\"WebSite\",\"@id\":\"https:\\\/\\\/inclusivenews.com.br\\\/#website\",\"url\":\"https:\\\/\\\/inclusivenews.com.br\\\/\",\"name\":\"Inclusive News\",\"description\":\"Inclusive News\",\"publisher\":{\"@id\":\"https:\\\/\\\/inclusivenews.com.br\\\/#organization\"},\"potentialAction\":[{\"@type\":\"SearchAction\",\"target\":{\"@type\":\"EntryPoint\",\"urlTemplate\":\"https:\\\/\\\/inclusivenews.com.br\\\/?s={search_term_string}\"},\"query-input\":{\"@type\":\"PropertyValueSpecification\",\"valueRequired\":true,\"valueName\":\"search_term_string\"}}],\"inLanguage\":\"pt-PT\"},{\"@type\":\"Organization\",\"@id\":\"https:\\\/\\\/inclusivenews.com.br\\\/#organization\",\"name\":\"Inclusive - inclus\u00e3o e cidadania\",\"url\":\"https:\\\/\\\/inclusivenews.com.br\\\/\",\"logo\":{\"@type\":\"ImageObject\",\"inLanguage\":\"pt-PT\",\"@id\":\"https:\\\/\\\/inclusivenews.com.br\\\/#\\\/schema\\\/logo\\\/image\\\/\",\"url\":\"https:\\\/\\\/inclusivenews.com.br\\\/wp-content\\\/uploads\\\/2024\\\/03\\\/@grandesite.png\",\"contentUrl\":\"https:\\\/\\\/inclusivenews.com.br\\\/wp-content\\\/uploads\\\/2024\\\/03\\\/@grandesite.png\",\"width\":1080,\"height\":1080,\"caption\":\"Inclusive - inclus\u00e3o e cidadania\"},\"image\":{\"@id\":\"https:\\\/\\\/inclusivenews.com.br\\\/#\\\/schema\\\/logo\\\/image\\\/\"},\"sameAs\":[\"https:\\\/\\\/www.facebook.com\\\/agenciainclusive\\\/\",\"https:\\\/\\\/www.instagram.com\\\/newsinclusive\\\/\"]},{\"@type\":\"Person\",\"@id\":\"https:\\\/\\\/inclusivenews.com.br\\\/#\\\/schema\\\/person\\\/ae4ec7087559b8692fb33b6fffd2273b\",\"name\":\"inclusivenews2024\",\"image\":{\"@type\":\"ImageObject\",\"inLanguage\":\"pt-PT\",\"@id\":\"https:\\\/\\\/secure.gravatar.com\\\/avatar\\\/c5a7ef84c66fa914f55bc4f7ce26cfa275a3b9a1c5568b907bd184fb4dde7b40?s=96&d=mm&r=g\",\"url\":\"https:\\\/\\\/secure.gravatar.com\\\/avatar\\\/c5a7ef84c66fa914f55bc4f7ce26cfa275a3b9a1c5568b907bd184fb4dde7b40?s=96&d=mm&r=g\",\"contentUrl\":\"https:\\\/\\\/secure.gravatar.com\\\/avatar\\\/c5a7ef84c66fa914f55bc4f7ce26cfa275a3b9a1c5568b907bd184fb4dde7b40?s=96&d=mm&r=g\",\"caption\":\"inclusivenews2024\"},\"sameAs\":[\"https:\\\/\\\/inclusivenews.com.br\"],\"url\":\"https:\\\/\\\/inclusivenews.com.br\\\/?author=1\"}]}<\/script>\n<!-- \/ Yoast SEO plugin. -->","yoast_head_json":{"title":"Para a Anistia Internacional, Brasil precisa aliar crescimento ao enfrentamento de problemas sociais -","robots":{"index":"index","follow":"follow","max-snippet":"max-snippet:-1","max-image-preview":"max-image-preview:large","max-video-preview":"max-video-preview:-1"},"canonical":"https:\/\/inclusivenews.com.br\/?p=17595","og_locale":"pt_PT","og_type":"article","og_title":"Para a Anistia Internacional, Brasil precisa aliar crescimento ao enfrentamento de problemas sociais -","og_description":"Segundo o secret\u00e1rio-geral da Anistia Internacional, as autoridades de todos os n\u00edveis \u2013 municipal, estadual e federal \u2013 devem investir pesadamente em comunidades marginalizadas. Da Ag\u00eancia Brasil.","og_url":"https:\/\/inclusivenews.com.br\/?p=17595","article_publisher":"https:\/\/www.facebook.com\/agenciainclusive\/","article_published_time":"2010-10-07T09:16:08+00:00","og_image":[{"url":"http:\/\/inclusivenews.com.br\/wp-content\/uploads\/2009\/11\/anistia1-300x191.jpg","type":"","width":"","height":""}],"author":"inclusivenews2024","twitter_card":"summary_large_image","twitter_misc":{"Escrito por":"inclusivenews2024","Tempo estimado de leitura":"2 minutos"},"schema":{"@context":"https:\/\/schema.org","@graph":[{"@type":"Article","@id":"https:\/\/inclusivenews.com.br\/?p=17595#article","isPartOf":{"@id":"https:\/\/inclusivenews.com.br\/?p=17595"},"author":{"name":"inclusivenews2024","@id":"https:\/\/inclusivenews.com.br\/#\/schema\/person\/ae4ec7087559b8692fb33b6fffd2273b"},"headline":"Para a Anistia Internacional, Brasil precisa aliar crescimento ao enfrentamento de problemas sociais","datePublished":"2010-10-07T09:16:08+00:00","mainEntityOfPage":{"@id":"https:\/\/inclusivenews.com.br\/?p=17595"},"wordCount":468,"commentCount":0,"publisher":{"@id":"https:\/\/inclusivenews.com.br\/#organization"},"image":{"@id":"https:\/\/inclusivenews.com.br\/?p=17595#primaryimage"},"thumbnailUrl":"http:\/\/inclusivenews.com.br\/wp-content\/uploads\/2009\/11\/anistia1-300x191.jpg","articleSection":["NOT\u00cdCIAS"],"inLanguage":"pt-PT","potentialAction":[{"@type":"CommentAction","name":"Comment","target":["https:\/\/inclusivenews.com.br\/?p=17595#respond"]}]},{"@type":"WebPage","@id":"https:\/\/inclusivenews.com.br\/?p=17595","url":"https:\/\/inclusivenews.com.br\/?p=17595","name":"Para a Anistia Internacional, Brasil precisa aliar crescimento ao enfrentamento de problemas sociais -","isPartOf":{"@id":"https:\/\/inclusivenews.com.br\/#website"},"primaryImageOfPage":{"@id":"https:\/\/inclusivenews.com.br\/?p=17595#primaryimage"},"image":{"@id":"https:\/\/inclusivenews.com.br\/?p=17595#primaryimage"},"thumbnailUrl":"http:\/\/inclusivenews.com.br\/wp-content\/uploads\/2009\/11\/anistia1-300x191.jpg","datePublished":"2010-10-07T09:16:08+00:00","breadcrumb":{"@id":"https:\/\/inclusivenews.com.br\/?p=17595#breadcrumb"},"inLanguage":"pt-PT","potentialAction":[{"@type":"ReadAction","target":["https:\/\/inclusivenews.com.br\/?p=17595"]}]},{"@type":"ImageObject","inLanguage":"pt-PT","@id":"https:\/\/inclusivenews.com.br\/?p=17595#primaryimage","url":"https:\/\/inclusivenews.com.br\/wp-content\/uploads\/2009\/11\/anistia1.jpg","contentUrl":"https:\/\/inclusivenews.com.br\/wp-content\/uploads\/2009\/11\/anistia1.jpg","width":640,"height":408,"caption":"Anistia Internacional"},{"@type":"BreadcrumbList","@id":"https:\/\/inclusivenews.com.br\/?p=17595#breadcrumb","itemListElement":[{"@type":"ListItem","position":1,"name":"In\u00edcio","item":"https:\/\/inclusivenews.com.br\/"},{"@type":"ListItem","position":2,"name":"Para a Anistia Internacional, Brasil precisa aliar crescimento ao enfrentamento de problemas sociais"}]},{"@type":"WebSite","@id":"https:\/\/inclusivenews.com.br\/#website","url":"https:\/\/inclusivenews.com.br\/","name":"Inclusive News","description":"Inclusive News","publisher":{"@id":"https:\/\/inclusivenews.com.br\/#organization"},"potentialAction":[{"@type":"SearchAction","target":{"@type":"EntryPoint","urlTemplate":"https:\/\/inclusivenews.com.br\/?s={search_term_string}"},"query-input":{"@type":"PropertyValueSpecification","valueRequired":true,"valueName":"search_term_string"}}],"inLanguage":"pt-PT"},{"@type":"Organization","@id":"https:\/\/inclusivenews.com.br\/#organization","name":"Inclusive - inclus\u00e3o e cidadania","url":"https:\/\/inclusivenews.com.br\/","logo":{"@type":"ImageObject","inLanguage":"pt-PT","@id":"https:\/\/inclusivenews.com.br\/#\/schema\/logo\/image\/","url":"https:\/\/inclusivenews.com.br\/wp-content\/uploads\/2024\/03\/@grandesite.png","contentUrl":"https:\/\/inclusivenews.com.br\/wp-content\/uploads\/2024\/03\/@grandesite.png","width":1080,"height":1080,"caption":"Inclusive - inclus\u00e3o e cidadania"},"image":{"@id":"https:\/\/inclusivenews.com.br\/#\/schema\/logo\/image\/"},"sameAs":["https:\/\/www.facebook.com\/agenciainclusive\/","https:\/\/www.instagram.com\/newsinclusive\/"]},{"@type":"Person","@id":"https:\/\/inclusivenews.com.br\/#\/schema\/person\/ae4ec7087559b8692fb33b6fffd2273b","name":"inclusivenews2024","image":{"@type":"ImageObject","inLanguage":"pt-PT","@id":"https:\/\/secure.gravatar.com\/avatar\/c5a7ef84c66fa914f55bc4f7ce26cfa275a3b9a1c5568b907bd184fb4dde7b40?s=96&d=mm&r=g","url":"https:\/\/secure.gravatar.com\/avatar\/c5a7ef84c66fa914f55bc4f7ce26cfa275a3b9a1c5568b907bd184fb4dde7b40?s=96&d=mm&r=g","contentUrl":"https:\/\/secure.gravatar.com\/avatar\/c5a7ef84c66fa914f55bc4f7ce26cfa275a3b9a1c5568b907bd184fb4dde7b40?s=96&d=mm&r=g","caption":"inclusivenews2024"},"sameAs":["https:\/\/inclusivenews.com.br"],"url":"https:\/\/inclusivenews.com.br\/?author=1"}]}},"_links":{"self":[{"href":"https:\/\/inclusivenews.com.br\/index.php?rest_route=\/wp\/v2\/posts\/17595","targetHints":{"allow":["GET"]}}],"collection":[{"href":"https:\/\/inclusivenews.com.br\/index.php?rest_route=\/wp\/v2\/posts"}],"about":[{"href":"https:\/\/inclusivenews.com.br\/index.php?rest_route=\/wp\/v2\/types\/post"}],"author":[{"embeddable":true,"href":"https:\/\/inclusivenews.com.br\/index.php?rest_route=\/wp\/v2\/users\/1"}],"replies":[{"embeddable":true,"href":"https:\/\/inclusivenews.com.br\/index.php?rest_route=%2Fwp%2Fv2%2Fcomments&post=17595"}],"version-history":[{"count":0,"href":"https:\/\/inclusivenews.com.br\/index.php?rest_route=\/wp\/v2\/posts\/17595\/revisions"}],"wp:attachment":[{"href":"https:\/\/inclusivenews.com.br\/index.php?rest_route=%2Fwp%2Fv2%2Fmedia&parent=17595"}],"wp:term":[{"taxonomy":"category","embeddable":true,"href":"https:\/\/inclusivenews.com.br\/index.php?rest_route=%2Fwp%2Fv2%2Fcategories&post=17595"},{"taxonomy":"post_tag","embeddable":true,"href":"https:\/\/inclusivenews.com.br\/index.php?rest_route=%2Fwp%2Fv2%2Ftags&post=17595"}],"curies":[{"name":"wp","href":"https:\/\/api.w.org\/{rel}","templated":true}]}}