{"id":17639,"date":"2010-10-07T06:14:16","date_gmt":"2010-10-07T09:14:16","guid":{"rendered":"http:\/\/www.inclusive.org.br\/?p=17639"},"modified":"2010-10-07T06:14:16","modified_gmt":"2010-10-07T09:14:16","slug":"direitos-humanos-diversos-olhares","status":"publish","type":"post","link":"https:\/\/inclusivenews.com.br\/?p=17639","title":{"rendered":"Direitos humanos: diversos olhares"},"content":{"rendered":"<figure style=\"width: 202px\" class=\"wp-caption alignnone\"><img loading=\"lazy\" decoding=\"async\" title=\"Capa da Revista Media\u00e7\u00f5es, com a obra de Salvador Dali, &quot;O nascimento do homem&quot;, no qual um homem quebra a casa do mundo como um ovo de galinha\" src=\"http:\/\/www.uel.br\/revistas\/uel\/public\/journals\/22\/cover_issue_534_pt_BR.jpg\" alt=\"Capa da Revista Media\u00e7\u00f5es, com a obra de Salvador Dali, &quot;O nascimento do homem&quot;, no qual um homem quebra a casa do mundo como um ovo de galinha\" width=\"202\" height=\"278\" \/><figcaption class=\"wp-caption-text\"> <\/figcaption><\/figure>\n<p>Media\u00e7\u00f5es &#8211; Revista de Ci\u00eancias Sociais, vol. 15, n.1, 2010, j\u00e1 est\u00e1 dispon\u00edvel on line.<\/p>\n<p>O dossi\u00ea \u201cDireitos Humanos: diversos olhares&#8221;, e a revista como um todo, traz um conjunto de enfoques disciplinares e te\u00f3ricos que agora se coloca \u00e0 aprecia\u00e7\u00e3o cr\u00edtica de seus\/suas leitores\/leitoras.<\/p>\n<p>Media\u00e7\u00f5es, na sua vers\u00e3o on line, est\u00e1 disponivel em\u00a0<a href=\"http:\/\/www.uel.br\/revistas\/uel\/index.php\/mediacoes\">http:\/\/www.uel.br\/revistas\/uel\/index.php\/mediacoes<\/a><\/p>\n<p><strong>SUM\u00c1RIO DA EDI\u00c7\u00c3O<\/strong><\/p>\n<p>Contra os direitos humanos<br \/>\nSlavoj \u017di\u017eek \t11-29<\/p>\n<p>Entre o anal\u00edtico e o prescritivo: disputas em torno dos direitos humanos<br \/>\nRaquel Kritsch \t30-53<\/p>\n<p>A ascens\u00e3o do tema dos direitos humanos no p\u00f3s-guerra fria: a confer\u00eancia de Viena (1993)<br \/>\nMatheus de Carvalho Hernandez \t54-73<\/p>\n<p>Universalismo vs. relativismo cultural: una batalla por la definici\u00f3n de los derechos humanos y la discriminaci\u00f3n<br \/>\nRita Boc\u00f3, Gisela Bulanikia \t74-91<\/p>\n<p>Para relembrar&#8230; Direitos Humanos e povos ind\u00edgenas<br \/>\nGraziele Ac\u00e7olini \t92-107<\/p>\n<p>Humaniza\u00e7\u00e3o, dignidade, igualdade, liberdade, respeito e toler\u00e2ncia: direitos humanos como conte\u00fado de sociologia no ensino m\u00e9dio<br \/>\nElisabeth da Fonseca Guimar\u00e3es \t108-124<\/p>\n<p>Per scientiam ad justitiam! Matrimonio igualitario en Argentina<br \/>\nCarlos Figari \t125-145<\/p>\n<p>A Trajet\u00f3ria da Industrializa\u00e7\u00e3o no Brasil: pensamento industrialista, moderniza\u00e7\u00e3o e a forma\u00e7\u00e3o da ossatura do Estado.<br \/>\nArthur de Aquino \t146-162<\/p>\n<p>Candombl\u00e9 e pol\u00edticas p\u00fablicas de sa\u00fade em Salvador, Bahia<br \/>\nOrdep Serra, Maria Cristina Santos Pechine, Serge Pechine \t163-178<\/p>\n<p>A hist\u00f3ria na cultura, a cultura na hist\u00f3ria: elementos para uma an\u00e1lise comparativa entre Walter Benjamin e Gianni Vattimo<br \/>\nCl\u00f3vis Da Rolt \t179-195<\/p>\n<p>Mito musicado e m\u00fasica m\u00edtica: uma perspectiva antropol\u00f3gica da obra de Richard Wagner<br \/>\nMaria Raquel da Cruz Duran \t196-203<\/p>\n<p>Antonio Candido de Mello e Souza e Florestan Fernandes: breves perfis<br \/>\nClaudinei Carlos Spirandelli \t204-219<\/p>\n<p>Mudan\u00e7a de valores e toler\u00e2ncia entre os brasileiros<br \/>\nEdnaldo Aparecido Ribeiro \t220-240<\/p>\n<p>Um estudo sobre as contribui\u00e7\u00f5es do feminismo para a teoria social: a Ideologia de G\u00eanero na publicidade contempor\u00e2nea<br \/>\nD\u00e9bora Mendes \t241-257<\/p>\n<p>Gradual e n\u00e3o linear: a afirma\u00e7\u00e3o dos Direitos Humanos no mundo<br \/>\nTiago Eloy Zaidan \t258-263<\/p>\n<p>A presid\u00eancia imperial e o terror de Estado<br \/>\nWaldir Jos\u00e9 Rampinelli \t264-268<\/p>\n<p>Lendo intertextos: o Paran\u00e1 e suas m\u00faltiplas identidades<br \/>\nAna Cleide Chiarotti Ces\u00e1rio, Ana Maria Chiarotti de Almeida<\/p>\n<p>A persist\u00eancia do carisma<br \/>\nMarco Antonio Perruso \t274-277<\/p>\n","protected":false},"excerpt":{"rendered":"<p>O dossi\u00ea \u201cDireitos Humanos: diversos olhares&#8221;, e a revista como um todo, traz um conjunto de enfoques disciplinares e te\u00f3ricos que agora se coloca \u00e0 aprecia\u00e7\u00e3o cr\u00edtica de seus\/suas leitores\/leitoras.<\/p>\n","protected":false},"author":1,"featured_media":0,"comment_status":"open","ping_status":"open","sticky":false,"template":"","format":"standard","meta":{"site-container-style":"default","site-container-layout":"default","site-sidebar-layout":"default","disable-article-header":"default","disable-site-header":"default","disable-site-footer":"default","disable-content-area-spacing":"default","footnotes":""},"categories":[11,52,10,80],"tags":[],"class_list":["post-17639","post","type-post","status-publish","format-standard","hentry","category-direitos-humanos","category-downloadables","category-publicacoes","category-revistas"],"yoast_head":"<!-- This site is optimized with the Yoast SEO plugin v27.4 - https:\/\/yoast.com\/product\/yoast-seo-wordpress\/ -->\n<title>Direitos humanos: diversos olhares -<\/title>\n<meta name=\"robots\" content=\"index, follow, max-snippet:-1, max-image-preview:large, max-video-preview:-1\" \/>\n<link rel=\"canonical\" href=\"https:\/\/inclusivenews.com.br\/?p=17639\" \/>\n<meta property=\"og:locale\" content=\"pt_PT\" \/>\n<meta property=\"og:type\" content=\"article\" \/>\n<meta property=\"og:title\" content=\"Direitos humanos: diversos olhares -\" \/>\n<meta property=\"og:description\" content=\"O dossi\u00ea \u201cDireitos Humanos: diversos olhares&quot;, e a revista como um todo, traz um conjunto de enfoques disciplinares e te\u00f3ricos que agora se coloca \u00e0 aprecia\u00e7\u00e3o cr\u00edtica de seus\/suas leitores\/leitoras.\" \/>\n<meta property=\"og:url\" content=\"https:\/\/inclusivenews.com.br\/?p=17639\" \/>\n<meta property=\"article:publisher\" content=\"https:\/\/www.facebook.com\/agenciainclusive\/\" \/>\n<meta property=\"article:published_time\" content=\"2010-10-07T09:14:16+00:00\" \/>\n<meta property=\"og:image\" content=\"http:\/\/www.uel.br\/revistas\/uel\/public\/journals\/22\/cover_issue_534_pt_BR.jpg\" \/>\n<meta name=\"author\" content=\"inclusivenews2024\" \/>\n<meta name=\"twitter:card\" content=\"summary_large_image\" \/>\n<meta name=\"twitter:label1\" content=\"Escrito por\" \/>\n\t<meta name=\"twitter:data1\" content=\"inclusivenews2024\" \/>\n\t<meta name=\"twitter:label2\" content=\"Tempo estimado de leitura\" \/>\n\t<meta name=\"twitter:data2\" content=\"2 minutos\" \/>\n<script type=\"application\/ld+json\" class=\"yoast-schema-graph\">{\"@context\":\"https:\\\/\\\/schema.org\",\"@graph\":[{\"@type\":\"Article\",\"@id\":\"https:\\\/\\\/inclusivenews.com.br\\\/?p=17639#article\",\"isPartOf\":{\"@id\":\"https:\\\/\\\/inclusivenews.com.br\\\/?p=17639\"},\"author\":{\"name\":\"inclusivenews2024\",\"@id\":\"https:\\\/\\\/inclusivenews.com.br\\\/#\\\/schema\\\/person\\\/ae4ec7087559b8692fb33b6fffd2273b\"},\"headline\":\"Direitos humanos: diversos olhares\",\"datePublished\":\"2010-10-07T09:14:16+00:00\",\"mainEntityOfPage\":{\"@id\":\"https:\\\/\\\/inclusivenews.com.br\\\/?p=17639\"},\"wordCount\":410,\"commentCount\":0,\"publisher\":{\"@id\":\"https:\\\/\\\/inclusivenews.com.br\\\/#organization\"},\"image\":{\"@id\":\"https:\\\/\\\/inclusivenews.com.br\\\/?p=17639#primaryimage\"},\"thumbnailUrl\":\"http:\\\/\\\/www.uel.br\\\/revistas\\\/uel\\\/public\\\/journals\\\/22\\\/cover_issue_534_pt_BR.jpg\",\"articleSection\":[\"DIREITOS HUMANOS\",\"Downloadables\",\"PUBLICA\u00c7\u00d5ES\",\"Revistas\"],\"inLanguage\":\"pt-PT\",\"potentialAction\":[{\"@type\":\"CommentAction\",\"name\":\"Comment\",\"target\":[\"https:\\\/\\\/inclusivenews.com.br\\\/?p=17639#respond\"]}]},{\"@type\":\"WebPage\",\"@id\":\"https:\\\/\\\/inclusivenews.com.br\\\/?p=17639\",\"url\":\"https:\\\/\\\/inclusivenews.com.br\\\/?p=17639\",\"name\":\"Direitos humanos: diversos olhares -\",\"isPartOf\":{\"@id\":\"https:\\\/\\\/inclusivenews.com.br\\\/#website\"},\"primaryImageOfPage\":{\"@id\":\"https:\\\/\\\/inclusivenews.com.br\\\/?p=17639#primaryimage\"},\"image\":{\"@id\":\"https:\\\/\\\/inclusivenews.com.br\\\/?p=17639#primaryimage\"},\"thumbnailUrl\":\"http:\\\/\\\/www.uel.br\\\/revistas\\\/uel\\\/public\\\/journals\\\/22\\\/cover_issue_534_pt_BR.jpg\",\"datePublished\":\"2010-10-07T09:14:16+00:00\",\"breadcrumb\":{\"@id\":\"https:\\\/\\\/inclusivenews.com.br\\\/?p=17639#breadcrumb\"},\"inLanguage\":\"pt-PT\",\"potentialAction\":[{\"@type\":\"ReadAction\",\"target\":[\"https:\\\/\\\/inclusivenews.com.br\\\/?p=17639\"]}]},{\"@type\":\"ImageObject\",\"inLanguage\":\"pt-PT\",\"@id\":\"https:\\\/\\\/inclusivenews.com.br\\\/?p=17639#primaryimage\",\"url\":\"http:\\\/\\\/www.uel.br\\\/revistas\\\/uel\\\/public\\\/journals\\\/22\\\/cover_issue_534_pt_BR.jpg\",\"contentUrl\":\"http:\\\/\\\/www.uel.br\\\/revistas\\\/uel\\\/public\\\/journals\\\/22\\\/cover_issue_534_pt_BR.jpg\"},{\"@type\":\"BreadcrumbList\",\"@id\":\"https:\\\/\\\/inclusivenews.com.br\\\/?p=17639#breadcrumb\",\"itemListElement\":[{\"@type\":\"ListItem\",\"position\":1,\"name\":\"In\u00edcio\",\"item\":\"https:\\\/\\\/inclusivenews.com.br\\\/\"},{\"@type\":\"ListItem\",\"position\":2,\"name\":\"Direitos humanos: diversos olhares\"}]},{\"@type\":\"WebSite\",\"@id\":\"https:\\\/\\\/inclusivenews.com.br\\\/#website\",\"url\":\"https:\\\/\\\/inclusivenews.com.br\\\/\",\"name\":\"Inclusive News\",\"description\":\"Inclusive News\",\"publisher\":{\"@id\":\"https:\\\/\\\/inclusivenews.com.br\\\/#organization\"},\"potentialAction\":[{\"@type\":\"SearchAction\",\"target\":{\"@type\":\"EntryPoint\",\"urlTemplate\":\"https:\\\/\\\/inclusivenews.com.br\\\/?s={search_term_string}\"},\"query-input\":{\"@type\":\"PropertyValueSpecification\",\"valueRequired\":true,\"valueName\":\"search_term_string\"}}],\"inLanguage\":\"pt-PT\"},{\"@type\":\"Organization\",\"@id\":\"https:\\\/\\\/inclusivenews.com.br\\\/#organization\",\"name\":\"Inclusive - inclus\u00e3o e cidadania\",\"url\":\"https:\\\/\\\/inclusivenews.com.br\\\/\",\"logo\":{\"@type\":\"ImageObject\",\"inLanguage\":\"pt-PT\",\"@id\":\"https:\\\/\\\/inclusivenews.com.br\\\/#\\\/schema\\\/logo\\\/image\\\/\",\"url\":\"https:\\\/\\\/inclusivenews.com.br\\\/wp-content\\\/uploads\\\/2024\\\/03\\\/@grandesite.png\",\"contentUrl\":\"https:\\\/\\\/inclusivenews.com.br\\\/wp-content\\\/uploads\\\/2024\\\/03\\\/@grandesite.png\",\"width\":1080,\"height\":1080,\"caption\":\"Inclusive - inclus\u00e3o e cidadania\"},\"image\":{\"@id\":\"https:\\\/\\\/inclusivenews.com.br\\\/#\\\/schema\\\/logo\\\/image\\\/\"},\"sameAs\":[\"https:\\\/\\\/www.facebook.com\\\/agenciainclusive\\\/\",\"https:\\\/\\\/www.instagram.com\\\/newsinclusive\\\/\"]},{\"@type\":\"Person\",\"@id\":\"https:\\\/\\\/inclusivenews.com.br\\\/#\\\/schema\\\/person\\\/ae4ec7087559b8692fb33b6fffd2273b\",\"name\":\"inclusivenews2024\",\"image\":{\"@type\":\"ImageObject\",\"inLanguage\":\"pt-PT\",\"@id\":\"https:\\\/\\\/secure.gravatar.com\\\/avatar\\\/c5a7ef84c66fa914f55bc4f7ce26cfa275a3b9a1c5568b907bd184fb4dde7b40?s=96&d=mm&r=g\",\"url\":\"https:\\\/\\\/secure.gravatar.com\\\/avatar\\\/c5a7ef84c66fa914f55bc4f7ce26cfa275a3b9a1c5568b907bd184fb4dde7b40?s=96&d=mm&r=g\",\"contentUrl\":\"https:\\\/\\\/secure.gravatar.com\\\/avatar\\\/c5a7ef84c66fa914f55bc4f7ce26cfa275a3b9a1c5568b907bd184fb4dde7b40?s=96&d=mm&r=g\",\"caption\":\"inclusivenews2024\"},\"sameAs\":[\"https:\\\/\\\/inclusivenews.com.br\"],\"url\":\"https:\\\/\\\/inclusivenews.com.br\\\/?author=1\"}]}<\/script>\n<!-- \/ Yoast SEO plugin. -->","yoast_head_json":{"title":"Direitos humanos: diversos olhares -","robots":{"index":"index","follow":"follow","max-snippet":"max-snippet:-1","max-image-preview":"max-image-preview:large","max-video-preview":"max-video-preview:-1"},"canonical":"https:\/\/inclusivenews.com.br\/?p=17639","og_locale":"pt_PT","og_type":"article","og_title":"Direitos humanos: diversos olhares -","og_description":"O dossi\u00ea \u201cDireitos Humanos: diversos olhares\", e a revista como um todo, traz um conjunto de enfoques disciplinares e te\u00f3ricos que agora se coloca \u00e0 aprecia\u00e7\u00e3o cr\u00edtica de seus\/suas leitores\/leitoras.","og_url":"https:\/\/inclusivenews.com.br\/?p=17639","article_publisher":"https:\/\/www.facebook.com\/agenciainclusive\/","article_published_time":"2010-10-07T09:14:16+00:00","og_image":[{"url":"http:\/\/www.uel.br\/revistas\/uel\/public\/journals\/22\/cover_issue_534_pt_BR.jpg","type":"","width":"","height":""}],"author":"inclusivenews2024","twitter_card":"summary_large_image","twitter_misc":{"Escrito por":"inclusivenews2024","Tempo estimado de leitura":"2 minutos"},"schema":{"@context":"https:\/\/schema.org","@graph":[{"@type":"Article","@id":"https:\/\/inclusivenews.com.br\/?p=17639#article","isPartOf":{"@id":"https:\/\/inclusivenews.com.br\/?p=17639"},"author":{"name":"inclusivenews2024","@id":"https:\/\/inclusivenews.com.br\/#\/schema\/person\/ae4ec7087559b8692fb33b6fffd2273b"},"headline":"Direitos humanos: diversos olhares","datePublished":"2010-10-07T09:14:16+00:00","mainEntityOfPage":{"@id":"https:\/\/inclusivenews.com.br\/?p=17639"},"wordCount":410,"commentCount":0,"publisher":{"@id":"https:\/\/inclusivenews.com.br\/#organization"},"image":{"@id":"https:\/\/inclusivenews.com.br\/?p=17639#primaryimage"},"thumbnailUrl":"http:\/\/www.uel.br\/revistas\/uel\/public\/journals\/22\/cover_issue_534_pt_BR.jpg","articleSection":["DIREITOS HUMANOS","Downloadables","PUBLICA\u00c7\u00d5ES","Revistas"],"inLanguage":"pt-PT","potentialAction":[{"@type":"CommentAction","name":"Comment","target":["https:\/\/inclusivenews.com.br\/?p=17639#respond"]}]},{"@type":"WebPage","@id":"https:\/\/inclusivenews.com.br\/?p=17639","url":"https:\/\/inclusivenews.com.br\/?p=17639","name":"Direitos humanos: diversos olhares -","isPartOf":{"@id":"https:\/\/inclusivenews.com.br\/#website"},"primaryImageOfPage":{"@id":"https:\/\/inclusivenews.com.br\/?p=17639#primaryimage"},"image":{"@id":"https:\/\/inclusivenews.com.br\/?p=17639#primaryimage"},"thumbnailUrl":"http:\/\/www.uel.br\/revistas\/uel\/public\/journals\/22\/cover_issue_534_pt_BR.jpg","datePublished":"2010-10-07T09:14:16+00:00","breadcrumb":{"@id":"https:\/\/inclusivenews.com.br\/?p=17639#breadcrumb"},"inLanguage":"pt-PT","potentialAction":[{"@type":"ReadAction","target":["https:\/\/inclusivenews.com.br\/?p=17639"]}]},{"@type":"ImageObject","inLanguage":"pt-PT","@id":"https:\/\/inclusivenews.com.br\/?p=17639#primaryimage","url":"http:\/\/www.uel.br\/revistas\/uel\/public\/journals\/22\/cover_issue_534_pt_BR.jpg","contentUrl":"http:\/\/www.uel.br\/revistas\/uel\/public\/journals\/22\/cover_issue_534_pt_BR.jpg"},{"@type":"BreadcrumbList","@id":"https:\/\/inclusivenews.com.br\/?p=17639#breadcrumb","itemListElement":[{"@type":"ListItem","position":1,"name":"In\u00edcio","item":"https:\/\/inclusivenews.com.br\/"},{"@type":"ListItem","position":2,"name":"Direitos humanos: diversos olhares"}]},{"@type":"WebSite","@id":"https:\/\/inclusivenews.com.br\/#website","url":"https:\/\/inclusivenews.com.br\/","name":"Inclusive News","description":"Inclusive News","publisher":{"@id":"https:\/\/inclusivenews.com.br\/#organization"},"potentialAction":[{"@type":"SearchAction","target":{"@type":"EntryPoint","urlTemplate":"https:\/\/inclusivenews.com.br\/?s={search_term_string}"},"query-input":{"@type":"PropertyValueSpecification","valueRequired":true,"valueName":"search_term_string"}}],"inLanguage":"pt-PT"},{"@type":"Organization","@id":"https:\/\/inclusivenews.com.br\/#organization","name":"Inclusive - inclus\u00e3o e cidadania","url":"https:\/\/inclusivenews.com.br\/","logo":{"@type":"ImageObject","inLanguage":"pt-PT","@id":"https:\/\/inclusivenews.com.br\/#\/schema\/logo\/image\/","url":"https:\/\/inclusivenews.com.br\/wp-content\/uploads\/2024\/03\/@grandesite.png","contentUrl":"https:\/\/inclusivenews.com.br\/wp-content\/uploads\/2024\/03\/@grandesite.png","width":1080,"height":1080,"caption":"Inclusive - inclus\u00e3o e cidadania"},"image":{"@id":"https:\/\/inclusivenews.com.br\/#\/schema\/logo\/image\/"},"sameAs":["https:\/\/www.facebook.com\/agenciainclusive\/","https:\/\/www.instagram.com\/newsinclusive\/"]},{"@type":"Person","@id":"https:\/\/inclusivenews.com.br\/#\/schema\/person\/ae4ec7087559b8692fb33b6fffd2273b","name":"inclusivenews2024","image":{"@type":"ImageObject","inLanguage":"pt-PT","@id":"https:\/\/secure.gravatar.com\/avatar\/c5a7ef84c66fa914f55bc4f7ce26cfa275a3b9a1c5568b907bd184fb4dde7b40?s=96&d=mm&r=g","url":"https:\/\/secure.gravatar.com\/avatar\/c5a7ef84c66fa914f55bc4f7ce26cfa275a3b9a1c5568b907bd184fb4dde7b40?s=96&d=mm&r=g","contentUrl":"https:\/\/secure.gravatar.com\/avatar\/c5a7ef84c66fa914f55bc4f7ce26cfa275a3b9a1c5568b907bd184fb4dde7b40?s=96&d=mm&r=g","caption":"inclusivenews2024"},"sameAs":["https:\/\/inclusivenews.com.br"],"url":"https:\/\/inclusivenews.com.br\/?author=1"}]}},"_links":{"self":[{"href":"https:\/\/inclusivenews.com.br\/index.php?rest_route=\/wp\/v2\/posts\/17639","targetHints":{"allow":["GET"]}}],"collection":[{"href":"https:\/\/inclusivenews.com.br\/index.php?rest_route=\/wp\/v2\/posts"}],"about":[{"href":"https:\/\/inclusivenews.com.br\/index.php?rest_route=\/wp\/v2\/types\/post"}],"author":[{"embeddable":true,"href":"https:\/\/inclusivenews.com.br\/index.php?rest_route=\/wp\/v2\/users\/1"}],"replies":[{"embeddable":true,"href":"https:\/\/inclusivenews.com.br\/index.php?rest_route=%2Fwp%2Fv2%2Fcomments&post=17639"}],"version-history":[{"count":0,"href":"https:\/\/inclusivenews.com.br\/index.php?rest_route=\/wp\/v2\/posts\/17639\/revisions"}],"wp:attachment":[{"href":"https:\/\/inclusivenews.com.br\/index.php?rest_route=%2Fwp%2Fv2%2Fmedia&parent=17639"}],"wp:term":[{"taxonomy":"category","embeddable":true,"href":"https:\/\/inclusivenews.com.br\/index.php?rest_route=%2Fwp%2Fv2%2Fcategories&post=17639"},{"taxonomy":"post_tag","embeddable":true,"href":"https:\/\/inclusivenews.com.br\/index.php?rest_route=%2Fwp%2Fv2%2Ftags&post=17639"}],"curies":[{"name":"wp","href":"https:\/\/api.w.org\/{rel}","templated":true}]}}