{"id":17661,"date":"2010-10-07T06:00:58","date_gmt":"2010-10-07T09:00:58","guid":{"rendered":"http:\/\/www.inclusive.org.br\/?p=17661"},"modified":"2010-10-07T06:00:58","modified_gmt":"2010-10-07T09:00:58","slug":"xvi-semana-de-estudos-em-terapia-ocupacional-identidade-na-diversidade-25-2910","status":"publish","type":"post","link":"https:\/\/inclusivenews.com.br\/?p=17661","title":{"rendered":"XVI Semana de Estudos em Terapia Ocupacional &#8211; Identidade na diversidade &#8211; (25-29\/10)"},"content":{"rendered":"<figure id=\"attachment_17662\" aria-describedby=\"caption-attachment-17662\" style=\"width: 251px\" class=\"wp-caption alignleft\"><a href=\"http:\/\/www.inclusivenews.com.br\/wp-content\/uploads\/2010\/10\/logogogogogo.jpg\"><img loading=\"lazy\" decoding=\"async\" class=\"size-full wp-image-17662\" title=\"XVI Semana de Estudos da Terapia Ocupacional - Identidade na diversidade\" src=\"http:\/\/inclusivenews.com.br\/wp-content\/uploads\/2010\/10\/logogogogogo.jpg\" alt=\"XVI Semana de Estudos da Terapia Ocupacional - Identidade na diversidade\" width=\"251\" height=\"102\" \/><\/a><figcaption id=\"caption-attachment-17662\" class=\"wp-caption-text\"> <\/figcaption><\/figure>\n<p>A XVI Semana de Estudos da Terapia Ocupacional sob o tema: &#8220;Atua\u00e7\u00e3o da Terapia Ocupacional: identidade na diversidade&#8221;, tem como objetivo a complementa\u00e7\u00e3o da forma\u00e7\u00e3o universit\u00e1ria al\u00e9m da comemora\u00e7\u00e3o dos 40 anos da Universidade Federal de S\u00e3o Carlos. O p\u00fablico-alvo s\u00e3o os alunos de gradua\u00e7\u00e3o e p\u00f3s-gradua\u00e7\u00e3o, al\u00e9m de profissionais da terapia ocupacional e de \u00e1reas afins. Ser\u00e3o realizadas palestras, confer\u00eancias, mesas redondas, oficinas e mini-cursos com a finalidade de proporcionar o debate e a avalia\u00e7\u00e3o sobre perspectivas profissionais que v\u00eam se delineando no cen\u00e1rio nacional e internacional, a reciclagem do conhecimento profissional, a intera\u00e7\u00e3o acad\u00eamica e profissional dos diversos participantes, a discuss\u00e3o sobre o reconhecimento da Terapia Ocupacional no mercado de trabalho e a divulga\u00e7\u00e3o de seus avan\u00e7os.<\/p>\n<p>Pretende-se ainda que seja um espa\u00e7o privilegiado para o aprofundamento da reflex\u00e3o te\u00f3rica, principalmente, para a discuss\u00e3o das perspectivas que tem se delineado no cen\u00e1rio nacional e internacional no que diz respeito \u00e0s poss\u00edveis contribui\u00e7\u00f5es deste profissional e sua interven\u00e7\u00e3o na sa\u00fade, educa\u00e7\u00e3o e esfera social. Al\u00e9m disso, espera-se congregar profissionais, discentes e docentes da \u00e1rea de Terapia Ocupacional e \u00e1reas afins possibilitando o debate e avalia\u00e7\u00e3o das perspectivas profissionais; a reciclagem do conhecimento profissional e novas \u00e1reas de interven\u00e7\u00e3o, a intera\u00e7\u00e3o acad\u00eamica e profissional dos diversos participantes envolvidos e a discuss\u00e3o e divulga\u00e7\u00e3o dos avan\u00e7os acad\u00eamicos e sociais da terapia ocupacional.<\/p>\n<p><strong>Inscri\u00e7\u00f5es at\u00e9 07 de outubro.<\/strong><strong><br \/>\n<\/strong><\/p>\n<p><a href=\"http:\/\/www.ufscar.br\/semto10\/programacao.html\"><strong>Link para programa\u00e7\u00e3o.<\/strong><\/a><\/p>\n","protected":false},"excerpt":{"rendered":"<p>A Jornada acontecer\u00e1 entre 25 e 29 de outubro, na UFSCAR. Inscri\u00e7\u00f5es encerram dia 07\/10.<\/p>\n","protected":false},"author":1,"featured_media":0,"comment_status":"open","ping_status":"open","sticky":false,"template":"","format":"standard","meta":{"site-container-style":"default","site-container-layout":"default","site-sidebar-layout":"default","disable-article-header":"default","disable-site-header":"default","disable-site-footer":"default","disable-content-area-spacing":"default","footnotes":""},"categories":[12,4],"tags":[],"class_list":["post-17661","post","type-post","status-publish","format-standard","hentry","category-cursos-e-eventos","category-noticias"],"yoast_head":"<!-- This site is optimized with the Yoast SEO plugin v27.4 - https:\/\/yoast.com\/product\/yoast-seo-wordpress\/ -->\n<title>XVI Semana de Estudos em Terapia Ocupacional - Identidade na diversidade - (25-29\/10) -<\/title>\n<meta name=\"robots\" content=\"index, follow, max-snippet:-1, max-image-preview:large, max-video-preview:-1\" \/>\n<link rel=\"canonical\" href=\"https:\/\/inclusivenews.com.br\/?p=17661\" \/>\n<meta property=\"og:locale\" content=\"pt_PT\" \/>\n<meta property=\"og:type\" content=\"article\" \/>\n<meta property=\"og:title\" content=\"XVI Semana de Estudos em Terapia Ocupacional - Identidade na diversidade - (25-29\/10) -\" \/>\n<meta property=\"og:description\" content=\"A Jornada acontecer\u00e1 entre 25 e 29 de outubro, na UFSCAR. Inscri\u00e7\u00f5es encerram dia 07\/10.\" \/>\n<meta property=\"og:url\" content=\"https:\/\/inclusivenews.com.br\/?p=17661\" \/>\n<meta property=\"article:publisher\" content=\"https:\/\/www.facebook.com\/agenciainclusive\/\" \/>\n<meta property=\"article:published_time\" content=\"2010-10-07T09:00:58+00:00\" \/>\n<meta property=\"og:image\" content=\"http:\/\/inclusivenews.com.br\/wp-content\/uploads\/2010\/10\/logogogogogo.jpg\" \/>\n<meta name=\"author\" content=\"inclusivenews2024\" \/>\n<meta name=\"twitter:card\" content=\"summary_large_image\" \/>\n<meta name=\"twitter:label1\" content=\"Escrito por\" \/>\n\t<meta name=\"twitter:data1\" content=\"inclusivenews2024\" \/>\n\t<meta name=\"twitter:label2\" content=\"Tempo estimado de leitura\" \/>\n\t<meta name=\"twitter:data2\" content=\"1 minuto\" \/>\n<script type=\"application\/ld+json\" class=\"yoast-schema-graph\">{\"@context\":\"https:\\\/\\\/schema.org\",\"@graph\":[{\"@type\":\"Article\",\"@id\":\"https:\\\/\\\/inclusivenews.com.br\\\/?p=17661#article\",\"isPartOf\":{\"@id\":\"https:\\\/\\\/inclusivenews.com.br\\\/?p=17661\"},\"author\":{\"name\":\"inclusivenews2024\",\"@id\":\"https:\\\/\\\/inclusivenews.com.br\\\/#\\\/schema\\\/person\\\/ae4ec7087559b8692fb33b6fffd2273b\"},\"headline\":\"XVI Semana de Estudos em Terapia Ocupacional &#8211; Identidade na diversidade &#8211; (25-29\\\/10)\",\"datePublished\":\"2010-10-07T09:00:58+00:00\",\"mainEntityOfPage\":{\"@id\":\"https:\\\/\\\/inclusivenews.com.br\\\/?p=17661\"},\"wordCount\":292,\"commentCount\":0,\"publisher\":{\"@id\":\"https:\\\/\\\/inclusivenews.com.br\\\/#organization\"},\"image\":{\"@id\":\"https:\\\/\\\/inclusivenews.com.br\\\/?p=17661#primaryimage\"},\"thumbnailUrl\":\"http:\\\/\\\/inclusivenews.com.br\\\/wp-content\\\/uploads\\\/2010\\\/10\\\/logogogogogo.jpg\",\"articleSection\":[\"Cursos e eventos\",\"NOT\u00cdCIAS\"],\"inLanguage\":\"pt-PT\",\"potentialAction\":[{\"@type\":\"CommentAction\",\"name\":\"Comment\",\"target\":[\"https:\\\/\\\/inclusivenews.com.br\\\/?p=17661#respond\"]}]},{\"@type\":\"WebPage\",\"@id\":\"https:\\\/\\\/inclusivenews.com.br\\\/?p=17661\",\"url\":\"https:\\\/\\\/inclusivenews.com.br\\\/?p=17661\",\"name\":\"XVI Semana de Estudos em Terapia Ocupacional - Identidade na diversidade - (25-29\\\/10) -\",\"isPartOf\":{\"@id\":\"https:\\\/\\\/inclusivenews.com.br\\\/#website\"},\"primaryImageOfPage\":{\"@id\":\"https:\\\/\\\/inclusivenews.com.br\\\/?p=17661#primaryimage\"},\"image\":{\"@id\":\"https:\\\/\\\/inclusivenews.com.br\\\/?p=17661#primaryimage\"},\"thumbnailUrl\":\"http:\\\/\\\/inclusivenews.com.br\\\/wp-content\\\/uploads\\\/2010\\\/10\\\/logogogogogo.jpg\",\"datePublished\":\"2010-10-07T09:00:58+00:00\",\"breadcrumb\":{\"@id\":\"https:\\\/\\\/inclusivenews.com.br\\\/?p=17661#breadcrumb\"},\"inLanguage\":\"pt-PT\",\"potentialAction\":[{\"@type\":\"ReadAction\",\"target\":[\"https:\\\/\\\/inclusivenews.com.br\\\/?p=17661\"]}]},{\"@type\":\"ImageObject\",\"inLanguage\":\"pt-PT\",\"@id\":\"https:\\\/\\\/inclusivenews.com.br\\\/?p=17661#primaryimage\",\"url\":\"\",\"contentUrl\":\"\"},{\"@type\":\"BreadcrumbList\",\"@id\":\"https:\\\/\\\/inclusivenews.com.br\\\/?p=17661#breadcrumb\",\"itemListElement\":[{\"@type\":\"ListItem\",\"position\":1,\"name\":\"In\u00edcio\",\"item\":\"https:\\\/\\\/inclusivenews.com.br\\\/\"},{\"@type\":\"ListItem\",\"position\":2,\"name\":\"XVI Semana de Estudos em Terapia Ocupacional &#8211; Identidade na diversidade &#8211; (25-29\\\/10)\"}]},{\"@type\":\"WebSite\",\"@id\":\"https:\\\/\\\/inclusivenews.com.br\\\/#website\",\"url\":\"https:\\\/\\\/inclusivenews.com.br\\\/\",\"name\":\"Inclusive News\",\"description\":\"Inclusive News\",\"publisher\":{\"@id\":\"https:\\\/\\\/inclusivenews.com.br\\\/#organization\"},\"potentialAction\":[{\"@type\":\"SearchAction\",\"target\":{\"@type\":\"EntryPoint\",\"urlTemplate\":\"https:\\\/\\\/inclusivenews.com.br\\\/?s={search_term_string}\"},\"query-input\":{\"@type\":\"PropertyValueSpecification\",\"valueRequired\":true,\"valueName\":\"search_term_string\"}}],\"inLanguage\":\"pt-PT\"},{\"@type\":\"Organization\",\"@id\":\"https:\\\/\\\/inclusivenews.com.br\\\/#organization\",\"name\":\"Inclusive - inclus\u00e3o e cidadania\",\"url\":\"https:\\\/\\\/inclusivenews.com.br\\\/\",\"logo\":{\"@type\":\"ImageObject\",\"inLanguage\":\"pt-PT\",\"@id\":\"https:\\\/\\\/inclusivenews.com.br\\\/#\\\/schema\\\/logo\\\/image\\\/\",\"url\":\"https:\\\/\\\/inclusivenews.com.br\\\/wp-content\\\/uploads\\\/2024\\\/03\\\/@grandesite.png\",\"contentUrl\":\"https:\\\/\\\/inclusivenews.com.br\\\/wp-content\\\/uploads\\\/2024\\\/03\\\/@grandesite.png\",\"width\":1080,\"height\":1080,\"caption\":\"Inclusive - inclus\u00e3o e cidadania\"},\"image\":{\"@id\":\"https:\\\/\\\/inclusivenews.com.br\\\/#\\\/schema\\\/logo\\\/image\\\/\"},\"sameAs\":[\"https:\\\/\\\/www.facebook.com\\\/agenciainclusive\\\/\",\"https:\\\/\\\/www.instagram.com\\\/newsinclusive\\\/\"]},{\"@type\":\"Person\",\"@id\":\"https:\\\/\\\/inclusivenews.com.br\\\/#\\\/schema\\\/person\\\/ae4ec7087559b8692fb33b6fffd2273b\",\"name\":\"inclusivenews2024\",\"image\":{\"@type\":\"ImageObject\",\"inLanguage\":\"pt-PT\",\"@id\":\"https:\\\/\\\/secure.gravatar.com\\\/avatar\\\/c5a7ef84c66fa914f55bc4f7ce26cfa275a3b9a1c5568b907bd184fb4dde7b40?s=96&d=mm&r=g\",\"url\":\"https:\\\/\\\/secure.gravatar.com\\\/avatar\\\/c5a7ef84c66fa914f55bc4f7ce26cfa275a3b9a1c5568b907bd184fb4dde7b40?s=96&d=mm&r=g\",\"contentUrl\":\"https:\\\/\\\/secure.gravatar.com\\\/avatar\\\/c5a7ef84c66fa914f55bc4f7ce26cfa275a3b9a1c5568b907bd184fb4dde7b40?s=96&d=mm&r=g\",\"caption\":\"inclusivenews2024\"},\"sameAs\":[\"https:\\\/\\\/inclusivenews.com.br\"],\"url\":\"https:\\\/\\\/inclusivenews.com.br\\\/?author=1\"}]}<\/script>\n<!-- \/ Yoast SEO plugin. -->","yoast_head_json":{"title":"XVI Semana de Estudos em Terapia Ocupacional - Identidade na diversidade - (25-29\/10) -","robots":{"index":"index","follow":"follow","max-snippet":"max-snippet:-1","max-image-preview":"max-image-preview:large","max-video-preview":"max-video-preview:-1"},"canonical":"https:\/\/inclusivenews.com.br\/?p=17661","og_locale":"pt_PT","og_type":"article","og_title":"XVI Semana de Estudos em Terapia Ocupacional - Identidade na diversidade - (25-29\/10) -","og_description":"A Jornada acontecer\u00e1 entre 25 e 29 de outubro, na UFSCAR. Inscri\u00e7\u00f5es encerram dia 07\/10.","og_url":"https:\/\/inclusivenews.com.br\/?p=17661","article_publisher":"https:\/\/www.facebook.com\/agenciainclusive\/","article_published_time":"2010-10-07T09:00:58+00:00","og_image":[{"url":"http:\/\/inclusivenews.com.br\/wp-content\/uploads\/2010\/10\/logogogogogo.jpg","type":"","width":"","height":""}],"author":"inclusivenews2024","twitter_card":"summary_large_image","twitter_misc":{"Escrito por":"inclusivenews2024","Tempo estimado de leitura":"1 minuto"},"schema":{"@context":"https:\/\/schema.org","@graph":[{"@type":"Article","@id":"https:\/\/inclusivenews.com.br\/?p=17661#article","isPartOf":{"@id":"https:\/\/inclusivenews.com.br\/?p=17661"},"author":{"name":"inclusivenews2024","@id":"https:\/\/inclusivenews.com.br\/#\/schema\/person\/ae4ec7087559b8692fb33b6fffd2273b"},"headline":"XVI Semana de Estudos em Terapia Ocupacional &#8211; Identidade na diversidade &#8211; (25-29\/10)","datePublished":"2010-10-07T09:00:58+00:00","mainEntityOfPage":{"@id":"https:\/\/inclusivenews.com.br\/?p=17661"},"wordCount":292,"commentCount":0,"publisher":{"@id":"https:\/\/inclusivenews.com.br\/#organization"},"image":{"@id":"https:\/\/inclusivenews.com.br\/?p=17661#primaryimage"},"thumbnailUrl":"http:\/\/inclusivenews.com.br\/wp-content\/uploads\/2010\/10\/logogogogogo.jpg","articleSection":["Cursos e eventos","NOT\u00cdCIAS"],"inLanguage":"pt-PT","potentialAction":[{"@type":"CommentAction","name":"Comment","target":["https:\/\/inclusivenews.com.br\/?p=17661#respond"]}]},{"@type":"WebPage","@id":"https:\/\/inclusivenews.com.br\/?p=17661","url":"https:\/\/inclusivenews.com.br\/?p=17661","name":"XVI Semana de Estudos em Terapia Ocupacional - Identidade na diversidade - (25-29\/10) -","isPartOf":{"@id":"https:\/\/inclusivenews.com.br\/#website"},"primaryImageOfPage":{"@id":"https:\/\/inclusivenews.com.br\/?p=17661#primaryimage"},"image":{"@id":"https:\/\/inclusivenews.com.br\/?p=17661#primaryimage"},"thumbnailUrl":"http:\/\/inclusivenews.com.br\/wp-content\/uploads\/2010\/10\/logogogogogo.jpg","datePublished":"2010-10-07T09:00:58+00:00","breadcrumb":{"@id":"https:\/\/inclusivenews.com.br\/?p=17661#breadcrumb"},"inLanguage":"pt-PT","potentialAction":[{"@type":"ReadAction","target":["https:\/\/inclusivenews.com.br\/?p=17661"]}]},{"@type":"ImageObject","inLanguage":"pt-PT","@id":"https:\/\/inclusivenews.com.br\/?p=17661#primaryimage","url":"","contentUrl":""},{"@type":"BreadcrumbList","@id":"https:\/\/inclusivenews.com.br\/?p=17661#breadcrumb","itemListElement":[{"@type":"ListItem","position":1,"name":"In\u00edcio","item":"https:\/\/inclusivenews.com.br\/"},{"@type":"ListItem","position":2,"name":"XVI Semana de Estudos em Terapia Ocupacional &#8211; Identidade na diversidade &#8211; (25-29\/10)"}]},{"@type":"WebSite","@id":"https:\/\/inclusivenews.com.br\/#website","url":"https:\/\/inclusivenews.com.br\/","name":"Inclusive News","description":"Inclusive News","publisher":{"@id":"https:\/\/inclusivenews.com.br\/#organization"},"potentialAction":[{"@type":"SearchAction","target":{"@type":"EntryPoint","urlTemplate":"https:\/\/inclusivenews.com.br\/?s={search_term_string}"},"query-input":{"@type":"PropertyValueSpecification","valueRequired":true,"valueName":"search_term_string"}}],"inLanguage":"pt-PT"},{"@type":"Organization","@id":"https:\/\/inclusivenews.com.br\/#organization","name":"Inclusive - inclus\u00e3o e cidadania","url":"https:\/\/inclusivenews.com.br\/","logo":{"@type":"ImageObject","inLanguage":"pt-PT","@id":"https:\/\/inclusivenews.com.br\/#\/schema\/logo\/image\/","url":"https:\/\/inclusivenews.com.br\/wp-content\/uploads\/2024\/03\/@grandesite.png","contentUrl":"https:\/\/inclusivenews.com.br\/wp-content\/uploads\/2024\/03\/@grandesite.png","width":1080,"height":1080,"caption":"Inclusive - inclus\u00e3o e cidadania"},"image":{"@id":"https:\/\/inclusivenews.com.br\/#\/schema\/logo\/image\/"},"sameAs":["https:\/\/www.facebook.com\/agenciainclusive\/","https:\/\/www.instagram.com\/newsinclusive\/"]},{"@type":"Person","@id":"https:\/\/inclusivenews.com.br\/#\/schema\/person\/ae4ec7087559b8692fb33b6fffd2273b","name":"inclusivenews2024","image":{"@type":"ImageObject","inLanguage":"pt-PT","@id":"https:\/\/secure.gravatar.com\/avatar\/c5a7ef84c66fa914f55bc4f7ce26cfa275a3b9a1c5568b907bd184fb4dde7b40?s=96&d=mm&r=g","url":"https:\/\/secure.gravatar.com\/avatar\/c5a7ef84c66fa914f55bc4f7ce26cfa275a3b9a1c5568b907bd184fb4dde7b40?s=96&d=mm&r=g","contentUrl":"https:\/\/secure.gravatar.com\/avatar\/c5a7ef84c66fa914f55bc4f7ce26cfa275a3b9a1c5568b907bd184fb4dde7b40?s=96&d=mm&r=g","caption":"inclusivenews2024"},"sameAs":["https:\/\/inclusivenews.com.br"],"url":"https:\/\/inclusivenews.com.br\/?author=1"}]}},"_links":{"self":[{"href":"https:\/\/inclusivenews.com.br\/index.php?rest_route=\/wp\/v2\/posts\/17661","targetHints":{"allow":["GET"]}}],"collection":[{"href":"https:\/\/inclusivenews.com.br\/index.php?rest_route=\/wp\/v2\/posts"}],"about":[{"href":"https:\/\/inclusivenews.com.br\/index.php?rest_route=\/wp\/v2\/types\/post"}],"author":[{"embeddable":true,"href":"https:\/\/inclusivenews.com.br\/index.php?rest_route=\/wp\/v2\/users\/1"}],"replies":[{"embeddable":true,"href":"https:\/\/inclusivenews.com.br\/index.php?rest_route=%2Fwp%2Fv2%2Fcomments&post=17661"}],"version-history":[{"count":0,"href":"https:\/\/inclusivenews.com.br\/index.php?rest_route=\/wp\/v2\/posts\/17661\/revisions"}],"wp:attachment":[{"href":"https:\/\/inclusivenews.com.br\/index.php?rest_route=%2Fwp%2Fv2%2Fmedia&parent=17661"}],"wp:term":[{"taxonomy":"category","embeddable":true,"href":"https:\/\/inclusivenews.com.br\/index.php?rest_route=%2Fwp%2Fv2%2Fcategories&post=17661"},{"taxonomy":"post_tag","embeddable":true,"href":"https:\/\/inclusivenews.com.br\/index.php?rest_route=%2Fwp%2Fv2%2Ftags&post=17661"}],"curies":[{"name":"wp","href":"https:\/\/api.w.org\/{rel}","templated":true}]}}