{"id":17677,"date":"2010-10-14T08:20:20","date_gmt":"2010-10-14T11:20:20","guid":{"rendered":"http:\/\/www.inclusive.org.br\/?p=17677"},"modified":"2010-10-14T08:20:20","modified_gmt":"2010-10-14T11:20:20","slug":"aborto-e-eleicoes","status":"publish","type":"post","link":"https:\/\/inclusivenews.com.br\/?p=17677","title":{"rendered":"Aborto e elei\u00e7\u00f5es"},"content":{"rendered":"<figure id=\"attachment_17689\" aria-describedby=\"caption-attachment-17689\" style=\"width: 277px\" class=\"wp-caption alignleft\"><a href=\"http:\/\/www.inclusivenews.com.br\/wp-content\/uploads\/2010\/10\/cortina.jpg\"><img loading=\"lazy\" decoding=\"async\" class=\"size-full wp-image-17689 \" title=\"Cortina de fuma\u00e7a\" src=\"http:\/\/inclusivenews.com.br\/wp-content\/uploads\/2010\/10\/cortina.jpg\" alt=\"Cortina de fuma\u00e7a\" width=\"277\" height=\"212\" \/><\/a><figcaption id=\"caption-attachment-17689\" class=\"wp-caption-text\"> <\/figcaption><\/figure>\n<p><em>Cabe a todos a pergunta se, de fato, o aborto \u00e9 a quest\u00e3o central do debate eleitoral ou se o tema est\u00e1 servindo, de modo instrumental, a uma estrat\u00e9gia (de ambos os lados) de evitar o detalhamento de proposi\u00e7\u00f5es fundamentais de governo. O aborto \u00e9 a cortina de fuma\u00e7a ou tema decisivo nessa campanha?<\/em><\/p>\n<p>De acordo com pesquisa realizada pela Universidade de Bras\u00edlia (UnB) e o Instituto de Bio\u00e9tica, Direitos Humanos e G\u00eanero (Anis), uma em cada cinco mulheres brasileiras j\u00e1 fez um aborto, o que representa um contingente de mais de 5 milh\u00f5es de mulheres entre 18 e 39 anos, que abortam com m\u00e9todos inseguros e correm risco em cl\u00ednicas ilegais ou com medicamentos adulterados. A maioria daquelas que recorre \u00e0 clandestinidade, acaba finalizando o procedimento nos hospitais p\u00fablicos, o que traz custos ao Sistema \u00danico de Sa\u00fade (SUS) e altas taxas de mortalidade feminina. As mulheres de maiores recursos econ\u00f4micos realizam aborto em cl\u00ednicas particulares de baix\u00edssimo n\u00edvel de risco, o que demonstra a profunda desigualdade social no pa\u00eds quando se trata de direitos reprodutivos. O aborto ilegal e inseguro \u00e9, portanto, uma importante quest\u00e3o de sa\u00fade p\u00fablica no Brasil. Apesar disso, no contexto em que o tema foi colocado para o segundo turno das elei\u00e7\u00f5es presidenciais, o aborto se transformou em uma moeda de troca e, sobretudo, numa categoria de acusa\u00e7\u00e3o para ganhar votos, particularmente de evang\u00e9licos e cat\u00f3licos.<\/p>\n<p>Buscamos, a seguir, relembrar o que os dois principais candidatos \u00e0 presid\u00eancia j\u00e1 afirmaram \u00e0 imprensa sobre o tema (e como t\u00eam recuado), e analisar o fato de, no momento atual, se considerar que o tema do aborto seja capaz de decidir as elei\u00e7\u00f5es para Presidente da Rep\u00fablica no Brasil, assunto fomentado pela imprensa brasileira nos \u00faltimos dias.<\/p>\n<p>Imprensa, aborto, Dilma e Serra<\/p>\n<p>A candidata do Partido dos Trabalhadores (PT), Dilma Rousseff, em entrevistas durante sua campanha, defendeu que o governo cumpra a lei e fa\u00e7a o procedimento em estabelecimentos p\u00fablicos de sa\u00fade nos casos estabelecidos por lei.<\/p>\n<p>&#8220;O que n\u00f3s defendemos \u00e9 o cumprimento estrito da lei, que prev\u00ea casos em que o aborto deve ser feito e provido pelo Estado&#8221;, afirmou a candidata ao jornal O Estado de S\u00e3o Paulo, em junho.&#8221;N\u00e3o conhe\u00e7o nenhuma mulher que ache aborto uma coisa maravilhosa. N\u00e3o se deve tratar a quest\u00e3o como religiosa ou de foro \u00edntimo, mas de sa\u00fade p\u00fablica&#8221;, afirmou.<\/p>\n<p>A candidata, por\u00e9m, parece n\u00e3o defender publicamente uma mudan\u00e7a na lei, para que se abram mais permissivos legais. Segundo declarou, o aborto para ser poss\u00edvel tem de estar previsto em lei. &#8220;Mudan\u00e7a \u00e9 um processo que tem que ser discutido com a sociedade e tem que ver o que um governo far\u00e1&#8221;, declarou, na mesma entrevista.<\/p>\n<p>Mas embora tenha defendido a discuss\u00e3o sobre o tema em sociedade, posi\u00e7\u00e3o tamb\u00e9m sustentada pela candidata do Partido Verde (PV), Marina Silva \u2013 que defendeu plebiscito sobre o tema \u2013, Dilma Rousseff foi &#8220;acusada&#8221;, na reta final das elei\u00e7\u00f5es de 03 de outubro, de \u201cser favor\u00e1vel ao aborto\u201d, o que, segundo a grande imprensa, teria sido a raz\u00e3o principal de ela n\u00e3o ter vencido logo no primeiro turno, conforme prenunciavam todas as pesquisas de opini\u00e3o \u2013 ela se manteve com mais de 50% das inten\u00e7\u00f5es de voto nos \u00faltimos tr\u00eas meses. As acusa\u00e7\u00f5es contra a candidata do governo foram fortes e correram por emails e pela internet. De acordo com o que tem sido noticiado pela m\u00eddia, boa parte de seus eleitores \u2013 especialmente os ligados \u00e0s religi\u00f5es cat\u00f3lica e evang\u00e9licas \u2013 teriam desistido de votar nela por esta \u201cser favor\u00e1vel ao aborto\u201d, direcionando seus votos para a evang\u00e9lica Marina Silva. De l\u00e1 para c\u00e1, tem-se especulado se Dilma e o Partido dos Trabalhadores (PT) v\u00e3o recuar e retirar de sua plataforma pol\u00edtica o debate sobre a descriminaliza\u00e7\u00e3o do aborto neste segundo turno. Nota-se: nesta l\u00f3gica manipulat\u00f3ria, \u201cser favor\u00e1vel\u201d ao aborto \u00e9 a vis\u00e3o reducionista de \u201cser favor\u00e1vel ao direito de realizar o aborto\u201d.<\/p>\n<p>\ufeffPor sua vez, o candidato \u00e0 Presid\u00eancia pelo Partido da Social Democracia Brasileira (PSDB), Jos\u00e9 Serra, segundo colocado nas pesquisas, afirmou-se contra a descriminaliza\u00e7\u00e3o do aborto e de mudan\u00e7as na lei durante sua campanha. Em entrevista a um programa do canal Sistema Brasileiro de Televis\u00e3o, afirmou: &#8220;Eu n\u00e3o sou a favor do aborto. N\u00e3o sou a favor de mexer na legisla\u00e7\u00e3o. Agora, qualquer deputado pode fazer isso. Como governo, eu n\u00e3o vou tomar essa iniciativa&#8221;, declarou.<\/p>\n<p>Para ele, a libera\u00e7\u00e3o promoveria uma &#8220;carnificina&#8221; no Pa\u00eds e prejudicaria programas de preven\u00e7\u00e3o \u00e0 gravidez indesejada, conforme anunciou em sabatina no jornal Folha de S\u00e3o Paulo, em junho. &#8220;Dificultaria o trabalho de preven\u00e7\u00e3o, como no caso da gravidez na adolesc\u00eancia, que \u00e9 um assunto muito grave. Vai (ter) gravidez para todo o lado porque (a mulher) vai para o SUS (Sistema \u00danico de Sa\u00fade) e faz o aborto&#8221;, disse Serra, n\u00e3o parecendo ser o mesmo que, quando ocupava o cargo de Ministro da Sa\u00fade, em 1998, durante o governo do presidente Fernando Henrique Cardoso, assinou norma t\u00e9cnica para o SUS (Sistema \u00danico de Sa\u00fade), estabelecendo regras para fazer abortos previstos em lei, at\u00e9 o 5\u00ba m\u00eas de gravidez. (Leia a \u00edntegra da norma em: <a class=\"moz-txt-link-freetext\" href=\"http:\/\/www.cfemea.org.br\/pdf\/normatecnicams.pdf\">http:\/\/www.cfemea.org.br\/pdf\/normatecnicams.pdf<\/a>)<\/p>\n<p>Al\u00e9m do aborto legal, o manual de 1998 liberava o uso de uma s\u00e9rie de medidas de emerg\u00eancia para as v\u00edtimas de viol\u00eancia sexual, entre elas, a p\u00edlula do dia seguinte, considerada por religiosos como abortiva. Assim, segundo seus advers\u00e1rios, Jos\u00e9 Serra foi quem mais contribuiu para o avan\u00e7o da interrup\u00e7\u00e3o da gravidez no Pa\u00eds, tanto por normatizar a pr\u00e1tica do aborto em servi\u00e7os p\u00fablicos como por incluir o uso da p\u00edlula do dia seguinte.<\/p>\n<p>A opini\u00e3o de especialistas<\/p>\n<p>O fato \u00e9 que, a mais ou menos tr\u00eas semanas para as elei\u00e7\u00f5es do segundo turno &#8211; que ser\u00e3o realizadas no dia 31 de outubro &#8211; Dilma e Serra recuaram e mudaram discursos e projetos devido a interesses eleitorais, especialmente sobre temas que envolvem quest\u00f5es morais, como o aborto. No entanto, avaliam especialistas, o que deveria estar em jogo n\u00e3o \u00e9 a opini\u00e3o moral dos candidatos Dilma Rousseff ou Jos\u00e9 Serra acerca da interrup\u00e7\u00e3o da gravidez, mas sim como eles pensam em cuidar dos milh\u00f5es de mulheres que chegam aos hospitais p\u00fablicos para finalizar um aborto (e muitas vezes acabam morrendo). Ou como responderiam a pergunta: se uma mulher teve que recorrer ao aborto por raz\u00f5es econ\u00f4micas, ela deveria ser presa? Ou se eles acreditam que uma mulher deva ser for\u00e7ada a manter uma gravidez mesmo sabendo que o feto n\u00e3o ir\u00e1 sobreviver, como nos casos de anencefalia. Ou seja, o tema precisa ser tratado como uma quest\u00e3o de sa\u00fade e n\u00e3o como bandeira conservadora e religiosa utilizada para eleger candidatos.<\/p>\n<p>&#8220;Foi lament\u00e1vel o duelo entre Dilma Rousseff (PT) e Marina Silva (PV), duas mulheres com origens de esquerda e que sabem que o aborto \u00e9 uma problem\u00e1tica real e concreta, ficarem dizendo, cada uma a seu modo, que s\u00e3o contra. O Serra, inclusive, fala que sempre foi contra, apesar de ter assinado a norma t\u00e9cnica quando ministro da Sa\u00fade. Um ponto importante \u00e9 sempre retomar o aborto como um problema de sa\u00fade p\u00fablica. Outro ponto \u00e9 tentar sair da polariza\u00e7\u00e3o de ser contra ou favor\u00e1vel, porque ningu\u00e9m \u00e9 favor\u00e1vel ao aborto. Trabalhamos com a id\u00e9ia de que o aborto \u00e9 uma escolha, uma alternativa na vida daquela mulher. Mas certamente n\u00e3o \u00e9 uma alternativa f\u00e1cil, n\u00e3o \u00e9 um m\u00e9todo corriqueiro. \u00c9 um direito \u00e0 autonomia da mulher&#8221;, avalia o pesquisador Maur\u00edlio Castro de Matos, professor da Faculdade de Servi\u00e7o Social da Universidade do Estado do Rio de Janeiro (UERJ) e autor do livro rec\u00e9m lan\u00e7ado &#8220;A Criminaliza\u00e7\u00e3o do Aborto em Quest\u00e3o&#8221;.<\/p>\n<p>Para Regina Jurkewicz, da organiza\u00e7\u00e3o Cat\u00f3licas pelo Direito de Decidir, o momento atual deveria ser prop\u00edcio para uma discuss\u00e3o mais ampla. \u201cA legaliza\u00e7\u00e3o do aborto n\u00e3o pode ser vista como um meio de incentivo \u00e0 interrup\u00e7\u00e3o da gravidez. O aborto n\u00e3o tem sido usado como tema, e sim como uma arma pol\u00edtica. Quem mais se prejudica s\u00e3o as mulheres pobres, que terminam no SUS com complica\u00e7\u00f5es decorrentes de um aborto feito em condi\u00e7\u00f5es ou por m\u00e9todos prec\u00e1rios, enquanto as mulheres com condi\u00e7\u00f5es realizam o aborto com seguran\u00e7a\u201d, analisa a soci\u00f3loga.<\/p>\n<p>Na opini\u00e3o do dem\u00f3grafo Jos\u00e9 Eust\u00e1quio Alves, da Escola Nacional de Ci\u00eancias Estat\u00edsticas (ENCE\/IBGE), cabe ao Estado desempenhar o seu papel e colocar em pr\u00e1tica o que a legisla\u00e7\u00e3o brasileira estabelece e garantir a homens e mulheres a autodetermina\u00e7\u00e3o reprodutiva, diminuindo, assim, o n\u00famero de gravidezes n\u00e3o planejadas e de abortos.<\/p>\n<p>&#8220;Muitas mulheres, mas especialmente as mais pobres, recorrem ao aborto inseguro para interromper uma gravidez indesejada. Ao fazer isto, morrem ou ficam com seq\u00fcelas f\u00edsicas e\/ou psicol\u00f3gicas. Portanto, \u00e9 preciso reduzir o n\u00famero de abortos inseguros no pa\u00eds, e a forma de se fazer isto n\u00e3o \u00e9 colocando estas mulheres na cadeia, mas sim dando acesso aos m\u00e9todos de regula\u00e7\u00e3o da fecundidade. A Constitui\u00e7\u00e3o Brasileira e a Lei 9.253\/1996 estabelecem que o planejamento familiar \u00e9 um direito das pessoas e cabe ao Estado fornecer as informa\u00e7\u00f5es e os meios para o controle volunt\u00e1rio da fecundidade. Portanto, cabe ao Estado fornecer os m\u00e9todos contraceptivos necess\u00e1rios para evitar a gravidez indesejada. Se o Estado conseguir fazer a sua parte e universalizar os servi\u00e7os de sa\u00fade sexual e reprodutiva haver\u00e1 redu\u00e7\u00e3o do n\u00famero de abortos. Cabe ao pr\u00f3ximo Presidente da Rep\u00fablica tornar a letra da lei em realidade&#8221;, afirma Jos\u00e9 Eust\u00e1quio.<\/p>\n<p>Em entrevista \u00e0 revista \u00c9poca desta semana (<a href=\"http:\/\/colunas.epoca.globo.com\/mulher7por7\/2010\/10\/06\/a-questao-do-aborto-influenciara-o-seu-voto\/\">Clique aqui para ler<\/a>), a antrop\u00f3loga D\u00e9bora Diniz, da Universidade de Bras\u00edlia (UnB), ressalta: \u201cNeste momento, se considera que o tema do aborto \u00e9 capaz de decidir as elei\u00e7\u00f5es para Presidente da Rep\u00fablica no Brasil. Isso \u00e9 um absurdo e pelo menos por tr\u00eas raz\u00f5es. A primeira raz\u00e3o \u00e9 que h\u00e1 dezenas de outras quest\u00f5es fundamentais para os rumos do pa\u00eds, e que precisamos de clareza sobre as proposi\u00e7\u00f5es dos candidatos, tais como a desigualdade social, a viol\u00eancia urbana, ou quest\u00e3o rural. Colocar o aborto como quest\u00e3o priorit\u00e1ria \u00e9 uma estrat\u00e9gia perversa de silenciar os temas que verdadeiramente importam para o debate pol\u00edtico. A segunda raz\u00e3o \u00e9 que esse fen\u00f4meno atualiza no Brasil o que foi o estilo Bush de governar, com o fortalecimento das religi\u00f5es na pol\u00edtica. (&#8230;) Por fim, \u00e9 perverso ignorar o impacto que a ilegalidade do aborto tem na vida de uma mulher. As mulheres morrem e adoecem ao fazer um aborto ilegal. O risco n\u00e3o est\u00e1 no aborto como um ato m\u00e9dico, mas na ilegalidade do aborto. Elas passam a ser criminosas por resistirem \u00e0 imposi\u00e7\u00e3o do Estado em serem m\u00e3es contra a vontade\u201d.<\/p>\n<p>Cabe a todos a pergunta se, de fato, o aborto \u00e9 a quest\u00e3o central do debate eleitoral ou se o tema est\u00e1 servindo, de modo instrumental, a uma estrat\u00e9gia de (ambos os lados) de evitar o detalhamento de proposi\u00e7\u00f5es governamentais priorit\u00e1rias. O aborto \u00e9 a cortina de fuma\u00e7a ou tema decisivo nessa campanha?<br \/>\n____________<\/p>\n<p><strong>Fonte:<\/strong> <a href=\"http:\/\/www.clam.org.br\/publique\/cgi\/cgilua.exe\/sys\/start.htm?UserActiveTemplate=_BR&amp;infoid=7342&amp;sid=7\">CLAM<\/a><\/p>\n","protected":false},"excerpt":{"rendered":"<p>Cabe a todos a pergunta se, de fato, o aborto \u00e9 a quest\u00e3o central do debate eleitoral ou se o tema est\u00e1 servindo, de modo instrumental, a uma estrat\u00e9gia (de ambos os lados) de evitar o detalhamento de proposi\u00e7\u00f5es fundamentais de governo. O aborto \u00e9 a cortina de fuma\u00e7a ou tema decisivo nessa campanha? Reportagem est\u00e1 no boletim do CLAM.<\/p>\n","protected":false},"author":1,"featured_media":0,"comment_status":"open","ping_status":"open","sticky":false,"template":"","format":"standard","meta":{"site-container-style":"default","site-container-layout":"default","site-sidebar-layout":"default","disable-article-header":"default","disable-site-header":"default","disable-site-footer":"default","disable-content-area-spacing":"default","footnotes":""},"categories":[4,33],"tags":[137,138],"class_list":["post-17677","post","type-post","status-publish","format-standard","hentry","category-noticias","category-reportagem","tag-aborto","tag-direitos-reprodutivos"],"yoast_head":"<!-- This site is optimized with the Yoast SEO plugin v27.4 - https:\/\/yoast.com\/product\/yoast-seo-wordpress\/ -->\n<title>Aborto e elei\u00e7\u00f5es -<\/title>\n<meta name=\"robots\" content=\"index, follow, max-snippet:-1, max-image-preview:large, max-video-preview:-1\" \/>\n<link rel=\"canonical\" href=\"https:\/\/inclusivenews.com.br\/?p=17677\" \/>\n<meta property=\"og:locale\" content=\"pt_PT\" \/>\n<meta property=\"og:type\" content=\"article\" \/>\n<meta property=\"og:title\" content=\"Aborto e elei\u00e7\u00f5es -\" \/>\n<meta property=\"og:description\" content=\"Cabe a todos a pergunta se, de fato, o aborto \u00e9 a quest\u00e3o central do debate eleitoral ou se o tema est\u00e1 servindo, de modo instrumental, a uma estrat\u00e9gia (de ambos os lados) de evitar o detalhamento de proposi\u00e7\u00f5es fundamentais de governo. O aborto \u00e9 a cortina de fuma\u00e7a ou tema decisivo nessa campanha? Reportagem est\u00e1 no boletim do CLAM.\" \/>\n<meta property=\"og:url\" content=\"https:\/\/inclusivenews.com.br\/?p=17677\" \/>\n<meta property=\"article:publisher\" content=\"https:\/\/www.facebook.com\/agenciainclusive\/\" \/>\n<meta property=\"article:published_time\" content=\"2010-10-14T11:20:20+00:00\" \/>\n<meta property=\"og:image\" content=\"http:\/\/inclusivenews.com.br\/wp-content\/uploads\/2010\/10\/cortina.jpg\" \/>\n<meta name=\"author\" content=\"inclusivenews2024\" \/>\n<meta name=\"twitter:card\" content=\"summary_large_image\" \/>\n<meta name=\"twitter:label1\" content=\"Escrito por\" \/>\n\t<meta name=\"twitter:data1\" content=\"inclusivenews2024\" \/>\n\t<meta name=\"twitter:label2\" content=\"Tempo estimado de leitura\" \/>\n\t<meta name=\"twitter:data2\" content=\"10 minutos\" \/>\n<script type=\"application\/ld+json\" class=\"yoast-schema-graph\">{\"@context\":\"https:\\\/\\\/schema.org\",\"@graph\":[{\"@type\":\"Article\",\"@id\":\"https:\\\/\\\/inclusivenews.com.br\\\/?p=17677#article\",\"isPartOf\":{\"@id\":\"https:\\\/\\\/inclusivenews.com.br\\\/?p=17677\"},\"author\":{\"name\":\"inclusivenews2024\",\"@id\":\"https:\\\/\\\/inclusivenews.com.br\\\/#\\\/schema\\\/person\\\/ae4ec7087559b8692fb33b6fffd2273b\"},\"headline\":\"Aborto e elei\u00e7\u00f5es\",\"datePublished\":\"2010-10-14T11:20:20+00:00\",\"mainEntityOfPage\":{\"@id\":\"https:\\\/\\\/inclusivenews.com.br\\\/?p=17677\"},\"wordCount\":1993,\"commentCount\":0,\"publisher\":{\"@id\":\"https:\\\/\\\/inclusivenews.com.br\\\/#organization\"},\"image\":{\"@id\":\"https:\\\/\\\/inclusivenews.com.br\\\/?p=17677#primaryimage\"},\"thumbnailUrl\":\"http:\\\/\\\/inclusivenews.com.br\\\/wp-content\\\/uploads\\\/2010\\\/10\\\/cortina.jpg\",\"keywords\":[\"Aborto\",\"Direitos reprodutivos\"],\"articleSection\":[\"NOT\u00cdCIAS\",\"Reportagem\"],\"inLanguage\":\"pt-PT\",\"potentialAction\":[{\"@type\":\"CommentAction\",\"name\":\"Comment\",\"target\":[\"https:\\\/\\\/inclusivenews.com.br\\\/?p=17677#respond\"]}]},{\"@type\":\"WebPage\",\"@id\":\"https:\\\/\\\/inclusivenews.com.br\\\/?p=17677\",\"url\":\"https:\\\/\\\/inclusivenews.com.br\\\/?p=17677\",\"name\":\"Aborto e elei\u00e7\u00f5es -\",\"isPartOf\":{\"@id\":\"https:\\\/\\\/inclusivenews.com.br\\\/#website\"},\"primaryImageOfPage\":{\"@id\":\"https:\\\/\\\/inclusivenews.com.br\\\/?p=17677#primaryimage\"},\"image\":{\"@id\":\"https:\\\/\\\/inclusivenews.com.br\\\/?p=17677#primaryimage\"},\"thumbnailUrl\":\"http:\\\/\\\/inclusivenews.com.br\\\/wp-content\\\/uploads\\\/2010\\\/10\\\/cortina.jpg\",\"datePublished\":\"2010-10-14T11:20:20+00:00\",\"breadcrumb\":{\"@id\":\"https:\\\/\\\/inclusivenews.com.br\\\/?p=17677#breadcrumb\"},\"inLanguage\":\"pt-PT\",\"potentialAction\":[{\"@type\":\"ReadAction\",\"target\":[\"https:\\\/\\\/inclusivenews.com.br\\\/?p=17677\"]}]},{\"@type\":\"ImageObject\",\"inLanguage\":\"pt-PT\",\"@id\":\"https:\\\/\\\/inclusivenews.com.br\\\/?p=17677#primaryimage\",\"url\":\"\",\"contentUrl\":\"\"},{\"@type\":\"BreadcrumbList\",\"@id\":\"https:\\\/\\\/inclusivenews.com.br\\\/?p=17677#breadcrumb\",\"itemListElement\":[{\"@type\":\"ListItem\",\"position\":1,\"name\":\"In\u00edcio\",\"item\":\"https:\\\/\\\/inclusivenews.com.br\\\/\"},{\"@type\":\"ListItem\",\"position\":2,\"name\":\"Aborto e elei\u00e7\u00f5es\"}]},{\"@type\":\"WebSite\",\"@id\":\"https:\\\/\\\/inclusivenews.com.br\\\/#website\",\"url\":\"https:\\\/\\\/inclusivenews.com.br\\\/\",\"name\":\"Inclusive News\",\"description\":\"Inclusive News\",\"publisher\":{\"@id\":\"https:\\\/\\\/inclusivenews.com.br\\\/#organization\"},\"potentialAction\":[{\"@type\":\"SearchAction\",\"target\":{\"@type\":\"EntryPoint\",\"urlTemplate\":\"https:\\\/\\\/inclusivenews.com.br\\\/?s={search_term_string}\"},\"query-input\":{\"@type\":\"PropertyValueSpecification\",\"valueRequired\":true,\"valueName\":\"search_term_string\"}}],\"inLanguage\":\"pt-PT\"},{\"@type\":\"Organization\",\"@id\":\"https:\\\/\\\/inclusivenews.com.br\\\/#organization\",\"name\":\"Inclusive - inclus\u00e3o e cidadania\",\"url\":\"https:\\\/\\\/inclusivenews.com.br\\\/\",\"logo\":{\"@type\":\"ImageObject\",\"inLanguage\":\"pt-PT\",\"@id\":\"https:\\\/\\\/inclusivenews.com.br\\\/#\\\/schema\\\/logo\\\/image\\\/\",\"url\":\"https:\\\/\\\/inclusivenews.com.br\\\/wp-content\\\/uploads\\\/2024\\\/03\\\/@grandesite.png\",\"contentUrl\":\"https:\\\/\\\/inclusivenews.com.br\\\/wp-content\\\/uploads\\\/2024\\\/03\\\/@grandesite.png\",\"width\":1080,\"height\":1080,\"caption\":\"Inclusive - inclus\u00e3o e cidadania\"},\"image\":{\"@id\":\"https:\\\/\\\/inclusivenews.com.br\\\/#\\\/schema\\\/logo\\\/image\\\/\"},\"sameAs\":[\"https:\\\/\\\/www.facebook.com\\\/agenciainclusive\\\/\",\"https:\\\/\\\/www.instagram.com\\\/newsinclusive\\\/\"]},{\"@type\":\"Person\",\"@id\":\"https:\\\/\\\/inclusivenews.com.br\\\/#\\\/schema\\\/person\\\/ae4ec7087559b8692fb33b6fffd2273b\",\"name\":\"inclusivenews2024\",\"image\":{\"@type\":\"ImageObject\",\"inLanguage\":\"pt-PT\",\"@id\":\"https:\\\/\\\/secure.gravatar.com\\\/avatar\\\/c5a7ef84c66fa914f55bc4f7ce26cfa275a3b9a1c5568b907bd184fb4dde7b40?s=96&d=mm&r=g\",\"url\":\"https:\\\/\\\/secure.gravatar.com\\\/avatar\\\/c5a7ef84c66fa914f55bc4f7ce26cfa275a3b9a1c5568b907bd184fb4dde7b40?s=96&d=mm&r=g\",\"contentUrl\":\"https:\\\/\\\/secure.gravatar.com\\\/avatar\\\/c5a7ef84c66fa914f55bc4f7ce26cfa275a3b9a1c5568b907bd184fb4dde7b40?s=96&d=mm&r=g\",\"caption\":\"inclusivenews2024\"},\"sameAs\":[\"https:\\\/\\\/inclusivenews.com.br\"],\"url\":\"https:\\\/\\\/inclusivenews.com.br\\\/?author=1\"}]}<\/script>\n<!-- \/ Yoast SEO plugin. -->","yoast_head_json":{"title":"Aborto e elei\u00e7\u00f5es -","robots":{"index":"index","follow":"follow","max-snippet":"max-snippet:-1","max-image-preview":"max-image-preview:large","max-video-preview":"max-video-preview:-1"},"canonical":"https:\/\/inclusivenews.com.br\/?p=17677","og_locale":"pt_PT","og_type":"article","og_title":"Aborto e elei\u00e7\u00f5es -","og_description":"Cabe a todos a pergunta se, de fato, o aborto \u00e9 a quest\u00e3o central do debate eleitoral ou se o tema est\u00e1 servindo, de modo instrumental, a uma estrat\u00e9gia (de ambos os lados) de evitar o detalhamento de proposi\u00e7\u00f5es fundamentais de governo. O aborto \u00e9 a cortina de fuma\u00e7a ou tema decisivo nessa campanha? Reportagem est\u00e1 no boletim do CLAM.","og_url":"https:\/\/inclusivenews.com.br\/?p=17677","article_publisher":"https:\/\/www.facebook.com\/agenciainclusive\/","article_published_time":"2010-10-14T11:20:20+00:00","og_image":[{"url":"http:\/\/inclusivenews.com.br\/wp-content\/uploads\/2010\/10\/cortina.jpg","type":"","width":"","height":""}],"author":"inclusivenews2024","twitter_card":"summary_large_image","twitter_misc":{"Escrito por":"inclusivenews2024","Tempo estimado de leitura":"10 minutos"},"schema":{"@context":"https:\/\/schema.org","@graph":[{"@type":"Article","@id":"https:\/\/inclusivenews.com.br\/?p=17677#article","isPartOf":{"@id":"https:\/\/inclusivenews.com.br\/?p=17677"},"author":{"name":"inclusivenews2024","@id":"https:\/\/inclusivenews.com.br\/#\/schema\/person\/ae4ec7087559b8692fb33b6fffd2273b"},"headline":"Aborto e elei\u00e7\u00f5es","datePublished":"2010-10-14T11:20:20+00:00","mainEntityOfPage":{"@id":"https:\/\/inclusivenews.com.br\/?p=17677"},"wordCount":1993,"commentCount":0,"publisher":{"@id":"https:\/\/inclusivenews.com.br\/#organization"},"image":{"@id":"https:\/\/inclusivenews.com.br\/?p=17677#primaryimage"},"thumbnailUrl":"http:\/\/inclusivenews.com.br\/wp-content\/uploads\/2010\/10\/cortina.jpg","keywords":["Aborto","Direitos reprodutivos"],"articleSection":["NOT\u00cdCIAS","Reportagem"],"inLanguage":"pt-PT","potentialAction":[{"@type":"CommentAction","name":"Comment","target":["https:\/\/inclusivenews.com.br\/?p=17677#respond"]}]},{"@type":"WebPage","@id":"https:\/\/inclusivenews.com.br\/?p=17677","url":"https:\/\/inclusivenews.com.br\/?p=17677","name":"Aborto e elei\u00e7\u00f5es -","isPartOf":{"@id":"https:\/\/inclusivenews.com.br\/#website"},"primaryImageOfPage":{"@id":"https:\/\/inclusivenews.com.br\/?p=17677#primaryimage"},"image":{"@id":"https:\/\/inclusivenews.com.br\/?p=17677#primaryimage"},"thumbnailUrl":"http:\/\/inclusivenews.com.br\/wp-content\/uploads\/2010\/10\/cortina.jpg","datePublished":"2010-10-14T11:20:20+00:00","breadcrumb":{"@id":"https:\/\/inclusivenews.com.br\/?p=17677#breadcrumb"},"inLanguage":"pt-PT","potentialAction":[{"@type":"ReadAction","target":["https:\/\/inclusivenews.com.br\/?p=17677"]}]},{"@type":"ImageObject","inLanguage":"pt-PT","@id":"https:\/\/inclusivenews.com.br\/?p=17677#primaryimage","url":"","contentUrl":""},{"@type":"BreadcrumbList","@id":"https:\/\/inclusivenews.com.br\/?p=17677#breadcrumb","itemListElement":[{"@type":"ListItem","position":1,"name":"In\u00edcio","item":"https:\/\/inclusivenews.com.br\/"},{"@type":"ListItem","position":2,"name":"Aborto e elei\u00e7\u00f5es"}]},{"@type":"WebSite","@id":"https:\/\/inclusivenews.com.br\/#website","url":"https:\/\/inclusivenews.com.br\/","name":"Inclusive News","description":"Inclusive News","publisher":{"@id":"https:\/\/inclusivenews.com.br\/#organization"},"potentialAction":[{"@type":"SearchAction","target":{"@type":"EntryPoint","urlTemplate":"https:\/\/inclusivenews.com.br\/?s={search_term_string}"},"query-input":{"@type":"PropertyValueSpecification","valueRequired":true,"valueName":"search_term_string"}}],"inLanguage":"pt-PT"},{"@type":"Organization","@id":"https:\/\/inclusivenews.com.br\/#organization","name":"Inclusive - inclus\u00e3o e cidadania","url":"https:\/\/inclusivenews.com.br\/","logo":{"@type":"ImageObject","inLanguage":"pt-PT","@id":"https:\/\/inclusivenews.com.br\/#\/schema\/logo\/image\/","url":"https:\/\/inclusivenews.com.br\/wp-content\/uploads\/2024\/03\/@grandesite.png","contentUrl":"https:\/\/inclusivenews.com.br\/wp-content\/uploads\/2024\/03\/@grandesite.png","width":1080,"height":1080,"caption":"Inclusive - inclus\u00e3o e cidadania"},"image":{"@id":"https:\/\/inclusivenews.com.br\/#\/schema\/logo\/image\/"},"sameAs":["https:\/\/www.facebook.com\/agenciainclusive\/","https:\/\/www.instagram.com\/newsinclusive\/"]},{"@type":"Person","@id":"https:\/\/inclusivenews.com.br\/#\/schema\/person\/ae4ec7087559b8692fb33b6fffd2273b","name":"inclusivenews2024","image":{"@type":"ImageObject","inLanguage":"pt-PT","@id":"https:\/\/secure.gravatar.com\/avatar\/c5a7ef84c66fa914f55bc4f7ce26cfa275a3b9a1c5568b907bd184fb4dde7b40?s=96&d=mm&r=g","url":"https:\/\/secure.gravatar.com\/avatar\/c5a7ef84c66fa914f55bc4f7ce26cfa275a3b9a1c5568b907bd184fb4dde7b40?s=96&d=mm&r=g","contentUrl":"https:\/\/secure.gravatar.com\/avatar\/c5a7ef84c66fa914f55bc4f7ce26cfa275a3b9a1c5568b907bd184fb4dde7b40?s=96&d=mm&r=g","caption":"inclusivenews2024"},"sameAs":["https:\/\/inclusivenews.com.br"],"url":"https:\/\/inclusivenews.com.br\/?author=1"}]}},"_links":{"self":[{"href":"https:\/\/inclusivenews.com.br\/index.php?rest_route=\/wp\/v2\/posts\/17677","targetHints":{"allow":["GET"]}}],"collection":[{"href":"https:\/\/inclusivenews.com.br\/index.php?rest_route=\/wp\/v2\/posts"}],"about":[{"href":"https:\/\/inclusivenews.com.br\/index.php?rest_route=\/wp\/v2\/types\/post"}],"author":[{"embeddable":true,"href":"https:\/\/inclusivenews.com.br\/index.php?rest_route=\/wp\/v2\/users\/1"}],"replies":[{"embeddable":true,"href":"https:\/\/inclusivenews.com.br\/index.php?rest_route=%2Fwp%2Fv2%2Fcomments&post=17677"}],"version-history":[{"count":0,"href":"https:\/\/inclusivenews.com.br\/index.php?rest_route=\/wp\/v2\/posts\/17677\/revisions"}],"wp:attachment":[{"href":"https:\/\/inclusivenews.com.br\/index.php?rest_route=%2Fwp%2Fv2%2Fmedia&parent=17677"}],"wp:term":[{"taxonomy":"category","embeddable":true,"href":"https:\/\/inclusivenews.com.br\/index.php?rest_route=%2Fwp%2Fv2%2Fcategories&post=17677"},{"taxonomy":"post_tag","embeddable":true,"href":"https:\/\/inclusivenews.com.br\/index.php?rest_route=%2Fwp%2Fv2%2Ftags&post=17677"}],"curies":[{"name":"wp","href":"https:\/\/api.w.org\/{rel}","templated":true}]}}