{"id":17679,"date":"2010-10-14T08:19:23","date_gmt":"2010-10-14T11:19:23","guid":{"rendered":"http:\/\/www.inclusive.org.br\/?p=17679"},"modified":"2010-10-14T08:19:23","modified_gmt":"2010-10-14T11:19:23","slug":"os-programas-de-governo-avaliados-por-professores","status":"publish","type":"post","link":"https:\/\/inclusivenews.com.br\/?p=17679","title":{"rendered":"Os programas de governo avaliados por professores"},"content":{"rendered":"<figure id=\"attachment_13656\" aria-describedby=\"caption-attachment-13656\" style=\"width: 160px\" class=\"wp-caption alignnone\"><a href=\"http:\/\/www.inclusivenews.com.br\/wp-content\/uploads\/2010\/01\/logo_final_observatorio.jpg\"><img loading=\"lazy\" decoding=\"async\" class=\"size-full wp-image-13656 \" title=\"Observat\u00f3rio da Educa\u00e7\u00e3o. Uma bal\u00e3o de di\u00e1logo com um ponto final dentro.\" src=\"http:\/\/inclusivenews.com.br\/wp-content\/uploads\/2010\/01\/logo_final_observatorio.jpg\" alt=\"Observat\u00f3rio da Educa\u00e7\u00e3o. Uma bal\u00e3o de di\u00e1logo com um ponto final dentro.\" width=\"160\" height=\"160\" \/><\/a><figcaption id=\"caption-attachment-13656\" class=\"wp-caption-text\"> <\/figcaption><\/figure>\n<p><strong>S\u00e9rie Desafios da Conjuntura<\/strong><br \/>\n<strong><span style=\"font-size: x-small;\">Os programas de governo avaliados por professores<\/span><\/strong> <span style=\"font-size: x-small;\">Para se inscrever, clique\u00a0<a href=\"https:\/\/spreadsheets.google.com\/viewform?hl=pt_BR&amp;formkey=dEhRQm91TTVlZ2N0QUFfN1Vfb1REYkE6MQ#gid=0\" target=\"_blank\" rel=\"noopener\">aqui<\/a>.<span style=\"font-size: x-small;\"><br \/>\n<\/span><br \/>\n<span style=\"font-size: x-small;\">No dia 15 de outubro, o Observat\u00f3rio da Educa\u00e7\u00e3o da A\u00e7\u00e3o Educativa prop\u00f5e uma invers\u00e3o de pap\u00e9is:\u00a0 professores da rede p\u00fablica, que constantemente t\u00eam o seu desempenho avaliado pela imprensa e pelos pol\u00edticos, compartilhar\u00e3o com o p\u00fablico suas an\u00e1lises sobre as propostas para a educa\u00e7\u00e3o brasileira e paulista nas elei\u00e7\u00f5es deste ano.<\/span><\/p>\n<p><\/span><\/p>\n<p><span style=\"font-size: x-small;\">O debate ser\u00e1 transmitido ao vivo pela internet, com interpreta\u00e7\u00e3o em LIBRAS e um bate-papo, onde os internautas poder\u00e3o enviar perguntas aos debatedores.<\/span> <span style=\"font-size: x-small;\">Durante o evento, haver\u00e1 o lan\u00e7amento e a distribui\u00e7\u00e3o gratuita da publica\u00e7\u00e3o &#8220;Por que os professores faltam ao trabalho?&#8221;, sobre o absente\u00edsmo docente. Participe!<\/span><br \/>\n<strong><span style=\"font-size: x-small;\"><br \/>\nPrograma\u00e7\u00e3o:<\/span><\/strong><br \/>\n<span style=\"font-size: x-small;\">&#8211; \u201cEnsino fundamental: Dificuldade na aprendizagem\u201d &#8211; Salete de F\u00e1tima Francisco, professora de redes p\u00fablicas municipal e estadual de ensino<\/span><br \/>\n<span style=\"font-size: x-small;\">&#8211; \u201cEnsino Fundamental\u201d \u2013 Jacqueline Sim\u00f5es, professora da rede estadual de ensino<\/span><br \/>\n<span style=\"font-size: x-small;\">&#8211; \u201cEnsino M\u00e9dio\u201d \u2013 Fab\u00edola Derani de Souza Silva e Eujacio Roberto, professores de Hist\u00f3ria da rede estadual de ensino<\/span><br \/>\n<span style=\"font-size: x-small;\">&#8211; \u201cEduca\u00e7\u00e3o no Campo\u201d \u2013 Camilla Mazzeo, professora da rede municipal de ensino de Araraquara (SP) e Adriana Maria Lopes Caravieri, diretora da rede municipal de Araraquara (SP) <\/span><br \/>\n<span style=\"font-size: x-small;\">&#8211; &#8220;Educa\u00e7\u00e3o Infantil&#8221; \u2013 Simone Rocha, professora da rede municipal de S\u00e3o Paulo<\/span><br \/>\n<span style=\"font-size: x-small;\"><strong><br \/>\nS\u00e9rie Desafios da Conjuntura<br \/>\nOs programas de governo avaliados por professores<\/strong><br \/>\nData: 15 de outubro de 2010<br \/>\nCredenciamento: a partir de 9h30<br \/>\nHor\u00e1rio: 10h00 \u00e0s 12h30<br \/>\nLocal: Audit\u00f3rio da A\u00e7\u00e3o Educativa \u2013 Rua General Jardim, 660 &#8211; S\u00e3o Paulo, SP<br \/>\nInscri\u00e7\u00f5es: <\/span><a href=\"http:\/\/www.observatoriodaeducacao.org.br\" target=\"_blank\" rel=\"noopener\"><span style=\"font-size: x-small;\">www.observatoriodaeducacao.org.br<\/span><\/a><span style=\"font-size: x-small;\">; ou (11) 3151-2333 ramal 103, com Geusilene<\/span><br \/>\n<span style=\"font-size: x-small;\">Transmiss\u00e3o interativa pela Internet \u2013 <\/span><a href=\"http:\/\/www.observatoriodaeducacao.org.br\/aovivo\" target=\"_blank\" rel=\"noopener\"><span style=\"font-size: x-small;\">www.observatoriodaeducacao.org.br\/aovivo<\/span><\/a><br \/>\n<span style=\"font-size: x-small;\">Interpreta\u00e7\u00e3o para LIBRAS.<\/span><br \/>\n<strong><span style=\"font-size: x-small;\"><br \/>\nRealiza\u00e7\u00e3o:<\/span><\/strong><br \/>\n<span style=\"font-size: x-small;\">Observat\u00f3rio da Educa\u00e7\u00e3o\/ A\u00e7\u00e3o Educativa<\/span><br \/>\n<strong><span style=\"font-size: x-small;\"><br \/>\nApoio:<\/span><\/strong><br \/>\n<span style=\"font-size: x-small;\">Funda\u00e7\u00e3o Ford<br \/>\nAVINA<\/span><\/p>\n","protected":false},"excerpt":{"rendered":"<p>No dia 15 de outubro, o Observat\u00f3rio da Educa\u00e7\u00e3o da A\u00e7\u00e3o Educativa prop\u00f5e uma invers\u00e3o de pap\u00e9is:  professores da rede p\u00fablica, que constantemente t\u00eam o seu desempenho avaliado pela imprensa e pelos pol\u00edticos, compartilhar\u00e3o com o p\u00fablico suas an\u00e1lises sobre as propostas para a educa\u00e7\u00e3o brasileira e paulista nas elei\u00e7\u00f5es deste ano.<\/p>\n","protected":false},"author":1,"featured_media":0,"comment_status":"open","ping_status":"open","sticky":false,"template":"","format":"standard","meta":{"site-container-style":"default","site-container-layout":"default","site-sidebar-layout":"default","disable-article-header":"default","disable-site-header":"default","disable-site-footer":"default","disable-content-area-spacing":"default","footnotes":""},"categories":[12,6,4],"tags":[],"class_list":["post-17679","post","type-post","status-publish","format-standard","hentry","category-cursos-e-eventos","category-educacao","category-noticias"],"yoast_head":"<!-- This site is optimized with the Yoast SEO plugin v27.4 - https:\/\/yoast.com\/product\/yoast-seo-wordpress\/ -->\n<title>Os programas de governo avaliados por professores -<\/title>\n<meta name=\"robots\" content=\"index, follow, max-snippet:-1, max-image-preview:large, max-video-preview:-1\" \/>\n<link rel=\"canonical\" href=\"https:\/\/inclusivenews.com.br\/?p=17679\" \/>\n<meta property=\"og:locale\" content=\"pt_PT\" \/>\n<meta property=\"og:type\" content=\"article\" \/>\n<meta property=\"og:title\" content=\"Os programas de governo avaliados por professores -\" \/>\n<meta property=\"og:description\" content=\"No dia 15 de outubro, o Observat\u00f3rio da Educa\u00e7\u00e3o da A\u00e7\u00e3o Educativa prop\u00f5e uma invers\u00e3o de pap\u00e9is: professores da rede p\u00fablica, que constantemente t\u00eam o seu desempenho avaliado pela imprensa e pelos pol\u00edticos, compartilhar\u00e3o com o p\u00fablico suas an\u00e1lises sobre as propostas para a educa\u00e7\u00e3o brasileira e paulista nas elei\u00e7\u00f5es deste ano.\" \/>\n<meta property=\"og:url\" content=\"https:\/\/inclusivenews.com.br\/?p=17679\" \/>\n<meta property=\"article:publisher\" content=\"https:\/\/www.facebook.com\/agenciainclusive\/\" \/>\n<meta property=\"article:published_time\" content=\"2010-10-14T11:19:23+00:00\" \/>\n<meta property=\"og:image\" content=\"http:\/\/inclusivenews.com.br\/wp-content\/uploads\/2010\/01\/logo_final_observatorio.jpg\" \/>\n<meta name=\"author\" content=\"inclusivenews2024\" \/>\n<meta name=\"twitter:card\" content=\"summary_large_image\" \/>\n<meta name=\"twitter:label1\" content=\"Escrito por\" \/>\n\t<meta name=\"twitter:data1\" content=\"inclusivenews2024\" \/>\n\t<meta name=\"twitter:label2\" content=\"Tempo estimado de leitura\" \/>\n\t<meta name=\"twitter:data2\" content=\"2 minutos\" \/>\n<script type=\"application\/ld+json\" class=\"yoast-schema-graph\">{\"@context\":\"https:\\\/\\\/schema.org\",\"@graph\":[{\"@type\":\"Article\",\"@id\":\"https:\\\/\\\/inclusivenews.com.br\\\/?p=17679#article\",\"isPartOf\":{\"@id\":\"https:\\\/\\\/inclusivenews.com.br\\\/?p=17679\"},\"author\":{\"name\":\"inclusivenews2024\",\"@id\":\"https:\\\/\\\/inclusivenews.com.br\\\/#\\\/schema\\\/person\\\/ae4ec7087559b8692fb33b6fffd2273b\"},\"headline\":\"Os programas de governo avaliados por professores\",\"datePublished\":\"2010-10-14T11:19:23+00:00\",\"mainEntityOfPage\":{\"@id\":\"https:\\\/\\\/inclusivenews.com.br\\\/?p=17679\"},\"wordCount\":331,\"commentCount\":0,\"publisher\":{\"@id\":\"https:\\\/\\\/inclusivenews.com.br\\\/#organization\"},\"image\":{\"@id\":\"https:\\\/\\\/inclusivenews.com.br\\\/?p=17679#primaryimage\"},\"thumbnailUrl\":\"http:\\\/\\\/inclusivenews.com.br\\\/wp-content\\\/uploads\\\/2010\\\/01\\\/logo_final_observatorio.jpg\",\"articleSection\":[\"Cursos e eventos\",\"EDUCA\u00c7\u00c3O\",\"NOT\u00cdCIAS\"],\"inLanguage\":\"pt-PT\",\"potentialAction\":[{\"@type\":\"CommentAction\",\"name\":\"Comment\",\"target\":[\"https:\\\/\\\/inclusivenews.com.br\\\/?p=17679#respond\"]}]},{\"@type\":\"WebPage\",\"@id\":\"https:\\\/\\\/inclusivenews.com.br\\\/?p=17679\",\"url\":\"https:\\\/\\\/inclusivenews.com.br\\\/?p=17679\",\"name\":\"Os programas de governo avaliados por professores -\",\"isPartOf\":{\"@id\":\"https:\\\/\\\/inclusivenews.com.br\\\/#website\"},\"primaryImageOfPage\":{\"@id\":\"https:\\\/\\\/inclusivenews.com.br\\\/?p=17679#primaryimage\"},\"image\":{\"@id\":\"https:\\\/\\\/inclusivenews.com.br\\\/?p=17679#primaryimage\"},\"thumbnailUrl\":\"http:\\\/\\\/inclusivenews.com.br\\\/wp-content\\\/uploads\\\/2010\\\/01\\\/logo_final_observatorio.jpg\",\"datePublished\":\"2010-10-14T11:19:23+00:00\",\"breadcrumb\":{\"@id\":\"https:\\\/\\\/inclusivenews.com.br\\\/?p=17679#breadcrumb\"},\"inLanguage\":\"pt-PT\",\"potentialAction\":[{\"@type\":\"ReadAction\",\"target\":[\"https:\\\/\\\/inclusivenews.com.br\\\/?p=17679\"]}]},{\"@type\":\"ImageObject\",\"inLanguage\":\"pt-PT\",\"@id\":\"https:\\\/\\\/inclusivenews.com.br\\\/?p=17679#primaryimage\",\"url\":\"\",\"contentUrl\":\"\"},{\"@type\":\"BreadcrumbList\",\"@id\":\"https:\\\/\\\/inclusivenews.com.br\\\/?p=17679#breadcrumb\",\"itemListElement\":[{\"@type\":\"ListItem\",\"position\":1,\"name\":\"In\u00edcio\",\"item\":\"https:\\\/\\\/inclusivenews.com.br\\\/\"},{\"@type\":\"ListItem\",\"position\":2,\"name\":\"Os programas de governo avaliados por professores\"}]},{\"@type\":\"WebSite\",\"@id\":\"https:\\\/\\\/inclusivenews.com.br\\\/#website\",\"url\":\"https:\\\/\\\/inclusivenews.com.br\\\/\",\"name\":\"Inclusive News\",\"description\":\"Inclusive News\",\"publisher\":{\"@id\":\"https:\\\/\\\/inclusivenews.com.br\\\/#organization\"},\"potentialAction\":[{\"@type\":\"SearchAction\",\"target\":{\"@type\":\"EntryPoint\",\"urlTemplate\":\"https:\\\/\\\/inclusivenews.com.br\\\/?s={search_term_string}\"},\"query-input\":{\"@type\":\"PropertyValueSpecification\",\"valueRequired\":true,\"valueName\":\"search_term_string\"}}],\"inLanguage\":\"pt-PT\"},{\"@type\":\"Organization\",\"@id\":\"https:\\\/\\\/inclusivenews.com.br\\\/#organization\",\"name\":\"Inclusive - inclus\u00e3o e cidadania\",\"url\":\"https:\\\/\\\/inclusivenews.com.br\\\/\",\"logo\":{\"@type\":\"ImageObject\",\"inLanguage\":\"pt-PT\",\"@id\":\"https:\\\/\\\/inclusivenews.com.br\\\/#\\\/schema\\\/logo\\\/image\\\/\",\"url\":\"https:\\\/\\\/inclusivenews.com.br\\\/wp-content\\\/uploads\\\/2024\\\/03\\\/@grandesite.png\",\"contentUrl\":\"https:\\\/\\\/inclusivenews.com.br\\\/wp-content\\\/uploads\\\/2024\\\/03\\\/@grandesite.png\",\"width\":1080,\"height\":1080,\"caption\":\"Inclusive - inclus\u00e3o e cidadania\"},\"image\":{\"@id\":\"https:\\\/\\\/inclusivenews.com.br\\\/#\\\/schema\\\/logo\\\/image\\\/\"},\"sameAs\":[\"https:\\\/\\\/www.facebook.com\\\/agenciainclusive\\\/\",\"https:\\\/\\\/www.instagram.com\\\/newsinclusive\\\/\"]},{\"@type\":\"Person\",\"@id\":\"https:\\\/\\\/inclusivenews.com.br\\\/#\\\/schema\\\/person\\\/ae4ec7087559b8692fb33b6fffd2273b\",\"name\":\"inclusivenews2024\",\"image\":{\"@type\":\"ImageObject\",\"inLanguage\":\"pt-PT\",\"@id\":\"https:\\\/\\\/secure.gravatar.com\\\/avatar\\\/c5a7ef84c66fa914f55bc4f7ce26cfa275a3b9a1c5568b907bd184fb4dde7b40?s=96&d=mm&r=g\",\"url\":\"https:\\\/\\\/secure.gravatar.com\\\/avatar\\\/c5a7ef84c66fa914f55bc4f7ce26cfa275a3b9a1c5568b907bd184fb4dde7b40?s=96&d=mm&r=g\",\"contentUrl\":\"https:\\\/\\\/secure.gravatar.com\\\/avatar\\\/c5a7ef84c66fa914f55bc4f7ce26cfa275a3b9a1c5568b907bd184fb4dde7b40?s=96&d=mm&r=g\",\"caption\":\"inclusivenews2024\"},\"sameAs\":[\"https:\\\/\\\/inclusivenews.com.br\"],\"url\":\"https:\\\/\\\/inclusivenews.com.br\\\/?author=1\"}]}<\/script>\n<!-- \/ Yoast SEO plugin. -->","yoast_head_json":{"title":"Os programas de governo avaliados por professores -","robots":{"index":"index","follow":"follow","max-snippet":"max-snippet:-1","max-image-preview":"max-image-preview:large","max-video-preview":"max-video-preview:-1"},"canonical":"https:\/\/inclusivenews.com.br\/?p=17679","og_locale":"pt_PT","og_type":"article","og_title":"Os programas de governo avaliados por professores -","og_description":"No dia 15 de outubro, o Observat\u00f3rio da Educa\u00e7\u00e3o da A\u00e7\u00e3o Educativa prop\u00f5e uma invers\u00e3o de pap\u00e9is: professores da rede p\u00fablica, que constantemente t\u00eam o seu desempenho avaliado pela imprensa e pelos pol\u00edticos, compartilhar\u00e3o com o p\u00fablico suas an\u00e1lises sobre as propostas para a educa\u00e7\u00e3o brasileira e paulista nas elei\u00e7\u00f5es deste ano.","og_url":"https:\/\/inclusivenews.com.br\/?p=17679","article_publisher":"https:\/\/www.facebook.com\/agenciainclusive\/","article_published_time":"2010-10-14T11:19:23+00:00","og_image":[{"url":"http:\/\/inclusivenews.com.br\/wp-content\/uploads\/2010\/01\/logo_final_observatorio.jpg","type":"","width":"","height":""}],"author":"inclusivenews2024","twitter_card":"summary_large_image","twitter_misc":{"Escrito por":"inclusivenews2024","Tempo estimado de leitura":"2 minutos"},"schema":{"@context":"https:\/\/schema.org","@graph":[{"@type":"Article","@id":"https:\/\/inclusivenews.com.br\/?p=17679#article","isPartOf":{"@id":"https:\/\/inclusivenews.com.br\/?p=17679"},"author":{"name":"inclusivenews2024","@id":"https:\/\/inclusivenews.com.br\/#\/schema\/person\/ae4ec7087559b8692fb33b6fffd2273b"},"headline":"Os programas de governo avaliados por professores","datePublished":"2010-10-14T11:19:23+00:00","mainEntityOfPage":{"@id":"https:\/\/inclusivenews.com.br\/?p=17679"},"wordCount":331,"commentCount":0,"publisher":{"@id":"https:\/\/inclusivenews.com.br\/#organization"},"image":{"@id":"https:\/\/inclusivenews.com.br\/?p=17679#primaryimage"},"thumbnailUrl":"http:\/\/inclusivenews.com.br\/wp-content\/uploads\/2010\/01\/logo_final_observatorio.jpg","articleSection":["Cursos e eventos","EDUCA\u00c7\u00c3O","NOT\u00cdCIAS"],"inLanguage":"pt-PT","potentialAction":[{"@type":"CommentAction","name":"Comment","target":["https:\/\/inclusivenews.com.br\/?p=17679#respond"]}]},{"@type":"WebPage","@id":"https:\/\/inclusivenews.com.br\/?p=17679","url":"https:\/\/inclusivenews.com.br\/?p=17679","name":"Os programas de governo avaliados por professores -","isPartOf":{"@id":"https:\/\/inclusivenews.com.br\/#website"},"primaryImageOfPage":{"@id":"https:\/\/inclusivenews.com.br\/?p=17679#primaryimage"},"image":{"@id":"https:\/\/inclusivenews.com.br\/?p=17679#primaryimage"},"thumbnailUrl":"http:\/\/inclusivenews.com.br\/wp-content\/uploads\/2010\/01\/logo_final_observatorio.jpg","datePublished":"2010-10-14T11:19:23+00:00","breadcrumb":{"@id":"https:\/\/inclusivenews.com.br\/?p=17679#breadcrumb"},"inLanguage":"pt-PT","potentialAction":[{"@type":"ReadAction","target":["https:\/\/inclusivenews.com.br\/?p=17679"]}]},{"@type":"ImageObject","inLanguage":"pt-PT","@id":"https:\/\/inclusivenews.com.br\/?p=17679#primaryimage","url":"","contentUrl":""},{"@type":"BreadcrumbList","@id":"https:\/\/inclusivenews.com.br\/?p=17679#breadcrumb","itemListElement":[{"@type":"ListItem","position":1,"name":"In\u00edcio","item":"https:\/\/inclusivenews.com.br\/"},{"@type":"ListItem","position":2,"name":"Os programas de governo avaliados por professores"}]},{"@type":"WebSite","@id":"https:\/\/inclusivenews.com.br\/#website","url":"https:\/\/inclusivenews.com.br\/","name":"Inclusive News","description":"Inclusive News","publisher":{"@id":"https:\/\/inclusivenews.com.br\/#organization"},"potentialAction":[{"@type":"SearchAction","target":{"@type":"EntryPoint","urlTemplate":"https:\/\/inclusivenews.com.br\/?s={search_term_string}"},"query-input":{"@type":"PropertyValueSpecification","valueRequired":true,"valueName":"search_term_string"}}],"inLanguage":"pt-PT"},{"@type":"Organization","@id":"https:\/\/inclusivenews.com.br\/#organization","name":"Inclusive - inclus\u00e3o e cidadania","url":"https:\/\/inclusivenews.com.br\/","logo":{"@type":"ImageObject","inLanguage":"pt-PT","@id":"https:\/\/inclusivenews.com.br\/#\/schema\/logo\/image\/","url":"https:\/\/inclusivenews.com.br\/wp-content\/uploads\/2024\/03\/@grandesite.png","contentUrl":"https:\/\/inclusivenews.com.br\/wp-content\/uploads\/2024\/03\/@grandesite.png","width":1080,"height":1080,"caption":"Inclusive - inclus\u00e3o e cidadania"},"image":{"@id":"https:\/\/inclusivenews.com.br\/#\/schema\/logo\/image\/"},"sameAs":["https:\/\/www.facebook.com\/agenciainclusive\/","https:\/\/www.instagram.com\/newsinclusive\/"]},{"@type":"Person","@id":"https:\/\/inclusivenews.com.br\/#\/schema\/person\/ae4ec7087559b8692fb33b6fffd2273b","name":"inclusivenews2024","image":{"@type":"ImageObject","inLanguage":"pt-PT","@id":"https:\/\/secure.gravatar.com\/avatar\/c5a7ef84c66fa914f55bc4f7ce26cfa275a3b9a1c5568b907bd184fb4dde7b40?s=96&d=mm&r=g","url":"https:\/\/secure.gravatar.com\/avatar\/c5a7ef84c66fa914f55bc4f7ce26cfa275a3b9a1c5568b907bd184fb4dde7b40?s=96&d=mm&r=g","contentUrl":"https:\/\/secure.gravatar.com\/avatar\/c5a7ef84c66fa914f55bc4f7ce26cfa275a3b9a1c5568b907bd184fb4dde7b40?s=96&d=mm&r=g","caption":"inclusivenews2024"},"sameAs":["https:\/\/inclusivenews.com.br"],"url":"https:\/\/inclusivenews.com.br\/?author=1"}]}},"_links":{"self":[{"href":"https:\/\/inclusivenews.com.br\/index.php?rest_route=\/wp\/v2\/posts\/17679","targetHints":{"allow":["GET"]}}],"collection":[{"href":"https:\/\/inclusivenews.com.br\/index.php?rest_route=\/wp\/v2\/posts"}],"about":[{"href":"https:\/\/inclusivenews.com.br\/index.php?rest_route=\/wp\/v2\/types\/post"}],"author":[{"embeddable":true,"href":"https:\/\/inclusivenews.com.br\/index.php?rest_route=\/wp\/v2\/users\/1"}],"replies":[{"embeddable":true,"href":"https:\/\/inclusivenews.com.br\/index.php?rest_route=%2Fwp%2Fv2%2Fcomments&post=17679"}],"version-history":[{"count":0,"href":"https:\/\/inclusivenews.com.br\/index.php?rest_route=\/wp\/v2\/posts\/17679\/revisions"}],"wp:attachment":[{"href":"https:\/\/inclusivenews.com.br\/index.php?rest_route=%2Fwp%2Fv2%2Fmedia&parent=17679"}],"wp:term":[{"taxonomy":"category","embeddable":true,"href":"https:\/\/inclusivenews.com.br\/index.php?rest_route=%2Fwp%2Fv2%2Fcategories&post=17679"},{"taxonomy":"post_tag","embeddable":true,"href":"https:\/\/inclusivenews.com.br\/index.php?rest_route=%2Fwp%2Fv2%2Ftags&post=17679"}],"curies":[{"name":"wp","href":"https:\/\/api.w.org\/{rel}","templated":true}]}}