{"id":17685,"date":"2010-10-14T08:19:46","date_gmt":"2010-10-14T11:19:46","guid":{"rendered":"http:\/\/www.inclusive.org.br\/?p=17685"},"modified":"2010-10-14T08:19:46","modified_gmt":"2010-10-14T11:19:46","slug":"como-esquecer","status":"publish","type":"post","link":"https:\/\/inclusivenews.com.br\/?p=17685","title":{"rendered":"Como esquecer"},"content":{"rendered":"<figure id=\"attachment_17686\" aria-describedby=\"caption-attachment-17686\" style=\"width: 237px\" class=\"wp-caption alignleft\"><a href=\"http:\/\/www.inclusivenews.com.br\/wp-content\/uploads\/2010\/10\/como_esquecer.jpg\"><img loading=\"lazy\" decoding=\"async\" class=\"size-full wp-image-17686\" title=\"Cartaz de &quot;Como Esquecer&quot;, uma mulher \u00e9 vista de costas sobre uma ponte\" src=\"http:\/\/inclusivenews.com.br\/wp-content\/uploads\/2010\/10\/como_esquecer.jpg\" alt=\"Cartaz de &quot;Como Esquecer&quot;, uma mulher \u00e9 vista de costas sobre uma ponte\" width=\"237\" height=\"180\" \/><\/a><figcaption id=\"caption-attachment-17686\" class=\"wp-caption-text\"> <\/figcaption><\/figure>\n<p>Esque\u00e7a a ideia de uma Ana Paula Ar\u00f3sio glamourosa, com personagens que ressaltam a sua beleza. Em &#8220;Como esquecer&#8221;, filme de Malu de Martino, que passa no Festival do Rio e estreia dia 15 de outubro em circuito comercial, ela interpreta J\u00falia, uma professora de literatura homossexual, que ap\u00f3s ser abandonada pela companheira, sofre a dor da perda.<\/p>\n<p>&#8220;Foi importante a naturalidade que esses personagens foram criados&#8221;, disse Ana Paula, sem medo da rea\u00e7\u00e3o das pessoas em rela\u00e7\u00e3o \u00e0 sua J\u00falia e aos seus companheiros de cena interpretados por Murilo Rosa e Arieta Corr\u00eaa. &#8220;Se vier a cr\u00edtica, tudo bem. Me deram um personagem muito diferente do que eu faria&#8221;.<\/p>\n<p>Bem diferente, mesmo. J\u00falia \u00e9 seca, dura, dif\u00edcil de lidar. &#8220;Sem carisma&#8221;, diz a pr\u00f3pria Ana Paula. O oposto do personagem de Murilo (Hugo), um ator feliz, otimista, mesmo sofrendo a morte do companheiro. Os dois, juntos com Lisa, interpretada por Nat\u00e1lia Lage &#8211; que foi abandonada pelo namorado quando ele descobriu que estava gr\u00e1vida -, v\u00e3o morar juntos numa casa em Guaratiba, bairro ermo da Zona Oeste carioca, ou &#8220;no sub\u00farbio com praia&#8221;, como afirma J\u00falia. A casa, aos poucos, se transforma em uma esp\u00e9cie de personagem, que conforta todos que passam por l\u00e1, geralmente cheios de perdas.<\/p>\n<p>Car\u00eancia<\/p>\n<p>Por mais que o filme tenha personagens homossexuais, seu tema \u00e9 outro: \u00e9 a perda, ou como lidar com a aus\u00eancia de algu\u00e9m que se quer junto. Como disse a diretora Malu de Martino, respons\u00e1vel tamb\u00e9m por &#8220;Ismael e Adalgisa&#8221; e &#8220;Mulheres do Brasil&#8221;, num debate logo ap\u00f3s a proje\u00e7\u00e3o do filme dentro do Festival, se os personagens fossem todos heterossexuais n\u00e3o teria diferen\u00e7a, dramaticamente.<\/p>\n<p>&#8220;Por que mudar?&#8221;, questiona a diretora, sobre o filme, que \u00e9 uma adapta\u00e7\u00e3o do livro &#8220;Como esquecer &#8211; Anota\u00e7\u00f5es quase inglesas&#8221;, de Myriam Campello. &#8220;Acho que o cinema brasileiro carece um pouco de filmes que abordem esse universo.&#8221;<\/p>\n<p>&#8220;O filme tenta quebrar o preconceito&#8221;, defende Ana Paula. &#8220;Todos os personagens j\u00e1 tinham outras rela\u00e7\u00f5es, eles n\u00e3o se questionam sobre as suas sexualidades. Eles lidam bem com isso.&#8221;<\/p>\n<p>&#8220;O filme \u00e9 elegante&#8221;, acrescenta Murilo Rosa. &#8220;O filme n\u00e3o \u00e9 para falar sobre op\u00e7\u00e3o sexual, mas sobre o vazio que voc\u00ea sente quando perde a pessoa que ama. Eu adorei. Mas sou suspeito&#8221;, brinca.<\/p>\n<p>Sensibilidade e sensualidade<\/p>\n<p>Se h\u00e1 outro aspecto que chama a aten\u00e7\u00e3o do longa \u00e9 a maneira como ele retrata o corpo da mulher, com uma sensibilidade e uma sensualidade feminina, diferente do voyeurismo masculino, a que estamos acostumados. &#8220;\u00c9 um olhar delicado, diferente, feito de admira\u00e7\u00e3o&#8221;, conta Ana Paula.<\/p>\n<p>Ap\u00f3s ser abandonado por Ant\u00f4nia, J\u00falia sofre e, diferentemente do que \u00e9 esperado, n\u00e3o tenta sair do buraco, pelo contr\u00e1rio. Mergulha de cabe\u00e7a na ang\u00fastia, e tenta ainda mais se infringir mais dor.<\/p>\n<p>&#8220;Ela tenta expurgar o sofrimento pela dor f\u00edsica&#8221;, revela a atriz de 35 anos, sobre J\u00falia, que tem certa tend\u00eancia masoquista. &#8220;Como se ao cortar o bra\u00e7o, doesse tanto que ela esquecesse dos demais problemas.&#8221;<\/p>\n<p>Homossexualidade, masoquismo, tudo de maneira muito natural. O filme n\u00e3o \u00e9 exatamente f\u00e1cil de se vender. A produtora Elisa Tolomelli lembrou que recebeu, durante a fase de capta\u00e7\u00e3o, muitos &#8220;n\u00e3os&#8221;, mas que a primeira provid\u00eancia foi procurar uma distribuidora: a mesma que lan\u00e7ou &#8220;O segredo de Brokeback mountain&#8221;<\/p>\n<p>______________<\/p>\n<p><strong>Fonte:<\/strong> <a href=\"http:\/\/entretenimento.temmais.com\/noticia\/11\/25090\/filme_tenta_quebrar_preconceito_diz_arosio_sobre_como_esquecer.htm\">Tem Mais<\/a><\/p>\n","protected":false},"excerpt":{"rendered":"<p>&#8220;Por mais que o filme tenha personagens homossexuais, seu tema \u00e9 outro: \u00e9 a perda, ou como lidar com a aus\u00eancia de algu\u00e9m que se quer junto. Como disse a diretora Malu de Martino, respons\u00e1vel tamb\u00e9m por &#8220;Ismael e Adalgisa&#8221; e &#8220;Mulheres do Brasil&#8221;, num debate logo ap\u00f3s a proje\u00e7\u00e3o do filme dentro do Festival, se os personagens fossem todos heterossexuais n\u00e3o teria diferen\u00e7a, dramaticamente.&#8221; \u00c9 a dica de cinema da Inclusive.<\/p>\n","protected":false},"author":1,"featured_media":0,"comment_status":"open","ping_status":"open","sticky":false,"template":"","format":"standard","meta":{"site-container-style":"default","site-container-layout":"default","site-sidebar-layout":"default","disable-article-header":"default","disable-site-header":"default","disable-site-footer":"default","disable-content-area-spacing":"default","footnotes":""},"categories":[29,4],"tags":[],"class_list":["post-17685","post","type-post","status-publish","format-standard","hentry","category-cultura","category-noticias"],"yoast_head":"<!-- This site is optimized with the Yoast SEO plugin v27.4 - https:\/\/yoast.com\/product\/yoast-seo-wordpress\/ -->\n<title>Como esquecer -<\/title>\n<meta name=\"robots\" content=\"index, follow, max-snippet:-1, max-image-preview:large, max-video-preview:-1\" \/>\n<link rel=\"canonical\" href=\"https:\/\/inclusivenews.com.br\/?p=17685\" \/>\n<meta property=\"og:locale\" content=\"pt_PT\" \/>\n<meta property=\"og:type\" content=\"article\" \/>\n<meta property=\"og:title\" content=\"Como esquecer -\" \/>\n<meta property=\"og:description\" content=\"&quot;Por mais que o filme tenha personagens homossexuais, seu tema \u00e9 outro: \u00e9 a perda, ou como lidar com a aus\u00eancia de algu\u00e9m que se quer junto. Como disse a diretora Malu de Martino, respons\u00e1vel tamb\u00e9m por &quot;Ismael e Adalgisa&quot; e &quot;Mulheres do Brasil&quot;, num debate logo ap\u00f3s a proje\u00e7\u00e3o do filme dentro do Festival, se os personagens fossem todos heterossexuais n\u00e3o teria diferen\u00e7a, dramaticamente.&quot; \u00c9 a dica de cinema da Inclusive.\" \/>\n<meta property=\"og:url\" content=\"https:\/\/inclusivenews.com.br\/?p=17685\" \/>\n<meta property=\"article:publisher\" content=\"https:\/\/www.facebook.com\/agenciainclusive\/\" \/>\n<meta property=\"article:published_time\" content=\"2010-10-14T11:19:46+00:00\" \/>\n<meta property=\"og:image\" content=\"http:\/\/inclusivenews.com.br\/wp-content\/uploads\/2010\/10\/como_esquecer.jpg\" \/>\n<meta name=\"author\" content=\"inclusivenews2024\" \/>\n<meta name=\"twitter:card\" content=\"summary_large_image\" \/>\n<meta name=\"twitter:label1\" content=\"Escrito por\" \/>\n\t<meta name=\"twitter:data1\" content=\"inclusivenews2024\" \/>\n\t<meta name=\"twitter:label2\" content=\"Tempo estimado de leitura\" \/>\n\t<meta name=\"twitter:data2\" content=\"3 minutos\" \/>\n<script type=\"application\/ld+json\" class=\"yoast-schema-graph\">{\"@context\":\"https:\\\/\\\/schema.org\",\"@graph\":[{\"@type\":\"Article\",\"@id\":\"https:\\\/\\\/inclusivenews.com.br\\\/?p=17685#article\",\"isPartOf\":{\"@id\":\"https:\\\/\\\/inclusivenews.com.br\\\/?p=17685\"},\"author\":{\"name\":\"inclusivenews2024\",\"@id\":\"https:\\\/\\\/inclusivenews.com.br\\\/#\\\/schema\\\/person\\\/ae4ec7087559b8692fb33b6fffd2273b\"},\"headline\":\"Como esquecer\",\"datePublished\":\"2010-10-14T11:19:46+00:00\",\"mainEntityOfPage\":{\"@id\":\"https:\\\/\\\/inclusivenews.com.br\\\/?p=17685\"},\"wordCount\":594,\"commentCount\":0,\"publisher\":{\"@id\":\"https:\\\/\\\/inclusivenews.com.br\\\/#organization\"},\"image\":{\"@id\":\"https:\\\/\\\/inclusivenews.com.br\\\/?p=17685#primaryimage\"},\"thumbnailUrl\":\"http:\\\/\\\/inclusivenews.com.br\\\/wp-content\\\/uploads\\\/2010\\\/10\\\/como_esquecer.jpg\",\"articleSection\":[\"Cultura\",\"NOT\u00cdCIAS\"],\"inLanguage\":\"pt-PT\",\"potentialAction\":[{\"@type\":\"CommentAction\",\"name\":\"Comment\",\"target\":[\"https:\\\/\\\/inclusivenews.com.br\\\/?p=17685#respond\"]}]},{\"@type\":\"WebPage\",\"@id\":\"https:\\\/\\\/inclusivenews.com.br\\\/?p=17685\",\"url\":\"https:\\\/\\\/inclusivenews.com.br\\\/?p=17685\",\"name\":\"Como esquecer -\",\"isPartOf\":{\"@id\":\"https:\\\/\\\/inclusivenews.com.br\\\/#website\"},\"primaryImageOfPage\":{\"@id\":\"https:\\\/\\\/inclusivenews.com.br\\\/?p=17685#primaryimage\"},\"image\":{\"@id\":\"https:\\\/\\\/inclusivenews.com.br\\\/?p=17685#primaryimage\"},\"thumbnailUrl\":\"http:\\\/\\\/inclusivenews.com.br\\\/wp-content\\\/uploads\\\/2010\\\/10\\\/como_esquecer.jpg\",\"datePublished\":\"2010-10-14T11:19:46+00:00\",\"breadcrumb\":{\"@id\":\"https:\\\/\\\/inclusivenews.com.br\\\/?p=17685#breadcrumb\"},\"inLanguage\":\"pt-PT\",\"potentialAction\":[{\"@type\":\"ReadAction\",\"target\":[\"https:\\\/\\\/inclusivenews.com.br\\\/?p=17685\"]}]},{\"@type\":\"ImageObject\",\"inLanguage\":\"pt-PT\",\"@id\":\"https:\\\/\\\/inclusivenews.com.br\\\/?p=17685#primaryimage\",\"url\":\"\",\"contentUrl\":\"\"},{\"@type\":\"BreadcrumbList\",\"@id\":\"https:\\\/\\\/inclusivenews.com.br\\\/?p=17685#breadcrumb\",\"itemListElement\":[{\"@type\":\"ListItem\",\"position\":1,\"name\":\"In\u00edcio\",\"item\":\"https:\\\/\\\/inclusivenews.com.br\\\/\"},{\"@type\":\"ListItem\",\"position\":2,\"name\":\"Como esquecer\"}]},{\"@type\":\"WebSite\",\"@id\":\"https:\\\/\\\/inclusivenews.com.br\\\/#website\",\"url\":\"https:\\\/\\\/inclusivenews.com.br\\\/\",\"name\":\"Inclusive News\",\"description\":\"Inclusive News\",\"publisher\":{\"@id\":\"https:\\\/\\\/inclusivenews.com.br\\\/#organization\"},\"potentialAction\":[{\"@type\":\"SearchAction\",\"target\":{\"@type\":\"EntryPoint\",\"urlTemplate\":\"https:\\\/\\\/inclusivenews.com.br\\\/?s={search_term_string}\"},\"query-input\":{\"@type\":\"PropertyValueSpecification\",\"valueRequired\":true,\"valueName\":\"search_term_string\"}}],\"inLanguage\":\"pt-PT\"},{\"@type\":\"Organization\",\"@id\":\"https:\\\/\\\/inclusivenews.com.br\\\/#organization\",\"name\":\"Inclusive - inclus\u00e3o e cidadania\",\"url\":\"https:\\\/\\\/inclusivenews.com.br\\\/\",\"logo\":{\"@type\":\"ImageObject\",\"inLanguage\":\"pt-PT\",\"@id\":\"https:\\\/\\\/inclusivenews.com.br\\\/#\\\/schema\\\/logo\\\/image\\\/\",\"url\":\"https:\\\/\\\/inclusivenews.com.br\\\/wp-content\\\/uploads\\\/2024\\\/03\\\/@grandesite.png\",\"contentUrl\":\"https:\\\/\\\/inclusivenews.com.br\\\/wp-content\\\/uploads\\\/2024\\\/03\\\/@grandesite.png\",\"width\":1080,\"height\":1080,\"caption\":\"Inclusive - inclus\u00e3o e cidadania\"},\"image\":{\"@id\":\"https:\\\/\\\/inclusivenews.com.br\\\/#\\\/schema\\\/logo\\\/image\\\/\"},\"sameAs\":[\"https:\\\/\\\/www.facebook.com\\\/agenciainclusive\\\/\",\"https:\\\/\\\/www.instagram.com\\\/newsinclusive\\\/\"]},{\"@type\":\"Person\",\"@id\":\"https:\\\/\\\/inclusivenews.com.br\\\/#\\\/schema\\\/person\\\/ae4ec7087559b8692fb33b6fffd2273b\",\"name\":\"inclusivenews2024\",\"image\":{\"@type\":\"ImageObject\",\"inLanguage\":\"pt-PT\",\"@id\":\"https:\\\/\\\/secure.gravatar.com\\\/avatar\\\/c5a7ef84c66fa914f55bc4f7ce26cfa275a3b9a1c5568b907bd184fb4dde7b40?s=96&d=mm&r=g\",\"url\":\"https:\\\/\\\/secure.gravatar.com\\\/avatar\\\/c5a7ef84c66fa914f55bc4f7ce26cfa275a3b9a1c5568b907bd184fb4dde7b40?s=96&d=mm&r=g\",\"contentUrl\":\"https:\\\/\\\/secure.gravatar.com\\\/avatar\\\/c5a7ef84c66fa914f55bc4f7ce26cfa275a3b9a1c5568b907bd184fb4dde7b40?s=96&d=mm&r=g\",\"caption\":\"inclusivenews2024\"},\"sameAs\":[\"https:\\\/\\\/inclusivenews.com.br\"],\"url\":\"https:\\\/\\\/inclusivenews.com.br\\\/?author=1\"}]}<\/script>\n<!-- \/ Yoast SEO plugin. -->","yoast_head_json":{"title":"Como esquecer -","robots":{"index":"index","follow":"follow","max-snippet":"max-snippet:-1","max-image-preview":"max-image-preview:large","max-video-preview":"max-video-preview:-1"},"canonical":"https:\/\/inclusivenews.com.br\/?p=17685","og_locale":"pt_PT","og_type":"article","og_title":"Como esquecer -","og_description":"\"Por mais que o filme tenha personagens homossexuais, seu tema \u00e9 outro: \u00e9 a perda, ou como lidar com a aus\u00eancia de algu\u00e9m que se quer junto. Como disse a diretora Malu de Martino, respons\u00e1vel tamb\u00e9m por \"Ismael e Adalgisa\" e \"Mulheres do Brasil\", num debate logo ap\u00f3s a proje\u00e7\u00e3o do filme dentro do Festival, se os personagens fossem todos heterossexuais n\u00e3o teria diferen\u00e7a, dramaticamente.\" \u00c9 a dica de cinema da Inclusive.","og_url":"https:\/\/inclusivenews.com.br\/?p=17685","article_publisher":"https:\/\/www.facebook.com\/agenciainclusive\/","article_published_time":"2010-10-14T11:19:46+00:00","og_image":[{"url":"http:\/\/inclusivenews.com.br\/wp-content\/uploads\/2010\/10\/como_esquecer.jpg","type":"","width":"","height":""}],"author":"inclusivenews2024","twitter_card":"summary_large_image","twitter_misc":{"Escrito por":"inclusivenews2024","Tempo estimado de leitura":"3 minutos"},"schema":{"@context":"https:\/\/schema.org","@graph":[{"@type":"Article","@id":"https:\/\/inclusivenews.com.br\/?p=17685#article","isPartOf":{"@id":"https:\/\/inclusivenews.com.br\/?p=17685"},"author":{"name":"inclusivenews2024","@id":"https:\/\/inclusivenews.com.br\/#\/schema\/person\/ae4ec7087559b8692fb33b6fffd2273b"},"headline":"Como esquecer","datePublished":"2010-10-14T11:19:46+00:00","mainEntityOfPage":{"@id":"https:\/\/inclusivenews.com.br\/?p=17685"},"wordCount":594,"commentCount":0,"publisher":{"@id":"https:\/\/inclusivenews.com.br\/#organization"},"image":{"@id":"https:\/\/inclusivenews.com.br\/?p=17685#primaryimage"},"thumbnailUrl":"http:\/\/inclusivenews.com.br\/wp-content\/uploads\/2010\/10\/como_esquecer.jpg","articleSection":["Cultura","NOT\u00cdCIAS"],"inLanguage":"pt-PT","potentialAction":[{"@type":"CommentAction","name":"Comment","target":["https:\/\/inclusivenews.com.br\/?p=17685#respond"]}]},{"@type":"WebPage","@id":"https:\/\/inclusivenews.com.br\/?p=17685","url":"https:\/\/inclusivenews.com.br\/?p=17685","name":"Como esquecer -","isPartOf":{"@id":"https:\/\/inclusivenews.com.br\/#website"},"primaryImageOfPage":{"@id":"https:\/\/inclusivenews.com.br\/?p=17685#primaryimage"},"image":{"@id":"https:\/\/inclusivenews.com.br\/?p=17685#primaryimage"},"thumbnailUrl":"http:\/\/inclusivenews.com.br\/wp-content\/uploads\/2010\/10\/como_esquecer.jpg","datePublished":"2010-10-14T11:19:46+00:00","breadcrumb":{"@id":"https:\/\/inclusivenews.com.br\/?p=17685#breadcrumb"},"inLanguage":"pt-PT","potentialAction":[{"@type":"ReadAction","target":["https:\/\/inclusivenews.com.br\/?p=17685"]}]},{"@type":"ImageObject","inLanguage":"pt-PT","@id":"https:\/\/inclusivenews.com.br\/?p=17685#primaryimage","url":"","contentUrl":""},{"@type":"BreadcrumbList","@id":"https:\/\/inclusivenews.com.br\/?p=17685#breadcrumb","itemListElement":[{"@type":"ListItem","position":1,"name":"In\u00edcio","item":"https:\/\/inclusivenews.com.br\/"},{"@type":"ListItem","position":2,"name":"Como esquecer"}]},{"@type":"WebSite","@id":"https:\/\/inclusivenews.com.br\/#website","url":"https:\/\/inclusivenews.com.br\/","name":"Inclusive News","description":"Inclusive News","publisher":{"@id":"https:\/\/inclusivenews.com.br\/#organization"},"potentialAction":[{"@type":"SearchAction","target":{"@type":"EntryPoint","urlTemplate":"https:\/\/inclusivenews.com.br\/?s={search_term_string}"},"query-input":{"@type":"PropertyValueSpecification","valueRequired":true,"valueName":"search_term_string"}}],"inLanguage":"pt-PT"},{"@type":"Organization","@id":"https:\/\/inclusivenews.com.br\/#organization","name":"Inclusive - inclus\u00e3o e cidadania","url":"https:\/\/inclusivenews.com.br\/","logo":{"@type":"ImageObject","inLanguage":"pt-PT","@id":"https:\/\/inclusivenews.com.br\/#\/schema\/logo\/image\/","url":"https:\/\/inclusivenews.com.br\/wp-content\/uploads\/2024\/03\/@grandesite.png","contentUrl":"https:\/\/inclusivenews.com.br\/wp-content\/uploads\/2024\/03\/@grandesite.png","width":1080,"height":1080,"caption":"Inclusive - inclus\u00e3o e cidadania"},"image":{"@id":"https:\/\/inclusivenews.com.br\/#\/schema\/logo\/image\/"},"sameAs":["https:\/\/www.facebook.com\/agenciainclusive\/","https:\/\/www.instagram.com\/newsinclusive\/"]},{"@type":"Person","@id":"https:\/\/inclusivenews.com.br\/#\/schema\/person\/ae4ec7087559b8692fb33b6fffd2273b","name":"inclusivenews2024","image":{"@type":"ImageObject","inLanguage":"pt-PT","@id":"https:\/\/secure.gravatar.com\/avatar\/c5a7ef84c66fa914f55bc4f7ce26cfa275a3b9a1c5568b907bd184fb4dde7b40?s=96&d=mm&r=g","url":"https:\/\/secure.gravatar.com\/avatar\/c5a7ef84c66fa914f55bc4f7ce26cfa275a3b9a1c5568b907bd184fb4dde7b40?s=96&d=mm&r=g","contentUrl":"https:\/\/secure.gravatar.com\/avatar\/c5a7ef84c66fa914f55bc4f7ce26cfa275a3b9a1c5568b907bd184fb4dde7b40?s=96&d=mm&r=g","caption":"inclusivenews2024"},"sameAs":["https:\/\/inclusivenews.com.br"],"url":"https:\/\/inclusivenews.com.br\/?author=1"}]}},"_links":{"self":[{"href":"https:\/\/inclusivenews.com.br\/index.php?rest_route=\/wp\/v2\/posts\/17685","targetHints":{"allow":["GET"]}}],"collection":[{"href":"https:\/\/inclusivenews.com.br\/index.php?rest_route=\/wp\/v2\/posts"}],"about":[{"href":"https:\/\/inclusivenews.com.br\/index.php?rest_route=\/wp\/v2\/types\/post"}],"author":[{"embeddable":true,"href":"https:\/\/inclusivenews.com.br\/index.php?rest_route=\/wp\/v2\/users\/1"}],"replies":[{"embeddable":true,"href":"https:\/\/inclusivenews.com.br\/index.php?rest_route=%2Fwp%2Fv2%2Fcomments&post=17685"}],"version-history":[{"count":0,"href":"https:\/\/inclusivenews.com.br\/index.php?rest_route=\/wp\/v2\/posts\/17685\/revisions"}],"wp:attachment":[{"href":"https:\/\/inclusivenews.com.br\/index.php?rest_route=%2Fwp%2Fv2%2Fmedia&parent=17685"}],"wp:term":[{"taxonomy":"category","embeddable":true,"href":"https:\/\/inclusivenews.com.br\/index.php?rest_route=%2Fwp%2Fv2%2Fcategories&post=17685"},{"taxonomy":"post_tag","embeddable":true,"href":"https:\/\/inclusivenews.com.br\/index.php?rest_route=%2Fwp%2Fv2%2Ftags&post=17685"}],"curies":[{"name":"wp","href":"https:\/\/api.w.org\/{rel}","templated":true}]}}