{"id":17692,"date":"2010-10-14T08:05:50","date_gmt":"2010-10-14T11:05:50","guid":{"rendered":"http:\/\/www.inclusive.org.br\/?p=17692"},"modified":"2010-10-14T08:05:50","modified_gmt":"2010-10-14T11:05:50","slug":"encontro-tematico-educacao-inclusiva-a-necessaria-mudanca-de-paradigma-2210","status":"publish","type":"post","link":"https:\/\/inclusivenews.com.br\/?p=17692","title":{"rendered":"Encontro tem\u00e1tico: educa\u00e7\u00e3o inclusiva &#8211; a necess\u00e1ria mudan\u00e7a de paradigma (22\/10)"},"content":{"rendered":"<figure id=\"attachment_17693\" aria-describedby=\"caption-attachment-17693\" style=\"width: 113px\" class=\"wp-caption alignleft\"><a href=\"http:\/\/www.inclusivenews.com.br\/wp-content\/uploads\/2010\/10\/cepam.jpg\"><img loading=\"lazy\" decoding=\"async\" class=\"size-full wp-image-17693\" title=\"Logotipo da CEPAM - figura geom\u00e9trica abstrata\" src=\"http:\/\/inclusivenews.com.br\/wp-content\/uploads\/2010\/10\/cepam.jpg\" alt=\"Logotipo da CEPAM - figura geom\u00e9trica abstrata\" width=\"113\" height=\"87\" \/><\/a><figcaption id=\"caption-attachment-17693\" class=\"wp-caption-text\"> <\/figcaption><\/figure>\n<p>A Constitui\u00e7\u00e3o Federal de 1988 assegurou a autonomia dos munic\u00edpios, fortalecendo estrat\u00e9gias federativas de descentraliza\u00e7\u00e3o e municipaliza\u00e7\u00e3o das pol\u00edticas p\u00fablicas, bem como a educa\u00e7\u00e3o como direito de todos, com igualdade, condi\u00e7\u00f5es de acesso e a oferta do atendimento educacional especializado. Coloca, ainda, aos governos municipais, o desafio de proporcionar a Pol\u00edtica da Educa\u00e7\u00e3o Inclusiva, para que as pessoas com defici\u00eancia sejam incorporadas ao ambiente escolar com qualidade e atendimento adequado. Nesse processo, \u00e9 fundamental a capacita\u00e7\u00e3o dos gestores municipais, o conhecimento dos conte\u00fados dos principais \u00f3rg\u00e3os de formula\u00e7\u00e3o da pol\u00edtica e o relato de munic\u00edpios que desenvolvem pr\u00e1ticas de inclus\u00e3o.<\/p>\n<p>PROGRAMA\u00c7\u00c3O<\/p>\n<p>9h Caf\u00e9 e inscri\u00e7\u00e3o<\/p>\n<p>9h15 Abertura<br \/>\nNelson Hervey Costa, presidente do Cepam<\/p>\n<p>9h30 Pol\u00edticas P\u00fablicas de Educa\u00e7\u00e3o na Perspectiva da Inclus\u00e3o<br \/>\nNewton Oliveira de Resende, t\u00e9cnico do Centro de Apoio Pedag\u00f3gico Especializado (Cape)<\/p>\n<p>10h30 Acessibilidade nas Escolas<br \/>\nSelene Augusta de Souza Barreiros, gerente de Or\u00e7amento e Especifica\u00e7\u00f5es da Funda\u00e7\u00e3o para o Desenvolvimento da Educa\u00e7\u00e3o (FDE)<br \/>\nM\u00f4nica Geraes Duran, t\u00e9cnica da Funda\u00e7\u00e3o para o Desenvolvimento da Educa\u00e7\u00e3o (FDE)<br \/>\nRicardo Grisolia Esteves, t\u00e9cnico da Funda\u00e7\u00e3o para o Desenvolvimento da Educa\u00e7\u00e3o (FDE)<\/p>\n<p>11h30 Programa de Acompanhamento e Monitoramento do Acesso e Perman\u00eancia na Escola das Pessoas com Defici\u00eancia<br \/>\nque Recebem o Benef\u00edcio de Presta\u00e7\u00e3o Continuada (BPC) na Escola<br \/>\nYara Savine, coordenadora estadual do BPC e do BPC na Escola da Secretaria Estadual de Assist\u00eancia e Desenvolvimento Social (Seads)<\/p>\n<p>12h30 Intervalo para Almo\u00e7o<\/p>\n<p>14h Pol\u00edticas P\u00fablicas e as A\u00e7\u00f5es: A Educa\u00e7\u00e3o como Direito Humano Fundamental<br \/>\nLiliane Garcez, assessora da Secretaria de Educa\u00e7\u00e3o Especial do Minist\u00e9rio da Educa\u00e7\u00e3o, e membro da Coordena\u00e7\u00e3o Executiva do F\u00f3rum<br \/>\nPermanente de Educa\u00e7\u00e3o Inclusiva<\/p>\n<p>15h Relatos de Munic\u00edpios<br \/>\nS\u00e3o Paulo \u2013 Silvana Drago, coordenadora da Diretoria de Orienta\u00e7\u00e3o T\u00e9cnica de Educa\u00e7\u00e3o Especial e do Programa Inclui<br \/>\nCotia \u2013 Luciana A. Gurgel Rodrigues, psicomotricista e psicopedagoga e Cynthia Pompeu Porrimo, pedagoga habilitada em<br \/>\nDefici\u00eancia Intelectual<\/p>\n<p>16h S\u00edntese do dia<br \/>\nCristina Castro Simonetti, t\u00e9cnica de Gest\u00e3o de Pol\u00edticas P\u00fablicas do Cepam<\/p>\n<p><a href=\"http:\/\/eventos.cepam.sp.gov.br\/SEventos\/VisualizarEventos.aspx\"><strong>+ informa\u00e7\u00f5es neste link<\/strong><\/a><\/p>\n","protected":false},"excerpt":{"rendered":"<p>A CEPAM &#8211; Funda\u00e7\u00e3o Faria Lima promove encontro tem\u00e1tico sobre educa\u00e7\u00e3o inclusiva. Inscri\u00e7\u00f5es limitadas.<\/p>\n","protected":false},"author":1,"featured_media":0,"comment_status":"open","ping_status":"open","sticky":false,"template":"","format":"standard","meta":{"site-container-style":"default","site-container-layout":"default","site-sidebar-layout":"default","disable-article-header":"default","disable-site-header":"default","disable-site-footer":"default","disable-content-area-spacing":"default","footnotes":""},"categories":[12,6,48],"tags":[],"class_list":["post-17692","post","type-post","status-publish","format-standard","hentry","category-cursos-e-eventos","category-educacao","category-inclusao"],"yoast_head":"<!-- This site is optimized with the Yoast SEO plugin v27.4 - https:\/\/yoast.com\/product\/yoast-seo-wordpress\/ -->\n<title>Encontro tem\u00e1tico: educa\u00e7\u00e3o inclusiva - a necess\u00e1ria mudan\u00e7a de paradigma (22\/10) -<\/title>\n<meta name=\"robots\" content=\"index, follow, max-snippet:-1, max-image-preview:large, max-video-preview:-1\" \/>\n<link rel=\"canonical\" href=\"https:\/\/inclusivenews.com.br\/?p=17692\" \/>\n<meta property=\"og:locale\" content=\"pt_PT\" \/>\n<meta property=\"og:type\" content=\"article\" \/>\n<meta property=\"og:title\" content=\"Encontro tem\u00e1tico: educa\u00e7\u00e3o inclusiva - a necess\u00e1ria mudan\u00e7a de paradigma (22\/10) -\" \/>\n<meta property=\"og:description\" content=\"A CEPAM - Funda\u00e7\u00e3o Faria Lima promove encontro tem\u00e1tico sobre educa\u00e7\u00e3o inclusiva. Inscri\u00e7\u00f5es limitadas.\" \/>\n<meta property=\"og:url\" content=\"https:\/\/inclusivenews.com.br\/?p=17692\" \/>\n<meta property=\"article:publisher\" content=\"https:\/\/www.facebook.com\/agenciainclusive\/\" \/>\n<meta property=\"article:published_time\" content=\"2010-10-14T11:05:50+00:00\" \/>\n<meta property=\"og:image\" content=\"http:\/\/inclusivenews.com.br\/wp-content\/uploads\/2010\/10\/cepam.jpg\" \/>\n<meta name=\"author\" content=\"inclusivenews2024\" \/>\n<meta name=\"twitter:card\" content=\"summary_large_image\" \/>\n<meta name=\"twitter:label1\" content=\"Escrito por\" \/>\n\t<meta name=\"twitter:data1\" content=\"inclusivenews2024\" \/>\n\t<meta name=\"twitter:label2\" content=\"Tempo estimado de leitura\" \/>\n\t<meta name=\"twitter:data2\" content=\"2 minutos\" \/>\n<script type=\"application\/ld+json\" class=\"yoast-schema-graph\">{\"@context\":\"https:\\\/\\\/schema.org\",\"@graph\":[{\"@type\":\"Article\",\"@id\":\"https:\\\/\\\/inclusivenews.com.br\\\/?p=17692#article\",\"isPartOf\":{\"@id\":\"https:\\\/\\\/inclusivenews.com.br\\\/?p=17692\"},\"author\":{\"name\":\"inclusivenews2024\",\"@id\":\"https:\\\/\\\/inclusivenews.com.br\\\/#\\\/schema\\\/person\\\/ae4ec7087559b8692fb33b6fffd2273b\"},\"headline\":\"Encontro tem\u00e1tico: educa\u00e7\u00e3o inclusiva &#8211; a necess\u00e1ria mudan\u00e7a de paradigma (22\\\/10)\",\"datePublished\":\"2010-10-14T11:05:50+00:00\",\"mainEntityOfPage\":{\"@id\":\"https:\\\/\\\/inclusivenews.com.br\\\/?p=17692\"},\"wordCount\":408,\"commentCount\":0,\"publisher\":{\"@id\":\"https:\\\/\\\/inclusivenews.com.br\\\/#organization\"},\"image\":{\"@id\":\"https:\\\/\\\/inclusivenews.com.br\\\/?p=17692#primaryimage\"},\"thumbnailUrl\":\"http:\\\/\\\/inclusivenews.com.br\\\/wp-content\\\/uploads\\\/2010\\\/10\\\/cepam.jpg\",\"articleSection\":[\"Cursos e eventos\",\"EDUCA\u00c7\u00c3O\",\"INCLUS\u00c3O SOCIAL\"],\"inLanguage\":\"pt-PT\",\"potentialAction\":[{\"@type\":\"CommentAction\",\"name\":\"Comment\",\"target\":[\"https:\\\/\\\/inclusivenews.com.br\\\/?p=17692#respond\"]}]},{\"@type\":\"WebPage\",\"@id\":\"https:\\\/\\\/inclusivenews.com.br\\\/?p=17692\",\"url\":\"https:\\\/\\\/inclusivenews.com.br\\\/?p=17692\",\"name\":\"Encontro tem\u00e1tico: educa\u00e7\u00e3o inclusiva - a necess\u00e1ria mudan\u00e7a de paradigma (22\\\/10) -\",\"isPartOf\":{\"@id\":\"https:\\\/\\\/inclusivenews.com.br\\\/#website\"},\"primaryImageOfPage\":{\"@id\":\"https:\\\/\\\/inclusivenews.com.br\\\/?p=17692#primaryimage\"},\"image\":{\"@id\":\"https:\\\/\\\/inclusivenews.com.br\\\/?p=17692#primaryimage\"},\"thumbnailUrl\":\"http:\\\/\\\/inclusivenews.com.br\\\/wp-content\\\/uploads\\\/2010\\\/10\\\/cepam.jpg\",\"datePublished\":\"2010-10-14T11:05:50+00:00\",\"breadcrumb\":{\"@id\":\"https:\\\/\\\/inclusivenews.com.br\\\/?p=17692#breadcrumb\"},\"inLanguage\":\"pt-PT\",\"potentialAction\":[{\"@type\":\"ReadAction\",\"target\":[\"https:\\\/\\\/inclusivenews.com.br\\\/?p=17692\"]}]},{\"@type\":\"ImageObject\",\"inLanguage\":\"pt-PT\",\"@id\":\"https:\\\/\\\/inclusivenews.com.br\\\/?p=17692#primaryimage\",\"url\":\"\",\"contentUrl\":\"\"},{\"@type\":\"BreadcrumbList\",\"@id\":\"https:\\\/\\\/inclusivenews.com.br\\\/?p=17692#breadcrumb\",\"itemListElement\":[{\"@type\":\"ListItem\",\"position\":1,\"name\":\"In\u00edcio\",\"item\":\"https:\\\/\\\/inclusivenews.com.br\\\/\"},{\"@type\":\"ListItem\",\"position\":2,\"name\":\"Encontro tem\u00e1tico: educa\u00e7\u00e3o inclusiva &#8211; a necess\u00e1ria mudan\u00e7a de paradigma (22\\\/10)\"}]},{\"@type\":\"WebSite\",\"@id\":\"https:\\\/\\\/inclusivenews.com.br\\\/#website\",\"url\":\"https:\\\/\\\/inclusivenews.com.br\\\/\",\"name\":\"Inclusive News\",\"description\":\"Inclusive News\",\"publisher\":{\"@id\":\"https:\\\/\\\/inclusivenews.com.br\\\/#organization\"},\"potentialAction\":[{\"@type\":\"SearchAction\",\"target\":{\"@type\":\"EntryPoint\",\"urlTemplate\":\"https:\\\/\\\/inclusivenews.com.br\\\/?s={search_term_string}\"},\"query-input\":{\"@type\":\"PropertyValueSpecification\",\"valueRequired\":true,\"valueName\":\"search_term_string\"}}],\"inLanguage\":\"pt-PT\"},{\"@type\":\"Organization\",\"@id\":\"https:\\\/\\\/inclusivenews.com.br\\\/#organization\",\"name\":\"Inclusive - inclus\u00e3o e cidadania\",\"url\":\"https:\\\/\\\/inclusivenews.com.br\\\/\",\"logo\":{\"@type\":\"ImageObject\",\"inLanguage\":\"pt-PT\",\"@id\":\"https:\\\/\\\/inclusivenews.com.br\\\/#\\\/schema\\\/logo\\\/image\\\/\",\"url\":\"https:\\\/\\\/inclusivenews.com.br\\\/wp-content\\\/uploads\\\/2024\\\/03\\\/@grandesite.png\",\"contentUrl\":\"https:\\\/\\\/inclusivenews.com.br\\\/wp-content\\\/uploads\\\/2024\\\/03\\\/@grandesite.png\",\"width\":1080,\"height\":1080,\"caption\":\"Inclusive - inclus\u00e3o e cidadania\"},\"image\":{\"@id\":\"https:\\\/\\\/inclusivenews.com.br\\\/#\\\/schema\\\/logo\\\/image\\\/\"},\"sameAs\":[\"https:\\\/\\\/www.facebook.com\\\/agenciainclusive\\\/\",\"https:\\\/\\\/www.instagram.com\\\/newsinclusive\\\/\"]},{\"@type\":\"Person\",\"@id\":\"https:\\\/\\\/inclusivenews.com.br\\\/#\\\/schema\\\/person\\\/ae4ec7087559b8692fb33b6fffd2273b\",\"name\":\"inclusivenews2024\",\"image\":{\"@type\":\"ImageObject\",\"inLanguage\":\"pt-PT\",\"@id\":\"https:\\\/\\\/secure.gravatar.com\\\/avatar\\\/c5a7ef84c66fa914f55bc4f7ce26cfa275a3b9a1c5568b907bd184fb4dde7b40?s=96&d=mm&r=g\",\"url\":\"https:\\\/\\\/secure.gravatar.com\\\/avatar\\\/c5a7ef84c66fa914f55bc4f7ce26cfa275a3b9a1c5568b907bd184fb4dde7b40?s=96&d=mm&r=g\",\"contentUrl\":\"https:\\\/\\\/secure.gravatar.com\\\/avatar\\\/c5a7ef84c66fa914f55bc4f7ce26cfa275a3b9a1c5568b907bd184fb4dde7b40?s=96&d=mm&r=g\",\"caption\":\"inclusivenews2024\"},\"sameAs\":[\"https:\\\/\\\/inclusivenews.com.br\"],\"url\":\"https:\\\/\\\/inclusivenews.com.br\\\/?author=1\"}]}<\/script>\n<!-- \/ Yoast SEO plugin. -->","yoast_head_json":{"title":"Encontro tem\u00e1tico: educa\u00e7\u00e3o inclusiva - a necess\u00e1ria mudan\u00e7a de paradigma (22\/10) -","robots":{"index":"index","follow":"follow","max-snippet":"max-snippet:-1","max-image-preview":"max-image-preview:large","max-video-preview":"max-video-preview:-1"},"canonical":"https:\/\/inclusivenews.com.br\/?p=17692","og_locale":"pt_PT","og_type":"article","og_title":"Encontro tem\u00e1tico: educa\u00e7\u00e3o inclusiva - a necess\u00e1ria mudan\u00e7a de paradigma (22\/10) -","og_description":"A CEPAM - Funda\u00e7\u00e3o Faria Lima promove encontro tem\u00e1tico sobre educa\u00e7\u00e3o inclusiva. Inscri\u00e7\u00f5es limitadas.","og_url":"https:\/\/inclusivenews.com.br\/?p=17692","article_publisher":"https:\/\/www.facebook.com\/agenciainclusive\/","article_published_time":"2010-10-14T11:05:50+00:00","og_image":[{"url":"http:\/\/inclusivenews.com.br\/wp-content\/uploads\/2010\/10\/cepam.jpg","type":"","width":"","height":""}],"author":"inclusivenews2024","twitter_card":"summary_large_image","twitter_misc":{"Escrito por":"inclusivenews2024","Tempo estimado de leitura":"2 minutos"},"schema":{"@context":"https:\/\/schema.org","@graph":[{"@type":"Article","@id":"https:\/\/inclusivenews.com.br\/?p=17692#article","isPartOf":{"@id":"https:\/\/inclusivenews.com.br\/?p=17692"},"author":{"name":"inclusivenews2024","@id":"https:\/\/inclusivenews.com.br\/#\/schema\/person\/ae4ec7087559b8692fb33b6fffd2273b"},"headline":"Encontro tem\u00e1tico: educa\u00e7\u00e3o inclusiva &#8211; a necess\u00e1ria mudan\u00e7a de paradigma (22\/10)","datePublished":"2010-10-14T11:05:50+00:00","mainEntityOfPage":{"@id":"https:\/\/inclusivenews.com.br\/?p=17692"},"wordCount":408,"commentCount":0,"publisher":{"@id":"https:\/\/inclusivenews.com.br\/#organization"},"image":{"@id":"https:\/\/inclusivenews.com.br\/?p=17692#primaryimage"},"thumbnailUrl":"http:\/\/inclusivenews.com.br\/wp-content\/uploads\/2010\/10\/cepam.jpg","articleSection":["Cursos e eventos","EDUCA\u00c7\u00c3O","INCLUS\u00c3O SOCIAL"],"inLanguage":"pt-PT","potentialAction":[{"@type":"CommentAction","name":"Comment","target":["https:\/\/inclusivenews.com.br\/?p=17692#respond"]}]},{"@type":"WebPage","@id":"https:\/\/inclusivenews.com.br\/?p=17692","url":"https:\/\/inclusivenews.com.br\/?p=17692","name":"Encontro tem\u00e1tico: educa\u00e7\u00e3o inclusiva - a necess\u00e1ria mudan\u00e7a de paradigma (22\/10) -","isPartOf":{"@id":"https:\/\/inclusivenews.com.br\/#website"},"primaryImageOfPage":{"@id":"https:\/\/inclusivenews.com.br\/?p=17692#primaryimage"},"image":{"@id":"https:\/\/inclusivenews.com.br\/?p=17692#primaryimage"},"thumbnailUrl":"http:\/\/inclusivenews.com.br\/wp-content\/uploads\/2010\/10\/cepam.jpg","datePublished":"2010-10-14T11:05:50+00:00","breadcrumb":{"@id":"https:\/\/inclusivenews.com.br\/?p=17692#breadcrumb"},"inLanguage":"pt-PT","potentialAction":[{"@type":"ReadAction","target":["https:\/\/inclusivenews.com.br\/?p=17692"]}]},{"@type":"ImageObject","inLanguage":"pt-PT","@id":"https:\/\/inclusivenews.com.br\/?p=17692#primaryimage","url":"","contentUrl":""},{"@type":"BreadcrumbList","@id":"https:\/\/inclusivenews.com.br\/?p=17692#breadcrumb","itemListElement":[{"@type":"ListItem","position":1,"name":"In\u00edcio","item":"https:\/\/inclusivenews.com.br\/"},{"@type":"ListItem","position":2,"name":"Encontro tem\u00e1tico: educa\u00e7\u00e3o inclusiva &#8211; a necess\u00e1ria mudan\u00e7a de paradigma (22\/10)"}]},{"@type":"WebSite","@id":"https:\/\/inclusivenews.com.br\/#website","url":"https:\/\/inclusivenews.com.br\/","name":"Inclusive News","description":"Inclusive News","publisher":{"@id":"https:\/\/inclusivenews.com.br\/#organization"},"potentialAction":[{"@type":"SearchAction","target":{"@type":"EntryPoint","urlTemplate":"https:\/\/inclusivenews.com.br\/?s={search_term_string}"},"query-input":{"@type":"PropertyValueSpecification","valueRequired":true,"valueName":"search_term_string"}}],"inLanguage":"pt-PT"},{"@type":"Organization","@id":"https:\/\/inclusivenews.com.br\/#organization","name":"Inclusive - inclus\u00e3o e cidadania","url":"https:\/\/inclusivenews.com.br\/","logo":{"@type":"ImageObject","inLanguage":"pt-PT","@id":"https:\/\/inclusivenews.com.br\/#\/schema\/logo\/image\/","url":"https:\/\/inclusivenews.com.br\/wp-content\/uploads\/2024\/03\/@grandesite.png","contentUrl":"https:\/\/inclusivenews.com.br\/wp-content\/uploads\/2024\/03\/@grandesite.png","width":1080,"height":1080,"caption":"Inclusive - inclus\u00e3o e cidadania"},"image":{"@id":"https:\/\/inclusivenews.com.br\/#\/schema\/logo\/image\/"},"sameAs":["https:\/\/www.facebook.com\/agenciainclusive\/","https:\/\/www.instagram.com\/newsinclusive\/"]},{"@type":"Person","@id":"https:\/\/inclusivenews.com.br\/#\/schema\/person\/ae4ec7087559b8692fb33b6fffd2273b","name":"inclusivenews2024","image":{"@type":"ImageObject","inLanguage":"pt-PT","@id":"https:\/\/secure.gravatar.com\/avatar\/c5a7ef84c66fa914f55bc4f7ce26cfa275a3b9a1c5568b907bd184fb4dde7b40?s=96&d=mm&r=g","url":"https:\/\/secure.gravatar.com\/avatar\/c5a7ef84c66fa914f55bc4f7ce26cfa275a3b9a1c5568b907bd184fb4dde7b40?s=96&d=mm&r=g","contentUrl":"https:\/\/secure.gravatar.com\/avatar\/c5a7ef84c66fa914f55bc4f7ce26cfa275a3b9a1c5568b907bd184fb4dde7b40?s=96&d=mm&r=g","caption":"inclusivenews2024"},"sameAs":["https:\/\/inclusivenews.com.br"],"url":"https:\/\/inclusivenews.com.br\/?author=1"}]}},"_links":{"self":[{"href":"https:\/\/inclusivenews.com.br\/index.php?rest_route=\/wp\/v2\/posts\/17692","targetHints":{"allow":["GET"]}}],"collection":[{"href":"https:\/\/inclusivenews.com.br\/index.php?rest_route=\/wp\/v2\/posts"}],"about":[{"href":"https:\/\/inclusivenews.com.br\/index.php?rest_route=\/wp\/v2\/types\/post"}],"author":[{"embeddable":true,"href":"https:\/\/inclusivenews.com.br\/index.php?rest_route=\/wp\/v2\/users\/1"}],"replies":[{"embeddable":true,"href":"https:\/\/inclusivenews.com.br\/index.php?rest_route=%2Fwp%2Fv2%2Fcomments&post=17692"}],"version-history":[{"count":0,"href":"https:\/\/inclusivenews.com.br\/index.php?rest_route=\/wp\/v2\/posts\/17692\/revisions"}],"wp:attachment":[{"href":"https:\/\/inclusivenews.com.br\/index.php?rest_route=%2Fwp%2Fv2%2Fmedia&parent=17692"}],"wp:term":[{"taxonomy":"category","embeddable":true,"href":"https:\/\/inclusivenews.com.br\/index.php?rest_route=%2Fwp%2Fv2%2Fcategories&post=17692"},{"taxonomy":"post_tag","embeddable":true,"href":"https:\/\/inclusivenews.com.br\/index.php?rest_route=%2Fwp%2Fv2%2Ftags&post=17692"}],"curies":[{"name":"wp","href":"https:\/\/api.w.org\/{rel}","templated":true}]}}