{"id":17694,"date":"2010-10-14T08:17:37","date_gmt":"2010-10-14T11:17:37","guid":{"rendered":"http:\/\/www.inclusive.org.br\/?p=17694"},"modified":"2010-10-14T08:17:37","modified_gmt":"2010-10-14T11:17:37","slug":"organizacoes-pedem-audiencia-para-discutir-indicacao-do-proximo-ministro-do-stf","status":"publish","type":"post","link":"https:\/\/inclusivenews.com.br\/?p=17694","title":{"rendered":"Organiza\u00e7\u00f5es pedem audi\u00eancia para discutir indica\u00e7\u00e3o do pr\u00f3ximo ministro do STF"},"content":{"rendered":"<figure id=\"attachment_13241\" aria-describedby=\"caption-attachment-13241\" style=\"width: 194px\" class=\"wp-caption alignleft\"><a href=\"http:\/\/www.inclusivenews.com.br\/wp-content\/uploads\/2010\/01\/justica.jpg\"><img loading=\"lazy\" decoding=\"async\" class=\"size-full wp-image-13241 \" title=\"Ilustra\u00e7\u00e3o de uma balan\u00e7a, simbolizando o poder judici\u00e1rio\" src=\"http:\/\/inclusivenews.com.br\/wp-content\/uploads\/2010\/01\/justica.jpg\" alt=\"Ilustra\u00e7\u00e3o de uma balan\u00e7a, simbolizando o poder judici\u00e1rio\" width=\"194\" height=\"193\" \/><\/a><figcaption id=\"caption-attachment-13241\" class=\"wp-caption-text\"> <\/figcaption><\/figure>\n<p>Desde agosto, uma das 11 cadeiras do Supremo Tribunal Federal permanece vazia, devido ao pedido de aposentadoria do ministro Eros Grau. A aus\u00eancia tempor\u00e1ria de um dos ministros parecia n\u00e3o interferir nos trabalhos da Corte, at\u00e9 que o empate de 5 a 5 na vota\u00e7\u00e3o do Ficha Limpa reascendeu o debate sobre a necess\u00e1ria sucess\u00e3o de Grau.<\/p>\n<p>A nona indica\u00e7\u00e3o do presidente Lula para o STF tem sido pauta de atua\u00e7\u00e3o de diversas organiza\u00e7\u00f5es da sociedade civil, que em julho j\u00e1 haviam assinado uma carta ao presidente solicitando que o compromisso com os direitos humanos seja um dos requisitos para a indica\u00e7\u00e3o (leia aqui a carta). Nessa ter\u00e7a-feira (5), as organiza\u00e7\u00f5es enviaram um oficio ao Minist\u00e9rio da Justi\u00e7a e \u00e0s Comiss\u00f5es de Direitos Humanos da C\u00e2mara Federal e do Senado, solicitando uma audi\u00eancia para debater os procedimentos e crit\u00e9rios da indica\u00e7\u00e3o presidencial para os ministros do Supremo.<\/p>\n<p>O STF \u00e9 a \u00faltima inst\u00e2ncia para as decis\u00f5es sobre quest\u00f5es constitucionais e suas a\u00e7\u00f5es repercutem em todas as esferas da Justi\u00e7a. Por isso, a indica\u00e7\u00e3o de um ministro \u00e9 um importante momento da democracia, assim como a participa\u00e7\u00e3o social \u00e9 determinante para a defini\u00e7\u00e3o dos rumos dos Poderes Executivo e o Legislativo. Apesar disso, a indica\u00e7\u00e3o percorre caminhos pouco conhecidos e sem requisitos claros. No pedido, as organiza\u00e7\u00f5es afirmam que o Processo de Provimento do cargo em quest\u00e3o \u00e9 de compet\u00eancia da Secretaria da Reforma do Judici\u00e1rio, no \u00e2mbito do Minist\u00e9rio da Justi\u00e7a, onde n\u00e3o se conhece qualquer informa\u00e7\u00e3o, crit\u00e9rio ou procedimento correlato \u00e0 indica\u00e7\u00e3o presidencial.<\/p>\n<p>No Brasil, a indica\u00e7\u00e3o para ministro do STF parte de uma decis\u00e3o do Presidente da Rep\u00fablica, que encaminha o nome do indicado ao Minist\u00e9rio da Justi\u00e7a. A partir da\u00ed, a indica\u00e7\u00e3o passa por diversas an\u00e1lises no MJ, at\u00e9 que retorna ao gabinete da Presid\u00eancia e parte para o Senado Federal, que atrav\u00e9s da Comiss\u00e3o de Constitui\u00e7\u00e3o e Justi\u00e7a realiza uma sabatina com o indicado. O processo s\u00f3 \u00e9 conclu\u00eddo ap\u00f3s a aprova\u00e7\u00e3o de, no m\u00ednimo, 41 dos 81 senadores brasileiros.<\/p>\n<p>De acordo com as organiza\u00e7\u00f5es que assinaram o of\u00edcio, \u00e9 necess\u00e1rio rediscutir esse procedimento, a fim de que se instituam requisitos claros e p\u00fablicos para a indica\u00e7\u00e3o de um cargo t\u00e3o relevante como o de ministro do Supremo. No of\u00edcio \u00e9 solicitado ainda que seja feita uma an\u00e1lise dos procedimentos realizados por outros pa\u00edses. Na Argentina, por exemplo, a indica\u00e7\u00e3o do ministro obedece a uma s\u00e9rie de requisitos estipulados via decreto, inclusive o compromisso com os direitos humanos do indicado.<\/p>\n<p>A expectativa das organiza\u00e7\u00f5es \u00e9 que a sociedade passe a debater mais a composi\u00e7\u00e3o e o funcionamento do Judici\u00e1rio, a fim de que sejam definidos instrumentos efetivos para a participa\u00e7\u00e3o social.<\/p>\n<p>____________________<\/p>\n<p><strong>Fonte:<\/strong> <a href=\"http:\/\/terradedireitos.org.br\/biblioteca\/organizacoes-pedem-audiencia-para-discutir-indicacao-do-proximo-ministro-do-stf\/\">Terra de Direitos<\/a><\/p>\n","protected":false},"excerpt":{"rendered":"<p>A expectativa das organiza\u00e7\u00f5es \u00e9 que a sociedade passe a debater mais a composi\u00e7\u00e3o e o funcionamento do Judici\u00e1rio, a fim de que sejam definidos instrumentos efetivos para a participa\u00e7\u00e3o social. Do MNDH.<\/p>\n","protected":false},"author":1,"featured_media":0,"comment_status":"open","ping_status":"open","sticky":false,"template":"","format":"standard","meta":{"site-container-style":"default","site-container-layout":"default","site-sidebar-layout":"default","disable-article-header":"default","disable-site-header":"default","disable-site-footer":"default","disable-content-area-spacing":"default","footnotes":""},"categories":[11,4],"tags":[],"class_list":["post-17694","post","type-post","status-publish","format-standard","hentry","category-direitos-humanos","category-noticias"],"yoast_head":"<!-- This site is optimized with the Yoast SEO plugin v27.4 - https:\/\/yoast.com\/product\/yoast-seo-wordpress\/ -->\n<title>Organiza\u00e7\u00f5es pedem audi\u00eancia para discutir indica\u00e7\u00e3o do pr\u00f3ximo ministro do STF -<\/title>\n<meta name=\"robots\" content=\"index, follow, max-snippet:-1, max-image-preview:large, max-video-preview:-1\" \/>\n<link rel=\"canonical\" href=\"https:\/\/inclusivenews.com.br\/?p=17694\" \/>\n<meta property=\"og:locale\" content=\"pt_PT\" \/>\n<meta property=\"og:type\" content=\"article\" \/>\n<meta property=\"og:title\" content=\"Organiza\u00e7\u00f5es pedem audi\u00eancia para discutir indica\u00e7\u00e3o do pr\u00f3ximo ministro do STF -\" \/>\n<meta property=\"og:description\" content=\"A expectativa das organiza\u00e7\u00f5es \u00e9 que a sociedade passe a debater mais a composi\u00e7\u00e3o e o funcionamento do Judici\u00e1rio, a fim de que sejam definidos instrumentos efetivos para a participa\u00e7\u00e3o social. Do MNDH.\" \/>\n<meta property=\"og:url\" content=\"https:\/\/inclusivenews.com.br\/?p=17694\" \/>\n<meta property=\"article:publisher\" content=\"https:\/\/www.facebook.com\/agenciainclusive\/\" \/>\n<meta property=\"article:published_time\" content=\"2010-10-14T11:17:37+00:00\" \/>\n<meta property=\"og:image\" content=\"http:\/\/inclusivenews.com.br\/wp-content\/uploads\/2010\/01\/justica.jpg\" \/>\n<meta name=\"author\" content=\"inclusivenews2024\" \/>\n<meta name=\"twitter:card\" content=\"summary_large_image\" \/>\n<meta name=\"twitter:label1\" content=\"Escrito por\" \/>\n\t<meta name=\"twitter:data1\" content=\"inclusivenews2024\" \/>\n\t<meta name=\"twitter:label2\" content=\"Tempo estimado de leitura\" \/>\n\t<meta name=\"twitter:data2\" content=\"3 minutos\" \/>\n<script type=\"application\/ld+json\" class=\"yoast-schema-graph\">{\"@context\":\"https:\\\/\\\/schema.org\",\"@graph\":[{\"@type\":\"Article\",\"@id\":\"https:\\\/\\\/inclusivenews.com.br\\\/?p=17694#article\",\"isPartOf\":{\"@id\":\"https:\\\/\\\/inclusivenews.com.br\\\/?p=17694\"},\"author\":{\"name\":\"inclusivenews2024\",\"@id\":\"https:\\\/\\\/inclusivenews.com.br\\\/#\\\/schema\\\/person\\\/ae4ec7087559b8692fb33b6fffd2273b\"},\"headline\":\"Organiza\u00e7\u00f5es pedem audi\u00eancia para discutir indica\u00e7\u00e3o do pr\u00f3ximo ministro do STF\",\"datePublished\":\"2010-10-14T11:17:37+00:00\",\"mainEntityOfPage\":{\"@id\":\"https:\\\/\\\/inclusivenews.com.br\\\/?p=17694\"},\"wordCount\":526,\"commentCount\":0,\"publisher\":{\"@id\":\"https:\\\/\\\/inclusivenews.com.br\\\/#organization\"},\"image\":{\"@id\":\"https:\\\/\\\/inclusivenews.com.br\\\/?p=17694#primaryimage\"},\"thumbnailUrl\":\"http:\\\/\\\/inclusivenews.com.br\\\/wp-content\\\/uploads\\\/2010\\\/01\\\/justica.jpg\",\"articleSection\":[\"DIREITOS HUMANOS\",\"NOT\u00cdCIAS\"],\"inLanguage\":\"pt-PT\",\"potentialAction\":[{\"@type\":\"CommentAction\",\"name\":\"Comment\",\"target\":[\"https:\\\/\\\/inclusivenews.com.br\\\/?p=17694#respond\"]}]},{\"@type\":\"WebPage\",\"@id\":\"https:\\\/\\\/inclusivenews.com.br\\\/?p=17694\",\"url\":\"https:\\\/\\\/inclusivenews.com.br\\\/?p=17694\",\"name\":\"Organiza\u00e7\u00f5es pedem audi\u00eancia para discutir indica\u00e7\u00e3o do pr\u00f3ximo ministro do STF -\",\"isPartOf\":{\"@id\":\"https:\\\/\\\/inclusivenews.com.br\\\/#website\"},\"primaryImageOfPage\":{\"@id\":\"https:\\\/\\\/inclusivenews.com.br\\\/?p=17694#primaryimage\"},\"image\":{\"@id\":\"https:\\\/\\\/inclusivenews.com.br\\\/?p=17694#primaryimage\"},\"thumbnailUrl\":\"http:\\\/\\\/inclusivenews.com.br\\\/wp-content\\\/uploads\\\/2010\\\/01\\\/justica.jpg\",\"datePublished\":\"2010-10-14T11:17:37+00:00\",\"breadcrumb\":{\"@id\":\"https:\\\/\\\/inclusivenews.com.br\\\/?p=17694#breadcrumb\"},\"inLanguage\":\"pt-PT\",\"potentialAction\":[{\"@type\":\"ReadAction\",\"target\":[\"https:\\\/\\\/inclusivenews.com.br\\\/?p=17694\"]}]},{\"@type\":\"ImageObject\",\"inLanguage\":\"pt-PT\",\"@id\":\"https:\\\/\\\/inclusivenews.com.br\\\/?p=17694#primaryimage\",\"url\":\"\",\"contentUrl\":\"\"},{\"@type\":\"BreadcrumbList\",\"@id\":\"https:\\\/\\\/inclusivenews.com.br\\\/?p=17694#breadcrumb\",\"itemListElement\":[{\"@type\":\"ListItem\",\"position\":1,\"name\":\"In\u00edcio\",\"item\":\"https:\\\/\\\/inclusivenews.com.br\\\/\"},{\"@type\":\"ListItem\",\"position\":2,\"name\":\"Organiza\u00e7\u00f5es pedem audi\u00eancia para discutir indica\u00e7\u00e3o do pr\u00f3ximo ministro do STF\"}]},{\"@type\":\"WebSite\",\"@id\":\"https:\\\/\\\/inclusivenews.com.br\\\/#website\",\"url\":\"https:\\\/\\\/inclusivenews.com.br\\\/\",\"name\":\"Inclusive News\",\"description\":\"Inclusive News\",\"publisher\":{\"@id\":\"https:\\\/\\\/inclusivenews.com.br\\\/#organization\"},\"potentialAction\":[{\"@type\":\"SearchAction\",\"target\":{\"@type\":\"EntryPoint\",\"urlTemplate\":\"https:\\\/\\\/inclusivenews.com.br\\\/?s={search_term_string}\"},\"query-input\":{\"@type\":\"PropertyValueSpecification\",\"valueRequired\":true,\"valueName\":\"search_term_string\"}}],\"inLanguage\":\"pt-PT\"},{\"@type\":\"Organization\",\"@id\":\"https:\\\/\\\/inclusivenews.com.br\\\/#organization\",\"name\":\"Inclusive - inclus\u00e3o e cidadania\",\"url\":\"https:\\\/\\\/inclusivenews.com.br\\\/\",\"logo\":{\"@type\":\"ImageObject\",\"inLanguage\":\"pt-PT\",\"@id\":\"https:\\\/\\\/inclusivenews.com.br\\\/#\\\/schema\\\/logo\\\/image\\\/\",\"url\":\"https:\\\/\\\/inclusivenews.com.br\\\/wp-content\\\/uploads\\\/2024\\\/03\\\/@grandesite.png\",\"contentUrl\":\"https:\\\/\\\/inclusivenews.com.br\\\/wp-content\\\/uploads\\\/2024\\\/03\\\/@grandesite.png\",\"width\":1080,\"height\":1080,\"caption\":\"Inclusive - inclus\u00e3o e cidadania\"},\"image\":{\"@id\":\"https:\\\/\\\/inclusivenews.com.br\\\/#\\\/schema\\\/logo\\\/image\\\/\"},\"sameAs\":[\"https:\\\/\\\/www.facebook.com\\\/agenciainclusive\\\/\",\"https:\\\/\\\/www.instagram.com\\\/newsinclusive\\\/\"]},{\"@type\":\"Person\",\"@id\":\"https:\\\/\\\/inclusivenews.com.br\\\/#\\\/schema\\\/person\\\/ae4ec7087559b8692fb33b6fffd2273b\",\"name\":\"inclusivenews2024\",\"image\":{\"@type\":\"ImageObject\",\"inLanguage\":\"pt-PT\",\"@id\":\"https:\\\/\\\/secure.gravatar.com\\\/avatar\\\/c5a7ef84c66fa914f55bc4f7ce26cfa275a3b9a1c5568b907bd184fb4dde7b40?s=96&d=mm&r=g\",\"url\":\"https:\\\/\\\/secure.gravatar.com\\\/avatar\\\/c5a7ef84c66fa914f55bc4f7ce26cfa275a3b9a1c5568b907bd184fb4dde7b40?s=96&d=mm&r=g\",\"contentUrl\":\"https:\\\/\\\/secure.gravatar.com\\\/avatar\\\/c5a7ef84c66fa914f55bc4f7ce26cfa275a3b9a1c5568b907bd184fb4dde7b40?s=96&d=mm&r=g\",\"caption\":\"inclusivenews2024\"},\"sameAs\":[\"https:\\\/\\\/inclusivenews.com.br\"],\"url\":\"https:\\\/\\\/inclusivenews.com.br\\\/?author=1\"}]}<\/script>\n<!-- \/ Yoast SEO plugin. -->","yoast_head_json":{"title":"Organiza\u00e7\u00f5es pedem audi\u00eancia para discutir indica\u00e7\u00e3o do pr\u00f3ximo ministro do STF -","robots":{"index":"index","follow":"follow","max-snippet":"max-snippet:-1","max-image-preview":"max-image-preview:large","max-video-preview":"max-video-preview:-1"},"canonical":"https:\/\/inclusivenews.com.br\/?p=17694","og_locale":"pt_PT","og_type":"article","og_title":"Organiza\u00e7\u00f5es pedem audi\u00eancia para discutir indica\u00e7\u00e3o do pr\u00f3ximo ministro do STF -","og_description":"A expectativa das organiza\u00e7\u00f5es \u00e9 que a sociedade passe a debater mais a composi\u00e7\u00e3o e o funcionamento do Judici\u00e1rio, a fim de que sejam definidos instrumentos efetivos para a participa\u00e7\u00e3o social. Do MNDH.","og_url":"https:\/\/inclusivenews.com.br\/?p=17694","article_publisher":"https:\/\/www.facebook.com\/agenciainclusive\/","article_published_time":"2010-10-14T11:17:37+00:00","og_image":[{"url":"http:\/\/inclusivenews.com.br\/wp-content\/uploads\/2010\/01\/justica.jpg","type":"","width":"","height":""}],"author":"inclusivenews2024","twitter_card":"summary_large_image","twitter_misc":{"Escrito por":"inclusivenews2024","Tempo estimado de leitura":"3 minutos"},"schema":{"@context":"https:\/\/schema.org","@graph":[{"@type":"Article","@id":"https:\/\/inclusivenews.com.br\/?p=17694#article","isPartOf":{"@id":"https:\/\/inclusivenews.com.br\/?p=17694"},"author":{"name":"inclusivenews2024","@id":"https:\/\/inclusivenews.com.br\/#\/schema\/person\/ae4ec7087559b8692fb33b6fffd2273b"},"headline":"Organiza\u00e7\u00f5es pedem audi\u00eancia para discutir indica\u00e7\u00e3o do pr\u00f3ximo ministro do STF","datePublished":"2010-10-14T11:17:37+00:00","mainEntityOfPage":{"@id":"https:\/\/inclusivenews.com.br\/?p=17694"},"wordCount":526,"commentCount":0,"publisher":{"@id":"https:\/\/inclusivenews.com.br\/#organization"},"image":{"@id":"https:\/\/inclusivenews.com.br\/?p=17694#primaryimage"},"thumbnailUrl":"http:\/\/inclusivenews.com.br\/wp-content\/uploads\/2010\/01\/justica.jpg","articleSection":["DIREITOS HUMANOS","NOT\u00cdCIAS"],"inLanguage":"pt-PT","potentialAction":[{"@type":"CommentAction","name":"Comment","target":["https:\/\/inclusivenews.com.br\/?p=17694#respond"]}]},{"@type":"WebPage","@id":"https:\/\/inclusivenews.com.br\/?p=17694","url":"https:\/\/inclusivenews.com.br\/?p=17694","name":"Organiza\u00e7\u00f5es pedem audi\u00eancia para discutir indica\u00e7\u00e3o do pr\u00f3ximo ministro do STF -","isPartOf":{"@id":"https:\/\/inclusivenews.com.br\/#website"},"primaryImageOfPage":{"@id":"https:\/\/inclusivenews.com.br\/?p=17694#primaryimage"},"image":{"@id":"https:\/\/inclusivenews.com.br\/?p=17694#primaryimage"},"thumbnailUrl":"http:\/\/inclusivenews.com.br\/wp-content\/uploads\/2010\/01\/justica.jpg","datePublished":"2010-10-14T11:17:37+00:00","breadcrumb":{"@id":"https:\/\/inclusivenews.com.br\/?p=17694#breadcrumb"},"inLanguage":"pt-PT","potentialAction":[{"@type":"ReadAction","target":["https:\/\/inclusivenews.com.br\/?p=17694"]}]},{"@type":"ImageObject","inLanguage":"pt-PT","@id":"https:\/\/inclusivenews.com.br\/?p=17694#primaryimage","url":"","contentUrl":""},{"@type":"BreadcrumbList","@id":"https:\/\/inclusivenews.com.br\/?p=17694#breadcrumb","itemListElement":[{"@type":"ListItem","position":1,"name":"In\u00edcio","item":"https:\/\/inclusivenews.com.br\/"},{"@type":"ListItem","position":2,"name":"Organiza\u00e7\u00f5es pedem audi\u00eancia para discutir indica\u00e7\u00e3o do pr\u00f3ximo ministro do STF"}]},{"@type":"WebSite","@id":"https:\/\/inclusivenews.com.br\/#website","url":"https:\/\/inclusivenews.com.br\/","name":"Inclusive News","description":"Inclusive News","publisher":{"@id":"https:\/\/inclusivenews.com.br\/#organization"},"potentialAction":[{"@type":"SearchAction","target":{"@type":"EntryPoint","urlTemplate":"https:\/\/inclusivenews.com.br\/?s={search_term_string}"},"query-input":{"@type":"PropertyValueSpecification","valueRequired":true,"valueName":"search_term_string"}}],"inLanguage":"pt-PT"},{"@type":"Organization","@id":"https:\/\/inclusivenews.com.br\/#organization","name":"Inclusive - inclus\u00e3o e cidadania","url":"https:\/\/inclusivenews.com.br\/","logo":{"@type":"ImageObject","inLanguage":"pt-PT","@id":"https:\/\/inclusivenews.com.br\/#\/schema\/logo\/image\/","url":"https:\/\/inclusivenews.com.br\/wp-content\/uploads\/2024\/03\/@grandesite.png","contentUrl":"https:\/\/inclusivenews.com.br\/wp-content\/uploads\/2024\/03\/@grandesite.png","width":1080,"height":1080,"caption":"Inclusive - inclus\u00e3o e cidadania"},"image":{"@id":"https:\/\/inclusivenews.com.br\/#\/schema\/logo\/image\/"},"sameAs":["https:\/\/www.facebook.com\/agenciainclusive\/","https:\/\/www.instagram.com\/newsinclusive\/"]},{"@type":"Person","@id":"https:\/\/inclusivenews.com.br\/#\/schema\/person\/ae4ec7087559b8692fb33b6fffd2273b","name":"inclusivenews2024","image":{"@type":"ImageObject","inLanguage":"pt-PT","@id":"https:\/\/secure.gravatar.com\/avatar\/c5a7ef84c66fa914f55bc4f7ce26cfa275a3b9a1c5568b907bd184fb4dde7b40?s=96&d=mm&r=g","url":"https:\/\/secure.gravatar.com\/avatar\/c5a7ef84c66fa914f55bc4f7ce26cfa275a3b9a1c5568b907bd184fb4dde7b40?s=96&d=mm&r=g","contentUrl":"https:\/\/secure.gravatar.com\/avatar\/c5a7ef84c66fa914f55bc4f7ce26cfa275a3b9a1c5568b907bd184fb4dde7b40?s=96&d=mm&r=g","caption":"inclusivenews2024"},"sameAs":["https:\/\/inclusivenews.com.br"],"url":"https:\/\/inclusivenews.com.br\/?author=1"}]}},"_links":{"self":[{"href":"https:\/\/inclusivenews.com.br\/index.php?rest_route=\/wp\/v2\/posts\/17694","targetHints":{"allow":["GET"]}}],"collection":[{"href":"https:\/\/inclusivenews.com.br\/index.php?rest_route=\/wp\/v2\/posts"}],"about":[{"href":"https:\/\/inclusivenews.com.br\/index.php?rest_route=\/wp\/v2\/types\/post"}],"author":[{"embeddable":true,"href":"https:\/\/inclusivenews.com.br\/index.php?rest_route=\/wp\/v2\/users\/1"}],"replies":[{"embeddable":true,"href":"https:\/\/inclusivenews.com.br\/index.php?rest_route=%2Fwp%2Fv2%2Fcomments&post=17694"}],"version-history":[{"count":0,"href":"https:\/\/inclusivenews.com.br\/index.php?rest_route=\/wp\/v2\/posts\/17694\/revisions"}],"wp:attachment":[{"href":"https:\/\/inclusivenews.com.br\/index.php?rest_route=%2Fwp%2Fv2%2Fmedia&parent=17694"}],"wp:term":[{"taxonomy":"category","embeddable":true,"href":"https:\/\/inclusivenews.com.br\/index.php?rest_route=%2Fwp%2Fv2%2Fcategories&post=17694"},{"taxonomy":"post_tag","embeddable":true,"href":"https:\/\/inclusivenews.com.br\/index.php?rest_route=%2Fwp%2Fv2%2Ftags&post=17694"}],"curies":[{"name":"wp","href":"https:\/\/api.w.org\/{rel}","templated":true}]}}