{"id":17724,"date":"2010-10-14T08:16:06","date_gmt":"2010-10-14T11:16:06","guid":{"rendered":"http:\/\/www.inclusive.org.br\/?p=17724"},"modified":"2010-10-14T08:16:06","modified_gmt":"2010-10-14T11:16:06","slug":"defensores-publicos-apresentam-diagnostico-sobre-infancia-e-juventude","status":"publish","type":"post","link":"https:\/\/inclusivenews.com.br\/?p=17724","title":{"rendered":"Defensores P\u00fablicos apresentam diagn\u00f3stico sobre inf\u00e2ncia e juventude"},"content":{"rendered":"<figure id=\"attachment_17731\" aria-describedby=\"caption-attachment-17731\" style=\"width: 138px\" class=\"wp-caption alignleft\"><a href=\"http:\/\/www.inclusivenews.com.br\/wp-content\/uploads\/2010\/10\/abmp.jpg\"><img loading=\"lazy\" decoding=\"async\" class=\"size-full wp-image-17731\" title=\"Logotipo da ABMP - duas crian\u00e7as sobre as casas do Congresso Nacional\" src=\"http:\/\/inclusivenews.com.br\/wp-content\/uploads\/2010\/10\/abmp.jpg\" alt=\"Logotipo da ABMP - duas crian\u00e7as sobre as casas do Congresso Nacional\" width=\"138\" height=\"51\" \/><\/a><figcaption id=\"caption-attachment-17731\" class=\"wp-caption-text\"> <\/figcaption><\/figure>\n<p>Como a Defensoria P\u00fablica est\u00e1 estruturada no Brasil para garantir os direitos de crian\u00e7as e adolescentes? Um diagn\u00f3stico apresentado durante o I Congresso Nacional de Defensores P\u00fablicos da Inf\u00e2ncia e Juventude traz um panorama interessante sobre o tema. O Rio de Janeiro \u00e9 o estado com maior n\u00famero de Defensores P\u00fablicos (740), seguido por Minas Gerais (446) e S\u00e3o Paulo (431). Por\u00e9m, menos de 10% destes profissionais atuam exclusivamente em casos que envolvem crian\u00e7as e adolescentes.<\/p>\n<p>Estes resultados fazem parte do Diagn\u00f3stico dos Defensores P\u00fablicos da Inf\u00e2ncia e Juventude realizado pela Comiss\u00e3o Organizadora do I Congresso Nacional de Defensores P\u00fablicos da Inf\u00e2ncia e Juventude. Os question\u00e1rios foram respondidos por 16 Estados brasileiros. Dentre outros dados, o diagn\u00f3stico mostrou que 69% dos Estados participantes da pesquisa t\u00eam um n\u00facleo ou Coordenadoria da Inf\u00e2ncia e Juventude criado e implementado. Contudo, apenas 31% dos defensores p\u00fablicos destes n\u00facleos e coordenadorias contam com uma equipe multidisciplinar para auxili\u00e1-los, sendo eles: Minas Gerais, Par\u00e1, Rio de Janeiro e S\u00e3o Paulo.<\/p>\n<p>A maioria dos Estados que respondeu ao question\u00e1rio disponibiliza defensores p\u00fablicos em todas as comarcas\/regionais que possuem unidades de interna\u00e7\u00e3o de adolescentes (89%), mas em metade delas a execu\u00e7\u00e3o de medidas socioeducativas n\u00e3o \u00e9 acompanhada pelos defensores por motivos estruturais da Defensoria P\u00fablica.<\/p>\n<p>O diagn\u00f3stico tamb\u00e9m aponta que em 75% dos concursos para a Defensoria P\u00fablica o conte\u00fado relacionado \u00e0 inf\u00e2ncia e juventude \u00e9 prevista no edital. Entretanto, em metade destes, a mat\u00e9ria tem o mesmo peso de outras \u00e1reas do conhecimento jur\u00eddico e em outros 42% o conte\u00fado \u00e9 dissolvido com as demais disciplinas.<\/p>\n<p>O levantamento foi apresentado no I Congresso Nacional de Defensores P\u00fablicos da Inf\u00e2ncia e Juventude, realizado em S\u00e3o Paulo, de 19 a 21 de agosto. Representantes das Defensorias P\u00fablicas Estaduais de todas as regi\u00f5es do pa\u00eds participaram do evento.<\/p>\n<p>De acordo com o defensor p\u00fablico e tesoureiro da ABMP, Diego Vale, \u00e9 poss\u00edvel identificar avan\u00e7os importantes na atua\u00e7\u00e3o sistem\u00e1tica dos defensores p\u00fablicos, em especial na \u00e1rea de acolhimento institucional e envolvimento com a pol\u00edtica da assist\u00eancia social.<\/p>\n<p>O diagn\u00f3stico aponta um cen\u00e1rio preocupante em rela\u00e7\u00e3o \u00e0 discrep\u00e2ncia da frequ\u00eancia das decis\u00f5es de interna\u00e7\u00f5es por tr\u00e1fico quando se compara capital e interior e \u00e0 pol\u00edtica de investimento em medidas socioeducativas de interna\u00e7\u00e3o em detrimento das demais, com est\u00edmulo \u00e0 constru\u00e7\u00e3o de unidades de interna\u00e7\u00e3o centralizadas nas capitais.<\/p>\n<p><strong>Protocolo de Inten\u00e7\u00f5es dos defensores p\u00fablicos<br \/>\n<\/strong>Visando assegurar \u00e0s crian\u00e7as e aos adolescentes brasileiros a defesa t\u00e9cnico jur\u00eddica, integral e gratuita, em \u00e2mbito protetivo e socioeducativo, foi produzido um protocolo de inten\u00e7\u00f5es durante o I Congresso. Neste documento, os defensores p\u00fablicos se comprometem a disponibilizar muito empenho na consagra\u00e7\u00e3o da doutrina de prote\u00e7\u00e3o integral \u00e0s crian\u00e7as e adolescentes.<\/p>\n<p>Dentre as inten\u00e7\u00f5es, se destacam a proposta de instala\u00e7\u00e3o de n\u00facleos especializados em defesa t\u00e9cnico-jur\u00eddica de crian\u00e7as e adolescentes em todo territ\u00f3rio estadual, como pol\u00edtica p\u00fablica de atendimento institucional \u00e0 inf\u00e2ncia e adolesc\u00eancia. O documento tamb\u00e9m sinaliza a import\u00e2ncia de que sejam criadas Coordenadorias de Defesa de Crian\u00e7as e Adolescentes no \u00e2mbito das defensorias estaduais.<\/p>\n<p>O protocolo defende a observ\u00e2ncia do direito \u00e0 prioridade absoluta no atendimento prestado, quanto \u00e0 designa\u00e7\u00e3o de defensores p\u00fablicos para os \u00f3rg\u00e3os e n\u00facleos da Defensoria P\u00fablica existentes perante as Varas de Inf\u00e2ncia e Juventude. Al\u00e9m da disponibiliza\u00e7\u00e3o aos defensores p\u00fablicos de apoio operacional e atua\u00e7\u00e3o exclusiva e priorit\u00e1ria no exerc\u00edcio da defesa t\u00e9cnica de crian\u00e7as e adolescentes.<\/p>\n<p>Clique <a href=\"http:\/\/www.abmp.org.br\/UserFiles\/File\/protocolo_defensores_publicos.doc\">aqui<\/a> e acesse o Protocolo na \u00edntegra.<br \/>\n___________<\/p>\n<p><strong>Fonte:<\/strong> <a href=\"http:\/\/www.abmp.org.br\/comunicacao.php?sec=destaque&amp;id=45\">ABMP<\/a><\/p>\n","protected":false},"excerpt":{"rendered":"<p>Como a Defensoria P\u00fablica est\u00e1 estruturada no Brasil para garantir os direitos de crian\u00e7as e adolescentes? Um diagn\u00f3stico apresentado durante o I Congresso Nacional de Defensores P\u00fablicos da Inf\u00e2ncia e Juventude traz um panorama interessante sobre o tema. <\/p>\n","protected":false},"author":1,"featured_media":0,"comment_status":"open","ping_status":"open","sticky":false,"template":"","format":"standard","meta":{"site-container-style":"default","site-container-layout":"default","site-sidebar-layout":"default","disable-article-header":"default","disable-site-header":"default","disable-site-footer":"default","disable-content-area-spacing":"default","footnotes":""},"categories":[4,117],"tags":[60],"class_list":["post-17724","post","type-post","status-publish","format-standard","hentry","category-noticias","category-relatorios","tag-infancia"],"yoast_head":"<!-- This site is optimized with the Yoast SEO plugin v27.4 - https:\/\/yoast.com\/product\/yoast-seo-wordpress\/ -->\n<title>Defensores P\u00fablicos apresentam diagn\u00f3stico sobre inf\u00e2ncia e juventude -<\/title>\n<meta name=\"robots\" content=\"index, follow, max-snippet:-1, max-image-preview:large, max-video-preview:-1\" \/>\n<link rel=\"canonical\" href=\"https:\/\/inclusivenews.com.br\/?p=17724\" \/>\n<meta property=\"og:locale\" content=\"pt_PT\" \/>\n<meta property=\"og:type\" content=\"article\" \/>\n<meta property=\"og:title\" content=\"Defensores P\u00fablicos apresentam diagn\u00f3stico sobre inf\u00e2ncia e juventude -\" \/>\n<meta property=\"og:description\" content=\"Como a Defensoria P\u00fablica est\u00e1 estruturada no Brasil para garantir os direitos de crian\u00e7as e adolescentes? Um diagn\u00f3stico apresentado durante o I Congresso Nacional de Defensores P\u00fablicos da Inf\u00e2ncia e Juventude traz um panorama interessante sobre o tema.\" \/>\n<meta property=\"og:url\" content=\"https:\/\/inclusivenews.com.br\/?p=17724\" \/>\n<meta property=\"article:publisher\" content=\"https:\/\/www.facebook.com\/agenciainclusive\/\" \/>\n<meta property=\"article:published_time\" content=\"2010-10-14T11:16:06+00:00\" \/>\n<meta property=\"og:image\" content=\"http:\/\/inclusivenews.com.br\/wp-content\/uploads\/2010\/10\/abmp.jpg\" \/>\n<meta name=\"author\" content=\"inclusivenews2024\" \/>\n<meta name=\"twitter:card\" content=\"summary_large_image\" \/>\n<meta name=\"twitter:label1\" content=\"Escrito por\" \/>\n\t<meta name=\"twitter:data1\" content=\"inclusivenews2024\" \/>\n\t<meta name=\"twitter:label2\" content=\"Tempo estimado de leitura\" \/>\n\t<meta name=\"twitter:data2\" content=\"3 minutos\" \/>\n<script type=\"application\/ld+json\" class=\"yoast-schema-graph\">{\"@context\":\"https:\\\/\\\/schema.org\",\"@graph\":[{\"@type\":\"Article\",\"@id\":\"https:\\\/\\\/inclusivenews.com.br\\\/?p=17724#article\",\"isPartOf\":{\"@id\":\"https:\\\/\\\/inclusivenews.com.br\\\/?p=17724\"},\"author\":{\"name\":\"inclusivenews2024\",\"@id\":\"https:\\\/\\\/inclusivenews.com.br\\\/#\\\/schema\\\/person\\\/ae4ec7087559b8692fb33b6fffd2273b\"},\"headline\":\"Defensores P\u00fablicos apresentam diagn\u00f3stico sobre inf\u00e2ncia e juventude\",\"datePublished\":\"2010-10-14T11:16:06+00:00\",\"mainEntityOfPage\":{\"@id\":\"https:\\\/\\\/inclusivenews.com.br\\\/?p=17724\"},\"wordCount\":668,\"commentCount\":0,\"publisher\":{\"@id\":\"https:\\\/\\\/inclusivenews.com.br\\\/#organization\"},\"image\":{\"@id\":\"https:\\\/\\\/inclusivenews.com.br\\\/?p=17724#primaryimage\"},\"thumbnailUrl\":\"http:\\\/\\\/inclusivenews.com.br\\\/wp-content\\\/uploads\\\/2010\\\/10\\\/abmp.jpg\",\"keywords\":[\"Inf\u00e2ncia\"],\"articleSection\":[\"NOT\u00cdCIAS\",\"Relat\u00f3rios\"],\"inLanguage\":\"pt-PT\",\"potentialAction\":[{\"@type\":\"CommentAction\",\"name\":\"Comment\",\"target\":[\"https:\\\/\\\/inclusivenews.com.br\\\/?p=17724#respond\"]}]},{\"@type\":\"WebPage\",\"@id\":\"https:\\\/\\\/inclusivenews.com.br\\\/?p=17724\",\"url\":\"https:\\\/\\\/inclusivenews.com.br\\\/?p=17724\",\"name\":\"Defensores P\u00fablicos apresentam diagn\u00f3stico sobre inf\u00e2ncia e juventude -\",\"isPartOf\":{\"@id\":\"https:\\\/\\\/inclusivenews.com.br\\\/#website\"},\"primaryImageOfPage\":{\"@id\":\"https:\\\/\\\/inclusivenews.com.br\\\/?p=17724#primaryimage\"},\"image\":{\"@id\":\"https:\\\/\\\/inclusivenews.com.br\\\/?p=17724#primaryimage\"},\"thumbnailUrl\":\"http:\\\/\\\/inclusivenews.com.br\\\/wp-content\\\/uploads\\\/2010\\\/10\\\/abmp.jpg\",\"datePublished\":\"2010-10-14T11:16:06+00:00\",\"breadcrumb\":{\"@id\":\"https:\\\/\\\/inclusivenews.com.br\\\/?p=17724#breadcrumb\"},\"inLanguage\":\"pt-PT\",\"potentialAction\":[{\"@type\":\"ReadAction\",\"target\":[\"https:\\\/\\\/inclusivenews.com.br\\\/?p=17724\"]}]},{\"@type\":\"ImageObject\",\"inLanguage\":\"pt-PT\",\"@id\":\"https:\\\/\\\/inclusivenews.com.br\\\/?p=17724#primaryimage\",\"url\":\"\",\"contentUrl\":\"\"},{\"@type\":\"BreadcrumbList\",\"@id\":\"https:\\\/\\\/inclusivenews.com.br\\\/?p=17724#breadcrumb\",\"itemListElement\":[{\"@type\":\"ListItem\",\"position\":1,\"name\":\"In\u00edcio\",\"item\":\"https:\\\/\\\/inclusivenews.com.br\\\/\"},{\"@type\":\"ListItem\",\"position\":2,\"name\":\"Defensores P\u00fablicos apresentam diagn\u00f3stico sobre inf\u00e2ncia e juventude\"}]},{\"@type\":\"WebSite\",\"@id\":\"https:\\\/\\\/inclusivenews.com.br\\\/#website\",\"url\":\"https:\\\/\\\/inclusivenews.com.br\\\/\",\"name\":\"Inclusive News\",\"description\":\"Inclusive News\",\"publisher\":{\"@id\":\"https:\\\/\\\/inclusivenews.com.br\\\/#organization\"},\"potentialAction\":[{\"@type\":\"SearchAction\",\"target\":{\"@type\":\"EntryPoint\",\"urlTemplate\":\"https:\\\/\\\/inclusivenews.com.br\\\/?s={search_term_string}\"},\"query-input\":{\"@type\":\"PropertyValueSpecification\",\"valueRequired\":true,\"valueName\":\"search_term_string\"}}],\"inLanguage\":\"pt-PT\"},{\"@type\":\"Organization\",\"@id\":\"https:\\\/\\\/inclusivenews.com.br\\\/#organization\",\"name\":\"Inclusive - inclus\u00e3o e cidadania\",\"url\":\"https:\\\/\\\/inclusivenews.com.br\\\/\",\"logo\":{\"@type\":\"ImageObject\",\"inLanguage\":\"pt-PT\",\"@id\":\"https:\\\/\\\/inclusivenews.com.br\\\/#\\\/schema\\\/logo\\\/image\\\/\",\"url\":\"https:\\\/\\\/inclusivenews.com.br\\\/wp-content\\\/uploads\\\/2024\\\/03\\\/@grandesite.png\",\"contentUrl\":\"https:\\\/\\\/inclusivenews.com.br\\\/wp-content\\\/uploads\\\/2024\\\/03\\\/@grandesite.png\",\"width\":1080,\"height\":1080,\"caption\":\"Inclusive - inclus\u00e3o e cidadania\"},\"image\":{\"@id\":\"https:\\\/\\\/inclusivenews.com.br\\\/#\\\/schema\\\/logo\\\/image\\\/\"},\"sameAs\":[\"https:\\\/\\\/www.facebook.com\\\/agenciainclusive\\\/\",\"https:\\\/\\\/www.instagram.com\\\/newsinclusive\\\/\"]},{\"@type\":\"Person\",\"@id\":\"https:\\\/\\\/inclusivenews.com.br\\\/#\\\/schema\\\/person\\\/ae4ec7087559b8692fb33b6fffd2273b\",\"name\":\"inclusivenews2024\",\"image\":{\"@type\":\"ImageObject\",\"inLanguage\":\"pt-PT\",\"@id\":\"https:\\\/\\\/secure.gravatar.com\\\/avatar\\\/c5a7ef84c66fa914f55bc4f7ce26cfa275a3b9a1c5568b907bd184fb4dde7b40?s=96&d=mm&r=g\",\"url\":\"https:\\\/\\\/secure.gravatar.com\\\/avatar\\\/c5a7ef84c66fa914f55bc4f7ce26cfa275a3b9a1c5568b907bd184fb4dde7b40?s=96&d=mm&r=g\",\"contentUrl\":\"https:\\\/\\\/secure.gravatar.com\\\/avatar\\\/c5a7ef84c66fa914f55bc4f7ce26cfa275a3b9a1c5568b907bd184fb4dde7b40?s=96&d=mm&r=g\",\"caption\":\"inclusivenews2024\"},\"sameAs\":[\"https:\\\/\\\/inclusivenews.com.br\"],\"url\":\"https:\\\/\\\/inclusivenews.com.br\\\/?author=1\"}]}<\/script>\n<!-- \/ Yoast SEO plugin. -->","yoast_head_json":{"title":"Defensores P\u00fablicos apresentam diagn\u00f3stico sobre inf\u00e2ncia e juventude -","robots":{"index":"index","follow":"follow","max-snippet":"max-snippet:-1","max-image-preview":"max-image-preview:large","max-video-preview":"max-video-preview:-1"},"canonical":"https:\/\/inclusivenews.com.br\/?p=17724","og_locale":"pt_PT","og_type":"article","og_title":"Defensores P\u00fablicos apresentam diagn\u00f3stico sobre inf\u00e2ncia e juventude -","og_description":"Como a Defensoria P\u00fablica est\u00e1 estruturada no Brasil para garantir os direitos de crian\u00e7as e adolescentes? Um diagn\u00f3stico apresentado durante o I Congresso Nacional de Defensores P\u00fablicos da Inf\u00e2ncia e Juventude traz um panorama interessante sobre o tema.","og_url":"https:\/\/inclusivenews.com.br\/?p=17724","article_publisher":"https:\/\/www.facebook.com\/agenciainclusive\/","article_published_time":"2010-10-14T11:16:06+00:00","og_image":[{"url":"http:\/\/inclusivenews.com.br\/wp-content\/uploads\/2010\/10\/abmp.jpg","type":"","width":"","height":""}],"author":"inclusivenews2024","twitter_card":"summary_large_image","twitter_misc":{"Escrito por":"inclusivenews2024","Tempo estimado de leitura":"3 minutos"},"schema":{"@context":"https:\/\/schema.org","@graph":[{"@type":"Article","@id":"https:\/\/inclusivenews.com.br\/?p=17724#article","isPartOf":{"@id":"https:\/\/inclusivenews.com.br\/?p=17724"},"author":{"name":"inclusivenews2024","@id":"https:\/\/inclusivenews.com.br\/#\/schema\/person\/ae4ec7087559b8692fb33b6fffd2273b"},"headline":"Defensores P\u00fablicos apresentam diagn\u00f3stico sobre inf\u00e2ncia e juventude","datePublished":"2010-10-14T11:16:06+00:00","mainEntityOfPage":{"@id":"https:\/\/inclusivenews.com.br\/?p=17724"},"wordCount":668,"commentCount":0,"publisher":{"@id":"https:\/\/inclusivenews.com.br\/#organization"},"image":{"@id":"https:\/\/inclusivenews.com.br\/?p=17724#primaryimage"},"thumbnailUrl":"http:\/\/inclusivenews.com.br\/wp-content\/uploads\/2010\/10\/abmp.jpg","keywords":["Inf\u00e2ncia"],"articleSection":["NOT\u00cdCIAS","Relat\u00f3rios"],"inLanguage":"pt-PT","potentialAction":[{"@type":"CommentAction","name":"Comment","target":["https:\/\/inclusivenews.com.br\/?p=17724#respond"]}]},{"@type":"WebPage","@id":"https:\/\/inclusivenews.com.br\/?p=17724","url":"https:\/\/inclusivenews.com.br\/?p=17724","name":"Defensores P\u00fablicos apresentam diagn\u00f3stico sobre inf\u00e2ncia e juventude -","isPartOf":{"@id":"https:\/\/inclusivenews.com.br\/#website"},"primaryImageOfPage":{"@id":"https:\/\/inclusivenews.com.br\/?p=17724#primaryimage"},"image":{"@id":"https:\/\/inclusivenews.com.br\/?p=17724#primaryimage"},"thumbnailUrl":"http:\/\/inclusivenews.com.br\/wp-content\/uploads\/2010\/10\/abmp.jpg","datePublished":"2010-10-14T11:16:06+00:00","breadcrumb":{"@id":"https:\/\/inclusivenews.com.br\/?p=17724#breadcrumb"},"inLanguage":"pt-PT","potentialAction":[{"@type":"ReadAction","target":["https:\/\/inclusivenews.com.br\/?p=17724"]}]},{"@type":"ImageObject","inLanguage":"pt-PT","@id":"https:\/\/inclusivenews.com.br\/?p=17724#primaryimage","url":"","contentUrl":""},{"@type":"BreadcrumbList","@id":"https:\/\/inclusivenews.com.br\/?p=17724#breadcrumb","itemListElement":[{"@type":"ListItem","position":1,"name":"In\u00edcio","item":"https:\/\/inclusivenews.com.br\/"},{"@type":"ListItem","position":2,"name":"Defensores P\u00fablicos apresentam diagn\u00f3stico sobre inf\u00e2ncia e juventude"}]},{"@type":"WebSite","@id":"https:\/\/inclusivenews.com.br\/#website","url":"https:\/\/inclusivenews.com.br\/","name":"Inclusive News","description":"Inclusive News","publisher":{"@id":"https:\/\/inclusivenews.com.br\/#organization"},"potentialAction":[{"@type":"SearchAction","target":{"@type":"EntryPoint","urlTemplate":"https:\/\/inclusivenews.com.br\/?s={search_term_string}"},"query-input":{"@type":"PropertyValueSpecification","valueRequired":true,"valueName":"search_term_string"}}],"inLanguage":"pt-PT"},{"@type":"Organization","@id":"https:\/\/inclusivenews.com.br\/#organization","name":"Inclusive - inclus\u00e3o e cidadania","url":"https:\/\/inclusivenews.com.br\/","logo":{"@type":"ImageObject","inLanguage":"pt-PT","@id":"https:\/\/inclusivenews.com.br\/#\/schema\/logo\/image\/","url":"https:\/\/inclusivenews.com.br\/wp-content\/uploads\/2024\/03\/@grandesite.png","contentUrl":"https:\/\/inclusivenews.com.br\/wp-content\/uploads\/2024\/03\/@grandesite.png","width":1080,"height":1080,"caption":"Inclusive - inclus\u00e3o e cidadania"},"image":{"@id":"https:\/\/inclusivenews.com.br\/#\/schema\/logo\/image\/"},"sameAs":["https:\/\/www.facebook.com\/agenciainclusive\/","https:\/\/www.instagram.com\/newsinclusive\/"]},{"@type":"Person","@id":"https:\/\/inclusivenews.com.br\/#\/schema\/person\/ae4ec7087559b8692fb33b6fffd2273b","name":"inclusivenews2024","image":{"@type":"ImageObject","inLanguage":"pt-PT","@id":"https:\/\/secure.gravatar.com\/avatar\/c5a7ef84c66fa914f55bc4f7ce26cfa275a3b9a1c5568b907bd184fb4dde7b40?s=96&d=mm&r=g","url":"https:\/\/secure.gravatar.com\/avatar\/c5a7ef84c66fa914f55bc4f7ce26cfa275a3b9a1c5568b907bd184fb4dde7b40?s=96&d=mm&r=g","contentUrl":"https:\/\/secure.gravatar.com\/avatar\/c5a7ef84c66fa914f55bc4f7ce26cfa275a3b9a1c5568b907bd184fb4dde7b40?s=96&d=mm&r=g","caption":"inclusivenews2024"},"sameAs":["https:\/\/inclusivenews.com.br"],"url":"https:\/\/inclusivenews.com.br\/?author=1"}]}},"_links":{"self":[{"href":"https:\/\/inclusivenews.com.br\/index.php?rest_route=\/wp\/v2\/posts\/17724","targetHints":{"allow":["GET"]}}],"collection":[{"href":"https:\/\/inclusivenews.com.br\/index.php?rest_route=\/wp\/v2\/posts"}],"about":[{"href":"https:\/\/inclusivenews.com.br\/index.php?rest_route=\/wp\/v2\/types\/post"}],"author":[{"embeddable":true,"href":"https:\/\/inclusivenews.com.br\/index.php?rest_route=\/wp\/v2\/users\/1"}],"replies":[{"embeddable":true,"href":"https:\/\/inclusivenews.com.br\/index.php?rest_route=%2Fwp%2Fv2%2Fcomments&post=17724"}],"version-history":[{"count":0,"href":"https:\/\/inclusivenews.com.br\/index.php?rest_route=\/wp\/v2\/posts\/17724\/revisions"}],"wp:attachment":[{"href":"https:\/\/inclusivenews.com.br\/index.php?rest_route=%2Fwp%2Fv2%2Fmedia&parent=17724"}],"wp:term":[{"taxonomy":"category","embeddable":true,"href":"https:\/\/inclusivenews.com.br\/index.php?rest_route=%2Fwp%2Fv2%2Fcategories&post=17724"},{"taxonomy":"post_tag","embeddable":true,"href":"https:\/\/inclusivenews.com.br\/index.php?rest_route=%2Fwp%2Fv2%2Ftags&post=17724"}],"curies":[{"name":"wp","href":"https:\/\/api.w.org\/{rel}","templated":true}]}}