{"id":17769,"date":"2010-10-21T07:26:56","date_gmt":"2010-10-21T10:26:56","guid":{"rendered":"http:\/\/www.inclusive.org.br\/?p=17769"},"modified":"2010-10-21T07:26:56","modified_gmt":"2010-10-21T10:26:56","slug":"relatorio-de-monitoramento-de-educacao-para-todos-de-2010-da-unesco","status":"publish","type":"post","link":"https:\/\/inclusivenews.com.br\/?p=17769","title":{"rendered":"Relat\u00f3rio de Monitoramento de Educa\u00e7\u00e3o para Todos de 2010 da UNESCO"},"content":{"rendered":"<figure style=\"width: 150px\" class=\"wp-caption alignleft\"><img loading=\"lazy\" decoding=\"async\" title=\"Capa do relat\u00f3rio, onde v\u00ea-se uma menina negra diante de um porta de madeira\" src=\"http:\/\/www.unesco.org\/typo3temp\/pics\/cdd7fb14f3.jpg\" alt=\"Capa do relat\u00f3rio, onde v\u00ea-se uma menina negra diante de um porta de madeira\" width=\"150\" height=\"196\" \/><figcaption class=\"wp-caption-text\"> <\/figcaption><\/figure>\n<p>Milh\u00f5es de crian\u00e7as dos pa\u00edses mais pobres do mundo correm o risco de serem privadas de escola em conseq\u00fc\u00eancia da crise financeira mundial, segundo adverte o Relat\u00f3rio de Monitoramento de Educa\u00e7\u00e3o para Todos de 2010 da UNESCO. Com 72 milh\u00f5es de crian\u00e7as ainda fora da escola, a desacelera\u00e7\u00e3o do crescimento econ\u00f4mico, conjugada com o aumento da pobreza e das press\u00f5es exercidas sobre os or\u00e7amentos p\u00fablicos dos pa\u00edses, pode comprometer os progressos realizados no \u00e2mbito da educa\u00e7\u00e3o ao longo da \u00faltima d\u00e9cada.<\/p>\n<p>\u201cEnquanto os pa\u00edses ricos j\u00e1 est\u00e3o criando as condi\u00e7\u00f5es necess\u00e1rias para sua recupera\u00e7\u00e3o econ\u00f4mica, muitos pa\u00edses pobres enfrentam a perspectiva imediata de uma degrada\u00e7\u00e3o de seus sistemas educativos. N\u00e3o podemos permitir o surgimento de uma \u201cgera\u00e7\u00e3o perdida\u201d de crian\u00e7as privadas da possibilidade de receber uma educa\u00e7\u00e3o que lhes permita sair da pobreza em que se encontram\u201d, declarou Irina Bokova, Diretora-Geral da UNESCO.<br \/>\nO Relat\u00f3rio de Monitoramento de Educa\u00e7\u00e3o para Todos, elaborado anualmente por uma equipe independente e publicado pela UNESCO, avalia os progressos realizados mundialmente para o alcance dos seis objetivos de Educa\u00e7\u00e3o para Todos fixados em 2000, em Dacar, no Senegal, compromisso assumido por mais de 160 pa\u00edses.<\/p>\n<p>O Relat\u00f3rio de 2010, intitulado Alcan\u00e7ando os Marginalizados (t\u00edtulo provis\u00f3rio em portugu\u00eas), apresenta e analisa alguns dos mais expressivos avan\u00e7os obtidos no campo da educa\u00e7\u00e3o ao longo da \u00faltima d\u00e9cada. Apesar desses progressos, a comunidade internacional n\u00e3o est\u00e1 pr\u00f3xima de alcan\u00e7ar o objetivo de universaliza\u00e7\u00e3o do ensino fundamental at\u00e9 2015. O Relat\u00f3rio destaca a incapacidade dos governos de combater as desigualdades extremas existentes em \u00e2mbito nacional, bem como a dos doadores de conseguir mobilizar o volume de recursos necess\u00e1rios. Os autores do Relat\u00f3rio estimam que, para que sejam atingidos os objetivos de Educa\u00e7\u00e3o para Todos, ser\u00e1 necess\u00e1rio cobrir o d\u00e9ficit de financiamento anual estimado em 16 bilh\u00f5es de d\u00f3lares, uma soma consideravelmente maior do que a prevista em avalia\u00e7\u00f5es anteriores.<\/p>\n<p>A luta contra a \u201cpobreza da educa\u00e7\u00e3o\u201d, chave do progresso.<\/p>\n<p>As desigualdades extremas e persistentes decorrentes da pobreza, as disparidades de g\u00eanero, \u00e9tnicas e ling\u00fc\u00edsticas freiam os progressos da educa\u00e7\u00e3o. Para examinar a magnitude dos fatores de desvantagem mais destacados, o Relat\u00f3rio recorre a um novo instrumento de medi\u00e7\u00e3o: o conjunto de dados sobre a pobreza e a marginaliza\u00e7\u00e3o na<br \/>\neduca\u00e7\u00e3o, que estabelece um limite m\u00ednimo de \u201cpobreza da educa\u00e7\u00e3o\u201d, fixado em quatro anos de escolaridade.<br \/>\nEntre as pol\u00edticas que podem ser contrapostas com \u00eaxito \u00e0s desigualdades persistentes, o Relat\u00f3rio assinala as seguintes: melhorar o acesso \u00e0 educa\u00e7\u00e3o e torn\u00e1-la economicamente acess\u00edvel, reduzindo os gastos de escolariza\u00e7\u00e3o e as despesas informais, oferecendo incentivos espec\u00edficos; fortalecer o ambiente de aprendizagem, colocando professores altamente qualificados \u00e0 disposi\u00e7\u00e3o dos marginalizados e ampliando o ensino intercultural bil\u00edngue; ampliar os direitos e oferecer mais oportunidades, integrando as estrat\u00e9gias de educa\u00e7\u00e3o com pol\u00edticas mais gerais de luta contra a marginaliza\u00e7\u00e3o (prote\u00e7\u00e3o social, refor\u00e7ar os direitos legais e a distribui\u00e7\u00e3o mais equitativa dos recursos p\u00fablicos).<\/p>\n<p><a href=\"http:\/\/www.unesco.org\/en\/efareport\/reports\/2010-marginalization\/\">O relat\u00f3rio completo pode ser obtido por download em ingl\u00eas, franc\u00eas, espanhol, chin\u00eas, \u00e1rabe ou russo neste link.<\/a><\/p>\n","protected":false},"excerpt":{"rendered":"<p>O Relat\u00f3rio de 2010, intitulado Alcan\u00e7ando os Marginalizados, apresenta e analisa alguns dos mais expressivos avan\u00e7os obtidos no campo da educa\u00e7\u00e3o ao longo da \u00faltima d\u00e9cada. (Dispon\u00edvel para download.)<\/p>\n","protected":false},"author":1,"featured_media":0,"comment_status":"open","ping_status":"open","sticky":false,"template":"","format":"standard","meta":{"site-container-style":"default","site-container-layout":"default","site-sidebar-layout":"default","disable-article-header":"default","disable-site-header":"default","disable-site-footer":"default","disable-content-area-spacing":"default","footnotes":""},"categories":[11,52,6,10,117],"tags":[],"class_list":["post-17769","post","type-post","status-publish","format-standard","hentry","category-direitos-humanos","category-downloadables","category-educacao","category-publicacoes","category-relatorios"],"yoast_head":"<!-- This site is optimized with the Yoast SEO plugin v27.4 - https:\/\/yoast.com\/product\/yoast-seo-wordpress\/ -->\n<title>Relat\u00f3rio de Monitoramento de Educa\u00e7\u00e3o para Todos de 2010 da UNESCO -<\/title>\n<meta name=\"robots\" content=\"index, follow, max-snippet:-1, max-image-preview:large, max-video-preview:-1\" \/>\n<link rel=\"canonical\" href=\"https:\/\/inclusivenews.com.br\/?p=17769\" \/>\n<meta property=\"og:locale\" content=\"pt_PT\" \/>\n<meta property=\"og:type\" content=\"article\" \/>\n<meta property=\"og:title\" content=\"Relat\u00f3rio de Monitoramento de Educa\u00e7\u00e3o para Todos de 2010 da UNESCO -\" \/>\n<meta property=\"og:description\" content=\"O Relat\u00f3rio de 2010, intitulado Alcan\u00e7ando os Marginalizados, apresenta e analisa alguns dos mais expressivos avan\u00e7os obtidos no campo da educa\u00e7\u00e3o ao longo da \u00faltima d\u00e9cada. (Dispon\u00edvel para download.)\" \/>\n<meta property=\"og:url\" content=\"https:\/\/inclusivenews.com.br\/?p=17769\" \/>\n<meta property=\"article:publisher\" content=\"https:\/\/www.facebook.com\/agenciainclusive\/\" \/>\n<meta property=\"article:published_time\" content=\"2010-10-21T10:26:56+00:00\" \/>\n<meta property=\"og:image\" content=\"http:\/\/www.unesco.org\/typo3temp\/pics\/cdd7fb14f3.jpg\" \/>\n<meta name=\"author\" content=\"inclusivenews2024\" \/>\n<meta name=\"twitter:card\" content=\"summary_large_image\" \/>\n<meta name=\"twitter:label1\" content=\"Escrito por\" \/>\n\t<meta name=\"twitter:data1\" content=\"inclusivenews2024\" \/>\n\t<meta name=\"twitter:label2\" content=\"Tempo estimado de leitura\" \/>\n\t<meta name=\"twitter:data2\" content=\"3 minutos\" \/>\n<script type=\"application\/ld+json\" class=\"yoast-schema-graph\">{\"@context\":\"https:\\\/\\\/schema.org\",\"@graph\":[{\"@type\":\"Article\",\"@id\":\"https:\\\/\\\/inclusivenews.com.br\\\/?p=17769#article\",\"isPartOf\":{\"@id\":\"https:\\\/\\\/inclusivenews.com.br\\\/?p=17769\"},\"author\":{\"name\":\"inclusivenews2024\",\"@id\":\"https:\\\/\\\/inclusivenews.com.br\\\/#\\\/schema\\\/person\\\/ae4ec7087559b8692fb33b6fffd2273b\"},\"headline\":\"Relat\u00f3rio de Monitoramento de Educa\u00e7\u00e3o para Todos de 2010 da UNESCO\",\"datePublished\":\"2010-10-21T10:26:56+00:00\",\"mainEntityOfPage\":{\"@id\":\"https:\\\/\\\/inclusivenews.com.br\\\/?p=17769\"},\"wordCount\":590,\"commentCount\":0,\"publisher\":{\"@id\":\"https:\\\/\\\/inclusivenews.com.br\\\/#organization\"},\"image\":{\"@id\":\"https:\\\/\\\/inclusivenews.com.br\\\/?p=17769#primaryimage\"},\"thumbnailUrl\":\"http:\\\/\\\/www.unesco.org\\\/typo3temp\\\/pics\\\/cdd7fb14f3.jpg\",\"articleSection\":[\"DIREITOS HUMANOS\",\"Downloadables\",\"EDUCA\u00c7\u00c3O\",\"PUBLICA\u00c7\u00d5ES\",\"Relat\u00f3rios\"],\"inLanguage\":\"pt-PT\",\"potentialAction\":[{\"@type\":\"CommentAction\",\"name\":\"Comment\",\"target\":[\"https:\\\/\\\/inclusivenews.com.br\\\/?p=17769#respond\"]}]},{\"@type\":\"WebPage\",\"@id\":\"https:\\\/\\\/inclusivenews.com.br\\\/?p=17769\",\"url\":\"https:\\\/\\\/inclusivenews.com.br\\\/?p=17769\",\"name\":\"Relat\u00f3rio de Monitoramento de Educa\u00e7\u00e3o para Todos de 2010 da UNESCO -\",\"isPartOf\":{\"@id\":\"https:\\\/\\\/inclusivenews.com.br\\\/#website\"},\"primaryImageOfPage\":{\"@id\":\"https:\\\/\\\/inclusivenews.com.br\\\/?p=17769#primaryimage\"},\"image\":{\"@id\":\"https:\\\/\\\/inclusivenews.com.br\\\/?p=17769#primaryimage\"},\"thumbnailUrl\":\"http:\\\/\\\/www.unesco.org\\\/typo3temp\\\/pics\\\/cdd7fb14f3.jpg\",\"datePublished\":\"2010-10-21T10:26:56+00:00\",\"breadcrumb\":{\"@id\":\"https:\\\/\\\/inclusivenews.com.br\\\/?p=17769#breadcrumb\"},\"inLanguage\":\"pt-PT\",\"potentialAction\":[{\"@type\":\"ReadAction\",\"target\":[\"https:\\\/\\\/inclusivenews.com.br\\\/?p=17769\"]}]},{\"@type\":\"ImageObject\",\"inLanguage\":\"pt-PT\",\"@id\":\"https:\\\/\\\/inclusivenews.com.br\\\/?p=17769#primaryimage\",\"url\":\"http:\\\/\\\/www.unesco.org\\\/typo3temp\\\/pics\\\/cdd7fb14f3.jpg\",\"contentUrl\":\"http:\\\/\\\/www.unesco.org\\\/typo3temp\\\/pics\\\/cdd7fb14f3.jpg\"},{\"@type\":\"BreadcrumbList\",\"@id\":\"https:\\\/\\\/inclusivenews.com.br\\\/?p=17769#breadcrumb\",\"itemListElement\":[{\"@type\":\"ListItem\",\"position\":1,\"name\":\"In\u00edcio\",\"item\":\"https:\\\/\\\/inclusivenews.com.br\\\/\"},{\"@type\":\"ListItem\",\"position\":2,\"name\":\"Relat\u00f3rio de Monitoramento de Educa\u00e7\u00e3o para Todos de 2010 da UNESCO\"}]},{\"@type\":\"WebSite\",\"@id\":\"https:\\\/\\\/inclusivenews.com.br\\\/#website\",\"url\":\"https:\\\/\\\/inclusivenews.com.br\\\/\",\"name\":\"Inclusive News\",\"description\":\"Inclusive News\",\"publisher\":{\"@id\":\"https:\\\/\\\/inclusivenews.com.br\\\/#organization\"},\"potentialAction\":[{\"@type\":\"SearchAction\",\"target\":{\"@type\":\"EntryPoint\",\"urlTemplate\":\"https:\\\/\\\/inclusivenews.com.br\\\/?s={search_term_string}\"},\"query-input\":{\"@type\":\"PropertyValueSpecification\",\"valueRequired\":true,\"valueName\":\"search_term_string\"}}],\"inLanguage\":\"pt-PT\"},{\"@type\":\"Organization\",\"@id\":\"https:\\\/\\\/inclusivenews.com.br\\\/#organization\",\"name\":\"Inclusive - inclus\u00e3o e cidadania\",\"url\":\"https:\\\/\\\/inclusivenews.com.br\\\/\",\"logo\":{\"@type\":\"ImageObject\",\"inLanguage\":\"pt-PT\",\"@id\":\"https:\\\/\\\/inclusivenews.com.br\\\/#\\\/schema\\\/logo\\\/image\\\/\",\"url\":\"https:\\\/\\\/inclusivenews.com.br\\\/wp-content\\\/uploads\\\/2024\\\/03\\\/@grandesite.png\",\"contentUrl\":\"https:\\\/\\\/inclusivenews.com.br\\\/wp-content\\\/uploads\\\/2024\\\/03\\\/@grandesite.png\",\"width\":1080,\"height\":1080,\"caption\":\"Inclusive - inclus\u00e3o e cidadania\"},\"image\":{\"@id\":\"https:\\\/\\\/inclusivenews.com.br\\\/#\\\/schema\\\/logo\\\/image\\\/\"},\"sameAs\":[\"https:\\\/\\\/www.facebook.com\\\/agenciainclusive\\\/\",\"https:\\\/\\\/www.instagram.com\\\/newsinclusive\\\/\"]},{\"@type\":\"Person\",\"@id\":\"https:\\\/\\\/inclusivenews.com.br\\\/#\\\/schema\\\/person\\\/ae4ec7087559b8692fb33b6fffd2273b\",\"name\":\"inclusivenews2024\",\"image\":{\"@type\":\"ImageObject\",\"inLanguage\":\"pt-PT\",\"@id\":\"https:\\\/\\\/secure.gravatar.com\\\/avatar\\\/c5a7ef84c66fa914f55bc4f7ce26cfa275a3b9a1c5568b907bd184fb4dde7b40?s=96&d=mm&r=g\",\"url\":\"https:\\\/\\\/secure.gravatar.com\\\/avatar\\\/c5a7ef84c66fa914f55bc4f7ce26cfa275a3b9a1c5568b907bd184fb4dde7b40?s=96&d=mm&r=g\",\"contentUrl\":\"https:\\\/\\\/secure.gravatar.com\\\/avatar\\\/c5a7ef84c66fa914f55bc4f7ce26cfa275a3b9a1c5568b907bd184fb4dde7b40?s=96&d=mm&r=g\",\"caption\":\"inclusivenews2024\"},\"sameAs\":[\"https:\\\/\\\/inclusivenews.com.br\"],\"url\":\"https:\\\/\\\/inclusivenews.com.br\\\/?author=1\"}]}<\/script>\n<!-- \/ Yoast SEO plugin. -->","yoast_head_json":{"title":"Relat\u00f3rio de Monitoramento de Educa\u00e7\u00e3o para Todos de 2010 da UNESCO -","robots":{"index":"index","follow":"follow","max-snippet":"max-snippet:-1","max-image-preview":"max-image-preview:large","max-video-preview":"max-video-preview:-1"},"canonical":"https:\/\/inclusivenews.com.br\/?p=17769","og_locale":"pt_PT","og_type":"article","og_title":"Relat\u00f3rio de Monitoramento de Educa\u00e7\u00e3o para Todos de 2010 da UNESCO -","og_description":"O Relat\u00f3rio de 2010, intitulado Alcan\u00e7ando os Marginalizados, apresenta e analisa alguns dos mais expressivos avan\u00e7os obtidos no campo da educa\u00e7\u00e3o ao longo da \u00faltima d\u00e9cada. (Dispon\u00edvel para download.)","og_url":"https:\/\/inclusivenews.com.br\/?p=17769","article_publisher":"https:\/\/www.facebook.com\/agenciainclusive\/","article_published_time":"2010-10-21T10:26:56+00:00","og_image":[{"url":"http:\/\/www.unesco.org\/typo3temp\/pics\/cdd7fb14f3.jpg","type":"","width":"","height":""}],"author":"inclusivenews2024","twitter_card":"summary_large_image","twitter_misc":{"Escrito por":"inclusivenews2024","Tempo estimado de leitura":"3 minutos"},"schema":{"@context":"https:\/\/schema.org","@graph":[{"@type":"Article","@id":"https:\/\/inclusivenews.com.br\/?p=17769#article","isPartOf":{"@id":"https:\/\/inclusivenews.com.br\/?p=17769"},"author":{"name":"inclusivenews2024","@id":"https:\/\/inclusivenews.com.br\/#\/schema\/person\/ae4ec7087559b8692fb33b6fffd2273b"},"headline":"Relat\u00f3rio de Monitoramento de Educa\u00e7\u00e3o para Todos de 2010 da UNESCO","datePublished":"2010-10-21T10:26:56+00:00","mainEntityOfPage":{"@id":"https:\/\/inclusivenews.com.br\/?p=17769"},"wordCount":590,"commentCount":0,"publisher":{"@id":"https:\/\/inclusivenews.com.br\/#organization"},"image":{"@id":"https:\/\/inclusivenews.com.br\/?p=17769#primaryimage"},"thumbnailUrl":"http:\/\/www.unesco.org\/typo3temp\/pics\/cdd7fb14f3.jpg","articleSection":["DIREITOS HUMANOS","Downloadables","EDUCA\u00c7\u00c3O","PUBLICA\u00c7\u00d5ES","Relat\u00f3rios"],"inLanguage":"pt-PT","potentialAction":[{"@type":"CommentAction","name":"Comment","target":["https:\/\/inclusivenews.com.br\/?p=17769#respond"]}]},{"@type":"WebPage","@id":"https:\/\/inclusivenews.com.br\/?p=17769","url":"https:\/\/inclusivenews.com.br\/?p=17769","name":"Relat\u00f3rio de Monitoramento de Educa\u00e7\u00e3o para Todos de 2010 da UNESCO -","isPartOf":{"@id":"https:\/\/inclusivenews.com.br\/#website"},"primaryImageOfPage":{"@id":"https:\/\/inclusivenews.com.br\/?p=17769#primaryimage"},"image":{"@id":"https:\/\/inclusivenews.com.br\/?p=17769#primaryimage"},"thumbnailUrl":"http:\/\/www.unesco.org\/typo3temp\/pics\/cdd7fb14f3.jpg","datePublished":"2010-10-21T10:26:56+00:00","breadcrumb":{"@id":"https:\/\/inclusivenews.com.br\/?p=17769#breadcrumb"},"inLanguage":"pt-PT","potentialAction":[{"@type":"ReadAction","target":["https:\/\/inclusivenews.com.br\/?p=17769"]}]},{"@type":"ImageObject","inLanguage":"pt-PT","@id":"https:\/\/inclusivenews.com.br\/?p=17769#primaryimage","url":"http:\/\/www.unesco.org\/typo3temp\/pics\/cdd7fb14f3.jpg","contentUrl":"http:\/\/www.unesco.org\/typo3temp\/pics\/cdd7fb14f3.jpg"},{"@type":"BreadcrumbList","@id":"https:\/\/inclusivenews.com.br\/?p=17769#breadcrumb","itemListElement":[{"@type":"ListItem","position":1,"name":"In\u00edcio","item":"https:\/\/inclusivenews.com.br\/"},{"@type":"ListItem","position":2,"name":"Relat\u00f3rio de Monitoramento de Educa\u00e7\u00e3o para Todos de 2010 da UNESCO"}]},{"@type":"WebSite","@id":"https:\/\/inclusivenews.com.br\/#website","url":"https:\/\/inclusivenews.com.br\/","name":"Inclusive News","description":"Inclusive News","publisher":{"@id":"https:\/\/inclusivenews.com.br\/#organization"},"potentialAction":[{"@type":"SearchAction","target":{"@type":"EntryPoint","urlTemplate":"https:\/\/inclusivenews.com.br\/?s={search_term_string}"},"query-input":{"@type":"PropertyValueSpecification","valueRequired":true,"valueName":"search_term_string"}}],"inLanguage":"pt-PT"},{"@type":"Organization","@id":"https:\/\/inclusivenews.com.br\/#organization","name":"Inclusive - inclus\u00e3o e cidadania","url":"https:\/\/inclusivenews.com.br\/","logo":{"@type":"ImageObject","inLanguage":"pt-PT","@id":"https:\/\/inclusivenews.com.br\/#\/schema\/logo\/image\/","url":"https:\/\/inclusivenews.com.br\/wp-content\/uploads\/2024\/03\/@grandesite.png","contentUrl":"https:\/\/inclusivenews.com.br\/wp-content\/uploads\/2024\/03\/@grandesite.png","width":1080,"height":1080,"caption":"Inclusive - inclus\u00e3o e cidadania"},"image":{"@id":"https:\/\/inclusivenews.com.br\/#\/schema\/logo\/image\/"},"sameAs":["https:\/\/www.facebook.com\/agenciainclusive\/","https:\/\/www.instagram.com\/newsinclusive\/"]},{"@type":"Person","@id":"https:\/\/inclusivenews.com.br\/#\/schema\/person\/ae4ec7087559b8692fb33b6fffd2273b","name":"inclusivenews2024","image":{"@type":"ImageObject","inLanguage":"pt-PT","@id":"https:\/\/secure.gravatar.com\/avatar\/c5a7ef84c66fa914f55bc4f7ce26cfa275a3b9a1c5568b907bd184fb4dde7b40?s=96&d=mm&r=g","url":"https:\/\/secure.gravatar.com\/avatar\/c5a7ef84c66fa914f55bc4f7ce26cfa275a3b9a1c5568b907bd184fb4dde7b40?s=96&d=mm&r=g","contentUrl":"https:\/\/secure.gravatar.com\/avatar\/c5a7ef84c66fa914f55bc4f7ce26cfa275a3b9a1c5568b907bd184fb4dde7b40?s=96&d=mm&r=g","caption":"inclusivenews2024"},"sameAs":["https:\/\/inclusivenews.com.br"],"url":"https:\/\/inclusivenews.com.br\/?author=1"}]}},"_links":{"self":[{"href":"https:\/\/inclusivenews.com.br\/index.php?rest_route=\/wp\/v2\/posts\/17769","targetHints":{"allow":["GET"]}}],"collection":[{"href":"https:\/\/inclusivenews.com.br\/index.php?rest_route=\/wp\/v2\/posts"}],"about":[{"href":"https:\/\/inclusivenews.com.br\/index.php?rest_route=\/wp\/v2\/types\/post"}],"author":[{"embeddable":true,"href":"https:\/\/inclusivenews.com.br\/index.php?rest_route=\/wp\/v2\/users\/1"}],"replies":[{"embeddable":true,"href":"https:\/\/inclusivenews.com.br\/index.php?rest_route=%2Fwp%2Fv2%2Fcomments&post=17769"}],"version-history":[{"count":0,"href":"https:\/\/inclusivenews.com.br\/index.php?rest_route=\/wp\/v2\/posts\/17769\/revisions"}],"wp:attachment":[{"href":"https:\/\/inclusivenews.com.br\/index.php?rest_route=%2Fwp%2Fv2%2Fmedia&parent=17769"}],"wp:term":[{"taxonomy":"category","embeddable":true,"href":"https:\/\/inclusivenews.com.br\/index.php?rest_route=%2Fwp%2Fv2%2Fcategories&post=17769"},{"taxonomy":"post_tag","embeddable":true,"href":"https:\/\/inclusivenews.com.br\/index.php?rest_route=%2Fwp%2Fv2%2Ftags&post=17769"}],"curies":[{"name":"wp","href":"https:\/\/api.w.org\/{rel}","templated":true}]}}