{"id":17772,"date":"2010-10-21T07:28:35","date_gmt":"2010-10-21T10:28:35","guid":{"rendered":"http:\/\/www.inclusive.org.br\/?p=17772"},"modified":"2010-10-21T07:28:35","modified_gmt":"2010-10-21T10:28:35","slug":"criacao-2","status":"publish","type":"post","link":"https:\/\/inclusivenews.com.br\/?p=17772","title":{"rendered":"Cria\u00e7\u00e3o"},"content":{"rendered":"<figure style=\"width: 216px\" class=\"wp-caption alignleft\"><a class=\"moz-txt-link-freetext\" href=\"http:\/\/3.bp.blogspot.com\/_jWg_iHAkTRQ\/TLI79lKZ_eI\/AAAAAAAAA2U\/VuL6Q51BO8M\/s400\/criacao-filme-poster-2.jpg\"><img loading=\"lazy\" decoding=\"async\" title=\"Cartaz de Cria\u00e7\u00e3o, onde Darwin encosta seu dedo em um chimpanz\u00e9\" src=\"http:\/\/www.cinepop.com.br\/cartazes\/criacao_1.jpg\" alt=\"Cartaz de Cria\u00e7\u00e3o, onde Darwin encosta seu dedo em um chimpanz\u00e9\" width=\"216\" height=\"318\" \/><\/a><figcaption class=\"wp-caption-text\"> <\/figcaption><\/figure>\n<p><strong>Por Marcelo de Souza Silva<\/strong><\/p>\n<p>Quando algu\u00e9m se senta para assistir a um filme que conta a vida do cientista e naturalista Charles Darwin nos anos que precederam o lan\u00e7amento de seu mais famoso trabalho, \u201cA origem das esp\u00e9cies\u201d, \u00e9 prov\u00e1vel que o fa\u00e7a cercado de expectativas, afinal, trata-se de uma das mais pol\u00eamicas teorias cient\u00edficas de todos os tempos e que at\u00e9 hoje causa muita controv\u00e9rsia. Essas expectativas podem se confirmar ou n\u00e3o, definindo o destino do filme na avalia\u00e7\u00e3o pessoal de cada um. De minha parte, devo dizer que o filme \u201cCria\u00e7\u00e3o\u201d, dirigido por Jon Amiel, n\u00e3o correspondeu \u00e0s minhas expectativas, que eram de um apanhado biogr\u00e1fico menos introspectivo, mas nem por isso deixou de me agradar.<\/p>\n<p>O filme se concentra menos na teoria da evolu\u00e7\u00e3o do que na vida pessoal de Darwin. \u00c9 ineg\u00e1vel que este enfoque repete f\u00f3rmulas de outras cinebiografias, mas essa escolha acabou trazendo elementos interessantes \u00e0 tona que, pelo menos para mim, eram desconhecidos. Um desses elementos \u00e9 a relut\u00e2ncia do cientista em tornar p\u00fablicas suas ideias, em parte devido \u00e0 religiosidade de sua esposa, Emma. O conflito entre religi\u00e3o e ci\u00eancia que a teoria de Darwin potencializou no mundo inteiro foi deslocado para dentro da casa do cientista e, mais ainda, para sua pr\u00f3pria mente. Depois de anos estudando a natureza, o cientista (que teve forma\u00e7\u00e3o religiosa) parece chegar \u00e0 conclus\u00e3o de que ela \u00e9 um \u201ccampo de batalha\u201d, onde os esp\u00e9cimes sobrevivem por for\u00e7a ou sorte, gerando um equil\u00edbrio, mas colocando em xeque a ideia crist\u00e3 de um Deus benevolente que valoriza todas as suas criaturas. Darwin parece relutar em aceitar essa ideia, principalmente quando resiste em contar a hist\u00f3ria da pequena orangotango Jenny para sua filha Annie, enfatizando o sofrimento que isso lhe traz.<\/p>\n<p>Como aceitar que o destino de seres pelos quais se nutrem sentimentos de amor e afei\u00e7\u00e3o \u00e9 regido por nada al\u00e9m do acaso? Annie, entretanto, gosta de ouvir a hist\u00f3ria, assim como parece ser a pessoa que melhor compreende as ideias do pai em sua fam\u00edlia. A morte de Annie, entretanto, parece confirmar o que Darwin observara no mundo natural: n\u00e3o h\u00e1 uma for\u00e7a moral evidente no universo.<\/p>\n<p>A partir deste tr\u00e1gico acontecimento, o filme nos mostra um Darwin muito perturbado, que tem vis\u00f5es e conversa com sua filha morta, parecendo estar \u00e0 beira da loucura. Sua relut\u00e2ncia em tornar p\u00fablicas suas ideias persiste, apesar de outros cientistas avessos \u00e0 Igreja insistirem para que ele fa\u00e7a isso. Essa d\u00favida se mostra na forma como a esposa reage \u00e0 perda da filha, procurando e encontrando consolo na religi\u00e3o, ainda que um consolo que Darwin considera absurdo, em contraste com a sua solid\u00e3o e desespero em aceitar essa mesma perda. Saber a verdade compensa o peso de viver em mundo desprovido de uma justi\u00e7a superior? Sua decis\u00e3o de submeter o manuscrito ao parecer final da esposa, que poderia destru\u00ed-lo se achasse mais adequado, parece ser uma esp\u00e9cie de solu\u00e7\u00e3o que mostra o tamanho das contradi\u00e7\u00f5es que lhe afligiam: um aval de Deus para que o mundo conhecesse um mundo sem Deus.<\/p>\n<p>O quanto de verdade e fic\u00e7\u00e3o existe na abordagem do filme parece-me irrelevante na avalia\u00e7\u00e3o da qualidade do produto final. De fato, o filme n\u00e3o se presta a ser um tratado sobre a evolu\u00e7\u00e3o e tampouco um verbete enciclop\u00e9dico da vida do cientista. Mas a associa\u00e7\u00e3o de Darwin com o conflito entre ci\u00eancia e religi\u00e3o, entendido n\u00e3o como um simples confronto de vis\u00f5es distintas, mas como a transforma\u00e7\u00e3o de uma vis\u00e3o religiosa e moral do mundo em uma vis\u00e3o cient\u00edfica e racional, pode gerar uma s\u00e9rie de associa\u00e7\u00f5es e reflex\u00f5es, que, certamente, fazem deste filme uma \u00f3tima dica.<br \/>\n_______________________<\/p>\n<p><strong>Fonte:<\/strong> <a href=\"http:\/\/www.gostoegosto.blogspot.com\/\">Gosto \u00e9 gosto<\/a>\/O autor<\/p>\n","protected":false},"excerpt":{"rendered":"<p>Por Marcelo de Souza Silva. A associa\u00e7\u00e3o de Darwin com o conflito entre ci\u00eancia e religi\u00e3o, entendido n\u00e3o como um simples confronto de vis\u00f5es distintas, mas como a transforma\u00e7\u00e3o de uma vis\u00e3o religiosa e moral do mundo em uma vis\u00e3o cient\u00edfica e racional, pode gerar uma s\u00e9rie de associa\u00e7\u00f5es e reflex\u00f5es, que, certamente, fazem deste filme uma \u00f3tima dica.<\/p>\n","protected":false},"author":1,"featured_media":0,"comment_status":"open","ping_status":"open","sticky":false,"template":"","format":"standard","meta":{"site-container-style":"default","site-container-layout":"default","site-sidebar-layout":"default","disable-article-header":"default","disable-site-header":"default","disable-site-footer":"default","disable-content-area-spacing":"default","footnotes":""},"categories":[29],"tags":[],"class_list":["post-17772","post","type-post","status-publish","format-standard","hentry","category-cultura"],"yoast_head":"<!-- This site is optimized with the Yoast SEO plugin v27.4 - https:\/\/yoast.com\/product\/yoast-seo-wordpress\/ -->\n<title>Cria\u00e7\u00e3o -<\/title>\n<meta name=\"robots\" content=\"index, follow, max-snippet:-1, max-image-preview:large, max-video-preview:-1\" \/>\n<link rel=\"canonical\" href=\"https:\/\/inclusivenews.com.br\/?p=17772\" \/>\n<meta property=\"og:locale\" content=\"pt_PT\" \/>\n<meta property=\"og:type\" content=\"article\" \/>\n<meta property=\"og:title\" content=\"Cria\u00e7\u00e3o -\" \/>\n<meta property=\"og:description\" content=\"Por Marcelo de Souza Silva. A associa\u00e7\u00e3o de Darwin com o conflito entre ci\u00eancia e religi\u00e3o, entendido n\u00e3o como um simples confronto de vis\u00f5es distintas, mas como a transforma\u00e7\u00e3o de uma vis\u00e3o religiosa e moral do mundo em uma vis\u00e3o cient\u00edfica e racional, pode gerar uma s\u00e9rie de associa\u00e7\u00f5es e reflex\u00f5es, que, certamente, fazem deste filme uma \u00f3tima dica.\" \/>\n<meta property=\"og:url\" content=\"https:\/\/inclusivenews.com.br\/?p=17772\" \/>\n<meta property=\"article:publisher\" content=\"https:\/\/www.facebook.com\/agenciainclusive\/\" \/>\n<meta property=\"article:published_time\" content=\"2010-10-21T10:28:35+00:00\" \/>\n<meta property=\"og:image\" content=\"http:\/\/www.cinepop.com.br\/cartazes\/criacao_1.jpg\" \/>\n<meta name=\"author\" content=\"inclusivenews2024\" \/>\n<meta name=\"twitter:card\" content=\"summary_large_image\" \/>\n<meta name=\"twitter:label1\" content=\"Escrito por\" \/>\n\t<meta name=\"twitter:data1\" content=\"inclusivenews2024\" \/>\n\t<meta name=\"twitter:label2\" content=\"Tempo estimado de leitura\" \/>\n\t<meta name=\"twitter:data2\" content=\"3 minutos\" \/>\n<script type=\"application\/ld+json\" class=\"yoast-schema-graph\">{\"@context\":\"https:\\\/\\\/schema.org\",\"@graph\":[{\"@type\":\"Article\",\"@id\":\"https:\\\/\\\/inclusivenews.com.br\\\/?p=17772#article\",\"isPartOf\":{\"@id\":\"https:\\\/\\\/inclusivenews.com.br\\\/?p=17772\"},\"author\":{\"name\":\"inclusivenews2024\",\"@id\":\"https:\\\/\\\/inclusivenews.com.br\\\/#\\\/schema\\\/person\\\/ae4ec7087559b8692fb33b6fffd2273b\"},\"headline\":\"Cria\u00e7\u00e3o\",\"datePublished\":\"2010-10-21T10:28:35+00:00\",\"mainEntityOfPage\":{\"@id\":\"https:\\\/\\\/inclusivenews.com.br\\\/?p=17772\"},\"wordCount\":678,\"commentCount\":1,\"publisher\":{\"@id\":\"https:\\\/\\\/inclusivenews.com.br\\\/#organization\"},\"image\":{\"@id\":\"https:\\\/\\\/inclusivenews.com.br\\\/?p=17772#primaryimage\"},\"thumbnailUrl\":\"http:\\\/\\\/www.cinepop.com.br\\\/cartazes\\\/criacao_1.jpg\",\"articleSection\":[\"Cultura\"],\"inLanguage\":\"pt-PT\",\"potentialAction\":[{\"@type\":\"CommentAction\",\"name\":\"Comment\",\"target\":[\"https:\\\/\\\/inclusivenews.com.br\\\/?p=17772#respond\"]}]},{\"@type\":\"WebPage\",\"@id\":\"https:\\\/\\\/inclusivenews.com.br\\\/?p=17772\",\"url\":\"https:\\\/\\\/inclusivenews.com.br\\\/?p=17772\",\"name\":\"Cria\u00e7\u00e3o -\",\"isPartOf\":{\"@id\":\"https:\\\/\\\/inclusivenews.com.br\\\/#website\"},\"primaryImageOfPage\":{\"@id\":\"https:\\\/\\\/inclusivenews.com.br\\\/?p=17772#primaryimage\"},\"image\":{\"@id\":\"https:\\\/\\\/inclusivenews.com.br\\\/?p=17772#primaryimage\"},\"thumbnailUrl\":\"http:\\\/\\\/www.cinepop.com.br\\\/cartazes\\\/criacao_1.jpg\",\"datePublished\":\"2010-10-21T10:28:35+00:00\",\"breadcrumb\":{\"@id\":\"https:\\\/\\\/inclusivenews.com.br\\\/?p=17772#breadcrumb\"},\"inLanguage\":\"pt-PT\",\"potentialAction\":[{\"@type\":\"ReadAction\",\"target\":[\"https:\\\/\\\/inclusivenews.com.br\\\/?p=17772\"]}]},{\"@type\":\"ImageObject\",\"inLanguage\":\"pt-PT\",\"@id\":\"https:\\\/\\\/inclusivenews.com.br\\\/?p=17772#primaryimage\",\"url\":\"http:\\\/\\\/www.cinepop.com.br\\\/cartazes\\\/criacao_1.jpg\",\"contentUrl\":\"http:\\\/\\\/www.cinepop.com.br\\\/cartazes\\\/criacao_1.jpg\"},{\"@type\":\"BreadcrumbList\",\"@id\":\"https:\\\/\\\/inclusivenews.com.br\\\/?p=17772#breadcrumb\",\"itemListElement\":[{\"@type\":\"ListItem\",\"position\":1,\"name\":\"In\u00edcio\",\"item\":\"https:\\\/\\\/inclusivenews.com.br\\\/\"},{\"@type\":\"ListItem\",\"position\":2,\"name\":\"Cria\u00e7\u00e3o\"}]},{\"@type\":\"WebSite\",\"@id\":\"https:\\\/\\\/inclusivenews.com.br\\\/#website\",\"url\":\"https:\\\/\\\/inclusivenews.com.br\\\/\",\"name\":\"Inclusive News\",\"description\":\"Inclusive News\",\"publisher\":{\"@id\":\"https:\\\/\\\/inclusivenews.com.br\\\/#organization\"},\"potentialAction\":[{\"@type\":\"SearchAction\",\"target\":{\"@type\":\"EntryPoint\",\"urlTemplate\":\"https:\\\/\\\/inclusivenews.com.br\\\/?s={search_term_string}\"},\"query-input\":{\"@type\":\"PropertyValueSpecification\",\"valueRequired\":true,\"valueName\":\"search_term_string\"}}],\"inLanguage\":\"pt-PT\"},{\"@type\":\"Organization\",\"@id\":\"https:\\\/\\\/inclusivenews.com.br\\\/#organization\",\"name\":\"Inclusive - inclus\u00e3o e cidadania\",\"url\":\"https:\\\/\\\/inclusivenews.com.br\\\/\",\"logo\":{\"@type\":\"ImageObject\",\"inLanguage\":\"pt-PT\",\"@id\":\"https:\\\/\\\/inclusivenews.com.br\\\/#\\\/schema\\\/logo\\\/image\\\/\",\"url\":\"https:\\\/\\\/inclusivenews.com.br\\\/wp-content\\\/uploads\\\/2024\\\/03\\\/@grandesite.png\",\"contentUrl\":\"https:\\\/\\\/inclusivenews.com.br\\\/wp-content\\\/uploads\\\/2024\\\/03\\\/@grandesite.png\",\"width\":1080,\"height\":1080,\"caption\":\"Inclusive - inclus\u00e3o e cidadania\"},\"image\":{\"@id\":\"https:\\\/\\\/inclusivenews.com.br\\\/#\\\/schema\\\/logo\\\/image\\\/\"},\"sameAs\":[\"https:\\\/\\\/www.facebook.com\\\/agenciainclusive\\\/\",\"https:\\\/\\\/www.instagram.com\\\/newsinclusive\\\/\"]},{\"@type\":\"Person\",\"@id\":\"https:\\\/\\\/inclusivenews.com.br\\\/#\\\/schema\\\/person\\\/ae4ec7087559b8692fb33b6fffd2273b\",\"name\":\"inclusivenews2024\",\"image\":{\"@type\":\"ImageObject\",\"inLanguage\":\"pt-PT\",\"@id\":\"https:\\\/\\\/secure.gravatar.com\\\/avatar\\\/c5a7ef84c66fa914f55bc4f7ce26cfa275a3b9a1c5568b907bd184fb4dde7b40?s=96&d=mm&r=g\",\"url\":\"https:\\\/\\\/secure.gravatar.com\\\/avatar\\\/c5a7ef84c66fa914f55bc4f7ce26cfa275a3b9a1c5568b907bd184fb4dde7b40?s=96&d=mm&r=g\",\"contentUrl\":\"https:\\\/\\\/secure.gravatar.com\\\/avatar\\\/c5a7ef84c66fa914f55bc4f7ce26cfa275a3b9a1c5568b907bd184fb4dde7b40?s=96&d=mm&r=g\",\"caption\":\"inclusivenews2024\"},\"sameAs\":[\"https:\\\/\\\/inclusivenews.com.br\"],\"url\":\"https:\\\/\\\/inclusivenews.com.br\\\/?author=1\"}]}<\/script>\n<!-- \/ Yoast SEO plugin. -->","yoast_head_json":{"title":"Cria\u00e7\u00e3o -","robots":{"index":"index","follow":"follow","max-snippet":"max-snippet:-1","max-image-preview":"max-image-preview:large","max-video-preview":"max-video-preview:-1"},"canonical":"https:\/\/inclusivenews.com.br\/?p=17772","og_locale":"pt_PT","og_type":"article","og_title":"Cria\u00e7\u00e3o -","og_description":"Por Marcelo de Souza Silva. A associa\u00e7\u00e3o de Darwin com o conflito entre ci\u00eancia e religi\u00e3o, entendido n\u00e3o como um simples confronto de vis\u00f5es distintas, mas como a transforma\u00e7\u00e3o de uma vis\u00e3o religiosa e moral do mundo em uma vis\u00e3o cient\u00edfica e racional, pode gerar uma s\u00e9rie de associa\u00e7\u00f5es e reflex\u00f5es, que, certamente, fazem deste filme uma \u00f3tima dica.","og_url":"https:\/\/inclusivenews.com.br\/?p=17772","article_publisher":"https:\/\/www.facebook.com\/agenciainclusive\/","article_published_time":"2010-10-21T10:28:35+00:00","og_image":[{"url":"http:\/\/www.cinepop.com.br\/cartazes\/criacao_1.jpg","type":"","width":"","height":""}],"author":"inclusivenews2024","twitter_card":"summary_large_image","twitter_misc":{"Escrito por":"inclusivenews2024","Tempo estimado de leitura":"3 minutos"},"schema":{"@context":"https:\/\/schema.org","@graph":[{"@type":"Article","@id":"https:\/\/inclusivenews.com.br\/?p=17772#article","isPartOf":{"@id":"https:\/\/inclusivenews.com.br\/?p=17772"},"author":{"name":"inclusivenews2024","@id":"https:\/\/inclusivenews.com.br\/#\/schema\/person\/ae4ec7087559b8692fb33b6fffd2273b"},"headline":"Cria\u00e7\u00e3o","datePublished":"2010-10-21T10:28:35+00:00","mainEntityOfPage":{"@id":"https:\/\/inclusivenews.com.br\/?p=17772"},"wordCount":678,"commentCount":1,"publisher":{"@id":"https:\/\/inclusivenews.com.br\/#organization"},"image":{"@id":"https:\/\/inclusivenews.com.br\/?p=17772#primaryimage"},"thumbnailUrl":"http:\/\/www.cinepop.com.br\/cartazes\/criacao_1.jpg","articleSection":["Cultura"],"inLanguage":"pt-PT","potentialAction":[{"@type":"CommentAction","name":"Comment","target":["https:\/\/inclusivenews.com.br\/?p=17772#respond"]}]},{"@type":"WebPage","@id":"https:\/\/inclusivenews.com.br\/?p=17772","url":"https:\/\/inclusivenews.com.br\/?p=17772","name":"Cria\u00e7\u00e3o -","isPartOf":{"@id":"https:\/\/inclusivenews.com.br\/#website"},"primaryImageOfPage":{"@id":"https:\/\/inclusivenews.com.br\/?p=17772#primaryimage"},"image":{"@id":"https:\/\/inclusivenews.com.br\/?p=17772#primaryimage"},"thumbnailUrl":"http:\/\/www.cinepop.com.br\/cartazes\/criacao_1.jpg","datePublished":"2010-10-21T10:28:35+00:00","breadcrumb":{"@id":"https:\/\/inclusivenews.com.br\/?p=17772#breadcrumb"},"inLanguage":"pt-PT","potentialAction":[{"@type":"ReadAction","target":["https:\/\/inclusivenews.com.br\/?p=17772"]}]},{"@type":"ImageObject","inLanguage":"pt-PT","@id":"https:\/\/inclusivenews.com.br\/?p=17772#primaryimage","url":"http:\/\/www.cinepop.com.br\/cartazes\/criacao_1.jpg","contentUrl":"http:\/\/www.cinepop.com.br\/cartazes\/criacao_1.jpg"},{"@type":"BreadcrumbList","@id":"https:\/\/inclusivenews.com.br\/?p=17772#breadcrumb","itemListElement":[{"@type":"ListItem","position":1,"name":"In\u00edcio","item":"https:\/\/inclusivenews.com.br\/"},{"@type":"ListItem","position":2,"name":"Cria\u00e7\u00e3o"}]},{"@type":"WebSite","@id":"https:\/\/inclusivenews.com.br\/#website","url":"https:\/\/inclusivenews.com.br\/","name":"Inclusive News","description":"Inclusive News","publisher":{"@id":"https:\/\/inclusivenews.com.br\/#organization"},"potentialAction":[{"@type":"SearchAction","target":{"@type":"EntryPoint","urlTemplate":"https:\/\/inclusivenews.com.br\/?s={search_term_string}"},"query-input":{"@type":"PropertyValueSpecification","valueRequired":true,"valueName":"search_term_string"}}],"inLanguage":"pt-PT"},{"@type":"Organization","@id":"https:\/\/inclusivenews.com.br\/#organization","name":"Inclusive - inclus\u00e3o e cidadania","url":"https:\/\/inclusivenews.com.br\/","logo":{"@type":"ImageObject","inLanguage":"pt-PT","@id":"https:\/\/inclusivenews.com.br\/#\/schema\/logo\/image\/","url":"https:\/\/inclusivenews.com.br\/wp-content\/uploads\/2024\/03\/@grandesite.png","contentUrl":"https:\/\/inclusivenews.com.br\/wp-content\/uploads\/2024\/03\/@grandesite.png","width":1080,"height":1080,"caption":"Inclusive - inclus\u00e3o e cidadania"},"image":{"@id":"https:\/\/inclusivenews.com.br\/#\/schema\/logo\/image\/"},"sameAs":["https:\/\/www.facebook.com\/agenciainclusive\/","https:\/\/www.instagram.com\/newsinclusive\/"]},{"@type":"Person","@id":"https:\/\/inclusivenews.com.br\/#\/schema\/person\/ae4ec7087559b8692fb33b6fffd2273b","name":"inclusivenews2024","image":{"@type":"ImageObject","inLanguage":"pt-PT","@id":"https:\/\/secure.gravatar.com\/avatar\/c5a7ef84c66fa914f55bc4f7ce26cfa275a3b9a1c5568b907bd184fb4dde7b40?s=96&d=mm&r=g","url":"https:\/\/secure.gravatar.com\/avatar\/c5a7ef84c66fa914f55bc4f7ce26cfa275a3b9a1c5568b907bd184fb4dde7b40?s=96&d=mm&r=g","contentUrl":"https:\/\/secure.gravatar.com\/avatar\/c5a7ef84c66fa914f55bc4f7ce26cfa275a3b9a1c5568b907bd184fb4dde7b40?s=96&d=mm&r=g","caption":"inclusivenews2024"},"sameAs":["https:\/\/inclusivenews.com.br"],"url":"https:\/\/inclusivenews.com.br\/?author=1"}]}},"_links":{"self":[{"href":"https:\/\/inclusivenews.com.br\/index.php?rest_route=\/wp\/v2\/posts\/17772","targetHints":{"allow":["GET"]}}],"collection":[{"href":"https:\/\/inclusivenews.com.br\/index.php?rest_route=\/wp\/v2\/posts"}],"about":[{"href":"https:\/\/inclusivenews.com.br\/index.php?rest_route=\/wp\/v2\/types\/post"}],"author":[{"embeddable":true,"href":"https:\/\/inclusivenews.com.br\/index.php?rest_route=\/wp\/v2\/users\/1"}],"replies":[{"embeddable":true,"href":"https:\/\/inclusivenews.com.br\/index.php?rest_route=%2Fwp%2Fv2%2Fcomments&post=17772"}],"version-history":[{"count":0,"href":"https:\/\/inclusivenews.com.br\/index.php?rest_route=\/wp\/v2\/posts\/17772\/revisions"}],"wp:attachment":[{"href":"https:\/\/inclusivenews.com.br\/index.php?rest_route=%2Fwp%2Fv2%2Fmedia&parent=17772"}],"wp:term":[{"taxonomy":"category","embeddable":true,"href":"https:\/\/inclusivenews.com.br\/index.php?rest_route=%2Fwp%2Fv2%2Fcategories&post=17772"},{"taxonomy":"post_tag","embeddable":true,"href":"https:\/\/inclusivenews.com.br\/index.php?rest_route=%2Fwp%2Fv2%2Ftags&post=17772"}],"curies":[{"name":"wp","href":"https:\/\/api.w.org\/{rel}","templated":true}]}}