{"id":17781,"date":"2010-10-21T07:26:22","date_gmt":"2010-10-21T10:26:22","guid":{"rendered":"http:\/\/www.inclusive.org.br\/?p=17781"},"modified":"2010-10-21T07:26:22","modified_gmt":"2010-10-21T10:26:22","slug":"no-mes-das-criancas-mais-de-75-das-publicidades-para-o-publico-infantil-sao-de-brinquedos","status":"publish","type":"post","link":"https:\/\/inclusivenews.com.br\/?p=17781","title":{"rendered":"No m\u00eas das crian\u00e7as, mais de 75% das publicidades para o p\u00fablico infantil s\u00e3o de brinquedos"},"content":{"rendered":"<figure id=\"attachment_13505\" aria-describedby=\"caption-attachment-13505\" style=\"width: 114px\" class=\"wp-caption alignleft\"><a href=\"http:\/\/www.inclusivenews.com.br\/wp-content\/uploads\/2010\/01\/Instituto-Alana.jpg\"><img loading=\"lazy\" decoding=\"async\" class=\"size-full wp-image-13505\" title=\"Instituto Alana - uma borboleta\" src=\"http:\/\/inclusivenews.com.br\/wp-content\/uploads\/2010\/01\/Instituto-Alana.jpg\" alt=\"Instituto Alana - uma borboleta\" width=\"114\" height=\"108\" \/><\/a><figcaption id=\"caption-attachment-13505\" class=\"wp-caption-text\"> <\/figcaption><\/figure>\n<p>No dia 1\u00ba de outubro, a equipe do Projeto Crian\u00e7a e Consumo, do Instituto Alana, monitorou 5 canais infantis da TV fechada (Discovery Kids, Cartoon, Disney XD, Nickelodeon, Boomerang) e 2 canais abertos (SBT e Globo) para identificar a quantidade de publicidade dirigida a crian\u00e7as. Foram monitoradas 10 horas de programa\u00e7\u00e3o (das 8h \u00e0s 18h) e identificadas cerca de 350 publicidades diferentes, com um total de aproximadamente 1.100 inser\u00e7\u00f5es comerciais.<\/p>\n<p>&#8220;O Dia das Crian\u00e7as, que deveria celebrar a import\u00e2ncia da inf\u00e2ncia, vem sendo comemorado com o incentivo ao consumo desenfreado. O objetivo desse levantamento foi mostrar os excessos e cobrar dos \u00f3rg\u00e3os competentes um posicionamento frente \u00e0 prote\u00e7\u00e3o da inf\u00e2ncia&#8221;, explica Isabella Henriques, coordenadora geral do Projeto Crian\u00e7a e Consumo. Os dados foram encaminhados para Anatel, Conanda, Departamento de Justi\u00e7a, Classifica\u00e7\u00e3o, T\u00edtulos e Qualifica\u00e7\u00e3o (DJCTQ) e Departamento de Prote\u00e7\u00e3o e Defesa do Consumidor (DPDC), ambos do Minist\u00e9rio da Justi\u00e7a, Procon &#8211; SP, Conar e outras sete entidades ligadas ao mercado anunciante.<\/p>\n<p>Mais de 76% dos an\u00fancios foram de brinquedos. As empresas que mais anunciaram foram a Hasbro, com cerca de 260 inser\u00e7\u00f5es de 60 produtos diferentes; Mattel, com quase 200 inser\u00e7\u00f5es de 55 produtos, e a Candide, com aproximadamente 50 inser\u00e7\u00f5es de 25 produtos.<\/p>\n<p>Com rela\u00e7\u00e3o aos canais que mais veicularam publicidade para crian\u00e7as, os destaques foram Cartoon Network e Discovery Kids, com cerca de 275 e  230 inser\u00e7\u00f5es, respectivamente &#8211; uma m\u00e9dia de 13 e 11 comerciais a cada meia hora.<\/p>\n<p>Os mais anunciados<\/p>\n<p>Identificada como o maior anunciante para o p\u00fablico infantil no per\u00edodo do Dia das Crian\u00e7as, a ind\u00fastria de brinquedos investiu fortemente em campanhas publicit\u00e1rias. Al\u00e9m de se aproveitar da vulnerabilidade infantil e da falta de capacidade cr\u00edtica da crian\u00e7a, que ainda est\u00e1 em processo de desenvolvimento e, portanto, n\u00e3o tem condi\u00e7\u00f5es de avaliar as mensagens de forma consciente, muitos an\u00fancios incitam a viol\u00eancia, estimulam o consumismo e valores materialistas.<\/p>\n<p>No total os dez brinquedos mais anunciados foram os seguintes:<\/p>\n<p>. Comidinha de Cinema (Hasbro)<br \/>\n. Nerf Rapid Fire (Hasbro)<br \/>\n. Star Wars Clone Wars (Hasbro)<br \/>\n. Twister Movies com 2 tapetes (Hasbro)<br \/>\n. Twister Dance DVD Eliana (Hasbro)<br \/>\n. Helic\u00f3ptero Pelicano H18 (Candide)<br \/>\n. Quest (Grow)<br \/>\n. War (Grow)<br \/>\n. Monopoly (Hasbro)<br \/>\n. Star Wars Clone Wars Sabre de Luz (Hasbro)<\/p>\n<p>Sobre o Projeto Crian\u00e7a e Consumo<\/p>\n<p>O Projeto Crian\u00e7a e Consumo, do Instituto Alana, desenvolve atividades que despertam a consci\u00eancia cr\u00edtica da sociedade brasileira a respeito das pr\u00e1ticas de consumo de produtos e servi\u00e7os por crian\u00e7as e adolescentes. Debater e apontar meios que minimizam os impactos negativos causados pelos investimentos maci\u00e7os na mercantiliza\u00e7\u00e3o da inf\u00e2ncia e da juventude faz parte do conjunto de a\u00e7\u00f5es pioneiras do Projeto que busca, como uma de suas metas, a proibi\u00e7\u00e3o legal e expressa de toda e qualquer comunica\u00e7\u00e3o mercadol\u00f3gica dirigida \u00e0 crian\u00e7a no Brasil. Mais informa\u00e7\u00f5es no site: <a href=\"http:\/\/www.criancaeconsumo.org.br\">www.criancaeconsumo.org.br<\/a><\/p>\n<p>__________________<\/p>\n<p><strong>Fonte:<\/strong> Instituto Alana<\/p>\n","protected":false},"excerpt":{"rendered":"<p>Levantamento do Projeto Crian\u00e7a e Consumo, do Instituto Alana, monitorou 7 canais de TV e identificou aproximadamente 1.100 inser\u00e7\u00f5es publicit\u00e1rias dirigidas  ao p\u00fablico infantil. Do Instituto Alana.<\/p>\n","protected":false},"author":1,"featured_media":0,"comment_status":"open","ping_status":"open","sticky":false,"template":"","format":"standard","meta":{"site-container-style":"default","site-container-layout":"default","site-sidebar-layout":"default","disable-article-header":"default","disable-site-header":"default","disable-site-footer":"default","disable-content-area-spacing":"default","footnotes":""},"categories":[4],"tags":[60],"class_list":["post-17781","post","type-post","status-publish","format-standard","hentry","category-noticias","tag-infancia"],"yoast_head":"<!-- This site is optimized with the Yoast SEO plugin v27.4 - https:\/\/yoast.com\/product\/yoast-seo-wordpress\/ -->\n<title>No m\u00eas das crian\u00e7as, mais de 75% das publicidades para o p\u00fablico infantil s\u00e3o de brinquedos -<\/title>\n<meta name=\"robots\" content=\"index, follow, max-snippet:-1, max-image-preview:large, max-video-preview:-1\" \/>\n<link rel=\"canonical\" href=\"https:\/\/inclusivenews.com.br\/?p=17781\" \/>\n<meta property=\"og:locale\" content=\"pt_PT\" \/>\n<meta property=\"og:type\" content=\"article\" \/>\n<meta property=\"og:title\" content=\"No m\u00eas das crian\u00e7as, mais de 75% das publicidades para o p\u00fablico infantil s\u00e3o de brinquedos -\" \/>\n<meta property=\"og:description\" content=\"Levantamento do Projeto Crian\u00e7a e Consumo, do Instituto Alana, monitorou 7 canais de TV e identificou aproximadamente 1.100 inser\u00e7\u00f5es publicit\u00e1rias dirigidas ao p\u00fablico infantil. Do Instituto Alana.\" \/>\n<meta property=\"og:url\" content=\"https:\/\/inclusivenews.com.br\/?p=17781\" \/>\n<meta property=\"article:publisher\" content=\"https:\/\/www.facebook.com\/agenciainclusive\/\" \/>\n<meta property=\"article:published_time\" content=\"2010-10-21T10:26:22+00:00\" \/>\n<meta property=\"og:image\" content=\"http:\/\/inclusivenews.com.br\/wp-content\/uploads\/2010\/01\/Instituto-Alana.jpg\" \/>\n<meta name=\"author\" content=\"inclusivenews2024\" \/>\n<meta name=\"twitter:card\" content=\"summary_large_image\" \/>\n<meta name=\"twitter:label1\" content=\"Escrito por\" \/>\n\t<meta name=\"twitter:data1\" content=\"inclusivenews2024\" \/>\n\t<meta name=\"twitter:label2\" content=\"Tempo estimado de leitura\" \/>\n\t<meta name=\"twitter:data2\" content=\"3 minutos\" \/>\n<script type=\"application\/ld+json\" class=\"yoast-schema-graph\">{\"@context\":\"https:\\\/\\\/schema.org\",\"@graph\":[{\"@type\":\"Article\",\"@id\":\"https:\\\/\\\/inclusivenews.com.br\\\/?p=17781#article\",\"isPartOf\":{\"@id\":\"https:\\\/\\\/inclusivenews.com.br\\\/?p=17781\"},\"author\":{\"name\":\"inclusivenews2024\",\"@id\":\"https:\\\/\\\/inclusivenews.com.br\\\/#\\\/schema\\\/person\\\/ae4ec7087559b8692fb33b6fffd2273b\"},\"headline\":\"No m\u00eas das crian\u00e7as, mais de 75% das publicidades para o p\u00fablico infantil s\u00e3o de brinquedos\",\"datePublished\":\"2010-10-21T10:26:22+00:00\",\"mainEntityOfPage\":{\"@id\":\"https:\\\/\\\/inclusivenews.com.br\\\/?p=17781\"},\"wordCount\":529,\"commentCount\":0,\"publisher\":{\"@id\":\"https:\\\/\\\/inclusivenews.com.br\\\/#organization\"},\"image\":{\"@id\":\"https:\\\/\\\/inclusivenews.com.br\\\/?p=17781#primaryimage\"},\"thumbnailUrl\":\"http:\\\/\\\/inclusivenews.com.br\\\/wp-content\\\/uploads\\\/2010\\\/01\\\/Instituto-Alana.jpg\",\"keywords\":[\"Inf\u00e2ncia\"],\"articleSection\":[\"NOT\u00cdCIAS\"],\"inLanguage\":\"pt-PT\",\"potentialAction\":[{\"@type\":\"CommentAction\",\"name\":\"Comment\",\"target\":[\"https:\\\/\\\/inclusivenews.com.br\\\/?p=17781#respond\"]}]},{\"@type\":\"WebPage\",\"@id\":\"https:\\\/\\\/inclusivenews.com.br\\\/?p=17781\",\"url\":\"https:\\\/\\\/inclusivenews.com.br\\\/?p=17781\",\"name\":\"No m\u00eas das crian\u00e7as, mais de 75% das publicidades para o p\u00fablico infantil s\u00e3o de brinquedos -\",\"isPartOf\":{\"@id\":\"https:\\\/\\\/inclusivenews.com.br\\\/#website\"},\"primaryImageOfPage\":{\"@id\":\"https:\\\/\\\/inclusivenews.com.br\\\/?p=17781#primaryimage\"},\"image\":{\"@id\":\"https:\\\/\\\/inclusivenews.com.br\\\/?p=17781#primaryimage\"},\"thumbnailUrl\":\"http:\\\/\\\/inclusivenews.com.br\\\/wp-content\\\/uploads\\\/2010\\\/01\\\/Instituto-Alana.jpg\",\"datePublished\":\"2010-10-21T10:26:22+00:00\",\"breadcrumb\":{\"@id\":\"https:\\\/\\\/inclusivenews.com.br\\\/?p=17781#breadcrumb\"},\"inLanguage\":\"pt-PT\",\"potentialAction\":[{\"@type\":\"ReadAction\",\"target\":[\"https:\\\/\\\/inclusivenews.com.br\\\/?p=17781\"]}]},{\"@type\":\"ImageObject\",\"inLanguage\":\"pt-PT\",\"@id\":\"https:\\\/\\\/inclusivenews.com.br\\\/?p=17781#primaryimage\",\"url\":\"\",\"contentUrl\":\"\"},{\"@type\":\"BreadcrumbList\",\"@id\":\"https:\\\/\\\/inclusivenews.com.br\\\/?p=17781#breadcrumb\",\"itemListElement\":[{\"@type\":\"ListItem\",\"position\":1,\"name\":\"In\u00edcio\",\"item\":\"https:\\\/\\\/inclusivenews.com.br\\\/\"},{\"@type\":\"ListItem\",\"position\":2,\"name\":\"No m\u00eas das crian\u00e7as, mais de 75% das publicidades para o p\u00fablico infantil s\u00e3o de brinquedos\"}]},{\"@type\":\"WebSite\",\"@id\":\"https:\\\/\\\/inclusivenews.com.br\\\/#website\",\"url\":\"https:\\\/\\\/inclusivenews.com.br\\\/\",\"name\":\"Inclusive News\",\"description\":\"Inclusive News\",\"publisher\":{\"@id\":\"https:\\\/\\\/inclusivenews.com.br\\\/#organization\"},\"potentialAction\":[{\"@type\":\"SearchAction\",\"target\":{\"@type\":\"EntryPoint\",\"urlTemplate\":\"https:\\\/\\\/inclusivenews.com.br\\\/?s={search_term_string}\"},\"query-input\":{\"@type\":\"PropertyValueSpecification\",\"valueRequired\":true,\"valueName\":\"search_term_string\"}}],\"inLanguage\":\"pt-PT\"},{\"@type\":\"Organization\",\"@id\":\"https:\\\/\\\/inclusivenews.com.br\\\/#organization\",\"name\":\"Inclusive - inclus\u00e3o e cidadania\",\"url\":\"https:\\\/\\\/inclusivenews.com.br\\\/\",\"logo\":{\"@type\":\"ImageObject\",\"inLanguage\":\"pt-PT\",\"@id\":\"https:\\\/\\\/inclusivenews.com.br\\\/#\\\/schema\\\/logo\\\/image\\\/\",\"url\":\"https:\\\/\\\/inclusivenews.com.br\\\/wp-content\\\/uploads\\\/2024\\\/03\\\/@grandesite.png\",\"contentUrl\":\"https:\\\/\\\/inclusivenews.com.br\\\/wp-content\\\/uploads\\\/2024\\\/03\\\/@grandesite.png\",\"width\":1080,\"height\":1080,\"caption\":\"Inclusive - inclus\u00e3o e cidadania\"},\"image\":{\"@id\":\"https:\\\/\\\/inclusivenews.com.br\\\/#\\\/schema\\\/logo\\\/image\\\/\"},\"sameAs\":[\"https:\\\/\\\/www.facebook.com\\\/agenciainclusive\\\/\",\"https:\\\/\\\/www.instagram.com\\\/newsinclusive\\\/\"]},{\"@type\":\"Person\",\"@id\":\"https:\\\/\\\/inclusivenews.com.br\\\/#\\\/schema\\\/person\\\/ae4ec7087559b8692fb33b6fffd2273b\",\"name\":\"inclusivenews2024\",\"image\":{\"@type\":\"ImageObject\",\"inLanguage\":\"pt-PT\",\"@id\":\"https:\\\/\\\/secure.gravatar.com\\\/avatar\\\/c5a7ef84c66fa914f55bc4f7ce26cfa275a3b9a1c5568b907bd184fb4dde7b40?s=96&d=mm&r=g\",\"url\":\"https:\\\/\\\/secure.gravatar.com\\\/avatar\\\/c5a7ef84c66fa914f55bc4f7ce26cfa275a3b9a1c5568b907bd184fb4dde7b40?s=96&d=mm&r=g\",\"contentUrl\":\"https:\\\/\\\/secure.gravatar.com\\\/avatar\\\/c5a7ef84c66fa914f55bc4f7ce26cfa275a3b9a1c5568b907bd184fb4dde7b40?s=96&d=mm&r=g\",\"caption\":\"inclusivenews2024\"},\"sameAs\":[\"https:\\\/\\\/inclusivenews.com.br\"],\"url\":\"https:\\\/\\\/inclusivenews.com.br\\\/?author=1\"}]}<\/script>\n<!-- \/ Yoast SEO plugin. -->","yoast_head_json":{"title":"No m\u00eas das crian\u00e7as, mais de 75% das publicidades para o p\u00fablico infantil s\u00e3o de brinquedos -","robots":{"index":"index","follow":"follow","max-snippet":"max-snippet:-1","max-image-preview":"max-image-preview:large","max-video-preview":"max-video-preview:-1"},"canonical":"https:\/\/inclusivenews.com.br\/?p=17781","og_locale":"pt_PT","og_type":"article","og_title":"No m\u00eas das crian\u00e7as, mais de 75% das publicidades para o p\u00fablico infantil s\u00e3o de brinquedos -","og_description":"Levantamento do Projeto Crian\u00e7a e Consumo, do Instituto Alana, monitorou 7 canais de TV e identificou aproximadamente 1.100 inser\u00e7\u00f5es publicit\u00e1rias dirigidas ao p\u00fablico infantil. Do Instituto Alana.","og_url":"https:\/\/inclusivenews.com.br\/?p=17781","article_publisher":"https:\/\/www.facebook.com\/agenciainclusive\/","article_published_time":"2010-10-21T10:26:22+00:00","og_image":[{"url":"http:\/\/inclusivenews.com.br\/wp-content\/uploads\/2010\/01\/Instituto-Alana.jpg","type":"","width":"","height":""}],"author":"inclusivenews2024","twitter_card":"summary_large_image","twitter_misc":{"Escrito por":"inclusivenews2024","Tempo estimado de leitura":"3 minutos"},"schema":{"@context":"https:\/\/schema.org","@graph":[{"@type":"Article","@id":"https:\/\/inclusivenews.com.br\/?p=17781#article","isPartOf":{"@id":"https:\/\/inclusivenews.com.br\/?p=17781"},"author":{"name":"inclusivenews2024","@id":"https:\/\/inclusivenews.com.br\/#\/schema\/person\/ae4ec7087559b8692fb33b6fffd2273b"},"headline":"No m\u00eas das crian\u00e7as, mais de 75% das publicidades para o p\u00fablico infantil s\u00e3o de brinquedos","datePublished":"2010-10-21T10:26:22+00:00","mainEntityOfPage":{"@id":"https:\/\/inclusivenews.com.br\/?p=17781"},"wordCount":529,"commentCount":0,"publisher":{"@id":"https:\/\/inclusivenews.com.br\/#organization"},"image":{"@id":"https:\/\/inclusivenews.com.br\/?p=17781#primaryimage"},"thumbnailUrl":"http:\/\/inclusivenews.com.br\/wp-content\/uploads\/2010\/01\/Instituto-Alana.jpg","keywords":["Inf\u00e2ncia"],"articleSection":["NOT\u00cdCIAS"],"inLanguage":"pt-PT","potentialAction":[{"@type":"CommentAction","name":"Comment","target":["https:\/\/inclusivenews.com.br\/?p=17781#respond"]}]},{"@type":"WebPage","@id":"https:\/\/inclusivenews.com.br\/?p=17781","url":"https:\/\/inclusivenews.com.br\/?p=17781","name":"No m\u00eas das crian\u00e7as, mais de 75% das publicidades para o p\u00fablico infantil s\u00e3o de brinquedos -","isPartOf":{"@id":"https:\/\/inclusivenews.com.br\/#website"},"primaryImageOfPage":{"@id":"https:\/\/inclusivenews.com.br\/?p=17781#primaryimage"},"image":{"@id":"https:\/\/inclusivenews.com.br\/?p=17781#primaryimage"},"thumbnailUrl":"http:\/\/inclusivenews.com.br\/wp-content\/uploads\/2010\/01\/Instituto-Alana.jpg","datePublished":"2010-10-21T10:26:22+00:00","breadcrumb":{"@id":"https:\/\/inclusivenews.com.br\/?p=17781#breadcrumb"},"inLanguage":"pt-PT","potentialAction":[{"@type":"ReadAction","target":["https:\/\/inclusivenews.com.br\/?p=17781"]}]},{"@type":"ImageObject","inLanguage":"pt-PT","@id":"https:\/\/inclusivenews.com.br\/?p=17781#primaryimage","url":"","contentUrl":""},{"@type":"BreadcrumbList","@id":"https:\/\/inclusivenews.com.br\/?p=17781#breadcrumb","itemListElement":[{"@type":"ListItem","position":1,"name":"In\u00edcio","item":"https:\/\/inclusivenews.com.br\/"},{"@type":"ListItem","position":2,"name":"No m\u00eas das crian\u00e7as, mais de 75% das publicidades para o p\u00fablico infantil s\u00e3o de brinquedos"}]},{"@type":"WebSite","@id":"https:\/\/inclusivenews.com.br\/#website","url":"https:\/\/inclusivenews.com.br\/","name":"Inclusive News","description":"Inclusive News","publisher":{"@id":"https:\/\/inclusivenews.com.br\/#organization"},"potentialAction":[{"@type":"SearchAction","target":{"@type":"EntryPoint","urlTemplate":"https:\/\/inclusivenews.com.br\/?s={search_term_string}"},"query-input":{"@type":"PropertyValueSpecification","valueRequired":true,"valueName":"search_term_string"}}],"inLanguage":"pt-PT"},{"@type":"Organization","@id":"https:\/\/inclusivenews.com.br\/#organization","name":"Inclusive - inclus\u00e3o e cidadania","url":"https:\/\/inclusivenews.com.br\/","logo":{"@type":"ImageObject","inLanguage":"pt-PT","@id":"https:\/\/inclusivenews.com.br\/#\/schema\/logo\/image\/","url":"https:\/\/inclusivenews.com.br\/wp-content\/uploads\/2024\/03\/@grandesite.png","contentUrl":"https:\/\/inclusivenews.com.br\/wp-content\/uploads\/2024\/03\/@grandesite.png","width":1080,"height":1080,"caption":"Inclusive - inclus\u00e3o e cidadania"},"image":{"@id":"https:\/\/inclusivenews.com.br\/#\/schema\/logo\/image\/"},"sameAs":["https:\/\/www.facebook.com\/agenciainclusive\/","https:\/\/www.instagram.com\/newsinclusive\/"]},{"@type":"Person","@id":"https:\/\/inclusivenews.com.br\/#\/schema\/person\/ae4ec7087559b8692fb33b6fffd2273b","name":"inclusivenews2024","image":{"@type":"ImageObject","inLanguage":"pt-PT","@id":"https:\/\/secure.gravatar.com\/avatar\/c5a7ef84c66fa914f55bc4f7ce26cfa275a3b9a1c5568b907bd184fb4dde7b40?s=96&d=mm&r=g","url":"https:\/\/secure.gravatar.com\/avatar\/c5a7ef84c66fa914f55bc4f7ce26cfa275a3b9a1c5568b907bd184fb4dde7b40?s=96&d=mm&r=g","contentUrl":"https:\/\/secure.gravatar.com\/avatar\/c5a7ef84c66fa914f55bc4f7ce26cfa275a3b9a1c5568b907bd184fb4dde7b40?s=96&d=mm&r=g","caption":"inclusivenews2024"},"sameAs":["https:\/\/inclusivenews.com.br"],"url":"https:\/\/inclusivenews.com.br\/?author=1"}]}},"_links":{"self":[{"href":"https:\/\/inclusivenews.com.br\/index.php?rest_route=\/wp\/v2\/posts\/17781","targetHints":{"allow":["GET"]}}],"collection":[{"href":"https:\/\/inclusivenews.com.br\/index.php?rest_route=\/wp\/v2\/posts"}],"about":[{"href":"https:\/\/inclusivenews.com.br\/index.php?rest_route=\/wp\/v2\/types\/post"}],"author":[{"embeddable":true,"href":"https:\/\/inclusivenews.com.br\/index.php?rest_route=\/wp\/v2\/users\/1"}],"replies":[{"embeddable":true,"href":"https:\/\/inclusivenews.com.br\/index.php?rest_route=%2Fwp%2Fv2%2Fcomments&post=17781"}],"version-history":[{"count":0,"href":"https:\/\/inclusivenews.com.br\/index.php?rest_route=\/wp\/v2\/posts\/17781\/revisions"}],"wp:attachment":[{"href":"https:\/\/inclusivenews.com.br\/index.php?rest_route=%2Fwp%2Fv2%2Fmedia&parent=17781"}],"wp:term":[{"taxonomy":"category","embeddable":true,"href":"https:\/\/inclusivenews.com.br\/index.php?rest_route=%2Fwp%2Fv2%2Fcategories&post=17781"},{"taxonomy":"post_tag","embeddable":true,"href":"https:\/\/inclusivenews.com.br\/index.php?rest_route=%2Fwp%2Fv2%2Ftags&post=17781"}],"curies":[{"name":"wp","href":"https:\/\/api.w.org\/{rel}","templated":true}]}}