{"id":17790,"date":"2010-10-21T07:19:40","date_gmt":"2010-10-21T10:19:40","guid":{"rendered":"http:\/\/www.inclusive.org.br\/?p=17790"},"modified":"2010-10-21T07:19:40","modified_gmt":"2010-10-21T10:19:40","slug":"1-congresso-de-tecnologia-assistiva-e-inclusao-social-das-pessoas-com-deficiencia-chega-ao-df-2","status":"publish","type":"post","link":"https:\/\/inclusivenews.com.br\/?p=17790","title":{"rendered":"1\u00b0 Congresso de Tecnologia Assistiva e Inclus\u00e3o Social das Pessoas com Defici\u00eancia chega ao DF"},"content":{"rendered":"<div class=\"mceTemp\">\n<dl id=\"attachment_17795\" class=\"wp-caption alignleft\" style=\"width: 270px;\">\n<dt class=\"wp-caption-dt\"><a href=\"http:\/\/www.inclusivenews.com.br\/wp-content\/uploads\/2010\/10\/muitoespecial.jpg\"><img loading=\"lazy\" decoding=\"async\" class=\"size-full wp-image-17795\" title=\"1\u00b0 Congresso Muito Especial de Tecnologia Assistiva e Inclus\u00e3o Social das Pessoas com Defici\u00eancia do Distrito Federal.\" src=\"http:\/\/inclusivenews.com.br\/wp-content\/uploads\/2010\/10\/muitoespecial.jpg\" alt=\"1\u00b0 Congresso Muito Especial de Tecnologia Assistiva e Inclus\u00e3o Social das Pessoas com Defici\u00eancia do Distrito Federal.\" width=\"260\" height=\"110\" \/><\/a><\/dt>\n<dd class=\"wp-caption-dd\"><\/dd>\n<\/dl>\n<\/div>\n<p>O Instituto Muito Especial, em parceria com o Minist\u00e9rio da Ci\u00eancia e Tecnologia, promove de 9 a 12 de novembro, o 1\u00b0 Congresso Muito Especial de Tecnologia Assistiva e Inclus\u00e3o Social das Pessoas com Defici\u00eancia do Distrito Federal. As inscri\u00e7\u00f5es para participar das discuss\u00f5es e palestras est\u00e3o abertas, s\u00e3o gratuitas, por\u00e9m limitadas e podem ser feitas no site do evento (www.congressoassistivabrasilia.org.br) ou por meio do telefone (61) 3879-1587.<\/p>\n<p>O credenciamento do congresso ser\u00e1 realizado no dia 9 de novembro, a partir das 17h, e somente as primeiras 500 pessoas que se credenciarem ter\u00e3o direito ao kit com mochila, cartilhas, bloco, pasta e caneta do evento.<\/p>\n<p>O evento \u00e9 aberto a empresas, universidades, pesquisadores, \u00f3rg\u00e3os p\u00fablicos, estudantes e \u00e0 popula\u00e7\u00e3o em geral com ou sem defici\u00eancia. Os principais objetivos s\u00e3o disseminar o conceito de acessibilidade e inclus\u00e3o das pessoas com defici\u00eancia, estimular a pesquisa e desenvolvimento da tecnologia assistiva no pa\u00eds, colaborar com a atualiza\u00e7\u00e3o dos conhecimentos t\u00e9cnicos dos profissionais da \u00e1rea e difundir experi\u00eancias inovadoras que facilitam a inclus\u00e3o social e profissional das pessoas com defici\u00eancia.<\/p>\n<p>Inova\u00e7\u00f5es &#8211; Simultaneamente ao congresso ocorre a 1\u00aa Feira Muito Especial de Tecnologia Assistiva e Inclus\u00e3o Social das Pessoas com Defici\u00eancia do Distrito Federal. Na ocasi\u00e3o, cerca de 30 expositores levar\u00e3o inven\u00e7\u00f5es e novidades que facilitam a vida das pessoas com defici\u00eancia e contribuem com o prop\u00f3sito de inclus\u00e3o desse p\u00fablico na sociedade e no ambiente de trabalho. A feira tem acesso livre e gratuito a toda popula\u00e7\u00e3o e n\u00e3o h\u00e1 necessidade de inscri\u00e7\u00e3o para visitar.<\/p>\n<p>Servi\u00e7o:<\/p>\n<p>1\u00b0 Congresso e 1\u00aa Feira Muito Especial de Tecnologia Assistiva e Inclus\u00e3o Social das Pessoas com Defici\u00eancia do Distrito Federal<\/p>\n<p>Data: 9 a 12 de novembro<\/p>\n<p>Local: Centro de Eventos e Conven\u00e7\u00f5es Brasil 21 (Setor Hoteleiro Sul, Quadra 6, Lote 1, Conjunto A)<\/p>\n<p>Inscri\u00e7\u00f5es para o congresso: gratuitas e realizadas pelo site <a href=\"http:\/\/www.congressoassistivabrasilia.org.br\">www.congressoassistivabrasilia.org.br<\/a> ou pelo telefone (61) 3879-1587<\/p>\n","protected":false},"excerpt":{"rendered":"<p>Inscri\u00e7\u00f5es est\u00e3o abertas para evento promovido pelo Instituto Muito Especial e MCT, entre 9 e 12 de novembro. As vagas s\u00e3o gratuitas e limitadas<\/p>\n","protected":false},"author":1,"featured_media":0,"comment_status":"open","ping_status":"open","sticky":false,"template":"","format":"standard","meta":{"site-container-style":"default","site-container-layout":"default","site-sidebar-layout":"default","disable-article-header":"default","disable-site-header":"default","disable-site-footer":"default","disable-content-area-spacing":"default","footnotes":""},"categories":[12,4],"tags":[69],"class_list":["post-17790","post","type-post","status-publish","format-standard","hentry","category-cursos-e-eventos","category-noticias","tag-tecnologias-assistivas"],"yoast_head":"<!-- This site is optimized with the Yoast SEO plugin v27.4 - https:\/\/yoast.com\/product\/yoast-seo-wordpress\/ -->\n<title>1\u00b0 Congresso de Tecnologia Assistiva e Inclus\u00e3o Social das Pessoas com Defici\u00eancia chega ao DF -<\/title>\n<meta name=\"robots\" content=\"index, follow, max-snippet:-1, max-image-preview:large, max-video-preview:-1\" \/>\n<link rel=\"canonical\" href=\"https:\/\/inclusivenews.com.br\/?p=17790\" \/>\n<meta property=\"og:locale\" content=\"pt_PT\" \/>\n<meta property=\"og:type\" content=\"article\" \/>\n<meta property=\"og:title\" content=\"1\u00b0 Congresso de Tecnologia Assistiva e Inclus\u00e3o Social das Pessoas com Defici\u00eancia chega ao DF -\" \/>\n<meta property=\"og:description\" content=\"Inscri\u00e7\u00f5es est\u00e3o abertas para evento promovido pelo Instituto Muito Especial e MCT, entre 9 e 12 de novembro. As vagas s\u00e3o gratuitas e limitadas\" \/>\n<meta property=\"og:url\" content=\"https:\/\/inclusivenews.com.br\/?p=17790\" \/>\n<meta property=\"article:publisher\" content=\"https:\/\/www.facebook.com\/agenciainclusive\/\" \/>\n<meta property=\"article:published_time\" content=\"2010-10-21T10:19:40+00:00\" \/>\n<meta property=\"og:image\" content=\"http:\/\/inclusivenews.com.br\/wp-content\/uploads\/2010\/10\/muitoespecial.jpg\" \/>\n<meta name=\"author\" content=\"inclusivenews2024\" \/>\n<meta name=\"twitter:card\" content=\"summary_large_image\" \/>\n<meta name=\"twitter:label1\" content=\"Escrito por\" \/>\n\t<meta name=\"twitter:data1\" content=\"inclusivenews2024\" \/>\n\t<meta name=\"twitter:label2\" content=\"Tempo estimado de leitura\" \/>\n\t<meta name=\"twitter:data2\" content=\"2 minutos\" \/>\n<script type=\"application\/ld+json\" class=\"yoast-schema-graph\">{\"@context\":\"https:\\\/\\\/schema.org\",\"@graph\":[{\"@type\":\"Article\",\"@id\":\"https:\\\/\\\/inclusivenews.com.br\\\/?p=17790#article\",\"isPartOf\":{\"@id\":\"https:\\\/\\\/inclusivenews.com.br\\\/?p=17790\"},\"author\":{\"name\":\"inclusivenews2024\",\"@id\":\"https:\\\/\\\/inclusivenews.com.br\\\/#\\\/schema\\\/person\\\/ae4ec7087559b8692fb33b6fffd2273b\"},\"headline\":\"1\u00b0 Congresso de Tecnologia Assistiva e Inclus\u00e3o Social das Pessoas com Defici\u00eancia chega ao DF\",\"datePublished\":\"2010-10-21T10:19:40+00:00\",\"mainEntityOfPage\":{\"@id\":\"https:\\\/\\\/inclusivenews.com.br\\\/?p=17790\"},\"wordCount\":356,\"commentCount\":0,\"publisher\":{\"@id\":\"https:\\\/\\\/inclusivenews.com.br\\\/#organization\"},\"image\":{\"@id\":\"https:\\\/\\\/inclusivenews.com.br\\\/?p=17790#primaryimage\"},\"thumbnailUrl\":\"http:\\\/\\\/inclusivenews.com.br\\\/wp-content\\\/uploads\\\/2010\\\/10\\\/muitoespecial.jpg\",\"keywords\":[\"Tecnologias assistivas\"],\"articleSection\":[\"Cursos e eventos\",\"NOT\u00cdCIAS\"],\"inLanguage\":\"pt-PT\",\"potentialAction\":[{\"@type\":\"CommentAction\",\"name\":\"Comment\",\"target\":[\"https:\\\/\\\/inclusivenews.com.br\\\/?p=17790#respond\"]}]},{\"@type\":\"WebPage\",\"@id\":\"https:\\\/\\\/inclusivenews.com.br\\\/?p=17790\",\"url\":\"https:\\\/\\\/inclusivenews.com.br\\\/?p=17790\",\"name\":\"1\u00b0 Congresso de Tecnologia Assistiva e Inclus\u00e3o Social das Pessoas com Defici\u00eancia chega ao DF -\",\"isPartOf\":{\"@id\":\"https:\\\/\\\/inclusivenews.com.br\\\/#website\"},\"primaryImageOfPage\":{\"@id\":\"https:\\\/\\\/inclusivenews.com.br\\\/?p=17790#primaryimage\"},\"image\":{\"@id\":\"https:\\\/\\\/inclusivenews.com.br\\\/?p=17790#primaryimage\"},\"thumbnailUrl\":\"http:\\\/\\\/inclusivenews.com.br\\\/wp-content\\\/uploads\\\/2010\\\/10\\\/muitoespecial.jpg\",\"datePublished\":\"2010-10-21T10:19:40+00:00\",\"breadcrumb\":{\"@id\":\"https:\\\/\\\/inclusivenews.com.br\\\/?p=17790#breadcrumb\"},\"inLanguage\":\"pt-PT\",\"potentialAction\":[{\"@type\":\"ReadAction\",\"target\":[\"https:\\\/\\\/inclusivenews.com.br\\\/?p=17790\"]}]},{\"@type\":\"ImageObject\",\"inLanguage\":\"pt-PT\",\"@id\":\"https:\\\/\\\/inclusivenews.com.br\\\/?p=17790#primaryimage\",\"url\":\"\",\"contentUrl\":\"\"},{\"@type\":\"BreadcrumbList\",\"@id\":\"https:\\\/\\\/inclusivenews.com.br\\\/?p=17790#breadcrumb\",\"itemListElement\":[{\"@type\":\"ListItem\",\"position\":1,\"name\":\"In\u00edcio\",\"item\":\"https:\\\/\\\/inclusivenews.com.br\\\/\"},{\"@type\":\"ListItem\",\"position\":2,\"name\":\"1\u00b0 Congresso de Tecnologia Assistiva e Inclus\u00e3o Social das Pessoas com Defici\u00eancia chega ao DF\"}]},{\"@type\":\"WebSite\",\"@id\":\"https:\\\/\\\/inclusivenews.com.br\\\/#website\",\"url\":\"https:\\\/\\\/inclusivenews.com.br\\\/\",\"name\":\"Inclusive News\",\"description\":\"Inclusive News\",\"publisher\":{\"@id\":\"https:\\\/\\\/inclusivenews.com.br\\\/#organization\"},\"potentialAction\":[{\"@type\":\"SearchAction\",\"target\":{\"@type\":\"EntryPoint\",\"urlTemplate\":\"https:\\\/\\\/inclusivenews.com.br\\\/?s={search_term_string}\"},\"query-input\":{\"@type\":\"PropertyValueSpecification\",\"valueRequired\":true,\"valueName\":\"search_term_string\"}}],\"inLanguage\":\"pt-PT\"},{\"@type\":\"Organization\",\"@id\":\"https:\\\/\\\/inclusivenews.com.br\\\/#organization\",\"name\":\"Inclusive - inclus\u00e3o e cidadania\",\"url\":\"https:\\\/\\\/inclusivenews.com.br\\\/\",\"logo\":{\"@type\":\"ImageObject\",\"inLanguage\":\"pt-PT\",\"@id\":\"https:\\\/\\\/inclusivenews.com.br\\\/#\\\/schema\\\/logo\\\/image\\\/\",\"url\":\"https:\\\/\\\/inclusivenews.com.br\\\/wp-content\\\/uploads\\\/2024\\\/03\\\/@grandesite.png\",\"contentUrl\":\"https:\\\/\\\/inclusivenews.com.br\\\/wp-content\\\/uploads\\\/2024\\\/03\\\/@grandesite.png\",\"width\":1080,\"height\":1080,\"caption\":\"Inclusive - inclus\u00e3o e cidadania\"},\"image\":{\"@id\":\"https:\\\/\\\/inclusivenews.com.br\\\/#\\\/schema\\\/logo\\\/image\\\/\"},\"sameAs\":[\"https:\\\/\\\/www.facebook.com\\\/agenciainclusive\\\/\",\"https:\\\/\\\/www.instagram.com\\\/newsinclusive\\\/\"]},{\"@type\":\"Person\",\"@id\":\"https:\\\/\\\/inclusivenews.com.br\\\/#\\\/schema\\\/person\\\/ae4ec7087559b8692fb33b6fffd2273b\",\"name\":\"inclusivenews2024\",\"image\":{\"@type\":\"ImageObject\",\"inLanguage\":\"pt-PT\",\"@id\":\"https:\\\/\\\/secure.gravatar.com\\\/avatar\\\/c5a7ef84c66fa914f55bc4f7ce26cfa275a3b9a1c5568b907bd184fb4dde7b40?s=96&d=mm&r=g\",\"url\":\"https:\\\/\\\/secure.gravatar.com\\\/avatar\\\/c5a7ef84c66fa914f55bc4f7ce26cfa275a3b9a1c5568b907bd184fb4dde7b40?s=96&d=mm&r=g\",\"contentUrl\":\"https:\\\/\\\/secure.gravatar.com\\\/avatar\\\/c5a7ef84c66fa914f55bc4f7ce26cfa275a3b9a1c5568b907bd184fb4dde7b40?s=96&d=mm&r=g\",\"caption\":\"inclusivenews2024\"},\"sameAs\":[\"https:\\\/\\\/inclusivenews.com.br\"],\"url\":\"https:\\\/\\\/inclusivenews.com.br\\\/?author=1\"}]}<\/script>\n<!-- \/ Yoast SEO plugin. -->","yoast_head_json":{"title":"1\u00b0 Congresso de Tecnologia Assistiva e Inclus\u00e3o Social das Pessoas com Defici\u00eancia chega ao DF -","robots":{"index":"index","follow":"follow","max-snippet":"max-snippet:-1","max-image-preview":"max-image-preview:large","max-video-preview":"max-video-preview:-1"},"canonical":"https:\/\/inclusivenews.com.br\/?p=17790","og_locale":"pt_PT","og_type":"article","og_title":"1\u00b0 Congresso de Tecnologia Assistiva e Inclus\u00e3o Social das Pessoas com Defici\u00eancia chega ao DF -","og_description":"Inscri\u00e7\u00f5es est\u00e3o abertas para evento promovido pelo Instituto Muito Especial e MCT, entre 9 e 12 de novembro. As vagas s\u00e3o gratuitas e limitadas","og_url":"https:\/\/inclusivenews.com.br\/?p=17790","article_publisher":"https:\/\/www.facebook.com\/agenciainclusive\/","article_published_time":"2010-10-21T10:19:40+00:00","og_image":[{"url":"http:\/\/inclusivenews.com.br\/wp-content\/uploads\/2010\/10\/muitoespecial.jpg","type":"","width":"","height":""}],"author":"inclusivenews2024","twitter_card":"summary_large_image","twitter_misc":{"Escrito por":"inclusivenews2024","Tempo estimado de leitura":"2 minutos"},"schema":{"@context":"https:\/\/schema.org","@graph":[{"@type":"Article","@id":"https:\/\/inclusivenews.com.br\/?p=17790#article","isPartOf":{"@id":"https:\/\/inclusivenews.com.br\/?p=17790"},"author":{"name":"inclusivenews2024","@id":"https:\/\/inclusivenews.com.br\/#\/schema\/person\/ae4ec7087559b8692fb33b6fffd2273b"},"headline":"1\u00b0 Congresso de Tecnologia Assistiva e Inclus\u00e3o Social das Pessoas com Defici\u00eancia chega ao DF","datePublished":"2010-10-21T10:19:40+00:00","mainEntityOfPage":{"@id":"https:\/\/inclusivenews.com.br\/?p=17790"},"wordCount":356,"commentCount":0,"publisher":{"@id":"https:\/\/inclusivenews.com.br\/#organization"},"image":{"@id":"https:\/\/inclusivenews.com.br\/?p=17790#primaryimage"},"thumbnailUrl":"http:\/\/inclusivenews.com.br\/wp-content\/uploads\/2010\/10\/muitoespecial.jpg","keywords":["Tecnologias assistivas"],"articleSection":["Cursos e eventos","NOT\u00cdCIAS"],"inLanguage":"pt-PT","potentialAction":[{"@type":"CommentAction","name":"Comment","target":["https:\/\/inclusivenews.com.br\/?p=17790#respond"]}]},{"@type":"WebPage","@id":"https:\/\/inclusivenews.com.br\/?p=17790","url":"https:\/\/inclusivenews.com.br\/?p=17790","name":"1\u00b0 Congresso de Tecnologia Assistiva e Inclus\u00e3o Social das Pessoas com Defici\u00eancia chega ao DF -","isPartOf":{"@id":"https:\/\/inclusivenews.com.br\/#website"},"primaryImageOfPage":{"@id":"https:\/\/inclusivenews.com.br\/?p=17790#primaryimage"},"image":{"@id":"https:\/\/inclusivenews.com.br\/?p=17790#primaryimage"},"thumbnailUrl":"http:\/\/inclusivenews.com.br\/wp-content\/uploads\/2010\/10\/muitoespecial.jpg","datePublished":"2010-10-21T10:19:40+00:00","breadcrumb":{"@id":"https:\/\/inclusivenews.com.br\/?p=17790#breadcrumb"},"inLanguage":"pt-PT","potentialAction":[{"@type":"ReadAction","target":["https:\/\/inclusivenews.com.br\/?p=17790"]}]},{"@type":"ImageObject","inLanguage":"pt-PT","@id":"https:\/\/inclusivenews.com.br\/?p=17790#primaryimage","url":"","contentUrl":""},{"@type":"BreadcrumbList","@id":"https:\/\/inclusivenews.com.br\/?p=17790#breadcrumb","itemListElement":[{"@type":"ListItem","position":1,"name":"In\u00edcio","item":"https:\/\/inclusivenews.com.br\/"},{"@type":"ListItem","position":2,"name":"1\u00b0 Congresso de Tecnologia Assistiva e Inclus\u00e3o Social das Pessoas com Defici\u00eancia chega ao DF"}]},{"@type":"WebSite","@id":"https:\/\/inclusivenews.com.br\/#website","url":"https:\/\/inclusivenews.com.br\/","name":"Inclusive News","description":"Inclusive News","publisher":{"@id":"https:\/\/inclusivenews.com.br\/#organization"},"potentialAction":[{"@type":"SearchAction","target":{"@type":"EntryPoint","urlTemplate":"https:\/\/inclusivenews.com.br\/?s={search_term_string}"},"query-input":{"@type":"PropertyValueSpecification","valueRequired":true,"valueName":"search_term_string"}}],"inLanguage":"pt-PT"},{"@type":"Organization","@id":"https:\/\/inclusivenews.com.br\/#organization","name":"Inclusive - inclus\u00e3o e cidadania","url":"https:\/\/inclusivenews.com.br\/","logo":{"@type":"ImageObject","inLanguage":"pt-PT","@id":"https:\/\/inclusivenews.com.br\/#\/schema\/logo\/image\/","url":"https:\/\/inclusivenews.com.br\/wp-content\/uploads\/2024\/03\/@grandesite.png","contentUrl":"https:\/\/inclusivenews.com.br\/wp-content\/uploads\/2024\/03\/@grandesite.png","width":1080,"height":1080,"caption":"Inclusive - inclus\u00e3o e cidadania"},"image":{"@id":"https:\/\/inclusivenews.com.br\/#\/schema\/logo\/image\/"},"sameAs":["https:\/\/www.facebook.com\/agenciainclusive\/","https:\/\/www.instagram.com\/newsinclusive\/"]},{"@type":"Person","@id":"https:\/\/inclusivenews.com.br\/#\/schema\/person\/ae4ec7087559b8692fb33b6fffd2273b","name":"inclusivenews2024","image":{"@type":"ImageObject","inLanguage":"pt-PT","@id":"https:\/\/secure.gravatar.com\/avatar\/c5a7ef84c66fa914f55bc4f7ce26cfa275a3b9a1c5568b907bd184fb4dde7b40?s=96&d=mm&r=g","url":"https:\/\/secure.gravatar.com\/avatar\/c5a7ef84c66fa914f55bc4f7ce26cfa275a3b9a1c5568b907bd184fb4dde7b40?s=96&d=mm&r=g","contentUrl":"https:\/\/secure.gravatar.com\/avatar\/c5a7ef84c66fa914f55bc4f7ce26cfa275a3b9a1c5568b907bd184fb4dde7b40?s=96&d=mm&r=g","caption":"inclusivenews2024"},"sameAs":["https:\/\/inclusivenews.com.br"],"url":"https:\/\/inclusivenews.com.br\/?author=1"}]}},"_links":{"self":[{"href":"https:\/\/inclusivenews.com.br\/index.php?rest_route=\/wp\/v2\/posts\/17790","targetHints":{"allow":["GET"]}}],"collection":[{"href":"https:\/\/inclusivenews.com.br\/index.php?rest_route=\/wp\/v2\/posts"}],"about":[{"href":"https:\/\/inclusivenews.com.br\/index.php?rest_route=\/wp\/v2\/types\/post"}],"author":[{"embeddable":true,"href":"https:\/\/inclusivenews.com.br\/index.php?rest_route=\/wp\/v2\/users\/1"}],"replies":[{"embeddable":true,"href":"https:\/\/inclusivenews.com.br\/index.php?rest_route=%2Fwp%2Fv2%2Fcomments&post=17790"}],"version-history":[{"count":0,"href":"https:\/\/inclusivenews.com.br\/index.php?rest_route=\/wp\/v2\/posts\/17790\/revisions"}],"wp:attachment":[{"href":"https:\/\/inclusivenews.com.br\/index.php?rest_route=%2Fwp%2Fv2%2Fmedia&parent=17790"}],"wp:term":[{"taxonomy":"category","embeddable":true,"href":"https:\/\/inclusivenews.com.br\/index.php?rest_route=%2Fwp%2Fv2%2Fcategories&post=17790"},{"taxonomy":"post_tag","embeddable":true,"href":"https:\/\/inclusivenews.com.br\/index.php?rest_route=%2Fwp%2Fv2%2Ftags&post=17790"}],"curies":[{"name":"wp","href":"https:\/\/api.w.org\/{rel}","templated":true}]}}