{"id":17797,"date":"2010-10-21T07:24:24","date_gmt":"2010-10-21T10:24:24","guid":{"rendered":"http:\/\/www.inclusive.org.br\/?p=17797"},"modified":"2010-10-21T07:24:24","modified_gmt":"2010-10-21T10:24:24","slug":"a-inclusao-e-uma-realidade-cabe-a-cada-um-de-nos-fazer-a-sua-parte","status":"publish","type":"post","link":"https:\/\/inclusivenews.com.br\/?p=17797","title":{"rendered":"A inclus\u00e3o \u00e9 uma realidade, cabe a cada um de n\u00f3s fazer a sua parte"},"content":{"rendered":"<div class=\"mceTemp\">\n<dl id=\"attachment_12981\" class=\"wp-caption alignleft\" style=\"width: 236px;\">\n<dt class=\"wp-caption-dt\"><a href=\"http:\/\/www.inclusivenews.com.br\/wp-content\/uploads\/2009\/12\/participacao.jpg\"><img loading=\"lazy\" decoding=\"async\" class=\"size-full wp-image-12981\" title=\"Inclusive - alunos fazendo arte e pinturas no ch\u00e3o.\" src=\"http:\/\/inclusivenews.com.br\/wp-content\/uploads\/2009\/12\/participacao.jpg\" alt=\"Inclusive - alunos fazendo arte e pinturas no ch\u00e3o.\" width=\"226\" height=\"168\" \/><\/a><\/dt>\n<dd class=\"wp-caption-dd\"><\/dd>\n<\/dl>\n<\/div>\n<p><strong>Por Eliete In\u00eas Vogt<\/strong><\/p>\n<p>O princ\u00edpio da inclus\u00e3o \u00e9 a equidade, direito de todas as crian\u00e7as,\u00a0jovens e adultos que apresentam caracter\u00edsticas diferentes e pr\u00f3prias; ter atendimento de acordo com suas capacidades e dificuldades para\u00a0 desenvolver a aprendizagem.<\/p>\n<p>Incluir um aluno com necessidade educativa Especial quer dizer que o aluno deve fazer parte do grupo, estar inserido, que suas necessidades devem ser atendidas e que todos os alunos sejam abrangidos e compreendidos, fazendo parte do processo de constru\u00e7\u00e3o do conhecimento e de viv\u00eancias.<\/p>\n<p>Devemos entender por princ\u00edpio de equidade o reconhecimento do direito\u00a0de cada um \u00e0 igualdade e justi\u00e7a. Todo aluno com caracter\u00edsticas diferentes e pr\u00f3prias e como tal deve ter atendimento diferenciado de acordo com suas potencialidades e necessidades, buscando o desenvolvimento de suas aprendizagens.<\/p>\n<p>A Constitui\u00e7\u00e3o Federal, no artigo 208, al\u00ednea III, estabelece o direito de as pessoas com necessidades especiais receberem educa\u00e7\u00e3o preferencialmente na rede regular de ensino. O Parecer 56\/06 do CEED\u00a0regulamenta o n\u00famero de alunos que podem ser inclu\u00eddos nas turmas regulares e d\u00e1 outras provid\u00eancias. Pode-se incluir no m\u00e1ximo tr\u00eas alunos com necessidades educacionais semelhantes, por turma, com lota\u00e7\u00e3o m\u00e1xima de 20 alunos, nas turmas de pr\u00e9-escola e nos anos iniciais (1\u00aa a 4\u00aa s\u00e9rie ou 1\u00ba ao 5\u00ba ano) e 25 alunos nos anos finais (5\u00aa a 8\u00aa s\u00e9rie ou 6\u00ba ao 9\u00ba ano). Alunos com defici\u00eancias diferentes, por exemplo, um aluno com defici\u00eancia mental e outro com defici\u00eancia visual, admite-se incluir, no m\u00e1ximo, dois alunos por turma, sempre a crit\u00e9rio da equipe escolar. Em casos muito singulares, em que os educandos com graves comprometimentos mentais e\/ou m\u00faltiplos n\u00e3o possam se beneficiar do curr\u00edculo da Base Nacional Comum, dever\u00e1 ser proporcionado um curr\u00edculo funcional para atender \u00e0s necessidades pr\u00e1ticas da vida, mediante programa de atendimento, articula\u00e7\u00e3o e a coopera\u00e7\u00e3o entre setores de educa\u00e7\u00e3o, sa\u00fade e assist\u00eancia, de modo que essa a\u00e7\u00e3o conjunta potencialize, de fato, um resultado significativo.<\/p>\n<p>A inclus\u00e3o \u00e9 uma realidade, cabe a cada um de n\u00f3s fazer a sua parte. Os gestores escolares devem conhecer a legisla\u00e7\u00e3o vigente para que junto com os sistemas de ensino possam adaptar e estruturar as escolas com recursos humanos e materiais, espa\u00e7o f\u00edsico acess\u00edvel, organizar as turmas e proporcionar capacita\u00e7\u00e3o para construir junto com o corpo docente metodologias e estrat\u00e9gias de atendimento, oferecendo assim uma intera\u00e7\u00e3o educativa adequada para todos os alunos e principalmente para as crian\u00e7as e jovens com necessidades educacionais especiais, no sentido de que possam estar verdadeiramente inclu\u00eddos.<\/p>\n<p>Eliete In\u00eas Vogt &#8211; Professora de Educa\u00e7\u00e3o Especial e orientadora educacional<br \/>\n(Postado por \u00c2ngela Rocha &#8211; angela@gazetadosul.com.br).<br \/>\n_________________<\/p>\n<p><strong>Fonte:<\/strong> <a href=\"http:\/\/www.gazetadosul.com.br\">Gazeta do Sul<\/a><\/p>\n","protected":false},"excerpt":{"rendered":"<p>Por Eliete In\u00eas Vogt. A inclus\u00e3o \u00e9 uma realidade, cabe a cada um de n\u00f3s fazer a sua parte.<\/p>\n","protected":false},"author":1,"featured_media":0,"comment_status":"open","ping_status":"open","sticky":false,"template":"","format":"standard","meta":{"site-container-style":"default","site-container-layout":"default","site-sidebar-layout":"default","disable-article-header":"default","disable-site-header":"default","disable-site-footer":"default","disable-content-area-spacing":"default","footnotes":""},"categories":[36,6,48,8],"tags":[],"class_list":["post-17797","post","type-post","status-publish","format-standard","hentry","category-colunas-especiais","category-educacao","category-inclusao","category-textos-e-artigos"],"yoast_head":"<!-- This site is optimized with the Yoast SEO plugin v27.4 - https:\/\/yoast.com\/product\/yoast-seo-wordpress\/ -->\n<title>A inclus\u00e3o \u00e9 uma realidade, cabe a cada um de n\u00f3s fazer a sua parte -<\/title>\n<meta name=\"robots\" content=\"index, follow, max-snippet:-1, max-image-preview:large, max-video-preview:-1\" \/>\n<link rel=\"canonical\" href=\"https:\/\/inclusivenews.com.br\/?p=17797\" \/>\n<meta property=\"og:locale\" content=\"pt_PT\" \/>\n<meta property=\"og:type\" content=\"article\" \/>\n<meta property=\"og:title\" content=\"A inclus\u00e3o \u00e9 uma realidade, cabe a cada um de n\u00f3s fazer a sua parte -\" \/>\n<meta property=\"og:description\" content=\"Por Eliete In\u00eas Vogt. A inclus\u00e3o \u00e9 uma realidade, cabe a cada um de n\u00f3s fazer a sua parte.\" \/>\n<meta property=\"og:url\" content=\"https:\/\/inclusivenews.com.br\/?p=17797\" \/>\n<meta property=\"article:publisher\" content=\"https:\/\/www.facebook.com\/agenciainclusive\/\" \/>\n<meta property=\"article:published_time\" content=\"2010-10-21T10:24:24+00:00\" \/>\n<meta property=\"og:image\" content=\"http:\/\/inclusivenews.com.br\/wp-content\/uploads\/2009\/12\/participacao.jpg\" \/>\n<meta name=\"author\" content=\"inclusivenews2024\" \/>\n<meta name=\"twitter:card\" content=\"summary_large_image\" \/>\n<meta name=\"twitter:label1\" content=\"Escrito por\" \/>\n\t<meta name=\"twitter:data1\" content=\"inclusivenews2024\" \/>\n\t<meta name=\"twitter:label2\" content=\"Tempo estimado de leitura\" \/>\n\t<meta name=\"twitter:data2\" content=\"2 minutos\" \/>\n<script type=\"application\/ld+json\" class=\"yoast-schema-graph\">{\"@context\":\"https:\\\/\\\/schema.org\",\"@graph\":[{\"@type\":\"Article\",\"@id\":\"https:\\\/\\\/inclusivenews.com.br\\\/?p=17797#article\",\"isPartOf\":{\"@id\":\"https:\\\/\\\/inclusivenews.com.br\\\/?p=17797\"},\"author\":{\"name\":\"inclusivenews2024\",\"@id\":\"https:\\\/\\\/inclusivenews.com.br\\\/#\\\/schema\\\/person\\\/ae4ec7087559b8692fb33b6fffd2273b\"},\"headline\":\"A inclus\u00e3o \u00e9 uma realidade, cabe a cada um de n\u00f3s fazer a sua parte\",\"datePublished\":\"2010-10-21T10:24:24+00:00\",\"mainEntityOfPage\":{\"@id\":\"https:\\\/\\\/inclusivenews.com.br\\\/?p=17797\"},\"wordCount\":489,\"commentCount\":0,\"publisher\":{\"@id\":\"https:\\\/\\\/inclusivenews.com.br\\\/#organization\"},\"image\":{\"@id\":\"https:\\\/\\\/inclusivenews.com.br\\\/?p=17797#primaryimage\"},\"thumbnailUrl\":\"http:\\\/\\\/inclusivenews.com.br\\\/wp-content\\\/uploads\\\/2009\\\/12\\\/participacao.jpg\",\"articleSection\":[\"Colunas especiais\",\"EDUCA\u00c7\u00c3O\",\"INCLUS\u00c3O SOCIAL\",\"OPINI\u00c3O\"],\"inLanguage\":\"pt-PT\",\"potentialAction\":[{\"@type\":\"CommentAction\",\"name\":\"Comment\",\"target\":[\"https:\\\/\\\/inclusivenews.com.br\\\/?p=17797#respond\"]}]},{\"@type\":\"WebPage\",\"@id\":\"https:\\\/\\\/inclusivenews.com.br\\\/?p=17797\",\"url\":\"https:\\\/\\\/inclusivenews.com.br\\\/?p=17797\",\"name\":\"A inclus\u00e3o \u00e9 uma realidade, cabe a cada um de n\u00f3s fazer a sua parte -\",\"isPartOf\":{\"@id\":\"https:\\\/\\\/inclusivenews.com.br\\\/#website\"},\"primaryImageOfPage\":{\"@id\":\"https:\\\/\\\/inclusivenews.com.br\\\/?p=17797#primaryimage\"},\"image\":{\"@id\":\"https:\\\/\\\/inclusivenews.com.br\\\/?p=17797#primaryimage\"},\"thumbnailUrl\":\"http:\\\/\\\/inclusivenews.com.br\\\/wp-content\\\/uploads\\\/2009\\\/12\\\/participacao.jpg\",\"datePublished\":\"2010-10-21T10:24:24+00:00\",\"breadcrumb\":{\"@id\":\"https:\\\/\\\/inclusivenews.com.br\\\/?p=17797#breadcrumb\"},\"inLanguage\":\"pt-PT\",\"potentialAction\":[{\"@type\":\"ReadAction\",\"target\":[\"https:\\\/\\\/inclusivenews.com.br\\\/?p=17797\"]}]},{\"@type\":\"ImageObject\",\"inLanguage\":\"pt-PT\",\"@id\":\"https:\\\/\\\/inclusivenews.com.br\\\/?p=17797#primaryimage\",\"url\":\"\",\"contentUrl\":\"\"},{\"@type\":\"BreadcrumbList\",\"@id\":\"https:\\\/\\\/inclusivenews.com.br\\\/?p=17797#breadcrumb\",\"itemListElement\":[{\"@type\":\"ListItem\",\"position\":1,\"name\":\"In\u00edcio\",\"item\":\"https:\\\/\\\/inclusivenews.com.br\\\/\"},{\"@type\":\"ListItem\",\"position\":2,\"name\":\"A inclus\u00e3o \u00e9 uma realidade, cabe a cada um de n\u00f3s fazer a sua parte\"}]},{\"@type\":\"WebSite\",\"@id\":\"https:\\\/\\\/inclusivenews.com.br\\\/#website\",\"url\":\"https:\\\/\\\/inclusivenews.com.br\\\/\",\"name\":\"Inclusive News\",\"description\":\"Inclusive News\",\"publisher\":{\"@id\":\"https:\\\/\\\/inclusivenews.com.br\\\/#organization\"},\"potentialAction\":[{\"@type\":\"SearchAction\",\"target\":{\"@type\":\"EntryPoint\",\"urlTemplate\":\"https:\\\/\\\/inclusivenews.com.br\\\/?s={search_term_string}\"},\"query-input\":{\"@type\":\"PropertyValueSpecification\",\"valueRequired\":true,\"valueName\":\"search_term_string\"}}],\"inLanguage\":\"pt-PT\"},{\"@type\":\"Organization\",\"@id\":\"https:\\\/\\\/inclusivenews.com.br\\\/#organization\",\"name\":\"Inclusive - inclus\u00e3o e cidadania\",\"url\":\"https:\\\/\\\/inclusivenews.com.br\\\/\",\"logo\":{\"@type\":\"ImageObject\",\"inLanguage\":\"pt-PT\",\"@id\":\"https:\\\/\\\/inclusivenews.com.br\\\/#\\\/schema\\\/logo\\\/image\\\/\",\"url\":\"https:\\\/\\\/inclusivenews.com.br\\\/wp-content\\\/uploads\\\/2024\\\/03\\\/@grandesite.png\",\"contentUrl\":\"https:\\\/\\\/inclusivenews.com.br\\\/wp-content\\\/uploads\\\/2024\\\/03\\\/@grandesite.png\",\"width\":1080,\"height\":1080,\"caption\":\"Inclusive - inclus\u00e3o e cidadania\"},\"image\":{\"@id\":\"https:\\\/\\\/inclusivenews.com.br\\\/#\\\/schema\\\/logo\\\/image\\\/\"},\"sameAs\":[\"https:\\\/\\\/www.facebook.com\\\/agenciainclusive\\\/\",\"https:\\\/\\\/www.instagram.com\\\/newsinclusive\\\/\"]},{\"@type\":\"Person\",\"@id\":\"https:\\\/\\\/inclusivenews.com.br\\\/#\\\/schema\\\/person\\\/ae4ec7087559b8692fb33b6fffd2273b\",\"name\":\"inclusivenews2024\",\"image\":{\"@type\":\"ImageObject\",\"inLanguage\":\"pt-PT\",\"@id\":\"https:\\\/\\\/secure.gravatar.com\\\/avatar\\\/c5a7ef84c66fa914f55bc4f7ce26cfa275a3b9a1c5568b907bd184fb4dde7b40?s=96&d=mm&r=g\",\"url\":\"https:\\\/\\\/secure.gravatar.com\\\/avatar\\\/c5a7ef84c66fa914f55bc4f7ce26cfa275a3b9a1c5568b907bd184fb4dde7b40?s=96&d=mm&r=g\",\"contentUrl\":\"https:\\\/\\\/secure.gravatar.com\\\/avatar\\\/c5a7ef84c66fa914f55bc4f7ce26cfa275a3b9a1c5568b907bd184fb4dde7b40?s=96&d=mm&r=g\",\"caption\":\"inclusivenews2024\"},\"sameAs\":[\"https:\\\/\\\/inclusivenews.com.br\"],\"url\":\"https:\\\/\\\/inclusivenews.com.br\\\/?author=1\"}]}<\/script>\n<!-- \/ Yoast SEO plugin. -->","yoast_head_json":{"title":"A inclus\u00e3o \u00e9 uma realidade, cabe a cada um de n\u00f3s fazer a sua parte -","robots":{"index":"index","follow":"follow","max-snippet":"max-snippet:-1","max-image-preview":"max-image-preview:large","max-video-preview":"max-video-preview:-1"},"canonical":"https:\/\/inclusivenews.com.br\/?p=17797","og_locale":"pt_PT","og_type":"article","og_title":"A inclus\u00e3o \u00e9 uma realidade, cabe a cada um de n\u00f3s fazer a sua parte -","og_description":"Por Eliete In\u00eas Vogt. A inclus\u00e3o \u00e9 uma realidade, cabe a cada um de n\u00f3s fazer a sua parte.","og_url":"https:\/\/inclusivenews.com.br\/?p=17797","article_publisher":"https:\/\/www.facebook.com\/agenciainclusive\/","article_published_time":"2010-10-21T10:24:24+00:00","og_image":[{"url":"http:\/\/inclusivenews.com.br\/wp-content\/uploads\/2009\/12\/participacao.jpg","type":"","width":"","height":""}],"author":"inclusivenews2024","twitter_card":"summary_large_image","twitter_misc":{"Escrito por":"inclusivenews2024","Tempo estimado de leitura":"2 minutos"},"schema":{"@context":"https:\/\/schema.org","@graph":[{"@type":"Article","@id":"https:\/\/inclusivenews.com.br\/?p=17797#article","isPartOf":{"@id":"https:\/\/inclusivenews.com.br\/?p=17797"},"author":{"name":"inclusivenews2024","@id":"https:\/\/inclusivenews.com.br\/#\/schema\/person\/ae4ec7087559b8692fb33b6fffd2273b"},"headline":"A inclus\u00e3o \u00e9 uma realidade, cabe a cada um de n\u00f3s fazer a sua parte","datePublished":"2010-10-21T10:24:24+00:00","mainEntityOfPage":{"@id":"https:\/\/inclusivenews.com.br\/?p=17797"},"wordCount":489,"commentCount":0,"publisher":{"@id":"https:\/\/inclusivenews.com.br\/#organization"},"image":{"@id":"https:\/\/inclusivenews.com.br\/?p=17797#primaryimage"},"thumbnailUrl":"http:\/\/inclusivenews.com.br\/wp-content\/uploads\/2009\/12\/participacao.jpg","articleSection":["Colunas especiais","EDUCA\u00c7\u00c3O","INCLUS\u00c3O SOCIAL","OPINI\u00c3O"],"inLanguage":"pt-PT","potentialAction":[{"@type":"CommentAction","name":"Comment","target":["https:\/\/inclusivenews.com.br\/?p=17797#respond"]}]},{"@type":"WebPage","@id":"https:\/\/inclusivenews.com.br\/?p=17797","url":"https:\/\/inclusivenews.com.br\/?p=17797","name":"A inclus\u00e3o \u00e9 uma realidade, cabe a cada um de n\u00f3s fazer a sua parte -","isPartOf":{"@id":"https:\/\/inclusivenews.com.br\/#website"},"primaryImageOfPage":{"@id":"https:\/\/inclusivenews.com.br\/?p=17797#primaryimage"},"image":{"@id":"https:\/\/inclusivenews.com.br\/?p=17797#primaryimage"},"thumbnailUrl":"http:\/\/inclusivenews.com.br\/wp-content\/uploads\/2009\/12\/participacao.jpg","datePublished":"2010-10-21T10:24:24+00:00","breadcrumb":{"@id":"https:\/\/inclusivenews.com.br\/?p=17797#breadcrumb"},"inLanguage":"pt-PT","potentialAction":[{"@type":"ReadAction","target":["https:\/\/inclusivenews.com.br\/?p=17797"]}]},{"@type":"ImageObject","inLanguage":"pt-PT","@id":"https:\/\/inclusivenews.com.br\/?p=17797#primaryimage","url":"","contentUrl":""},{"@type":"BreadcrumbList","@id":"https:\/\/inclusivenews.com.br\/?p=17797#breadcrumb","itemListElement":[{"@type":"ListItem","position":1,"name":"In\u00edcio","item":"https:\/\/inclusivenews.com.br\/"},{"@type":"ListItem","position":2,"name":"A inclus\u00e3o \u00e9 uma realidade, cabe a cada um de n\u00f3s fazer a sua parte"}]},{"@type":"WebSite","@id":"https:\/\/inclusivenews.com.br\/#website","url":"https:\/\/inclusivenews.com.br\/","name":"Inclusive News","description":"Inclusive News","publisher":{"@id":"https:\/\/inclusivenews.com.br\/#organization"},"potentialAction":[{"@type":"SearchAction","target":{"@type":"EntryPoint","urlTemplate":"https:\/\/inclusivenews.com.br\/?s={search_term_string}"},"query-input":{"@type":"PropertyValueSpecification","valueRequired":true,"valueName":"search_term_string"}}],"inLanguage":"pt-PT"},{"@type":"Organization","@id":"https:\/\/inclusivenews.com.br\/#organization","name":"Inclusive - inclus\u00e3o e cidadania","url":"https:\/\/inclusivenews.com.br\/","logo":{"@type":"ImageObject","inLanguage":"pt-PT","@id":"https:\/\/inclusivenews.com.br\/#\/schema\/logo\/image\/","url":"https:\/\/inclusivenews.com.br\/wp-content\/uploads\/2024\/03\/@grandesite.png","contentUrl":"https:\/\/inclusivenews.com.br\/wp-content\/uploads\/2024\/03\/@grandesite.png","width":1080,"height":1080,"caption":"Inclusive - inclus\u00e3o e cidadania"},"image":{"@id":"https:\/\/inclusivenews.com.br\/#\/schema\/logo\/image\/"},"sameAs":["https:\/\/www.facebook.com\/agenciainclusive\/","https:\/\/www.instagram.com\/newsinclusive\/"]},{"@type":"Person","@id":"https:\/\/inclusivenews.com.br\/#\/schema\/person\/ae4ec7087559b8692fb33b6fffd2273b","name":"inclusivenews2024","image":{"@type":"ImageObject","inLanguage":"pt-PT","@id":"https:\/\/secure.gravatar.com\/avatar\/c5a7ef84c66fa914f55bc4f7ce26cfa275a3b9a1c5568b907bd184fb4dde7b40?s=96&d=mm&r=g","url":"https:\/\/secure.gravatar.com\/avatar\/c5a7ef84c66fa914f55bc4f7ce26cfa275a3b9a1c5568b907bd184fb4dde7b40?s=96&d=mm&r=g","contentUrl":"https:\/\/secure.gravatar.com\/avatar\/c5a7ef84c66fa914f55bc4f7ce26cfa275a3b9a1c5568b907bd184fb4dde7b40?s=96&d=mm&r=g","caption":"inclusivenews2024"},"sameAs":["https:\/\/inclusivenews.com.br"],"url":"https:\/\/inclusivenews.com.br\/?author=1"}]}},"_links":{"self":[{"href":"https:\/\/inclusivenews.com.br\/index.php?rest_route=\/wp\/v2\/posts\/17797","targetHints":{"allow":["GET"]}}],"collection":[{"href":"https:\/\/inclusivenews.com.br\/index.php?rest_route=\/wp\/v2\/posts"}],"about":[{"href":"https:\/\/inclusivenews.com.br\/index.php?rest_route=\/wp\/v2\/types\/post"}],"author":[{"embeddable":true,"href":"https:\/\/inclusivenews.com.br\/index.php?rest_route=\/wp\/v2\/users\/1"}],"replies":[{"embeddable":true,"href":"https:\/\/inclusivenews.com.br\/index.php?rest_route=%2Fwp%2Fv2%2Fcomments&post=17797"}],"version-history":[{"count":0,"href":"https:\/\/inclusivenews.com.br\/index.php?rest_route=\/wp\/v2\/posts\/17797\/revisions"}],"wp:attachment":[{"href":"https:\/\/inclusivenews.com.br\/index.php?rest_route=%2Fwp%2Fv2%2Fmedia&parent=17797"}],"wp:term":[{"taxonomy":"category","embeddable":true,"href":"https:\/\/inclusivenews.com.br\/index.php?rest_route=%2Fwp%2Fv2%2Fcategories&post=17797"},{"taxonomy":"post_tag","embeddable":true,"href":"https:\/\/inclusivenews.com.br\/index.php?rest_route=%2Fwp%2Fv2%2Ftags&post=17797"}],"curies":[{"name":"wp","href":"https:\/\/api.w.org\/{rel}","templated":true}]}}