{"id":17798,"date":"2010-10-21T07:22:36","date_gmt":"2010-10-21T10:22:36","guid":{"rendered":"http:\/\/www.inclusive.org.br\/?p=17798"},"modified":"2010-10-21T07:22:36","modified_gmt":"2010-10-21T10:22:36","slug":"emprego-sozinho-nao-reduz-miseria","status":"publish","type":"post","link":"https:\/\/inclusivenews.com.br\/?p=17798","title":{"rendered":"Emprego, sozinho, n\u00e3o reduz mis\u00e9ria"},"content":{"rendered":"<p><em><\/p>\n<figure style=\"width: 201px\" class=\"wp-caption alignleft\"><img loading=\"lazy\" decoding=\"async\" title=\"Pessoas trabalhando em minera\u00e7\u00e3o\" src=\"http:\/\/www.pnud.org.br\/public\/imgc3583.jpg\" alt=\"Pessoas trabalhando em minera\u00e7\u00e3o\" width=\"201\" height=\"135\" \/><figcaption class=\"wp-caption-text\"> <\/figcaption><\/figure>\n<p>Em mensagem para o Dia Internacional da Erradica\u00e7\u00e3o da Pobreza, Ban Ki-moon e Helen Clark destacam import\u00e2ncia de trabalho decente.<\/p>\n<p><\/em><\/p>\n<p><strong>da PrimaPagina<\/strong><\/p>\n<p>A cria\u00e7\u00e3o de empregos n\u00e3o \u00e9 suficiente para combater a mis\u00e9ria, destacam as Na\u00e7\u00f5es Unidas no Dia Internacional da Erradica\u00e7\u00e3o da Pobreza, celebrado no domingo (17 de outubro). Para promover o desenvolvimento humano, o trabalho tem de estar ligado a sal\u00e1rios dignos, liberdade, seguran\u00e7a e equidade \u2014 \u00e9 o que a ONU chama de trabalho decente. No entanto, cerca de 1,5 bilh\u00e3o de pessoas (50,6% dos trabalhadores) exercem empregos considerados vulner\u00e1veis.<\/p>\n<p>\u201cO emprego pode oferecer um caminho sustent\u00e1vel para sair da pobreza, mas o emprego remunerado, por si s\u00f3, frequentemente \u00e9 insuficiente para atingir o desenvolvimento humano\u201d, destacou a administradora internacional do PNUD, Helen Clark, em mensagem para o dia internacional. J\u00e1 o trabalho decente \u201creduz a vulnerabilidade \u00e0 pobreza, a mortalidade, a fome e as enfermidades\u201d, afirmou. \u00c9, portanto, \u201cessencial para impulsionar o desenvolvimento humano e alcan\u00e7ar os Objetivos de Desenvolvimento do Mil\u00eanio\u201d. Esse \u00e9 justamente o ponto principal de um relat\u00f3rio divulgado no Brasil em 2008 pela CEPAL (Comiss\u00e3o Econ\u00f4mica para Am\u00e9rica Latina e Caribe), pela OIT (Organiza\u00e7\u00e3o Internacional do Trabalho) e pelo PNUD.<\/p>\n<p>As estimativas do Banco Mundial s\u00e3o de que 2,6 bilh\u00f5es de pessoas vivem com menos de US$ 2 por dia (em d\u00f3lares calculados pela paridade do poder de compra, que leva em conta a varia\u00e7\u00e3o de custo de vida entre os pa\u00edses). Mais da metade (1,4 bilh\u00e3o) tem emprego \u2014 e, portanto, n\u00e3o recebe renda suficiente para ficar acima da linha de pobreza.<\/p>\n<p>Para que o trabalho seja uma porta de sa\u00edda para a mis\u00e9ria, \u00e9 necess\u00e1rio investir em pol\u00edticas econ\u00f4micas e sociais que estimulem a cria\u00e7\u00e3o de vagas, promovam condi\u00e7\u00f5es dignas para o exerc\u00edcio profissional e fortale\u00e7am os sistemas de prote\u00e7\u00e3o social, recomendou o secret\u00e1rio-geral da ONU, Ban Ki-moon, tamb\u00e9m em mensagem para o Dia Internacional da Erradica\u00e7\u00e3o da Pobreza. \u201cAcesso a educa\u00e7\u00e3o, sa\u00fade p\u00fablica e capacita\u00e7\u00e3o tamb\u00e9m \u00e9 essencial\u201d, frisou.<\/p>\n<p>Tanto Ban quanto Helen Clark salientam que \u00e9 importante dar aten\u00e7\u00e3o especial aos jovens \u2014 o risco de eles ficarem desempregados \u00e9 tr\u00eas vezes maior do que entre os adultos, segundo dados citados pelo secret\u00e1rio-geral. \u201cUma das melhores maneiras para os jovens terem esperan\u00e7a no futuro \u00e9 por meio de um emprego decente\u201d, afirmou Ban. \u201cUm trabalho decente para os jovens, que atualmente padecem uma taxa recorde de desemprego,\u00e9 fundamental n\u00e3o apenas para conseguir um crescimento sustent\u00e1vel, mas tamb\u00e9m para assegurar a estabilidade social\u201d, disse a administradora do PNUD.<\/p>\n","protected":false},"excerpt":{"rendered":"<p>Em mensagem para o Dia Internacional da Erradica\u00e7\u00e3o da Pobreza, Ban Ki-moon e Helen Clark destacam import\u00e2ncia de trabalho decente. Do PNUD.<\/p>\n","protected":false},"author":1,"featured_media":0,"comment_status":"open","ping_status":"open","sticky":false,"template":"","format":"standard","meta":{"site-container-style":"default","site-container-layout":"default","site-sidebar-layout":"default","disable-article-header":"default","disable-site-header":"default","disable-site-footer":"default","disable-content-area-spacing":"default","footnotes":""},"categories":[4],"tags":[],"class_list":["post-17798","post","type-post","status-publish","format-standard","hentry","category-noticias"],"yoast_head":"<!-- This site is optimized with the Yoast SEO plugin v27.4 - https:\/\/yoast.com\/product\/yoast-seo-wordpress\/ -->\n<title>Emprego, sozinho, n\u00e3o reduz mis\u00e9ria -<\/title>\n<meta name=\"robots\" content=\"index, follow, max-snippet:-1, max-image-preview:large, max-video-preview:-1\" \/>\n<link rel=\"canonical\" href=\"https:\/\/inclusivenews.com.br\/?p=17798\" \/>\n<meta property=\"og:locale\" content=\"pt_PT\" \/>\n<meta property=\"og:type\" content=\"article\" \/>\n<meta property=\"og:title\" content=\"Emprego, sozinho, n\u00e3o reduz mis\u00e9ria -\" \/>\n<meta property=\"og:description\" content=\"Em mensagem para o Dia Internacional da Erradica\u00e7\u00e3o da Pobreza, Ban Ki-moon e Helen Clark destacam import\u00e2ncia de trabalho decente. Do PNUD.\" \/>\n<meta property=\"og:url\" content=\"https:\/\/inclusivenews.com.br\/?p=17798\" \/>\n<meta property=\"article:publisher\" content=\"https:\/\/www.facebook.com\/agenciainclusive\/\" \/>\n<meta property=\"article:published_time\" content=\"2010-10-21T10:22:36+00:00\" \/>\n<meta property=\"og:image\" content=\"http:\/\/www.pnud.org.br\/public\/imgc3583.jpg\" \/>\n<meta name=\"author\" content=\"inclusivenews2024\" \/>\n<meta name=\"twitter:card\" content=\"summary_large_image\" \/>\n<meta name=\"twitter:label1\" content=\"Escrito por\" \/>\n\t<meta name=\"twitter:data1\" content=\"inclusivenews2024\" \/>\n\t<meta name=\"twitter:label2\" content=\"Tempo estimado de leitura\" \/>\n\t<meta name=\"twitter:data2\" content=\"2 minutos\" \/>\n<script type=\"application\/ld+json\" class=\"yoast-schema-graph\">{\"@context\":\"https:\\\/\\\/schema.org\",\"@graph\":[{\"@type\":\"Article\",\"@id\":\"https:\\\/\\\/inclusivenews.com.br\\\/?p=17798#article\",\"isPartOf\":{\"@id\":\"https:\\\/\\\/inclusivenews.com.br\\\/?p=17798\"},\"author\":{\"name\":\"inclusivenews2024\",\"@id\":\"https:\\\/\\\/inclusivenews.com.br\\\/#\\\/schema\\\/person\\\/ae4ec7087559b8692fb33b6fffd2273b\"},\"headline\":\"Emprego, sozinho, n\u00e3o reduz mis\u00e9ria\",\"datePublished\":\"2010-10-21T10:22:36+00:00\",\"mainEntityOfPage\":{\"@id\":\"https:\\\/\\\/inclusivenews.com.br\\\/?p=17798\"},\"wordCount\":463,\"commentCount\":0,\"publisher\":{\"@id\":\"https:\\\/\\\/inclusivenews.com.br\\\/#organization\"},\"image\":{\"@id\":\"https:\\\/\\\/inclusivenews.com.br\\\/?p=17798#primaryimage\"},\"thumbnailUrl\":\"http:\\\/\\\/www.pnud.org.br\\\/public\\\/imgc3583.jpg\",\"articleSection\":[\"NOT\u00cdCIAS\"],\"inLanguage\":\"pt-PT\",\"potentialAction\":[{\"@type\":\"CommentAction\",\"name\":\"Comment\",\"target\":[\"https:\\\/\\\/inclusivenews.com.br\\\/?p=17798#respond\"]}]},{\"@type\":\"WebPage\",\"@id\":\"https:\\\/\\\/inclusivenews.com.br\\\/?p=17798\",\"url\":\"https:\\\/\\\/inclusivenews.com.br\\\/?p=17798\",\"name\":\"Emprego, sozinho, n\u00e3o reduz mis\u00e9ria -\",\"isPartOf\":{\"@id\":\"https:\\\/\\\/inclusivenews.com.br\\\/#website\"},\"primaryImageOfPage\":{\"@id\":\"https:\\\/\\\/inclusivenews.com.br\\\/?p=17798#primaryimage\"},\"image\":{\"@id\":\"https:\\\/\\\/inclusivenews.com.br\\\/?p=17798#primaryimage\"},\"thumbnailUrl\":\"http:\\\/\\\/www.pnud.org.br\\\/public\\\/imgc3583.jpg\",\"datePublished\":\"2010-10-21T10:22:36+00:00\",\"breadcrumb\":{\"@id\":\"https:\\\/\\\/inclusivenews.com.br\\\/?p=17798#breadcrumb\"},\"inLanguage\":\"pt-PT\",\"potentialAction\":[{\"@type\":\"ReadAction\",\"target\":[\"https:\\\/\\\/inclusivenews.com.br\\\/?p=17798\"]}]},{\"@type\":\"ImageObject\",\"inLanguage\":\"pt-PT\",\"@id\":\"https:\\\/\\\/inclusivenews.com.br\\\/?p=17798#primaryimage\",\"url\":\"http:\\\/\\\/www.pnud.org.br\\\/public\\\/imgc3583.jpg\",\"contentUrl\":\"http:\\\/\\\/www.pnud.org.br\\\/public\\\/imgc3583.jpg\"},{\"@type\":\"BreadcrumbList\",\"@id\":\"https:\\\/\\\/inclusivenews.com.br\\\/?p=17798#breadcrumb\",\"itemListElement\":[{\"@type\":\"ListItem\",\"position\":1,\"name\":\"In\u00edcio\",\"item\":\"https:\\\/\\\/inclusivenews.com.br\\\/\"},{\"@type\":\"ListItem\",\"position\":2,\"name\":\"Emprego, sozinho, n\u00e3o reduz mis\u00e9ria\"}]},{\"@type\":\"WebSite\",\"@id\":\"https:\\\/\\\/inclusivenews.com.br\\\/#website\",\"url\":\"https:\\\/\\\/inclusivenews.com.br\\\/\",\"name\":\"Inclusive News\",\"description\":\"Inclusive News\",\"publisher\":{\"@id\":\"https:\\\/\\\/inclusivenews.com.br\\\/#organization\"},\"potentialAction\":[{\"@type\":\"SearchAction\",\"target\":{\"@type\":\"EntryPoint\",\"urlTemplate\":\"https:\\\/\\\/inclusivenews.com.br\\\/?s={search_term_string}\"},\"query-input\":{\"@type\":\"PropertyValueSpecification\",\"valueRequired\":true,\"valueName\":\"search_term_string\"}}],\"inLanguage\":\"pt-PT\"},{\"@type\":\"Organization\",\"@id\":\"https:\\\/\\\/inclusivenews.com.br\\\/#organization\",\"name\":\"Inclusive - inclus\u00e3o e cidadania\",\"url\":\"https:\\\/\\\/inclusivenews.com.br\\\/\",\"logo\":{\"@type\":\"ImageObject\",\"inLanguage\":\"pt-PT\",\"@id\":\"https:\\\/\\\/inclusivenews.com.br\\\/#\\\/schema\\\/logo\\\/image\\\/\",\"url\":\"https:\\\/\\\/inclusivenews.com.br\\\/wp-content\\\/uploads\\\/2024\\\/03\\\/@grandesite.png\",\"contentUrl\":\"https:\\\/\\\/inclusivenews.com.br\\\/wp-content\\\/uploads\\\/2024\\\/03\\\/@grandesite.png\",\"width\":1080,\"height\":1080,\"caption\":\"Inclusive - inclus\u00e3o e cidadania\"},\"image\":{\"@id\":\"https:\\\/\\\/inclusivenews.com.br\\\/#\\\/schema\\\/logo\\\/image\\\/\"},\"sameAs\":[\"https:\\\/\\\/www.facebook.com\\\/agenciainclusive\\\/\",\"https:\\\/\\\/www.instagram.com\\\/newsinclusive\\\/\"]},{\"@type\":\"Person\",\"@id\":\"https:\\\/\\\/inclusivenews.com.br\\\/#\\\/schema\\\/person\\\/ae4ec7087559b8692fb33b6fffd2273b\",\"name\":\"inclusivenews2024\",\"image\":{\"@type\":\"ImageObject\",\"inLanguage\":\"pt-PT\",\"@id\":\"https:\\\/\\\/secure.gravatar.com\\\/avatar\\\/c5a7ef84c66fa914f55bc4f7ce26cfa275a3b9a1c5568b907bd184fb4dde7b40?s=96&d=mm&r=g\",\"url\":\"https:\\\/\\\/secure.gravatar.com\\\/avatar\\\/c5a7ef84c66fa914f55bc4f7ce26cfa275a3b9a1c5568b907bd184fb4dde7b40?s=96&d=mm&r=g\",\"contentUrl\":\"https:\\\/\\\/secure.gravatar.com\\\/avatar\\\/c5a7ef84c66fa914f55bc4f7ce26cfa275a3b9a1c5568b907bd184fb4dde7b40?s=96&d=mm&r=g\",\"caption\":\"inclusivenews2024\"},\"sameAs\":[\"https:\\\/\\\/inclusivenews.com.br\"],\"url\":\"https:\\\/\\\/inclusivenews.com.br\\\/?author=1\"}]}<\/script>\n<!-- \/ Yoast SEO plugin. -->","yoast_head_json":{"title":"Emprego, sozinho, n\u00e3o reduz mis\u00e9ria -","robots":{"index":"index","follow":"follow","max-snippet":"max-snippet:-1","max-image-preview":"max-image-preview:large","max-video-preview":"max-video-preview:-1"},"canonical":"https:\/\/inclusivenews.com.br\/?p=17798","og_locale":"pt_PT","og_type":"article","og_title":"Emprego, sozinho, n\u00e3o reduz mis\u00e9ria -","og_description":"Em mensagem para o Dia Internacional da Erradica\u00e7\u00e3o da Pobreza, Ban Ki-moon e Helen Clark destacam import\u00e2ncia de trabalho decente. Do PNUD.","og_url":"https:\/\/inclusivenews.com.br\/?p=17798","article_publisher":"https:\/\/www.facebook.com\/agenciainclusive\/","article_published_time":"2010-10-21T10:22:36+00:00","og_image":[{"url":"http:\/\/www.pnud.org.br\/public\/imgc3583.jpg","type":"","width":"","height":""}],"author":"inclusivenews2024","twitter_card":"summary_large_image","twitter_misc":{"Escrito por":"inclusivenews2024","Tempo estimado de leitura":"2 minutos"},"schema":{"@context":"https:\/\/schema.org","@graph":[{"@type":"Article","@id":"https:\/\/inclusivenews.com.br\/?p=17798#article","isPartOf":{"@id":"https:\/\/inclusivenews.com.br\/?p=17798"},"author":{"name":"inclusivenews2024","@id":"https:\/\/inclusivenews.com.br\/#\/schema\/person\/ae4ec7087559b8692fb33b6fffd2273b"},"headline":"Emprego, sozinho, n\u00e3o reduz mis\u00e9ria","datePublished":"2010-10-21T10:22:36+00:00","mainEntityOfPage":{"@id":"https:\/\/inclusivenews.com.br\/?p=17798"},"wordCount":463,"commentCount":0,"publisher":{"@id":"https:\/\/inclusivenews.com.br\/#organization"},"image":{"@id":"https:\/\/inclusivenews.com.br\/?p=17798#primaryimage"},"thumbnailUrl":"http:\/\/www.pnud.org.br\/public\/imgc3583.jpg","articleSection":["NOT\u00cdCIAS"],"inLanguage":"pt-PT","potentialAction":[{"@type":"CommentAction","name":"Comment","target":["https:\/\/inclusivenews.com.br\/?p=17798#respond"]}]},{"@type":"WebPage","@id":"https:\/\/inclusivenews.com.br\/?p=17798","url":"https:\/\/inclusivenews.com.br\/?p=17798","name":"Emprego, sozinho, n\u00e3o reduz mis\u00e9ria -","isPartOf":{"@id":"https:\/\/inclusivenews.com.br\/#website"},"primaryImageOfPage":{"@id":"https:\/\/inclusivenews.com.br\/?p=17798#primaryimage"},"image":{"@id":"https:\/\/inclusivenews.com.br\/?p=17798#primaryimage"},"thumbnailUrl":"http:\/\/www.pnud.org.br\/public\/imgc3583.jpg","datePublished":"2010-10-21T10:22:36+00:00","breadcrumb":{"@id":"https:\/\/inclusivenews.com.br\/?p=17798#breadcrumb"},"inLanguage":"pt-PT","potentialAction":[{"@type":"ReadAction","target":["https:\/\/inclusivenews.com.br\/?p=17798"]}]},{"@type":"ImageObject","inLanguage":"pt-PT","@id":"https:\/\/inclusivenews.com.br\/?p=17798#primaryimage","url":"http:\/\/www.pnud.org.br\/public\/imgc3583.jpg","contentUrl":"http:\/\/www.pnud.org.br\/public\/imgc3583.jpg"},{"@type":"BreadcrumbList","@id":"https:\/\/inclusivenews.com.br\/?p=17798#breadcrumb","itemListElement":[{"@type":"ListItem","position":1,"name":"In\u00edcio","item":"https:\/\/inclusivenews.com.br\/"},{"@type":"ListItem","position":2,"name":"Emprego, sozinho, n\u00e3o reduz mis\u00e9ria"}]},{"@type":"WebSite","@id":"https:\/\/inclusivenews.com.br\/#website","url":"https:\/\/inclusivenews.com.br\/","name":"Inclusive News","description":"Inclusive News","publisher":{"@id":"https:\/\/inclusivenews.com.br\/#organization"},"potentialAction":[{"@type":"SearchAction","target":{"@type":"EntryPoint","urlTemplate":"https:\/\/inclusivenews.com.br\/?s={search_term_string}"},"query-input":{"@type":"PropertyValueSpecification","valueRequired":true,"valueName":"search_term_string"}}],"inLanguage":"pt-PT"},{"@type":"Organization","@id":"https:\/\/inclusivenews.com.br\/#organization","name":"Inclusive - inclus\u00e3o e cidadania","url":"https:\/\/inclusivenews.com.br\/","logo":{"@type":"ImageObject","inLanguage":"pt-PT","@id":"https:\/\/inclusivenews.com.br\/#\/schema\/logo\/image\/","url":"https:\/\/inclusivenews.com.br\/wp-content\/uploads\/2024\/03\/@grandesite.png","contentUrl":"https:\/\/inclusivenews.com.br\/wp-content\/uploads\/2024\/03\/@grandesite.png","width":1080,"height":1080,"caption":"Inclusive - inclus\u00e3o e cidadania"},"image":{"@id":"https:\/\/inclusivenews.com.br\/#\/schema\/logo\/image\/"},"sameAs":["https:\/\/www.facebook.com\/agenciainclusive\/","https:\/\/www.instagram.com\/newsinclusive\/"]},{"@type":"Person","@id":"https:\/\/inclusivenews.com.br\/#\/schema\/person\/ae4ec7087559b8692fb33b6fffd2273b","name":"inclusivenews2024","image":{"@type":"ImageObject","inLanguage":"pt-PT","@id":"https:\/\/secure.gravatar.com\/avatar\/c5a7ef84c66fa914f55bc4f7ce26cfa275a3b9a1c5568b907bd184fb4dde7b40?s=96&d=mm&r=g","url":"https:\/\/secure.gravatar.com\/avatar\/c5a7ef84c66fa914f55bc4f7ce26cfa275a3b9a1c5568b907bd184fb4dde7b40?s=96&d=mm&r=g","contentUrl":"https:\/\/secure.gravatar.com\/avatar\/c5a7ef84c66fa914f55bc4f7ce26cfa275a3b9a1c5568b907bd184fb4dde7b40?s=96&d=mm&r=g","caption":"inclusivenews2024"},"sameAs":["https:\/\/inclusivenews.com.br"],"url":"https:\/\/inclusivenews.com.br\/?author=1"}]}},"_links":{"self":[{"href":"https:\/\/inclusivenews.com.br\/index.php?rest_route=\/wp\/v2\/posts\/17798","targetHints":{"allow":["GET"]}}],"collection":[{"href":"https:\/\/inclusivenews.com.br\/index.php?rest_route=\/wp\/v2\/posts"}],"about":[{"href":"https:\/\/inclusivenews.com.br\/index.php?rest_route=\/wp\/v2\/types\/post"}],"author":[{"embeddable":true,"href":"https:\/\/inclusivenews.com.br\/index.php?rest_route=\/wp\/v2\/users\/1"}],"replies":[{"embeddable":true,"href":"https:\/\/inclusivenews.com.br\/index.php?rest_route=%2Fwp%2Fv2%2Fcomments&post=17798"}],"version-history":[{"count":0,"href":"https:\/\/inclusivenews.com.br\/index.php?rest_route=\/wp\/v2\/posts\/17798\/revisions"}],"wp:attachment":[{"href":"https:\/\/inclusivenews.com.br\/index.php?rest_route=%2Fwp%2Fv2%2Fmedia&parent=17798"}],"wp:term":[{"taxonomy":"category","embeddable":true,"href":"https:\/\/inclusivenews.com.br\/index.php?rest_route=%2Fwp%2Fv2%2Fcategories&post=17798"},{"taxonomy":"post_tag","embeddable":true,"href":"https:\/\/inclusivenews.com.br\/index.php?rest_route=%2Fwp%2Fv2%2Ftags&post=17798"}],"curies":[{"name":"wp","href":"https:\/\/api.w.org\/{rel}","templated":true}]}}