{"id":17799,"date":"2010-10-21T07:23:07","date_gmt":"2010-10-21T10:23:07","guid":{"rendered":"http:\/\/www.inclusive.org.br\/?p=17799"},"modified":"2010-10-21T07:23:07","modified_gmt":"2010-10-21T10:23:07","slug":"funcionarios-relatam-abuso-e-preconceito-no-trabalho","status":"publish","type":"post","link":"https:\/\/inclusivenews.com.br\/?p=17799","title":{"rendered":"Funcion\u00e1rios relatam abuso e preconceito no trabalho"},"content":{"rendered":"<figure style=\"width: 210px\" class=\"wp-caption alignleft\"><img loading=\"lazy\" decoding=\"async\" title=\"Homem trabalhando em m\u00e1quina cheia de engrenagens\" src=\"http:\/\/www.unicamp.br\/unicamp\/unicamp_hoje\/ju\/maio2006\/fotosju324-online\/ju3234pg09f.jpg\" alt=\"Homem trabalhando em m\u00e1quina cheia de engrenagens\" width=\"210\" height=\"306\" \/><figcaption class=\"wp-caption-text\"> <\/figcaption><\/figure>\n<p>Atitudes como humilha\u00e7\u00e3o e preconceito de ra\u00e7a e g\u00eanero ainda acontecem em companhias de diversos setores e tamanhos no pa\u00eds. Pesquisa realizada com 800 profissionais de todas as \u00e1reas no Rio de Janeiro e S\u00e3o Paulo revelou que 31% dos entrevistados sofreram viola\u00e7\u00f5es graves de seus direitos no trabalho nos \u00faltimos dez anos. O levantamento foi feito pelo Instituto Norberto Bobbio, entidade de promo\u00e7\u00e3o dos direitos humanos, e pela consultoria Plano CDE.<\/p>\n<p>Quase um ter\u00e7o dos profissionais ouvidos afirmam que em suas empresas alguns chefes tratam os funcion\u00e1rios de maneira desrespeitosa. Em rela\u00e7\u00e3o a atitudes discriminat\u00f3rias, 11% disseram que suas empresas possuem casos de preconceito contra negros, homossexuais, idosos ou mulheres &#8211; 7% j\u00e1 foram v\u00edtimas diretas deste tipo de atitude. &#8220;Os resultados mais preocupantes foram registrados com os profissionais com sal\u00e1rios mais baixos, negros e mulheres&#8221;, afirma Raymundo Magliano, presidente do Instituto Norberto Bobbio e ex-presidente da Bovespa.<\/p>\n<p>De acordo com Magliano, uma das maiores surpresas da pesquisa foi o desconhecimento das pessoas sobre seus direitos. Em m\u00e9dia, apenas tr\u00eas foram citados pelos entrevistados &#8211; os mais mencionados foram o direito \u00e0 educa\u00e7\u00e3o, \u00e0 sa\u00fade e \u00e0 seguran\u00e7a. A Declara\u00e7\u00e3o Universal dos Direitos Humanos, por\u00e9m, prev\u00ea mais de 30. Segundo Magliano, a falta de informa\u00e7\u00e3o agrava o panorama de abuso dos direitos humanos, muitas vezes negligenciado pelas lideran\u00e7as. &#8220;\u00c9 preciso fazer um estudo como este para mostrar que esses problemas realmente acontecem&#8221;, afirma.<\/p>\n<p>A pesquisa mostra ainda uma percep\u00e7\u00e3o nebulosa dos entrevistados sobre as chamadas viola\u00e7\u00f5es leves. No levantamento, quase 40% disseram n\u00e3o entender os crit\u00e9rios de promo\u00e7\u00e3o da empresa e cerca de 45% afirmaram que h\u00e1 sal\u00e1rios diferentes para a mesma fun\u00e7\u00e3o. Isso, no entanto, pode ser confundido com as pol\u00edticas de meritocracia das companhias.<\/p>\n<p>Os resultados variam de acordo com o segmento de atua\u00e7\u00e3o das empresas. A ind\u00fastria apresenta os melhores \u00edndices de respeito aos direitos humanos, enquanto os servi\u00e7os n\u00e3o financeiros s\u00e3o os piores colocados. Para Haroldo da Gama Torres, s\u00f3cio da Plano CDE, instituto respons\u00e1vel pela pesquisa, existe uma hip\u00f3tese de que setores com sindicatos fortes e atuantes obriguem as empresas a tratar seus funcion\u00e1rios de maneira mais respeitosa. &#8220;A ind\u00fastria \u00e9 um segmento organizado e sindicalizado. J\u00e1 os servi\u00e7os n\u00e3o financeiros s\u00e3o pulverizados&#8221;, diz.<\/p>\n<p>Na ind\u00fastria, mais de 80% dos os respondentes disseram que os funcion\u00e1rios s\u00e3o tratados com educa\u00e7\u00e3o e mais de 75% sentem que suas opini\u00f5es s\u00e3o levadas em conta pelos gestores.<\/p>\n<p>No com\u00e9rcio, onde a quest\u00e3o salarial \u00e9 diretamente relacionada com as comiss\u00f5es, n\u00e3o h\u00e1 questionamentos sobre remunera\u00e7\u00e3o. Por outro lado, a preocupa\u00e7\u00e3o com a imagem da empresa diante do cliente d\u00e1 margem a atitudes discriminat\u00f3rias e a um menor \u00edndice de contrata\u00e7\u00f5es de deficientes e negros.<\/p>\n<p>O setor de bancos e servi\u00e7os financeiros foi o que registrou o maior \u00edndice de desconforto com pol\u00edticas de valoriza\u00e7\u00e3o do m\u00e9rito. Metade dos funcion\u00e1rios mencionou o pagamento de sal\u00e1rios diferentes para quem tem o mesmo tipo de atividade, forma\u00e7\u00e3o e tempo de casa. Essas institui\u00e7\u00f5es, por\u00e9m, possuem os departamentos de recursos humanos mais estruturados e um c\u00f3digo de \u00e9tica e conduta. J\u00e1 os servi\u00e7os n\u00e3o financeiros tiveram a pior avalia\u00e7\u00e3o em todos os quesitos. Nesse segmento, foi registrado o maior \u00edndice de maus-tratos, cerca de 30%.<\/p>\n<p>A pesquisa \u00e9 a primeira iniciativa do Instituto Norberto Bobbio para mensurar a quest\u00e3o dos direitos humanos nas empresas. Com o resultado, a institui\u00e7\u00e3o come\u00e7ou a promover cursos sobre o tema para profissionais do mercado financeiro, lideran\u00e7as e comunidades de trabalhadores. Segundo Raymundo Magliano, essa foi uma reivindica\u00e7\u00e3o dos pr\u00f3prios entrevistados. &#8220;N\u00e3o adianta a empresa atender aos requisitos de governan\u00e7a no papel se os l\u00edderes n\u00e3o estiverem comprometidos com esses princ\u00edpios&#8221;, afirma.<br \/>\n_____________________________<\/p>\n<p><strong>Fonte:<\/strong> <a href=\"http:\/\/www.fsindical.org.br\/fs\/index.php?option=com_content&amp;view=article&amp;id=11436:sao-paulo-sp-funcionarios-relatam-abuso-e-preconceito-no-trabalho&amp;catid=18:notas-do-dia&amp;Itemid=221\">Valor Econ\u00f4mico\/F Sindical<\/a><\/p>\n","protected":false},"excerpt":{"rendered":"<p>Atitudes como humilha\u00e7\u00e3o e preconceito de ra\u00e7a e g\u00eanero ainda acontecem em companhias de diversos setores e tamanhos no pa\u00eds. Pesquisa realizada com 800 profissionais de todas as \u00e1reas no Rio de Janeiro e S\u00e3o Paulo revelou que 31% dos entrevistados sofreram viola\u00e7\u00f5es graves de seus direitos no trabalho nos \u00faltimos dez anos. Reportagem \u00e9 do Valor Econ\u00f4mico.<\/p>\n","protected":false},"author":1,"featured_media":0,"comment_status":"open","ping_status":"open","sticky":false,"template":"","format":"standard","meta":{"site-container-style":"default","site-container-layout":"default","site-sidebar-layout":"default","disable-article-header":"default","disable-site-header":"default","disable-site-footer":"default","disable-content-area-spacing":"default","footnotes":""},"categories":[13,39,4,41,33],"tags":[],"class_list":["post-17799","post","type-post","status-publish","format-standard","hentry","category-denuncias","category-discriminacao","category-noticias","category-preconceito","category-reportagem"],"yoast_head":"<!-- This site is optimized with the Yoast SEO plugin v27.4 - https:\/\/yoast.com\/product\/yoast-seo-wordpress\/ -->\n<title>Funcion\u00e1rios relatam abuso e preconceito no trabalho -<\/title>\n<meta name=\"robots\" content=\"index, follow, max-snippet:-1, max-image-preview:large, max-video-preview:-1\" \/>\n<link rel=\"canonical\" href=\"https:\/\/inclusivenews.com.br\/?p=17799\" \/>\n<meta property=\"og:locale\" content=\"pt_PT\" \/>\n<meta property=\"og:type\" content=\"article\" \/>\n<meta property=\"og:title\" content=\"Funcion\u00e1rios relatam abuso e preconceito no trabalho -\" \/>\n<meta property=\"og:description\" content=\"Atitudes como humilha\u00e7\u00e3o e preconceito de ra\u00e7a e g\u00eanero ainda acontecem em companhias de diversos setores e tamanhos no pa\u00eds. Pesquisa realizada com 800 profissionais de todas as \u00e1reas no Rio de Janeiro e S\u00e3o Paulo revelou que 31% dos entrevistados sofreram viola\u00e7\u00f5es graves de seus direitos no trabalho nos \u00faltimos dez anos. Reportagem \u00e9 do Valor Econ\u00f4mico.\" \/>\n<meta property=\"og:url\" content=\"https:\/\/inclusivenews.com.br\/?p=17799\" \/>\n<meta property=\"article:publisher\" content=\"https:\/\/www.facebook.com\/agenciainclusive\/\" \/>\n<meta property=\"article:published_time\" content=\"2010-10-21T10:23:07+00:00\" \/>\n<meta property=\"og:image\" content=\"http:\/\/www.unicamp.br\/unicamp\/unicamp_hoje\/ju\/maio2006\/fotosju324-online\/ju3234pg09f.jpg\" \/>\n<meta name=\"author\" content=\"inclusivenews2024\" \/>\n<meta name=\"twitter:card\" content=\"summary_large_image\" \/>\n<meta name=\"twitter:label1\" content=\"Escrito por\" \/>\n\t<meta name=\"twitter:data1\" content=\"inclusivenews2024\" \/>\n\t<meta name=\"twitter:label2\" content=\"Tempo estimado de leitura\" \/>\n\t<meta name=\"twitter:data2\" content=\"3 minutos\" \/>\n<script type=\"application\/ld+json\" class=\"yoast-schema-graph\">{\"@context\":\"https:\\\/\\\/schema.org\",\"@graph\":[{\"@type\":\"Article\",\"@id\":\"https:\\\/\\\/inclusivenews.com.br\\\/?p=17799#article\",\"isPartOf\":{\"@id\":\"https:\\\/\\\/inclusivenews.com.br\\\/?p=17799\"},\"author\":{\"name\":\"inclusivenews2024\",\"@id\":\"https:\\\/\\\/inclusivenews.com.br\\\/#\\\/schema\\\/person\\\/ae4ec7087559b8692fb33b6fffd2273b\"},\"headline\":\"Funcion\u00e1rios relatam abuso e preconceito no trabalho\",\"datePublished\":\"2010-10-21T10:23:07+00:00\",\"mainEntityOfPage\":{\"@id\":\"https:\\\/\\\/inclusivenews.com.br\\\/?p=17799\"},\"wordCount\":690,\"commentCount\":0,\"publisher\":{\"@id\":\"https:\\\/\\\/inclusivenews.com.br\\\/#organization\"},\"image\":{\"@id\":\"https:\\\/\\\/inclusivenews.com.br\\\/?p=17799#primaryimage\"},\"thumbnailUrl\":\"http:\\\/\\\/www.unicamp.br\\\/unicamp\\\/unicamp_hoje\\\/ju\\\/maio2006\\\/fotosju324-online\\\/ju3234pg09f.jpg\",\"articleSection\":[\"Den\u00fancias\",\"Discrimina\u00e7\u00e3o\",\"NOT\u00cdCIAS\",\"Preconceito\",\"Reportagem\"],\"inLanguage\":\"pt-PT\",\"potentialAction\":[{\"@type\":\"CommentAction\",\"name\":\"Comment\",\"target\":[\"https:\\\/\\\/inclusivenews.com.br\\\/?p=17799#respond\"]}]},{\"@type\":\"WebPage\",\"@id\":\"https:\\\/\\\/inclusivenews.com.br\\\/?p=17799\",\"url\":\"https:\\\/\\\/inclusivenews.com.br\\\/?p=17799\",\"name\":\"Funcion\u00e1rios relatam abuso e preconceito no trabalho -\",\"isPartOf\":{\"@id\":\"https:\\\/\\\/inclusivenews.com.br\\\/#website\"},\"primaryImageOfPage\":{\"@id\":\"https:\\\/\\\/inclusivenews.com.br\\\/?p=17799#primaryimage\"},\"image\":{\"@id\":\"https:\\\/\\\/inclusivenews.com.br\\\/?p=17799#primaryimage\"},\"thumbnailUrl\":\"http:\\\/\\\/www.unicamp.br\\\/unicamp\\\/unicamp_hoje\\\/ju\\\/maio2006\\\/fotosju324-online\\\/ju3234pg09f.jpg\",\"datePublished\":\"2010-10-21T10:23:07+00:00\",\"breadcrumb\":{\"@id\":\"https:\\\/\\\/inclusivenews.com.br\\\/?p=17799#breadcrumb\"},\"inLanguage\":\"pt-PT\",\"potentialAction\":[{\"@type\":\"ReadAction\",\"target\":[\"https:\\\/\\\/inclusivenews.com.br\\\/?p=17799\"]}]},{\"@type\":\"ImageObject\",\"inLanguage\":\"pt-PT\",\"@id\":\"https:\\\/\\\/inclusivenews.com.br\\\/?p=17799#primaryimage\",\"url\":\"http:\\\/\\\/www.unicamp.br\\\/unicamp\\\/unicamp_hoje\\\/ju\\\/maio2006\\\/fotosju324-online\\\/ju3234pg09f.jpg\",\"contentUrl\":\"http:\\\/\\\/www.unicamp.br\\\/unicamp\\\/unicamp_hoje\\\/ju\\\/maio2006\\\/fotosju324-online\\\/ju3234pg09f.jpg\"},{\"@type\":\"BreadcrumbList\",\"@id\":\"https:\\\/\\\/inclusivenews.com.br\\\/?p=17799#breadcrumb\",\"itemListElement\":[{\"@type\":\"ListItem\",\"position\":1,\"name\":\"In\u00edcio\",\"item\":\"https:\\\/\\\/inclusivenews.com.br\\\/\"},{\"@type\":\"ListItem\",\"position\":2,\"name\":\"Funcion\u00e1rios relatam abuso e preconceito no trabalho\"}]},{\"@type\":\"WebSite\",\"@id\":\"https:\\\/\\\/inclusivenews.com.br\\\/#website\",\"url\":\"https:\\\/\\\/inclusivenews.com.br\\\/\",\"name\":\"Inclusive News\",\"description\":\"Inclusive News\",\"publisher\":{\"@id\":\"https:\\\/\\\/inclusivenews.com.br\\\/#organization\"},\"potentialAction\":[{\"@type\":\"SearchAction\",\"target\":{\"@type\":\"EntryPoint\",\"urlTemplate\":\"https:\\\/\\\/inclusivenews.com.br\\\/?s={search_term_string}\"},\"query-input\":{\"@type\":\"PropertyValueSpecification\",\"valueRequired\":true,\"valueName\":\"search_term_string\"}}],\"inLanguage\":\"pt-PT\"},{\"@type\":\"Organization\",\"@id\":\"https:\\\/\\\/inclusivenews.com.br\\\/#organization\",\"name\":\"Inclusive - inclus\u00e3o e cidadania\",\"url\":\"https:\\\/\\\/inclusivenews.com.br\\\/\",\"logo\":{\"@type\":\"ImageObject\",\"inLanguage\":\"pt-PT\",\"@id\":\"https:\\\/\\\/inclusivenews.com.br\\\/#\\\/schema\\\/logo\\\/image\\\/\",\"url\":\"https:\\\/\\\/inclusivenews.com.br\\\/wp-content\\\/uploads\\\/2024\\\/03\\\/@grandesite.png\",\"contentUrl\":\"https:\\\/\\\/inclusivenews.com.br\\\/wp-content\\\/uploads\\\/2024\\\/03\\\/@grandesite.png\",\"width\":1080,\"height\":1080,\"caption\":\"Inclusive - inclus\u00e3o e cidadania\"},\"image\":{\"@id\":\"https:\\\/\\\/inclusivenews.com.br\\\/#\\\/schema\\\/logo\\\/image\\\/\"},\"sameAs\":[\"https:\\\/\\\/www.facebook.com\\\/agenciainclusive\\\/\",\"https:\\\/\\\/www.instagram.com\\\/newsinclusive\\\/\"]},{\"@type\":\"Person\",\"@id\":\"https:\\\/\\\/inclusivenews.com.br\\\/#\\\/schema\\\/person\\\/ae4ec7087559b8692fb33b6fffd2273b\",\"name\":\"inclusivenews2024\",\"image\":{\"@type\":\"ImageObject\",\"inLanguage\":\"pt-PT\",\"@id\":\"https:\\\/\\\/secure.gravatar.com\\\/avatar\\\/c5a7ef84c66fa914f55bc4f7ce26cfa275a3b9a1c5568b907bd184fb4dde7b40?s=96&d=mm&r=g\",\"url\":\"https:\\\/\\\/secure.gravatar.com\\\/avatar\\\/c5a7ef84c66fa914f55bc4f7ce26cfa275a3b9a1c5568b907bd184fb4dde7b40?s=96&d=mm&r=g\",\"contentUrl\":\"https:\\\/\\\/secure.gravatar.com\\\/avatar\\\/c5a7ef84c66fa914f55bc4f7ce26cfa275a3b9a1c5568b907bd184fb4dde7b40?s=96&d=mm&r=g\",\"caption\":\"inclusivenews2024\"},\"sameAs\":[\"https:\\\/\\\/inclusivenews.com.br\"],\"url\":\"https:\\\/\\\/inclusivenews.com.br\\\/?author=1\"}]}<\/script>\n<!-- \/ Yoast SEO plugin. -->","yoast_head_json":{"title":"Funcion\u00e1rios relatam abuso e preconceito no trabalho -","robots":{"index":"index","follow":"follow","max-snippet":"max-snippet:-1","max-image-preview":"max-image-preview:large","max-video-preview":"max-video-preview:-1"},"canonical":"https:\/\/inclusivenews.com.br\/?p=17799","og_locale":"pt_PT","og_type":"article","og_title":"Funcion\u00e1rios relatam abuso e preconceito no trabalho -","og_description":"Atitudes como humilha\u00e7\u00e3o e preconceito de ra\u00e7a e g\u00eanero ainda acontecem em companhias de diversos setores e tamanhos no pa\u00eds. Pesquisa realizada com 800 profissionais de todas as \u00e1reas no Rio de Janeiro e S\u00e3o Paulo revelou que 31% dos entrevistados sofreram viola\u00e7\u00f5es graves de seus direitos no trabalho nos \u00faltimos dez anos. Reportagem \u00e9 do Valor Econ\u00f4mico.","og_url":"https:\/\/inclusivenews.com.br\/?p=17799","article_publisher":"https:\/\/www.facebook.com\/agenciainclusive\/","article_published_time":"2010-10-21T10:23:07+00:00","og_image":[{"url":"http:\/\/www.unicamp.br\/unicamp\/unicamp_hoje\/ju\/maio2006\/fotosju324-online\/ju3234pg09f.jpg","type":"","width":"","height":""}],"author":"inclusivenews2024","twitter_card":"summary_large_image","twitter_misc":{"Escrito por":"inclusivenews2024","Tempo estimado de leitura":"3 minutos"},"schema":{"@context":"https:\/\/schema.org","@graph":[{"@type":"Article","@id":"https:\/\/inclusivenews.com.br\/?p=17799#article","isPartOf":{"@id":"https:\/\/inclusivenews.com.br\/?p=17799"},"author":{"name":"inclusivenews2024","@id":"https:\/\/inclusivenews.com.br\/#\/schema\/person\/ae4ec7087559b8692fb33b6fffd2273b"},"headline":"Funcion\u00e1rios relatam abuso e preconceito no trabalho","datePublished":"2010-10-21T10:23:07+00:00","mainEntityOfPage":{"@id":"https:\/\/inclusivenews.com.br\/?p=17799"},"wordCount":690,"commentCount":0,"publisher":{"@id":"https:\/\/inclusivenews.com.br\/#organization"},"image":{"@id":"https:\/\/inclusivenews.com.br\/?p=17799#primaryimage"},"thumbnailUrl":"http:\/\/www.unicamp.br\/unicamp\/unicamp_hoje\/ju\/maio2006\/fotosju324-online\/ju3234pg09f.jpg","articleSection":["Den\u00fancias","Discrimina\u00e7\u00e3o","NOT\u00cdCIAS","Preconceito","Reportagem"],"inLanguage":"pt-PT","potentialAction":[{"@type":"CommentAction","name":"Comment","target":["https:\/\/inclusivenews.com.br\/?p=17799#respond"]}]},{"@type":"WebPage","@id":"https:\/\/inclusivenews.com.br\/?p=17799","url":"https:\/\/inclusivenews.com.br\/?p=17799","name":"Funcion\u00e1rios relatam abuso e preconceito no trabalho -","isPartOf":{"@id":"https:\/\/inclusivenews.com.br\/#website"},"primaryImageOfPage":{"@id":"https:\/\/inclusivenews.com.br\/?p=17799#primaryimage"},"image":{"@id":"https:\/\/inclusivenews.com.br\/?p=17799#primaryimage"},"thumbnailUrl":"http:\/\/www.unicamp.br\/unicamp\/unicamp_hoje\/ju\/maio2006\/fotosju324-online\/ju3234pg09f.jpg","datePublished":"2010-10-21T10:23:07+00:00","breadcrumb":{"@id":"https:\/\/inclusivenews.com.br\/?p=17799#breadcrumb"},"inLanguage":"pt-PT","potentialAction":[{"@type":"ReadAction","target":["https:\/\/inclusivenews.com.br\/?p=17799"]}]},{"@type":"ImageObject","inLanguage":"pt-PT","@id":"https:\/\/inclusivenews.com.br\/?p=17799#primaryimage","url":"http:\/\/www.unicamp.br\/unicamp\/unicamp_hoje\/ju\/maio2006\/fotosju324-online\/ju3234pg09f.jpg","contentUrl":"http:\/\/www.unicamp.br\/unicamp\/unicamp_hoje\/ju\/maio2006\/fotosju324-online\/ju3234pg09f.jpg"},{"@type":"BreadcrumbList","@id":"https:\/\/inclusivenews.com.br\/?p=17799#breadcrumb","itemListElement":[{"@type":"ListItem","position":1,"name":"In\u00edcio","item":"https:\/\/inclusivenews.com.br\/"},{"@type":"ListItem","position":2,"name":"Funcion\u00e1rios relatam abuso e preconceito no trabalho"}]},{"@type":"WebSite","@id":"https:\/\/inclusivenews.com.br\/#website","url":"https:\/\/inclusivenews.com.br\/","name":"Inclusive News","description":"Inclusive News","publisher":{"@id":"https:\/\/inclusivenews.com.br\/#organization"},"potentialAction":[{"@type":"SearchAction","target":{"@type":"EntryPoint","urlTemplate":"https:\/\/inclusivenews.com.br\/?s={search_term_string}"},"query-input":{"@type":"PropertyValueSpecification","valueRequired":true,"valueName":"search_term_string"}}],"inLanguage":"pt-PT"},{"@type":"Organization","@id":"https:\/\/inclusivenews.com.br\/#organization","name":"Inclusive - inclus\u00e3o e cidadania","url":"https:\/\/inclusivenews.com.br\/","logo":{"@type":"ImageObject","inLanguage":"pt-PT","@id":"https:\/\/inclusivenews.com.br\/#\/schema\/logo\/image\/","url":"https:\/\/inclusivenews.com.br\/wp-content\/uploads\/2024\/03\/@grandesite.png","contentUrl":"https:\/\/inclusivenews.com.br\/wp-content\/uploads\/2024\/03\/@grandesite.png","width":1080,"height":1080,"caption":"Inclusive - inclus\u00e3o e cidadania"},"image":{"@id":"https:\/\/inclusivenews.com.br\/#\/schema\/logo\/image\/"},"sameAs":["https:\/\/www.facebook.com\/agenciainclusive\/","https:\/\/www.instagram.com\/newsinclusive\/"]},{"@type":"Person","@id":"https:\/\/inclusivenews.com.br\/#\/schema\/person\/ae4ec7087559b8692fb33b6fffd2273b","name":"inclusivenews2024","image":{"@type":"ImageObject","inLanguage":"pt-PT","@id":"https:\/\/secure.gravatar.com\/avatar\/c5a7ef84c66fa914f55bc4f7ce26cfa275a3b9a1c5568b907bd184fb4dde7b40?s=96&d=mm&r=g","url":"https:\/\/secure.gravatar.com\/avatar\/c5a7ef84c66fa914f55bc4f7ce26cfa275a3b9a1c5568b907bd184fb4dde7b40?s=96&d=mm&r=g","contentUrl":"https:\/\/secure.gravatar.com\/avatar\/c5a7ef84c66fa914f55bc4f7ce26cfa275a3b9a1c5568b907bd184fb4dde7b40?s=96&d=mm&r=g","caption":"inclusivenews2024"},"sameAs":["https:\/\/inclusivenews.com.br"],"url":"https:\/\/inclusivenews.com.br\/?author=1"}]}},"_links":{"self":[{"href":"https:\/\/inclusivenews.com.br\/index.php?rest_route=\/wp\/v2\/posts\/17799","targetHints":{"allow":["GET"]}}],"collection":[{"href":"https:\/\/inclusivenews.com.br\/index.php?rest_route=\/wp\/v2\/posts"}],"about":[{"href":"https:\/\/inclusivenews.com.br\/index.php?rest_route=\/wp\/v2\/types\/post"}],"author":[{"embeddable":true,"href":"https:\/\/inclusivenews.com.br\/index.php?rest_route=\/wp\/v2\/users\/1"}],"replies":[{"embeddable":true,"href":"https:\/\/inclusivenews.com.br\/index.php?rest_route=%2Fwp%2Fv2%2Fcomments&post=17799"}],"version-history":[{"count":0,"href":"https:\/\/inclusivenews.com.br\/index.php?rest_route=\/wp\/v2\/posts\/17799\/revisions"}],"wp:attachment":[{"href":"https:\/\/inclusivenews.com.br\/index.php?rest_route=%2Fwp%2Fv2%2Fmedia&parent=17799"}],"wp:term":[{"taxonomy":"category","embeddable":true,"href":"https:\/\/inclusivenews.com.br\/index.php?rest_route=%2Fwp%2Fv2%2Fcategories&post=17799"},{"taxonomy":"post_tag","embeddable":true,"href":"https:\/\/inclusivenews.com.br\/index.php?rest_route=%2Fwp%2Fv2%2Ftags&post=17799"}],"curies":[{"name":"wp","href":"https:\/\/api.w.org\/{rel}","templated":true}]}}