{"id":17802,"date":"2010-10-21T07:27:24","date_gmt":"2010-10-21T10:27:24","guid":{"rendered":"http:\/\/www.inclusive.org.br\/?p=17802"},"modified":"2010-10-21T07:27:24","modified_gmt":"2010-10-21T10:27:24","slug":"escola-lugar-igual-para-todos","status":"publish","type":"post","link":"https:\/\/inclusivenews.com.br\/?p=17802","title":{"rendered":"Escola: lugar igual para todos?"},"content":{"rendered":"<p><a href=\"http:\/\/www.inclusivenews.com.br\/wp-content\/uploads\/2009\/11\/saladeaulavazia1.jpg\"><img loading=\"lazy\" decoding=\"async\" class=\"alignleft size-full wp-image-12707\" title=\"Inclusive - sala de aula vazia.\" src=\"http:\/\/inclusivenews.com.br\/wp-content\/uploads\/2009\/11\/saladeaulavazia1.jpg\" alt=\"Inclusive - sala de aula vazia.\" width=\"218\" height=\"157\" \/><\/a>\u201cN\u00e3o existe uma educa\u00e7\u00e3o sexual efetiva na escola ou h\u00e1, de fato, uma educa\u00e7\u00e3o sexual heteronormativa muito bem feita? As fam\u00edlias s\u00e3o um empecilho para tal disciplina ou s\u00e3o usadas pelos educadores como desculpa para n\u00e3o realiz\u00e1-la em sala de aula?\u201d, foram alguns dos questionamentos feitos pela pesquisadora chilena Margarita D\u00edaz, presidente da organiza\u00e7\u00e3o <a href=\"http:\/\/www.reprolatina.org.br\/site\/html\/entrada\/index.asp\">Reprolatina<\/a>, ao final da pesquisa \u201cHomofobia na Comunidade Escolar\u201d, estudo qualitativo realizado pela ONG paulista em 11 capitais brasileiras, com diferentes parceiros: no Rio de Janeiro, cujos resultados foram lan\u00e7ados na segunda-feira, 04 de outubro, a pesquisa foi feita juntamente com as Secretarias Estaduais de Educa\u00e7\u00e3o e de Assist\u00eancia Social e Direitos Humanos (SEASDH).<\/p>\n<p>O Rio de Janeiro \u00e9 a d\u00e9cima capital \u2013 das 11 pesquisadas \u2013 a receber a &#8220;reuni\u00e3o devolutiva&#8221; ap\u00f3s o estudo \u2013 os resultados locais j\u00e1 foram apresentados em Recife (PE), Natal (RN), Porto Velho (RO), Porto Alegre (RS), Belo Horizonte (MG), Manaus (AM), Cuiab\u00e1 (MT) e Goi\u00e2nia (GO). A pr\u00f3xima ser\u00e1 S\u00e3o Paulo (SP). O estudo buscou conhecer a percep\u00e7\u00e3o de gestores, educadores e alunos da rede p\u00fablica de ensino \u2013 com foco no ensino fundamental, do 6\u00ba ao 9\u00ba ano \u2013 sobre a situa\u00e7\u00e3o da homofobia no ambiente escolar, visando dar subs\u00eddios ao programa Brasil sem Homofobia.<\/p>\n<p>A pesquisa ouviu 1400 participantes \u2013 dos quais 385 estudantes e 410 professores \u2013 e incluiu 4 escolas em cada capital \u2013 duas estaduais e duas municipais \u2013, escolhidas entre as que obtiveram classifica\u00e7\u00e3o superior a 75 no \u00cdndice de Desenvolvimento da Educa\u00e7\u00e3o B\u00e1sica (IDEB). A pesquisa da Reprolatina obteve resultados similares ao do estudo \u201cJuventude e Sexualidade\u201d realizado pela Unesco em 2004, que abrangeu diferentes aspectos da vida sexual dos jovens, incluindo a discrimina\u00e7\u00e3o em rela\u00e7\u00e3o aos homossexuais no ambiente escolar. Ambas as investiga\u00e7\u00f5es mostram a forte presen\u00e7a da homofobia na escola, embora ela seja negada, j\u00e1 que a popula\u00e7\u00e3o LGBT [l\u00e9sbicas, gays, bissexuais e transexuais] \u00e9 pouco vis\u00edvel neste ambiente. No caso do levantamento da Unesco, mesmo que um grande n\u00famero dos alunos tenha afirmado posi\u00e7\u00f5es libert\u00e1rias em rela\u00e7\u00e3o \u00e0 homossexualidade na escola, cerca de um quarto dos estudantes entrevistados afirmou que n\u00e3o gostaria de ter um colega homossexual. Na pesquisa da Reprolatina, por sua vez, foram recorrentes relatos do tipo \u201cTem que se respeitar o lugar onde voc\u00ea est\u00e1. Se ele (aluno homossexual) n\u00e3o se mostra, n\u00e3o ser\u00e1 agredido\u201d, dito por uma autoridade escolar entrevistada. Ou \u201dN\u00e3o gosto do desmunhecar quando \u00e9 apelativo. Atrapalha a aula\u201d, relato de um aluno.<\/p>\n<p>\u201cQuando os estudantes homossexuais n\u00e3o se mostram, s\u00e3o mais aceitos\u201d, avaliou a presidente da Reprolatina durante o lan\u00e7amento dos resultados do Rio de Janeiro. \u201cAlguns dos entrevistados afirmaram achar que a escola \u00e9 um ambiente igual para todos, alegando que os homossexuais s\u00e3o pessoas \u2018alegres\u2019 e bem aceitas por fazerem a alegria de todos, e que s\u00f3 n\u00e3o frequenta a escola quem n\u00e3o quer. A homofobia na escola \u00e9 negada, primeiramente pelo discurso que invisibiliza a presen\u00e7a de estudantes LGBT e, segundo, porque as express\u00f5es da homofobia s\u00e3o muitas vezes minimizadas ou neutralizadas. Deboches ou piadinhas n\u00e3o s\u00e3o percebidos como express\u00f5es homof\u00f3bicas\u201d, revelou Margarita D\u00edaz.<\/p>\n<p>Se a presen\u00e7a de estudantes gays e l\u00e9sbicas \u00e9 invisibilizada nas escolas (sendo o segundo grupo ainda mais \u201cinvis\u00edvel\u201d que o primeiro), o que dizer das travestis? \u201cNos resultados referentes ao Rio de Janeiro, houve o reconhecimento de que a exclus\u00e3o das travestis e transexuais representa um desafio para a escola. Percebemos a n\u00e3o aceita\u00e7\u00e3o ao uso do nome social, da maquiagem e do banheiro feminino por parte desses grupos. Sentimentos de nojo ainda predominam\u201d, observou a coordenadora do estudo.<\/p>\n<p>A pesquisa revelou ainda haver regras de namoro diferentes para alunos homossexuais e heterossexuais e a exist\u00eancia de discursos de repress\u00e3o para manter a ordem. \u201cBeijo na boca entre dois meninos ou duas meninas me choca\u201d, relatou um dos participantes.<\/p>\n<p>A investiga\u00e7\u00e3o trouxe tamb\u00e9m \u00e0 tona o discurso de que a diversidade sexual n\u00e3o deve ser real\u00e7ada na escola ou ter um tratamento especial. E revela um desconhecimento total sobre os conceitos de g\u00eanero e orienta\u00e7\u00e3o sexual. \u201cPara a grande maioria dos educadores, orienta\u00e7\u00e3o sexual significa educar e informar sobre gravidez e doen\u00e7as sexualmente transmiss\u00edveis (DSTs)\u201d, afirmou Margarita.<\/p>\n<p>Segundo a pesquisadora, houve tamb\u00e9m o consenso de que a educa\u00e7\u00e3o sexual n\u00e3o \u00e9 realizada de maneira sistem\u00e1tica na sala de aula. Os assuntos relacionados \u00e0 sexualidade s\u00e3o enfocados nas aulas de ci\u00eancias. \u201cH\u00e1 uma falta de preparo ou mesmo de interesse dos educadores, al\u00e9m de um temor da rea\u00e7\u00e3o desfavor\u00e1vel das fam\u00edlias, o que me leva a questionar se as fam\u00edlias s\u00e3o realmente um empecilho \u00e0 implementa\u00e7\u00e3o da educa\u00e7\u00e3o sexual nas escolas ou se s\u00e3o usadas pelos educadores como desculpa para n\u00e3o realiz\u00e1-la\u201d, ressaltou.<\/p>\n<p>De acordo com a pesquisa, a homofobia na escola \u00e9 t\u00e3o invisibilizada, que a evas\u00e3o escolar de alunos gays e l\u00e9sbicas \u00e9 sempre justificada pela dire\u00e7\u00e3o como sendo causada por fatores como o uso de drogas, nunca pela homofobia. E a evas\u00e3o \u00e9 apenas uma das consequ\u00eancias da discrimina\u00e7\u00e3o apuradas pela pesquisa: na lista figuram ainda a depress\u00e3o, a tristeza e casos de suic\u00eddio entre os estudantes LGBT.<\/p>\n<p>Em rela\u00e7\u00e3o ao ambiente escolar, a investiga\u00e7\u00e3o da Reprolatina captou uma forte presen\u00e7a de s\u00edmbolos religiosos, o que levou os pesquisadores a questionar de que maneira estes s\u00edmbolos \u2013 ao lado das aulas de religi\u00e3o \u2013 trazem consigo valores morais que possam estar fortalecendo a homofobia na escola.<br \/>\n___________<\/p>\n<p><strong>Fonte: <\/strong><a href=\"http:\/\/www.clam.org.br\/publique\/cgi\/cgilua.exe\/sys\/start.htm?UserActiveTemplate=_BR&amp;infoid=7330&amp;sid=7\">CLAM<\/a><\/p>\n","protected":false},"excerpt":{"rendered":"<p>De acordo com a pesquisa, a homofobia na escola \u00e9 t\u00e3o invisibilizada, que a evas\u00e3o escolar de alunos gays e l\u00e9sbicas \u00e9 sempre justificada pela dire\u00e7\u00e3o como sendo causada por fatores como o uso de drogas, nunca pela homofobia. E a evas\u00e3o \u00e9 apenas uma das consequ\u00eancias da discrimina\u00e7\u00e3o apuradas pela pesquisa: na lista figuram ainda a depress\u00e3o, a tristeza e casos de suic\u00eddio entre os estudantes LGBT.<\/p>\n","protected":false},"author":1,"featured_media":0,"comment_status":"open","ping_status":"open","sticky":false,"template":"","format":"standard","meta":{"site-container-style":"default","site-container-layout":"default","site-sidebar-layout":"default","disable-article-header":"default","disable-site-header":"default","disable-site-footer":"default","disable-content-area-spacing":"default","footnotes":""},"categories":[6,4],"tags":[],"class_list":["post-17802","post","type-post","status-publish","format-standard","hentry","category-educacao","category-noticias"],"yoast_head":"<!-- This site is optimized with the Yoast SEO plugin v27.4 - https:\/\/yoast.com\/product\/yoast-seo-wordpress\/ -->\n<title>Escola: lugar igual para todos? -<\/title>\n<meta name=\"robots\" content=\"index, follow, max-snippet:-1, max-image-preview:large, max-video-preview:-1\" \/>\n<link rel=\"canonical\" href=\"https:\/\/inclusivenews.com.br\/?p=17802\" \/>\n<meta property=\"og:locale\" content=\"pt_PT\" \/>\n<meta property=\"og:type\" content=\"article\" \/>\n<meta property=\"og:title\" content=\"Escola: lugar igual para todos? -\" \/>\n<meta property=\"og:description\" content=\"De acordo com a pesquisa, a homofobia na escola \u00e9 t\u00e3o invisibilizada, que a evas\u00e3o escolar de alunos gays e l\u00e9sbicas \u00e9 sempre justificada pela dire\u00e7\u00e3o como sendo causada por fatores como o uso de drogas, nunca pela homofobia. E a evas\u00e3o \u00e9 apenas uma das consequ\u00eancias da discrimina\u00e7\u00e3o apuradas pela pesquisa: na lista figuram ainda a depress\u00e3o, a tristeza e casos de suic\u00eddio entre os estudantes LGBT.\" \/>\n<meta property=\"og:url\" content=\"https:\/\/inclusivenews.com.br\/?p=17802\" \/>\n<meta property=\"article:publisher\" content=\"https:\/\/www.facebook.com\/agenciainclusive\/\" \/>\n<meta property=\"article:published_time\" content=\"2010-10-21T10:27:24+00:00\" \/>\n<meta property=\"og:image\" content=\"http:\/\/inclusivenews.com.br\/wp-content\/uploads\/2009\/11\/saladeaulavazia1.jpg\" \/>\n<meta name=\"author\" content=\"inclusivenews2024\" \/>\n<meta name=\"twitter:card\" content=\"summary_large_image\" \/>\n<meta name=\"twitter:label1\" content=\"Escrito por\" \/>\n\t<meta name=\"twitter:data1\" content=\"inclusivenews2024\" \/>\n\t<meta name=\"twitter:label2\" content=\"Tempo estimado de leitura\" \/>\n\t<meta name=\"twitter:data2\" content=\"5 minutos\" \/>\n<script type=\"application\/ld+json\" class=\"yoast-schema-graph\">{\"@context\":\"https:\\\/\\\/schema.org\",\"@graph\":[{\"@type\":\"Article\",\"@id\":\"https:\\\/\\\/inclusivenews.com.br\\\/?p=17802#article\",\"isPartOf\":{\"@id\":\"https:\\\/\\\/inclusivenews.com.br\\\/?p=17802\"},\"author\":{\"name\":\"inclusivenews2024\",\"@id\":\"https:\\\/\\\/inclusivenews.com.br\\\/#\\\/schema\\\/person\\\/ae4ec7087559b8692fb33b6fffd2273b\"},\"headline\":\"Escola: lugar igual para todos?\",\"datePublished\":\"2010-10-21T10:27:24+00:00\",\"mainEntityOfPage\":{\"@id\":\"https:\\\/\\\/inclusivenews.com.br\\\/?p=17802\"},\"wordCount\":969,\"commentCount\":0,\"publisher\":{\"@id\":\"https:\\\/\\\/inclusivenews.com.br\\\/#organization\"},\"image\":{\"@id\":\"https:\\\/\\\/inclusivenews.com.br\\\/?p=17802#primaryimage\"},\"thumbnailUrl\":\"http:\\\/\\\/inclusivenews.com.br\\\/wp-content\\\/uploads\\\/2009\\\/11\\\/saladeaulavazia1.jpg\",\"articleSection\":[\"EDUCA\u00c7\u00c3O\",\"NOT\u00cdCIAS\"],\"inLanguage\":\"pt-PT\",\"potentialAction\":[{\"@type\":\"CommentAction\",\"name\":\"Comment\",\"target\":[\"https:\\\/\\\/inclusivenews.com.br\\\/?p=17802#respond\"]}]},{\"@type\":\"WebPage\",\"@id\":\"https:\\\/\\\/inclusivenews.com.br\\\/?p=17802\",\"url\":\"https:\\\/\\\/inclusivenews.com.br\\\/?p=17802\",\"name\":\"Escola: lugar igual para todos? -\",\"isPartOf\":{\"@id\":\"https:\\\/\\\/inclusivenews.com.br\\\/#website\"},\"primaryImageOfPage\":{\"@id\":\"https:\\\/\\\/inclusivenews.com.br\\\/?p=17802#primaryimage\"},\"image\":{\"@id\":\"https:\\\/\\\/inclusivenews.com.br\\\/?p=17802#primaryimage\"},\"thumbnailUrl\":\"http:\\\/\\\/inclusivenews.com.br\\\/wp-content\\\/uploads\\\/2009\\\/11\\\/saladeaulavazia1.jpg\",\"datePublished\":\"2010-10-21T10:27:24+00:00\",\"breadcrumb\":{\"@id\":\"https:\\\/\\\/inclusivenews.com.br\\\/?p=17802#breadcrumb\"},\"inLanguage\":\"pt-PT\",\"potentialAction\":[{\"@type\":\"ReadAction\",\"target\":[\"https:\\\/\\\/inclusivenews.com.br\\\/?p=17802\"]}]},{\"@type\":\"ImageObject\",\"inLanguage\":\"pt-PT\",\"@id\":\"https:\\\/\\\/inclusivenews.com.br\\\/?p=17802#primaryimage\",\"url\":\"https:\\\/\\\/inclusivenews.com.br\\\/wp-content\\\/uploads\\\/2009\\\/11\\\/saladeaulavazia1.jpg\",\"contentUrl\":\"https:\\\/\\\/inclusivenews.com.br\\\/wp-content\\\/uploads\\\/2009\\\/11\\\/saladeaulavazia1.jpg\",\"width\":273,\"height\":196,\"caption\":\"Inclusive - sala de aula vazia.\"},{\"@type\":\"BreadcrumbList\",\"@id\":\"https:\\\/\\\/inclusivenews.com.br\\\/?p=17802#breadcrumb\",\"itemListElement\":[{\"@type\":\"ListItem\",\"position\":1,\"name\":\"In\u00edcio\",\"item\":\"https:\\\/\\\/inclusivenews.com.br\\\/\"},{\"@type\":\"ListItem\",\"position\":2,\"name\":\"Escola: lugar igual para todos?\"}]},{\"@type\":\"WebSite\",\"@id\":\"https:\\\/\\\/inclusivenews.com.br\\\/#website\",\"url\":\"https:\\\/\\\/inclusivenews.com.br\\\/\",\"name\":\"Inclusive News\",\"description\":\"Inclusive News\",\"publisher\":{\"@id\":\"https:\\\/\\\/inclusivenews.com.br\\\/#organization\"},\"potentialAction\":[{\"@type\":\"SearchAction\",\"target\":{\"@type\":\"EntryPoint\",\"urlTemplate\":\"https:\\\/\\\/inclusivenews.com.br\\\/?s={search_term_string}\"},\"query-input\":{\"@type\":\"PropertyValueSpecification\",\"valueRequired\":true,\"valueName\":\"search_term_string\"}}],\"inLanguage\":\"pt-PT\"},{\"@type\":\"Organization\",\"@id\":\"https:\\\/\\\/inclusivenews.com.br\\\/#organization\",\"name\":\"Inclusive - inclus\u00e3o e cidadania\",\"url\":\"https:\\\/\\\/inclusivenews.com.br\\\/\",\"logo\":{\"@type\":\"ImageObject\",\"inLanguage\":\"pt-PT\",\"@id\":\"https:\\\/\\\/inclusivenews.com.br\\\/#\\\/schema\\\/logo\\\/image\\\/\",\"url\":\"https:\\\/\\\/inclusivenews.com.br\\\/wp-content\\\/uploads\\\/2024\\\/03\\\/@grandesite.png\",\"contentUrl\":\"https:\\\/\\\/inclusivenews.com.br\\\/wp-content\\\/uploads\\\/2024\\\/03\\\/@grandesite.png\",\"width\":1080,\"height\":1080,\"caption\":\"Inclusive - inclus\u00e3o e cidadania\"},\"image\":{\"@id\":\"https:\\\/\\\/inclusivenews.com.br\\\/#\\\/schema\\\/logo\\\/image\\\/\"},\"sameAs\":[\"https:\\\/\\\/www.facebook.com\\\/agenciainclusive\\\/\",\"https:\\\/\\\/www.instagram.com\\\/newsinclusive\\\/\"]},{\"@type\":\"Person\",\"@id\":\"https:\\\/\\\/inclusivenews.com.br\\\/#\\\/schema\\\/person\\\/ae4ec7087559b8692fb33b6fffd2273b\",\"name\":\"inclusivenews2024\",\"image\":{\"@type\":\"ImageObject\",\"inLanguage\":\"pt-PT\",\"@id\":\"https:\\\/\\\/secure.gravatar.com\\\/avatar\\\/c5a7ef84c66fa914f55bc4f7ce26cfa275a3b9a1c5568b907bd184fb4dde7b40?s=96&d=mm&r=g\",\"url\":\"https:\\\/\\\/secure.gravatar.com\\\/avatar\\\/c5a7ef84c66fa914f55bc4f7ce26cfa275a3b9a1c5568b907bd184fb4dde7b40?s=96&d=mm&r=g\",\"contentUrl\":\"https:\\\/\\\/secure.gravatar.com\\\/avatar\\\/c5a7ef84c66fa914f55bc4f7ce26cfa275a3b9a1c5568b907bd184fb4dde7b40?s=96&d=mm&r=g\",\"caption\":\"inclusivenews2024\"},\"sameAs\":[\"https:\\\/\\\/inclusivenews.com.br\"],\"url\":\"https:\\\/\\\/inclusivenews.com.br\\\/?author=1\"}]}<\/script>\n<!-- \/ Yoast SEO plugin. -->","yoast_head_json":{"title":"Escola: lugar igual para todos? -","robots":{"index":"index","follow":"follow","max-snippet":"max-snippet:-1","max-image-preview":"max-image-preview:large","max-video-preview":"max-video-preview:-1"},"canonical":"https:\/\/inclusivenews.com.br\/?p=17802","og_locale":"pt_PT","og_type":"article","og_title":"Escola: lugar igual para todos? -","og_description":"De acordo com a pesquisa, a homofobia na escola \u00e9 t\u00e3o invisibilizada, que a evas\u00e3o escolar de alunos gays e l\u00e9sbicas \u00e9 sempre justificada pela dire\u00e7\u00e3o como sendo causada por fatores como o uso de drogas, nunca pela homofobia. E a evas\u00e3o \u00e9 apenas uma das consequ\u00eancias da discrimina\u00e7\u00e3o apuradas pela pesquisa: na lista figuram ainda a depress\u00e3o, a tristeza e casos de suic\u00eddio entre os estudantes LGBT.","og_url":"https:\/\/inclusivenews.com.br\/?p=17802","article_publisher":"https:\/\/www.facebook.com\/agenciainclusive\/","article_published_time":"2010-10-21T10:27:24+00:00","og_image":[{"url":"http:\/\/inclusivenews.com.br\/wp-content\/uploads\/2009\/11\/saladeaulavazia1.jpg","type":"","width":"","height":""}],"author":"inclusivenews2024","twitter_card":"summary_large_image","twitter_misc":{"Escrito por":"inclusivenews2024","Tempo estimado de leitura":"5 minutos"},"schema":{"@context":"https:\/\/schema.org","@graph":[{"@type":"Article","@id":"https:\/\/inclusivenews.com.br\/?p=17802#article","isPartOf":{"@id":"https:\/\/inclusivenews.com.br\/?p=17802"},"author":{"name":"inclusivenews2024","@id":"https:\/\/inclusivenews.com.br\/#\/schema\/person\/ae4ec7087559b8692fb33b6fffd2273b"},"headline":"Escola: lugar igual para todos?","datePublished":"2010-10-21T10:27:24+00:00","mainEntityOfPage":{"@id":"https:\/\/inclusivenews.com.br\/?p=17802"},"wordCount":969,"commentCount":0,"publisher":{"@id":"https:\/\/inclusivenews.com.br\/#organization"},"image":{"@id":"https:\/\/inclusivenews.com.br\/?p=17802#primaryimage"},"thumbnailUrl":"http:\/\/inclusivenews.com.br\/wp-content\/uploads\/2009\/11\/saladeaulavazia1.jpg","articleSection":["EDUCA\u00c7\u00c3O","NOT\u00cdCIAS"],"inLanguage":"pt-PT","potentialAction":[{"@type":"CommentAction","name":"Comment","target":["https:\/\/inclusivenews.com.br\/?p=17802#respond"]}]},{"@type":"WebPage","@id":"https:\/\/inclusivenews.com.br\/?p=17802","url":"https:\/\/inclusivenews.com.br\/?p=17802","name":"Escola: lugar igual para todos? -","isPartOf":{"@id":"https:\/\/inclusivenews.com.br\/#website"},"primaryImageOfPage":{"@id":"https:\/\/inclusivenews.com.br\/?p=17802#primaryimage"},"image":{"@id":"https:\/\/inclusivenews.com.br\/?p=17802#primaryimage"},"thumbnailUrl":"http:\/\/inclusivenews.com.br\/wp-content\/uploads\/2009\/11\/saladeaulavazia1.jpg","datePublished":"2010-10-21T10:27:24+00:00","breadcrumb":{"@id":"https:\/\/inclusivenews.com.br\/?p=17802#breadcrumb"},"inLanguage":"pt-PT","potentialAction":[{"@type":"ReadAction","target":["https:\/\/inclusivenews.com.br\/?p=17802"]}]},{"@type":"ImageObject","inLanguage":"pt-PT","@id":"https:\/\/inclusivenews.com.br\/?p=17802#primaryimage","url":"https:\/\/inclusivenews.com.br\/wp-content\/uploads\/2009\/11\/saladeaulavazia1.jpg","contentUrl":"https:\/\/inclusivenews.com.br\/wp-content\/uploads\/2009\/11\/saladeaulavazia1.jpg","width":273,"height":196,"caption":"Inclusive - sala de aula vazia."},{"@type":"BreadcrumbList","@id":"https:\/\/inclusivenews.com.br\/?p=17802#breadcrumb","itemListElement":[{"@type":"ListItem","position":1,"name":"In\u00edcio","item":"https:\/\/inclusivenews.com.br\/"},{"@type":"ListItem","position":2,"name":"Escola: lugar igual para todos?"}]},{"@type":"WebSite","@id":"https:\/\/inclusivenews.com.br\/#website","url":"https:\/\/inclusivenews.com.br\/","name":"Inclusive News","description":"Inclusive News","publisher":{"@id":"https:\/\/inclusivenews.com.br\/#organization"},"potentialAction":[{"@type":"SearchAction","target":{"@type":"EntryPoint","urlTemplate":"https:\/\/inclusivenews.com.br\/?s={search_term_string}"},"query-input":{"@type":"PropertyValueSpecification","valueRequired":true,"valueName":"search_term_string"}}],"inLanguage":"pt-PT"},{"@type":"Organization","@id":"https:\/\/inclusivenews.com.br\/#organization","name":"Inclusive - inclus\u00e3o e cidadania","url":"https:\/\/inclusivenews.com.br\/","logo":{"@type":"ImageObject","inLanguage":"pt-PT","@id":"https:\/\/inclusivenews.com.br\/#\/schema\/logo\/image\/","url":"https:\/\/inclusivenews.com.br\/wp-content\/uploads\/2024\/03\/@grandesite.png","contentUrl":"https:\/\/inclusivenews.com.br\/wp-content\/uploads\/2024\/03\/@grandesite.png","width":1080,"height":1080,"caption":"Inclusive - inclus\u00e3o e cidadania"},"image":{"@id":"https:\/\/inclusivenews.com.br\/#\/schema\/logo\/image\/"},"sameAs":["https:\/\/www.facebook.com\/agenciainclusive\/","https:\/\/www.instagram.com\/newsinclusive\/"]},{"@type":"Person","@id":"https:\/\/inclusivenews.com.br\/#\/schema\/person\/ae4ec7087559b8692fb33b6fffd2273b","name":"inclusivenews2024","image":{"@type":"ImageObject","inLanguage":"pt-PT","@id":"https:\/\/secure.gravatar.com\/avatar\/c5a7ef84c66fa914f55bc4f7ce26cfa275a3b9a1c5568b907bd184fb4dde7b40?s=96&d=mm&r=g","url":"https:\/\/secure.gravatar.com\/avatar\/c5a7ef84c66fa914f55bc4f7ce26cfa275a3b9a1c5568b907bd184fb4dde7b40?s=96&d=mm&r=g","contentUrl":"https:\/\/secure.gravatar.com\/avatar\/c5a7ef84c66fa914f55bc4f7ce26cfa275a3b9a1c5568b907bd184fb4dde7b40?s=96&d=mm&r=g","caption":"inclusivenews2024"},"sameAs":["https:\/\/inclusivenews.com.br"],"url":"https:\/\/inclusivenews.com.br\/?author=1"}]}},"_links":{"self":[{"href":"https:\/\/inclusivenews.com.br\/index.php?rest_route=\/wp\/v2\/posts\/17802","targetHints":{"allow":["GET"]}}],"collection":[{"href":"https:\/\/inclusivenews.com.br\/index.php?rest_route=\/wp\/v2\/posts"}],"about":[{"href":"https:\/\/inclusivenews.com.br\/index.php?rest_route=\/wp\/v2\/types\/post"}],"author":[{"embeddable":true,"href":"https:\/\/inclusivenews.com.br\/index.php?rest_route=\/wp\/v2\/users\/1"}],"replies":[{"embeddable":true,"href":"https:\/\/inclusivenews.com.br\/index.php?rest_route=%2Fwp%2Fv2%2Fcomments&post=17802"}],"version-history":[{"count":0,"href":"https:\/\/inclusivenews.com.br\/index.php?rest_route=\/wp\/v2\/posts\/17802\/revisions"}],"wp:attachment":[{"href":"https:\/\/inclusivenews.com.br\/index.php?rest_route=%2Fwp%2Fv2%2Fmedia&parent=17802"}],"wp:term":[{"taxonomy":"category","embeddable":true,"href":"https:\/\/inclusivenews.com.br\/index.php?rest_route=%2Fwp%2Fv2%2Fcategories&post=17802"},{"taxonomy":"post_tag","embeddable":true,"href":"https:\/\/inclusivenews.com.br\/index.php?rest_route=%2Fwp%2Fv2%2Ftags&post=17802"}],"curies":[{"name":"wp","href":"https:\/\/api.w.org\/{rel}","templated":true}]}}