{"id":17815,"date":"2010-10-28T06:00:14","date_gmt":"2010-10-28T09:00:14","guid":{"rendered":"http:\/\/www.inclusive.org.br\/?p=17815"},"modified":"2010-10-28T06:00:14","modified_gmt":"2010-10-28T09:00:14","slug":"apresentacoes-em-powerpoint-acessiveis","status":"publish","type":"post","link":"https:\/\/inclusivenews.com.br\/?p=17815","title":{"rendered":"Apresenta\u00e7\u00f5es em PowerPoint acess\u00edveis"},"content":{"rendered":"<figure id=\"attachment_17816\" aria-describedby=\"caption-attachment-17816\" style=\"width: 276px\" class=\"wp-caption alignleft\"><a href=\"http:\/\/www.inclusivenews.com.br\/wp-content\/uploads\/2010\/10\/powerpoint.jpg\"><img loading=\"lazy\" decoding=\"async\" class=\"size-full wp-image-17816 \" title=\"powerpoint\" src=\"http:\/\/inclusivenews.com.br\/wp-content\/uploads\/2010\/10\/powerpoint.jpg\" alt=\"Caixa do Programa PowerPoint da Microsoft\" width=\"276\" height=\"350\" \/><\/a><figcaption id=\"caption-attachment-17816\" class=\"wp-caption-text\">Caixa do Programa PowerPoint da Microsoft<\/figcaption><\/figure>\n<p>Como tornar acess\u00edveis apresenta\u00e7\u00f5es em Power Point \u00e0s pessoas que n\u00e3o as podem ver<\/p>\n<p>Introdu\u00e7\u00e3o<\/p>\n<p>Como certificar-se de que a sua t\u00e9cnica de apresenta\u00e7\u00e3o e transmiss\u00e3o est\u00e1 o mais acess\u00edvel poss\u00edvel para todos os membros da plat\u00e9ia? De acordo com a Organiza\u00e7\u00e3o Mundial de Sa\u00fade, h\u00e1 hoje 314 milh\u00f5es de pessoas com defici\u00eancia visual no mundo. Acrescente-se a\u00ed que at\u00e9 4% da popula\u00e7\u00e3o tem dislexia grave.  Portanto, sua plat\u00e9ia pode ter pessoas de todas essas categorias.<\/p>\n<p>Planejando sua apresenta\u00e7\u00e3o<\/p>\n<p>As diretrizes seguintes foram delineadas para apresenta\u00e7\u00f5es usando softwares como o PowerPoint, entretanto voc\u00ea tamb\u00e9m deve pensar em rela\u00e7\u00e3o a outras formas de apresenta\u00e7\u00e3o, por exemplo, voc\u00ea pode utilizar uma apresenta\u00e7\u00e3o de slides em HTML, ou p\u00f4steres para mostrar as informa\u00e7\u00f5es que voc\u00ea quer apresentar. Independentemente do m\u00e9todo que voc\u00ea escolher, as instru\u00e7\u00f5es a seguir podem ajudar a tornar suas apresenta\u00e7\u00f5es mais acess\u00edveis:<\/p>\n<p>Tamanho da fonte e quantidade de texto em cada slide<\/p>\n<p>\u00b7         Tenha at\u00e9 seis linhas do texto com no m\u00e1ximo cinco ou seis palavras por linha;<\/p>\n<p>\u00b7         Use alinhamento de texto \u00e0 esquerda;<\/p>\n<p>\u00b7         O texto deve estar grande o suficiente para ser lido pela maioria das pessoas de baixa vis\u00e3o sentadas \u00e0 frente da plat\u00e9ia, e por pessoas com vis\u00e3o \u201cnormal\u201d que se encontrem na parte de tr\u00e1s;<\/p>\n<p>\u00b7         O tamanho recomendado para a fonte \u00e9 de n\u00e3o menos que 32 pontos;<\/p>\n<p>\u00b7         Use um misto de caracteres em caixa alta e baixa em vez de apenas letras mai\u00fasculas.<\/p>\n<p>Tipo de fonte<\/p>\n<p>\u00b7         Use as fontes do tipo sem serifa, como a Helv\u00e9tica, Arial e Verdana;<\/p>\n<p>\u00b7         Evite o tipo de fonte it\u00e1lica;<\/p>\n<p>\u00b7         Procure n\u00e3o usar mais do que um tipo de fonte por slide.<\/p>\n<p>Contraste  de Cor e Brilho<\/p>\n<p>\u00b7         Cores no plano de fundo e primeiro plano devem oferecer bom contraste para pessoas com baixa vis\u00e3o;<\/p>\n<p>\u00b7         H\u00e1 dois tipos de contraste: brilho e cor;<\/p>\n<p>\u00b7         O mais alto contraste de brilho \u00e9 entre preto e branco, e o maior contraste entre as cores est\u00e1 entre as complementares;<\/p>\n<p>\u00b7         Um alto contraste entre cores sem contraste de brilho n\u00e3o pode ser lido por pessoas dalt\u00f4nicas. Mais especificamente, essas pessoas t\u00eam dificuldades com a percep\u00e7\u00e3o das cores vermelha e verde;<\/p>\n<p>\u00b7         Use cores de fundo escuras e cores brilhantes para evitar ofuscamento;<\/p>\n<p>\u00b7         Uma fonte de cor branca num plano de fundo azul escuro \u00e9 uma boa combina\u00e7\u00e3o.<\/p>\n<p>Figuras e gr\u00e1ficos<\/p>\n<p>\u00b7         Mantenha figuras e gr\u00e1ficos o mais simples poss\u00edvel;<\/p>\n<p>\u00b7         Use brilho e cores contrastantes do mesmo modo que no texto;<\/p>\n<p>\u00b7         Use tipos de fonte sans serif para textos em figuras.<\/p>\n<p>Anima\u00e7\u00e3o<\/p>\n<p>\u00b7         Use o m\u00ednimo de anima\u00e7\u00e3o.<\/p>\n<p>\u00c1udio-descri\u00e7\u00e3o durante a visualiza\u00e7\u00e3o de slides<\/p>\n<p>\u00b7         Quando voc\u00ea se apresentar, informe como a apresenta\u00e7\u00e3o se dar\u00e1 e diga quando voc\u00ea responder\u00e1 \u00e0s perguntas;<\/p>\n<p>\u00b7         Leia em voz alta todo o texto apresentado nos slides;<\/p>\n<p>\u00b7         Descreva figuras e gr\u00e1ficos;<\/p>\n<p>\u00b7         Explicite a regi\u00e3o de interesse no slide, n\u00e3o apenas aponte para ela;<\/p>\n<p>\u00b7         Descreva cada slide de modo claro para que a plat\u00e9ia entenda a qual \u00e1rea do slide voc\u00ea est\u00e1 se referindo;<\/p>\n<p>\u00b7          Se voc\u00ea precisar usar muito texto num slide, leia-o de vagar e claramente.<\/p>\n<p>Folhetos informativos<\/p>\n<p>\u00b7         Distribua c\u00f3pias de seus slides antes da apresenta\u00e7\u00e3o;<\/p>\n<p>\u00b7         Fique ciente de que o colorido se perde na impress\u00e3o com tons de cinza;<\/p>\n<p>\u00b7         Tenha um n\u00famero suficiente de c\u00f3pias de seus slides para distribuir entre as pessoas com dificuldades de leitura.<\/p>\n<p>Aux\u00edlio para as pessoas com defici\u00eancia visual<\/p>\n<p>\u00b7         Tenha seu material dispon\u00edvel num dispositivo de mem\u00f3ria (USB) para que membros com defici\u00eancia visual possam baix\u00e1-los ou copi\u00e1-los para seus laptops. De prefer\u00eancia, tenha tamb\u00e9m seu material em outros formatos acess\u00edveis como Braille, ou em CD;<\/p>\n<p>\u00b7         Os slides tamb\u00e9m podem ser disponibilizados na Internet \u2013 tanto em HTML quanto em formato para baixar de Word ou PowerPoint.<\/p>\n<p>\u00b7         Se voc\u00ea mostrar algo, diga-o! Imagine que voc\u00ea estivesse ouvindo sua pr\u00f3pria apresenta\u00e7\u00e3o no r\u00e1dio. Fez sentido e voc\u00ea entendeu completamente todas as informa\u00e7\u00f5es que foram apresentadas?<\/p>\n<p>Agradecimento:<\/p>\n<p>Este documento \u00e9 um resumo dos pontos principais das diretrizes WBU do PowerPoint:<\/p>\n<p>Diretrizes de como tornar acess\u00edveis apresenta\u00e7\u00f5es visuais aos membros da plat\u00e9ia que n\u00e3o as podem ver, publicadas por World Blind Union (Uni\u00e3o Mundial dos Deficientes Visuais).<\/p>\n","protected":false},"excerpt":{"rendered":"<p>Saiba aqui como tornar acess\u00edveis apresenta\u00e7\u00f5es em Power Point \u00e0s pessoas que n\u00e3o as podem ver.<\/p>\n","protected":false},"author":1,"featured_media":0,"comment_status":"open","ping_status":"open","sticky":false,"template":"","format":"standard","meta":{"site-container-style":"default","site-container-layout":"default","site-sidebar-layout":"default","disable-article-header":"default","disable-site-header":"default","disable-site-footer":"default","disable-content-area-spacing":"default","footnotes":""},"categories":[44,38,48,4],"tags":[],"class_list":["post-17815","post","type-post","status-publish","format-standard","hentry","category-acessibilidade","category-deficiencia","category-inclusao","category-noticias"],"yoast_head":"<!-- This site is optimized with the Yoast SEO plugin v27.4 - https:\/\/yoast.com\/product\/yoast-seo-wordpress\/ -->\n<title>Apresenta\u00e7\u00f5es em PowerPoint acess\u00edveis -<\/title>\n<meta name=\"robots\" content=\"index, follow, max-snippet:-1, max-image-preview:large, max-video-preview:-1\" \/>\n<link rel=\"canonical\" href=\"https:\/\/inclusivenews.com.br\/?p=17815\" \/>\n<meta property=\"og:locale\" content=\"pt_PT\" \/>\n<meta property=\"og:type\" content=\"article\" \/>\n<meta property=\"og:title\" content=\"Apresenta\u00e7\u00f5es em PowerPoint acess\u00edveis -\" \/>\n<meta property=\"og:description\" content=\"Saiba aqui como tornar acess\u00edveis apresenta\u00e7\u00f5es em Power Point \u00e0s pessoas que n\u00e3o as podem ver.\" \/>\n<meta property=\"og:url\" content=\"https:\/\/inclusivenews.com.br\/?p=17815\" \/>\n<meta property=\"article:publisher\" content=\"https:\/\/www.facebook.com\/agenciainclusive\/\" \/>\n<meta property=\"article:published_time\" content=\"2010-10-28T09:00:14+00:00\" \/>\n<meta property=\"og:image\" content=\"http:\/\/inclusivenews.com.br\/wp-content\/uploads\/2010\/10\/powerpoint.jpg\" \/>\n<meta name=\"author\" content=\"inclusivenews2024\" \/>\n<meta name=\"twitter:card\" content=\"summary_large_image\" \/>\n<meta name=\"twitter:label1\" content=\"Escrito por\" \/>\n\t<meta name=\"twitter:data1\" content=\"inclusivenews2024\" \/>\n\t<meta name=\"twitter:label2\" content=\"Tempo estimado de leitura\" \/>\n\t<meta name=\"twitter:data2\" content=\"4 minutos\" \/>\n<script type=\"application\/ld+json\" class=\"yoast-schema-graph\">{\"@context\":\"https:\\\/\\\/schema.org\",\"@graph\":[{\"@type\":\"Article\",\"@id\":\"https:\\\/\\\/inclusivenews.com.br\\\/?p=17815#article\",\"isPartOf\":{\"@id\":\"https:\\\/\\\/inclusivenews.com.br\\\/?p=17815\"},\"author\":{\"name\":\"inclusivenews2024\",\"@id\":\"https:\\\/\\\/inclusivenews.com.br\\\/#\\\/schema\\\/person\\\/ae4ec7087559b8692fb33b6fffd2273b\"},\"headline\":\"Apresenta\u00e7\u00f5es em PowerPoint acess\u00edveis\",\"datePublished\":\"2010-10-28T09:00:14+00:00\",\"mainEntityOfPage\":{\"@id\":\"https:\\\/\\\/inclusivenews.com.br\\\/?p=17815\"},\"wordCount\":765,\"commentCount\":1,\"publisher\":{\"@id\":\"https:\\\/\\\/inclusivenews.com.br\\\/#organization\"},\"image\":{\"@id\":\"https:\\\/\\\/inclusivenews.com.br\\\/?p=17815#primaryimage\"},\"thumbnailUrl\":\"http:\\\/\\\/inclusivenews.com.br\\\/wp-content\\\/uploads\\\/2010\\\/10\\\/powerpoint.jpg\",\"articleSection\":[\"ACESSIBILIDADE\",\"Defici\u00eancia\",\"INCLUS\u00c3O SOCIAL\",\"NOT\u00cdCIAS\"],\"inLanguage\":\"pt-PT\",\"potentialAction\":[{\"@type\":\"CommentAction\",\"name\":\"Comment\",\"target\":[\"https:\\\/\\\/inclusivenews.com.br\\\/?p=17815#respond\"]}]},{\"@type\":\"WebPage\",\"@id\":\"https:\\\/\\\/inclusivenews.com.br\\\/?p=17815\",\"url\":\"https:\\\/\\\/inclusivenews.com.br\\\/?p=17815\",\"name\":\"Apresenta\u00e7\u00f5es em PowerPoint acess\u00edveis -\",\"isPartOf\":{\"@id\":\"https:\\\/\\\/inclusivenews.com.br\\\/#website\"},\"primaryImageOfPage\":{\"@id\":\"https:\\\/\\\/inclusivenews.com.br\\\/?p=17815#primaryimage\"},\"image\":{\"@id\":\"https:\\\/\\\/inclusivenews.com.br\\\/?p=17815#primaryimage\"},\"thumbnailUrl\":\"http:\\\/\\\/inclusivenews.com.br\\\/wp-content\\\/uploads\\\/2010\\\/10\\\/powerpoint.jpg\",\"datePublished\":\"2010-10-28T09:00:14+00:00\",\"breadcrumb\":{\"@id\":\"https:\\\/\\\/inclusivenews.com.br\\\/?p=17815#breadcrumb\"},\"inLanguage\":\"pt-PT\",\"potentialAction\":[{\"@type\":\"ReadAction\",\"target\":[\"https:\\\/\\\/inclusivenews.com.br\\\/?p=17815\"]}]},{\"@type\":\"ImageObject\",\"inLanguage\":\"pt-PT\",\"@id\":\"https:\\\/\\\/inclusivenews.com.br\\\/?p=17815#primaryimage\",\"url\":\"\",\"contentUrl\":\"\"},{\"@type\":\"BreadcrumbList\",\"@id\":\"https:\\\/\\\/inclusivenews.com.br\\\/?p=17815#breadcrumb\",\"itemListElement\":[{\"@type\":\"ListItem\",\"position\":1,\"name\":\"In\u00edcio\",\"item\":\"https:\\\/\\\/inclusivenews.com.br\\\/\"},{\"@type\":\"ListItem\",\"position\":2,\"name\":\"Apresenta\u00e7\u00f5es em PowerPoint acess\u00edveis\"}]},{\"@type\":\"WebSite\",\"@id\":\"https:\\\/\\\/inclusivenews.com.br\\\/#website\",\"url\":\"https:\\\/\\\/inclusivenews.com.br\\\/\",\"name\":\"Inclusive News\",\"description\":\"Inclusive News\",\"publisher\":{\"@id\":\"https:\\\/\\\/inclusivenews.com.br\\\/#organization\"},\"potentialAction\":[{\"@type\":\"SearchAction\",\"target\":{\"@type\":\"EntryPoint\",\"urlTemplate\":\"https:\\\/\\\/inclusivenews.com.br\\\/?s={search_term_string}\"},\"query-input\":{\"@type\":\"PropertyValueSpecification\",\"valueRequired\":true,\"valueName\":\"search_term_string\"}}],\"inLanguage\":\"pt-PT\"},{\"@type\":\"Organization\",\"@id\":\"https:\\\/\\\/inclusivenews.com.br\\\/#organization\",\"name\":\"Inclusive - inclus\u00e3o e cidadania\",\"url\":\"https:\\\/\\\/inclusivenews.com.br\\\/\",\"logo\":{\"@type\":\"ImageObject\",\"inLanguage\":\"pt-PT\",\"@id\":\"https:\\\/\\\/inclusivenews.com.br\\\/#\\\/schema\\\/logo\\\/image\\\/\",\"url\":\"https:\\\/\\\/inclusivenews.com.br\\\/wp-content\\\/uploads\\\/2024\\\/03\\\/@grandesite.png\",\"contentUrl\":\"https:\\\/\\\/inclusivenews.com.br\\\/wp-content\\\/uploads\\\/2024\\\/03\\\/@grandesite.png\",\"width\":1080,\"height\":1080,\"caption\":\"Inclusive - inclus\u00e3o e cidadania\"},\"image\":{\"@id\":\"https:\\\/\\\/inclusivenews.com.br\\\/#\\\/schema\\\/logo\\\/image\\\/\"},\"sameAs\":[\"https:\\\/\\\/www.facebook.com\\\/agenciainclusive\\\/\",\"https:\\\/\\\/www.instagram.com\\\/newsinclusive\\\/\"]},{\"@type\":\"Person\",\"@id\":\"https:\\\/\\\/inclusivenews.com.br\\\/#\\\/schema\\\/person\\\/ae4ec7087559b8692fb33b6fffd2273b\",\"name\":\"inclusivenews2024\",\"image\":{\"@type\":\"ImageObject\",\"inLanguage\":\"pt-PT\",\"@id\":\"https:\\\/\\\/secure.gravatar.com\\\/avatar\\\/c5a7ef84c66fa914f55bc4f7ce26cfa275a3b9a1c5568b907bd184fb4dde7b40?s=96&d=mm&r=g\",\"url\":\"https:\\\/\\\/secure.gravatar.com\\\/avatar\\\/c5a7ef84c66fa914f55bc4f7ce26cfa275a3b9a1c5568b907bd184fb4dde7b40?s=96&d=mm&r=g\",\"contentUrl\":\"https:\\\/\\\/secure.gravatar.com\\\/avatar\\\/c5a7ef84c66fa914f55bc4f7ce26cfa275a3b9a1c5568b907bd184fb4dde7b40?s=96&d=mm&r=g\",\"caption\":\"inclusivenews2024\"},\"sameAs\":[\"https:\\\/\\\/inclusivenews.com.br\"],\"url\":\"https:\\\/\\\/inclusivenews.com.br\\\/?author=1\"}]}<\/script>\n<!-- \/ Yoast SEO plugin. -->","yoast_head_json":{"title":"Apresenta\u00e7\u00f5es em PowerPoint acess\u00edveis -","robots":{"index":"index","follow":"follow","max-snippet":"max-snippet:-1","max-image-preview":"max-image-preview:large","max-video-preview":"max-video-preview:-1"},"canonical":"https:\/\/inclusivenews.com.br\/?p=17815","og_locale":"pt_PT","og_type":"article","og_title":"Apresenta\u00e7\u00f5es em PowerPoint acess\u00edveis -","og_description":"Saiba aqui como tornar acess\u00edveis apresenta\u00e7\u00f5es em Power Point \u00e0s pessoas que n\u00e3o as podem ver.","og_url":"https:\/\/inclusivenews.com.br\/?p=17815","article_publisher":"https:\/\/www.facebook.com\/agenciainclusive\/","article_published_time":"2010-10-28T09:00:14+00:00","og_image":[{"url":"http:\/\/inclusivenews.com.br\/wp-content\/uploads\/2010\/10\/powerpoint.jpg","type":"","width":"","height":""}],"author":"inclusivenews2024","twitter_card":"summary_large_image","twitter_misc":{"Escrito por":"inclusivenews2024","Tempo estimado de leitura":"4 minutos"},"schema":{"@context":"https:\/\/schema.org","@graph":[{"@type":"Article","@id":"https:\/\/inclusivenews.com.br\/?p=17815#article","isPartOf":{"@id":"https:\/\/inclusivenews.com.br\/?p=17815"},"author":{"name":"inclusivenews2024","@id":"https:\/\/inclusivenews.com.br\/#\/schema\/person\/ae4ec7087559b8692fb33b6fffd2273b"},"headline":"Apresenta\u00e7\u00f5es em PowerPoint acess\u00edveis","datePublished":"2010-10-28T09:00:14+00:00","mainEntityOfPage":{"@id":"https:\/\/inclusivenews.com.br\/?p=17815"},"wordCount":765,"commentCount":1,"publisher":{"@id":"https:\/\/inclusivenews.com.br\/#organization"},"image":{"@id":"https:\/\/inclusivenews.com.br\/?p=17815#primaryimage"},"thumbnailUrl":"http:\/\/inclusivenews.com.br\/wp-content\/uploads\/2010\/10\/powerpoint.jpg","articleSection":["ACESSIBILIDADE","Defici\u00eancia","INCLUS\u00c3O SOCIAL","NOT\u00cdCIAS"],"inLanguage":"pt-PT","potentialAction":[{"@type":"CommentAction","name":"Comment","target":["https:\/\/inclusivenews.com.br\/?p=17815#respond"]}]},{"@type":"WebPage","@id":"https:\/\/inclusivenews.com.br\/?p=17815","url":"https:\/\/inclusivenews.com.br\/?p=17815","name":"Apresenta\u00e7\u00f5es em PowerPoint acess\u00edveis -","isPartOf":{"@id":"https:\/\/inclusivenews.com.br\/#website"},"primaryImageOfPage":{"@id":"https:\/\/inclusivenews.com.br\/?p=17815#primaryimage"},"image":{"@id":"https:\/\/inclusivenews.com.br\/?p=17815#primaryimage"},"thumbnailUrl":"http:\/\/inclusivenews.com.br\/wp-content\/uploads\/2010\/10\/powerpoint.jpg","datePublished":"2010-10-28T09:00:14+00:00","breadcrumb":{"@id":"https:\/\/inclusivenews.com.br\/?p=17815#breadcrumb"},"inLanguage":"pt-PT","potentialAction":[{"@type":"ReadAction","target":["https:\/\/inclusivenews.com.br\/?p=17815"]}]},{"@type":"ImageObject","inLanguage":"pt-PT","@id":"https:\/\/inclusivenews.com.br\/?p=17815#primaryimage","url":"","contentUrl":""},{"@type":"BreadcrumbList","@id":"https:\/\/inclusivenews.com.br\/?p=17815#breadcrumb","itemListElement":[{"@type":"ListItem","position":1,"name":"In\u00edcio","item":"https:\/\/inclusivenews.com.br\/"},{"@type":"ListItem","position":2,"name":"Apresenta\u00e7\u00f5es em PowerPoint acess\u00edveis"}]},{"@type":"WebSite","@id":"https:\/\/inclusivenews.com.br\/#website","url":"https:\/\/inclusivenews.com.br\/","name":"Inclusive News","description":"Inclusive News","publisher":{"@id":"https:\/\/inclusivenews.com.br\/#organization"},"potentialAction":[{"@type":"SearchAction","target":{"@type":"EntryPoint","urlTemplate":"https:\/\/inclusivenews.com.br\/?s={search_term_string}"},"query-input":{"@type":"PropertyValueSpecification","valueRequired":true,"valueName":"search_term_string"}}],"inLanguage":"pt-PT"},{"@type":"Organization","@id":"https:\/\/inclusivenews.com.br\/#organization","name":"Inclusive - inclus\u00e3o e cidadania","url":"https:\/\/inclusivenews.com.br\/","logo":{"@type":"ImageObject","inLanguage":"pt-PT","@id":"https:\/\/inclusivenews.com.br\/#\/schema\/logo\/image\/","url":"https:\/\/inclusivenews.com.br\/wp-content\/uploads\/2024\/03\/@grandesite.png","contentUrl":"https:\/\/inclusivenews.com.br\/wp-content\/uploads\/2024\/03\/@grandesite.png","width":1080,"height":1080,"caption":"Inclusive - inclus\u00e3o e cidadania"},"image":{"@id":"https:\/\/inclusivenews.com.br\/#\/schema\/logo\/image\/"},"sameAs":["https:\/\/www.facebook.com\/agenciainclusive\/","https:\/\/www.instagram.com\/newsinclusive\/"]},{"@type":"Person","@id":"https:\/\/inclusivenews.com.br\/#\/schema\/person\/ae4ec7087559b8692fb33b6fffd2273b","name":"inclusivenews2024","image":{"@type":"ImageObject","inLanguage":"pt-PT","@id":"https:\/\/secure.gravatar.com\/avatar\/c5a7ef84c66fa914f55bc4f7ce26cfa275a3b9a1c5568b907bd184fb4dde7b40?s=96&d=mm&r=g","url":"https:\/\/secure.gravatar.com\/avatar\/c5a7ef84c66fa914f55bc4f7ce26cfa275a3b9a1c5568b907bd184fb4dde7b40?s=96&d=mm&r=g","contentUrl":"https:\/\/secure.gravatar.com\/avatar\/c5a7ef84c66fa914f55bc4f7ce26cfa275a3b9a1c5568b907bd184fb4dde7b40?s=96&d=mm&r=g","caption":"inclusivenews2024"},"sameAs":["https:\/\/inclusivenews.com.br"],"url":"https:\/\/inclusivenews.com.br\/?author=1"}]}},"_links":{"self":[{"href":"https:\/\/inclusivenews.com.br\/index.php?rest_route=\/wp\/v2\/posts\/17815","targetHints":{"allow":["GET"]}}],"collection":[{"href":"https:\/\/inclusivenews.com.br\/index.php?rest_route=\/wp\/v2\/posts"}],"about":[{"href":"https:\/\/inclusivenews.com.br\/index.php?rest_route=\/wp\/v2\/types\/post"}],"author":[{"embeddable":true,"href":"https:\/\/inclusivenews.com.br\/index.php?rest_route=\/wp\/v2\/users\/1"}],"replies":[{"embeddable":true,"href":"https:\/\/inclusivenews.com.br\/index.php?rest_route=%2Fwp%2Fv2%2Fcomments&post=17815"}],"version-history":[{"count":0,"href":"https:\/\/inclusivenews.com.br\/index.php?rest_route=\/wp\/v2\/posts\/17815\/revisions"}],"wp:attachment":[{"href":"https:\/\/inclusivenews.com.br\/index.php?rest_route=%2Fwp%2Fv2%2Fmedia&parent=17815"}],"wp:term":[{"taxonomy":"category","embeddable":true,"href":"https:\/\/inclusivenews.com.br\/index.php?rest_route=%2Fwp%2Fv2%2Fcategories&post=17815"},{"taxonomy":"post_tag","embeddable":true,"href":"https:\/\/inclusivenews.com.br\/index.php?rest_route=%2Fwp%2Fv2%2Ftags&post=17815"}],"curies":[{"name":"wp","href":"https:\/\/api.w.org\/{rel}","templated":true}]}}