{"id":17820,"date":"2010-10-28T07:46:50","date_gmt":"2010-10-28T10:46:50","guid":{"rendered":"http:\/\/www.inclusive.org.br\/?p=17820"},"modified":"2010-10-28T07:46:50","modified_gmt":"2010-10-28T10:46:50","slug":"a-ampliacao-do-olhar-no-poder-da-escola","status":"publish","type":"post","link":"https:\/\/inclusivenews.com.br\/?p=17820","title":{"rendered":"A amplia\u00e7\u00e3o do olhar no poder da escola"},"content":{"rendered":"<p><a href=\"http:\/\/www.inclusivenews.com.br\/wp-content\/uploads\/2009\/10\/logotipo_PlanetaEducacao.jpg\"><img loading=\"lazy\" decoding=\"async\" class=\"alignleft size-full wp-image-12135\" title=\"Logotipo do Planeta Educacao, um globo terrestre formado pela letra E\" src=\"http:\/\/inclusivenews.com.br\/wp-content\/uploads\/2009\/10\/logotipo_PlanetaEducacao.jpg\" alt=\"\" width=\"185\" height=\"120\" \/><\/a><strong>Por Erika de Souza Bueno<\/strong><\/p>\n<p>Antes de se ensinar a ler e a escrever, toda escola poderia mudar um pouco a perspectiva e se empenhar em ensinar o aluno a olhar, a olhar mais criteriosamente, de modo que a identifica\u00e7\u00e3o de detalhes fosse realmente poss\u00edvel.<\/p>\n<p>Se assim fizer, a escola e o professor perceber\u00e3o que a arte de ensinar e a arte de aprender ficam muito mais f\u00e1ceis, muito mais evidentes, da forma como desejamos que sejam.<\/p>\n<p>A tal desejada e requisita produ\u00e7\u00e3o escrita, por exemplo, n\u00e3o come\u00e7a na m\u00e3o do aluno que precisa escrever diante da solicita\u00e7\u00e3o de seu professor, o qual solicita a confec\u00e7\u00e3o de uma reda\u00e7\u00e3o sobre as f\u00e9rias escolares ou afins&#8230;<\/p>\n<p>N\u00e3o, a produ\u00e7\u00e3o escrita n\u00e3o come\u00e7a na m\u00e3o do aluno, mas sim na sua imagina\u00e7\u00e3o estimulada pelo seu professor que, em vez de apenas ensin\u00e1-lo as regras ortogr\u00e1ficas, estimula seu aluno a ver com outros olhos o mundo que o rodeia.<\/p>\n<p>Ter um olhar mais criterioso sobre a realidade que o cerca, o aluno conseguir\u00e1 &#8211; n\u00e3o apenas quando for solicitado, mas em diversos momentos que assim desejar &#8211; produzir textos em diversas estruturas, pois seu olhar identifica pontos que, algumas pessoas, nem sequer percebem.<\/p>\n<p>\u00c9 o olhar do aluno que precisa de aten\u00e7\u00e3o, n\u00e3o apenas as suas m\u00e3os que trabalham na confec\u00e7\u00e3o de um texto, sem nem mesmo entender o sentido de ter registrado por meio da escrita o seu cotidiano, a sua vida, situa\u00e7\u00f5es mil que o faz refletir.<\/p>\n<p>Contudo, \u00e9 sempre importante a escola e o professor tomarem cuidado para n\u00e3o viciarem a forma como o aluno v\u00ea ou ver\u00e1 o mundo que o rodeia, apontando a ele conceitos pr\u00e9-definidos.<\/p>\n<p>\u00c9 importante, sem sombra de d\u00favidas, que o professor estimule olhares que busquem respostas para questionamentos feitos pelos pr\u00f3prios alunos, os quais podem se ver diante de situa\u00e7\u00f5es-problemas reais ou, ent\u00e3o, elaboradas pelo seu professor.<\/p>\n<p>Desta maneira, fazer perguntas torna-se muito mais significativa para a constru\u00e7\u00e3o coletiva do conhecimento, tanto de professores quanto de alunos, do que simplesmente apontar caminhos, dar respostas.<\/p>\n<p>A pergunta incentiva a resposta, a qual n\u00e3o aparecendo t\u00e3o evidente, estimular\u00e1 o aluno a ser protagonista da sua pr\u00f3pria hist\u00f3ria, sempre buscando o conhecimento, questionando e problematizando tudo aquilo que a ele se apresentar.<\/p>\n<p>N\u00e3o apenas em nossos dia, mas sempre houve e haver\u00e1 a necessidade de uma perspectiva diferente, um olhar de fora, um olhar do outro. As diversas quest\u00f5es que envolvem o lado social, pol\u00edtico, financeiro, moral &#8211; estando todos estes fatores interligados ou n\u00e3o &#8211; anseiam por novidades, por algu\u00e9m que seja capaz de sentar e repensar sobre aquilo que parece j\u00e1 ser definido ou definitivo, algu\u00e9m que apresente um segundo olhar sobre o mesmo objeto.<\/p>\n<p>H\u00e1 beleza no que \u00e9 diferente e, al\u00e9m do mais, h\u00e1 ainda mais naquilo que \u00e9 diferente sem ser grosseiro, insensato. Por isso e muito mais, cabe \u00e0 escola e ao professor uma aten\u00e7\u00e3o sobre o seu poder de impacto na vida de seus alunos, considerando-os como pessoas umas diferentes das outras, pessoas altamente capazes de apresentar uma nova possibilidade para enfrentar e vencer as diversas mazelas que h\u00e1 em nosso pa\u00eds, em nosso mundo.<\/p>\n<p>Assim, a escola, enfim, est\u00e1 ou estar\u00e1 no caminho certo para preparar, verdadeiramente, para a vida longe de sua prote\u00e7\u00e3o f\u00edsica, dado que o conhecimento que o aluno conseguir\u00e1 fazer somar ao seu o proteger\u00e1 tal como uma m\u00e3e protege o filho a quem tanto ama.<\/p>\n<p>____________________<\/p>\n<p><strong>Fonte:<\/strong> <a href=\"http:\/\/www.planetaeducacao.com.br\/portal\/artigo.asp?artigo=1943\">Planeta Educa\u00e7\u00e3o<\/a><\/p>\n","protected":false},"excerpt":{"rendered":"<p>Por Erika de Souza Bueno. Antes de se ensinar a ler e a escrever, toda escola poderia mudar um pouco a perspectiva e se empenhar em ensinar o aluno a olhar, a olhar mais criteriosamente, de modo que a identifica\u00e7\u00e3o de detalhes fosse realmente poss\u00edvel. Do Planeta Educa\u00e7\u00e3o.<\/p>\n","protected":false},"author":1,"featured_media":0,"comment_status":"open","ping_status":"open","sticky":false,"template":"","format":"standard","meta":{"site-container-style":"default","site-container-layout":"default","site-sidebar-layout":"default","disable-article-header":"default","disable-site-header":"default","disable-site-footer":"default","disable-content-area-spacing":"default","footnotes":""},"categories":[6,8],"tags":[],"class_list":["post-17820","post","type-post","status-publish","format-standard","hentry","category-educacao","category-textos-e-artigos"],"yoast_head":"<!-- This site is optimized with the Yoast SEO plugin v27.4 - https:\/\/yoast.com\/product\/yoast-seo-wordpress\/ -->\n<title>A amplia\u00e7\u00e3o do olhar no poder da escola -<\/title>\n<meta name=\"robots\" content=\"index, follow, max-snippet:-1, max-image-preview:large, max-video-preview:-1\" \/>\n<link rel=\"canonical\" href=\"https:\/\/inclusivenews.com.br\/?p=17820\" \/>\n<meta property=\"og:locale\" content=\"pt_PT\" \/>\n<meta property=\"og:type\" content=\"article\" \/>\n<meta property=\"og:title\" content=\"A amplia\u00e7\u00e3o do olhar no poder da escola -\" \/>\n<meta property=\"og:description\" content=\"Por Erika de Souza Bueno. Antes de se ensinar a ler e a escrever, toda escola poderia mudar um pouco a perspectiva e se empenhar em ensinar o aluno a olhar, a olhar mais criteriosamente, de modo que a identifica\u00e7\u00e3o de detalhes fosse realmente poss\u00edvel. Do Planeta Educa\u00e7\u00e3o.\" \/>\n<meta property=\"og:url\" content=\"https:\/\/inclusivenews.com.br\/?p=17820\" \/>\n<meta property=\"article:publisher\" content=\"https:\/\/www.facebook.com\/agenciainclusive\/\" \/>\n<meta property=\"article:published_time\" content=\"2010-10-28T10:46:50+00:00\" \/>\n<meta property=\"og:image\" content=\"http:\/\/inclusivenews.com.br\/wp-content\/uploads\/2009\/10\/logotipo_PlanetaEducacao.jpg\" \/>\n<meta name=\"author\" content=\"inclusivenews2024\" \/>\n<meta name=\"twitter:card\" content=\"summary_large_image\" \/>\n<meta name=\"twitter:label1\" content=\"Escrito por\" \/>\n\t<meta name=\"twitter:data1\" content=\"inclusivenews2024\" \/>\n\t<meta name=\"twitter:label2\" content=\"Tempo estimado de leitura\" \/>\n\t<meta name=\"twitter:data2\" content=\"3 minutos\" \/>\n<script type=\"application\/ld+json\" class=\"yoast-schema-graph\">{\"@context\":\"https:\\\/\\\/schema.org\",\"@graph\":[{\"@type\":\"Article\",\"@id\":\"https:\\\/\\\/inclusivenews.com.br\\\/?p=17820#article\",\"isPartOf\":{\"@id\":\"https:\\\/\\\/inclusivenews.com.br\\\/?p=17820\"},\"author\":{\"name\":\"inclusivenews2024\",\"@id\":\"https:\\\/\\\/inclusivenews.com.br\\\/#\\\/schema\\\/person\\\/ae4ec7087559b8692fb33b6fffd2273b\"},\"headline\":\"A amplia\u00e7\u00e3o do olhar no poder da escola\",\"datePublished\":\"2010-10-28T10:46:50+00:00\",\"mainEntityOfPage\":{\"@id\":\"https:\\\/\\\/inclusivenews.com.br\\\/?p=17820\"},\"wordCount\":627,\"commentCount\":0,\"publisher\":{\"@id\":\"https:\\\/\\\/inclusivenews.com.br\\\/#organization\"},\"image\":{\"@id\":\"https:\\\/\\\/inclusivenews.com.br\\\/?p=17820#primaryimage\"},\"thumbnailUrl\":\"http:\\\/\\\/inclusivenews.com.br\\\/wp-content\\\/uploads\\\/2009\\\/10\\\/logotipo_PlanetaEducacao.jpg\",\"articleSection\":[\"EDUCA\u00c7\u00c3O\",\"OPINI\u00c3O\"],\"inLanguage\":\"pt-PT\",\"potentialAction\":[{\"@type\":\"CommentAction\",\"name\":\"Comment\",\"target\":[\"https:\\\/\\\/inclusivenews.com.br\\\/?p=17820#respond\"]}]},{\"@type\":\"WebPage\",\"@id\":\"https:\\\/\\\/inclusivenews.com.br\\\/?p=17820\",\"url\":\"https:\\\/\\\/inclusivenews.com.br\\\/?p=17820\",\"name\":\"A amplia\u00e7\u00e3o do olhar no poder da escola -\",\"isPartOf\":{\"@id\":\"https:\\\/\\\/inclusivenews.com.br\\\/#website\"},\"primaryImageOfPage\":{\"@id\":\"https:\\\/\\\/inclusivenews.com.br\\\/?p=17820#primaryimage\"},\"image\":{\"@id\":\"https:\\\/\\\/inclusivenews.com.br\\\/?p=17820#primaryimage\"},\"thumbnailUrl\":\"http:\\\/\\\/inclusivenews.com.br\\\/wp-content\\\/uploads\\\/2009\\\/10\\\/logotipo_PlanetaEducacao.jpg\",\"datePublished\":\"2010-10-28T10:46:50+00:00\",\"breadcrumb\":{\"@id\":\"https:\\\/\\\/inclusivenews.com.br\\\/?p=17820#breadcrumb\"},\"inLanguage\":\"pt-PT\",\"potentialAction\":[{\"@type\":\"ReadAction\",\"target\":[\"https:\\\/\\\/inclusivenews.com.br\\\/?p=17820\"]}]},{\"@type\":\"ImageObject\",\"inLanguage\":\"pt-PT\",\"@id\":\"https:\\\/\\\/inclusivenews.com.br\\\/?p=17820#primaryimage\",\"url\":\"https:\\\/\\\/inclusivenews.com.br\\\/wp-content\\\/uploads\\\/2009\\\/10\\\/logotipo_PlanetaEducacao.jpg\",\"contentUrl\":\"https:\\\/\\\/inclusivenews.com.br\\\/wp-content\\\/uploads\\\/2009\\\/10\\\/logotipo_PlanetaEducacao.jpg\",\"width\":185,\"height\":120},{\"@type\":\"BreadcrumbList\",\"@id\":\"https:\\\/\\\/inclusivenews.com.br\\\/?p=17820#breadcrumb\",\"itemListElement\":[{\"@type\":\"ListItem\",\"position\":1,\"name\":\"In\u00edcio\",\"item\":\"https:\\\/\\\/inclusivenews.com.br\\\/\"},{\"@type\":\"ListItem\",\"position\":2,\"name\":\"A amplia\u00e7\u00e3o do olhar no poder da escola\"}]},{\"@type\":\"WebSite\",\"@id\":\"https:\\\/\\\/inclusivenews.com.br\\\/#website\",\"url\":\"https:\\\/\\\/inclusivenews.com.br\\\/\",\"name\":\"Inclusive News\",\"description\":\"Inclusive News\",\"publisher\":{\"@id\":\"https:\\\/\\\/inclusivenews.com.br\\\/#organization\"},\"potentialAction\":[{\"@type\":\"SearchAction\",\"target\":{\"@type\":\"EntryPoint\",\"urlTemplate\":\"https:\\\/\\\/inclusivenews.com.br\\\/?s={search_term_string}\"},\"query-input\":{\"@type\":\"PropertyValueSpecification\",\"valueRequired\":true,\"valueName\":\"search_term_string\"}}],\"inLanguage\":\"pt-PT\"},{\"@type\":\"Organization\",\"@id\":\"https:\\\/\\\/inclusivenews.com.br\\\/#organization\",\"name\":\"Inclusive - inclus\u00e3o e cidadania\",\"url\":\"https:\\\/\\\/inclusivenews.com.br\\\/\",\"logo\":{\"@type\":\"ImageObject\",\"inLanguage\":\"pt-PT\",\"@id\":\"https:\\\/\\\/inclusivenews.com.br\\\/#\\\/schema\\\/logo\\\/image\\\/\",\"url\":\"https:\\\/\\\/inclusivenews.com.br\\\/wp-content\\\/uploads\\\/2024\\\/03\\\/@grandesite.png\",\"contentUrl\":\"https:\\\/\\\/inclusivenews.com.br\\\/wp-content\\\/uploads\\\/2024\\\/03\\\/@grandesite.png\",\"width\":1080,\"height\":1080,\"caption\":\"Inclusive - inclus\u00e3o e cidadania\"},\"image\":{\"@id\":\"https:\\\/\\\/inclusivenews.com.br\\\/#\\\/schema\\\/logo\\\/image\\\/\"},\"sameAs\":[\"https:\\\/\\\/www.facebook.com\\\/agenciainclusive\\\/\",\"https:\\\/\\\/www.instagram.com\\\/newsinclusive\\\/\"]},{\"@type\":\"Person\",\"@id\":\"https:\\\/\\\/inclusivenews.com.br\\\/#\\\/schema\\\/person\\\/ae4ec7087559b8692fb33b6fffd2273b\",\"name\":\"inclusivenews2024\",\"image\":{\"@type\":\"ImageObject\",\"inLanguage\":\"pt-PT\",\"@id\":\"https:\\\/\\\/secure.gravatar.com\\\/avatar\\\/c5a7ef84c66fa914f55bc4f7ce26cfa275a3b9a1c5568b907bd184fb4dde7b40?s=96&d=mm&r=g\",\"url\":\"https:\\\/\\\/secure.gravatar.com\\\/avatar\\\/c5a7ef84c66fa914f55bc4f7ce26cfa275a3b9a1c5568b907bd184fb4dde7b40?s=96&d=mm&r=g\",\"contentUrl\":\"https:\\\/\\\/secure.gravatar.com\\\/avatar\\\/c5a7ef84c66fa914f55bc4f7ce26cfa275a3b9a1c5568b907bd184fb4dde7b40?s=96&d=mm&r=g\",\"caption\":\"inclusivenews2024\"},\"sameAs\":[\"https:\\\/\\\/inclusivenews.com.br\"],\"url\":\"https:\\\/\\\/inclusivenews.com.br\\\/?author=1\"}]}<\/script>\n<!-- \/ Yoast SEO plugin. -->","yoast_head_json":{"title":"A amplia\u00e7\u00e3o do olhar no poder da escola -","robots":{"index":"index","follow":"follow","max-snippet":"max-snippet:-1","max-image-preview":"max-image-preview:large","max-video-preview":"max-video-preview:-1"},"canonical":"https:\/\/inclusivenews.com.br\/?p=17820","og_locale":"pt_PT","og_type":"article","og_title":"A amplia\u00e7\u00e3o do olhar no poder da escola -","og_description":"Por Erika de Souza Bueno. Antes de se ensinar a ler e a escrever, toda escola poderia mudar um pouco a perspectiva e se empenhar em ensinar o aluno a olhar, a olhar mais criteriosamente, de modo que a identifica\u00e7\u00e3o de detalhes fosse realmente poss\u00edvel. Do Planeta Educa\u00e7\u00e3o.","og_url":"https:\/\/inclusivenews.com.br\/?p=17820","article_publisher":"https:\/\/www.facebook.com\/agenciainclusive\/","article_published_time":"2010-10-28T10:46:50+00:00","og_image":[{"url":"http:\/\/inclusivenews.com.br\/wp-content\/uploads\/2009\/10\/logotipo_PlanetaEducacao.jpg","type":"","width":"","height":""}],"author":"inclusivenews2024","twitter_card":"summary_large_image","twitter_misc":{"Escrito por":"inclusivenews2024","Tempo estimado de leitura":"3 minutos"},"schema":{"@context":"https:\/\/schema.org","@graph":[{"@type":"Article","@id":"https:\/\/inclusivenews.com.br\/?p=17820#article","isPartOf":{"@id":"https:\/\/inclusivenews.com.br\/?p=17820"},"author":{"name":"inclusivenews2024","@id":"https:\/\/inclusivenews.com.br\/#\/schema\/person\/ae4ec7087559b8692fb33b6fffd2273b"},"headline":"A amplia\u00e7\u00e3o do olhar no poder da escola","datePublished":"2010-10-28T10:46:50+00:00","mainEntityOfPage":{"@id":"https:\/\/inclusivenews.com.br\/?p=17820"},"wordCount":627,"commentCount":0,"publisher":{"@id":"https:\/\/inclusivenews.com.br\/#organization"},"image":{"@id":"https:\/\/inclusivenews.com.br\/?p=17820#primaryimage"},"thumbnailUrl":"http:\/\/inclusivenews.com.br\/wp-content\/uploads\/2009\/10\/logotipo_PlanetaEducacao.jpg","articleSection":["EDUCA\u00c7\u00c3O","OPINI\u00c3O"],"inLanguage":"pt-PT","potentialAction":[{"@type":"CommentAction","name":"Comment","target":["https:\/\/inclusivenews.com.br\/?p=17820#respond"]}]},{"@type":"WebPage","@id":"https:\/\/inclusivenews.com.br\/?p=17820","url":"https:\/\/inclusivenews.com.br\/?p=17820","name":"A amplia\u00e7\u00e3o do olhar no poder da escola -","isPartOf":{"@id":"https:\/\/inclusivenews.com.br\/#website"},"primaryImageOfPage":{"@id":"https:\/\/inclusivenews.com.br\/?p=17820#primaryimage"},"image":{"@id":"https:\/\/inclusivenews.com.br\/?p=17820#primaryimage"},"thumbnailUrl":"http:\/\/inclusivenews.com.br\/wp-content\/uploads\/2009\/10\/logotipo_PlanetaEducacao.jpg","datePublished":"2010-10-28T10:46:50+00:00","breadcrumb":{"@id":"https:\/\/inclusivenews.com.br\/?p=17820#breadcrumb"},"inLanguage":"pt-PT","potentialAction":[{"@type":"ReadAction","target":["https:\/\/inclusivenews.com.br\/?p=17820"]}]},{"@type":"ImageObject","inLanguage":"pt-PT","@id":"https:\/\/inclusivenews.com.br\/?p=17820#primaryimage","url":"https:\/\/inclusivenews.com.br\/wp-content\/uploads\/2009\/10\/logotipo_PlanetaEducacao.jpg","contentUrl":"https:\/\/inclusivenews.com.br\/wp-content\/uploads\/2009\/10\/logotipo_PlanetaEducacao.jpg","width":185,"height":120},{"@type":"BreadcrumbList","@id":"https:\/\/inclusivenews.com.br\/?p=17820#breadcrumb","itemListElement":[{"@type":"ListItem","position":1,"name":"In\u00edcio","item":"https:\/\/inclusivenews.com.br\/"},{"@type":"ListItem","position":2,"name":"A amplia\u00e7\u00e3o do olhar no poder da escola"}]},{"@type":"WebSite","@id":"https:\/\/inclusivenews.com.br\/#website","url":"https:\/\/inclusivenews.com.br\/","name":"Inclusive News","description":"Inclusive News","publisher":{"@id":"https:\/\/inclusivenews.com.br\/#organization"},"potentialAction":[{"@type":"SearchAction","target":{"@type":"EntryPoint","urlTemplate":"https:\/\/inclusivenews.com.br\/?s={search_term_string}"},"query-input":{"@type":"PropertyValueSpecification","valueRequired":true,"valueName":"search_term_string"}}],"inLanguage":"pt-PT"},{"@type":"Organization","@id":"https:\/\/inclusivenews.com.br\/#organization","name":"Inclusive - inclus\u00e3o e cidadania","url":"https:\/\/inclusivenews.com.br\/","logo":{"@type":"ImageObject","inLanguage":"pt-PT","@id":"https:\/\/inclusivenews.com.br\/#\/schema\/logo\/image\/","url":"https:\/\/inclusivenews.com.br\/wp-content\/uploads\/2024\/03\/@grandesite.png","contentUrl":"https:\/\/inclusivenews.com.br\/wp-content\/uploads\/2024\/03\/@grandesite.png","width":1080,"height":1080,"caption":"Inclusive - inclus\u00e3o e cidadania"},"image":{"@id":"https:\/\/inclusivenews.com.br\/#\/schema\/logo\/image\/"},"sameAs":["https:\/\/www.facebook.com\/agenciainclusive\/","https:\/\/www.instagram.com\/newsinclusive\/"]},{"@type":"Person","@id":"https:\/\/inclusivenews.com.br\/#\/schema\/person\/ae4ec7087559b8692fb33b6fffd2273b","name":"inclusivenews2024","image":{"@type":"ImageObject","inLanguage":"pt-PT","@id":"https:\/\/secure.gravatar.com\/avatar\/c5a7ef84c66fa914f55bc4f7ce26cfa275a3b9a1c5568b907bd184fb4dde7b40?s=96&d=mm&r=g","url":"https:\/\/secure.gravatar.com\/avatar\/c5a7ef84c66fa914f55bc4f7ce26cfa275a3b9a1c5568b907bd184fb4dde7b40?s=96&d=mm&r=g","contentUrl":"https:\/\/secure.gravatar.com\/avatar\/c5a7ef84c66fa914f55bc4f7ce26cfa275a3b9a1c5568b907bd184fb4dde7b40?s=96&d=mm&r=g","caption":"inclusivenews2024"},"sameAs":["https:\/\/inclusivenews.com.br"],"url":"https:\/\/inclusivenews.com.br\/?author=1"}]}},"_links":{"self":[{"href":"https:\/\/inclusivenews.com.br\/index.php?rest_route=\/wp\/v2\/posts\/17820","targetHints":{"allow":["GET"]}}],"collection":[{"href":"https:\/\/inclusivenews.com.br\/index.php?rest_route=\/wp\/v2\/posts"}],"about":[{"href":"https:\/\/inclusivenews.com.br\/index.php?rest_route=\/wp\/v2\/types\/post"}],"author":[{"embeddable":true,"href":"https:\/\/inclusivenews.com.br\/index.php?rest_route=\/wp\/v2\/users\/1"}],"replies":[{"embeddable":true,"href":"https:\/\/inclusivenews.com.br\/index.php?rest_route=%2Fwp%2Fv2%2Fcomments&post=17820"}],"version-history":[{"count":0,"href":"https:\/\/inclusivenews.com.br\/index.php?rest_route=\/wp\/v2\/posts\/17820\/revisions"}],"wp:attachment":[{"href":"https:\/\/inclusivenews.com.br\/index.php?rest_route=%2Fwp%2Fv2%2Fmedia&parent=17820"}],"wp:term":[{"taxonomy":"category","embeddable":true,"href":"https:\/\/inclusivenews.com.br\/index.php?rest_route=%2Fwp%2Fv2%2Fcategories&post=17820"},{"taxonomy":"post_tag","embeddable":true,"href":"https:\/\/inclusivenews.com.br\/index.php?rest_route=%2Fwp%2Fv2%2Ftags&post=17820"}],"curies":[{"name":"wp","href":"https:\/\/api.w.org\/{rel}","templated":true}]}}