{"id":17821,"date":"2010-10-28T07:43:22","date_gmt":"2010-10-28T10:43:22","guid":{"rendered":"http:\/\/www.inclusive.org.br\/?p=17821"},"modified":"2010-10-28T07:43:22","modified_gmt":"2010-10-28T10:43:22","slug":"publicacao-mostra-experiencia-pioneira-na-promocao-da-inclusao","status":"publish","type":"post","link":"https:\/\/inclusivenews.com.br\/?p=17821","title":{"rendered":"Publica\u00e7\u00e3o mostra experi\u00eancia pioneira na promo\u00e7\u00e3o da inclus\u00e3o"},"content":{"rendered":"<figure style=\"width: 173px\" class=\"wp-caption alignleft\"><img loading=\"lazy\" decoding=\"async\" title=\"Capa da publica\u00e7\u00e3o, onde v\u00ea-se duas m\u00e3os segurando um globo terrestre no qual evidencia-se o estado de S\u00e3o Paulo\" src=\"http:\/\/www1.ethos.org.br\/EthosWeb\/galeria\/0-I-669Um%20Foco%20na%20Inclus\u00e3o_Livro.JPG\" alt=\"Capa da publica\u00e7\u00e3o, onde v\u00ea-se duas m\u00e3os segurando um globo terrestre no qual evidencia-se o estado de S\u00e3o Paulo\" width=\"173\" height=\"258\" \/><figcaption class=\"wp-caption-text\"> <\/figcaption><\/figure>\n<p>Pessoas com defici\u00eancia t\u00eam qualifica\u00e7\u00e3o profissional e contam com diversas iniciativas sociais voltadas para o incentivo \u00e0 sua coloca\u00e7\u00e3o no mercado de trabalho. No entanto, ainda representam menos de 1% dos trabalhadores formais brasileiros. Essa \u00e9 uma das conclus\u00f5es da publica\u00e7\u00e3o Um Foco na Inclus\u00e3o \u2013 3\u00ba. Programa de Sensibiliza\u00e7\u00e3o Social e Empresarial para Coloca\u00e7\u00e3o de Pessoas com Defici\u00eancia no Mercado de Trabalho, que acaba de ser lan\u00e7ada pelo <a href=\"http:\/\/www.ecidadania.org.br\/\">Espa\u00e7o da Cidadania<\/a>, a\u00e7\u00e3o social apoiada pelo Sindicato dos Metal\u00fargicos de Osasco e Regi\u00e3o e por v\u00e1rios parceiros sociais com o objetivo de promover a inclus\u00e3o profissional de pessoas nessa condi\u00e7\u00e3o.<\/p>\n<p>O livro conta a experi\u00eancia do programa de sensibiliza\u00e7\u00e3o, que nos cinco meses de sua terceira edi\u00e7\u00e3o ocupou diferentes espa\u00e7os e institui\u00e7\u00f5es em 51 cidades e oito Estados brasileiros para divulgar a possibilidade de inclus\u00e3o e derrubar mitos acerca do assunto.<\/p>\n<p>Al\u00e9m disso, a publica\u00e7\u00e3o traz uma an\u00e1lise in\u00e9dita dos dados sobre a presen\u00e7a de pessoas com defici\u00eancia no mercado de trabalho extra\u00eddos da Rela\u00e7\u00e3o Anual de Informa\u00e7\u00f5es Sociais (Rais) de 2008. Um dos destaques \u00e9 a comprova\u00e7\u00e3o de que elas possuem n\u00edveis de escolaridade semelhantes aos de pessoas sem defici\u00eancia, o que derruba a tese de que teriam menos qualifica\u00e7\u00e3o para entrar no mercado formal.<\/p>\n<p>Para adquirir a publica\u00e7\u00e3o, entre em contato com o Espa\u00e7o da Cidadania, pelo e-mail <a href=\"mailto:ecidadania@ecidadania.org.br\">ecidadania@ecidadania.org.br<\/a> ou pelo tel. (11) 3685-0915.<\/p>\n<p>__________________<\/p>\n<p><strong>Fonte:<\/strong> <a href=\"http:\/\/www1.ethos.org.br\/EthosWeb\/pt\/4749\/servicos_do_portal\/noticias\/itens\/publicacao_mostra_experiencia_pioneira_na_promocao_da_inclusao_.aspx\">Instituto Ethos<\/a><\/p>\n","protected":false},"excerpt":{"rendered":"<p>Pessoas com defici\u00eancia t\u00eam qualifica\u00e7\u00e3o profissional e contam com diversas iniciativas sociais voltadas para o incentivo \u00e0 sua coloca\u00e7\u00e3o no mercado de trabalho. No entanto, ainda representam menos de 1% dos trabalhadores formais brasileiros. Informa\u00e7\u00e3o vem do Espa\u00e7o da Cidadania.<\/p>\n","protected":false},"author":1,"featured_media":0,"comment_status":"open","ping_status":"open","sticky":false,"template":"","format":"standard","meta":{"site-container-style":"default","site-container-layout":"default","site-sidebar-layout":"default","disable-article-header":"default","disable-site-header":"default","disable-site-footer":"default","disable-content-area-spacing":"default","footnotes":""},"categories":[38,48,50,51,46,4,10],"tags":[],"class_list":["post-17821","post","type-post","status-publish","format-standard","hentry","category-deficiencia","category-inclusao","category-lancamentos","category-livros","category-mercado-de-trabalho","category-noticias","category-publicacoes"],"yoast_head":"<!-- This site is optimized with the Yoast SEO plugin v27.4 - https:\/\/yoast.com\/product\/yoast-seo-wordpress\/ -->\n<title>Publica\u00e7\u00e3o mostra experi\u00eancia pioneira na promo\u00e7\u00e3o da inclus\u00e3o -<\/title>\n<meta name=\"robots\" content=\"index, follow, max-snippet:-1, max-image-preview:large, max-video-preview:-1\" \/>\n<link rel=\"canonical\" href=\"https:\/\/inclusivenews.com.br\/?p=17821\" \/>\n<meta property=\"og:locale\" content=\"pt_PT\" \/>\n<meta property=\"og:type\" content=\"article\" \/>\n<meta property=\"og:title\" content=\"Publica\u00e7\u00e3o mostra experi\u00eancia pioneira na promo\u00e7\u00e3o da inclus\u00e3o -\" \/>\n<meta property=\"og:description\" content=\"Pessoas com defici\u00eancia t\u00eam qualifica\u00e7\u00e3o profissional e contam com diversas iniciativas sociais voltadas para o incentivo \u00e0 sua coloca\u00e7\u00e3o no mercado de trabalho. No entanto, ainda representam menos de 1% dos trabalhadores formais brasileiros. Informa\u00e7\u00e3o vem do Espa\u00e7o da Cidadania.\" \/>\n<meta property=\"og:url\" content=\"https:\/\/inclusivenews.com.br\/?p=17821\" \/>\n<meta property=\"article:publisher\" content=\"https:\/\/www.facebook.com\/agenciainclusive\/\" \/>\n<meta property=\"article:published_time\" content=\"2010-10-28T10:43:22+00:00\" \/>\n<meta name=\"author\" content=\"inclusivenews2024\" \/>\n<meta name=\"twitter:card\" content=\"summary_large_image\" \/>\n<meta name=\"twitter:label1\" content=\"Escrito por\" \/>\n\t<meta name=\"twitter:data1\" content=\"inclusivenews2024\" \/>\n\t<meta name=\"twitter:label2\" content=\"Tempo estimado de leitura\" \/>\n\t<meta name=\"twitter:data2\" content=\"1 minuto\" \/>\n<script type=\"application\/ld+json\" class=\"yoast-schema-graph\">{\"@context\":\"https:\\\/\\\/schema.org\",\"@graph\":[{\"@type\":\"Article\",\"@id\":\"https:\\\/\\\/inclusivenews.com.br\\\/?p=17821#article\",\"isPartOf\":{\"@id\":\"https:\\\/\\\/inclusivenews.com.br\\\/?p=17821\"},\"author\":{\"name\":\"inclusivenews2024\",\"@id\":\"https:\\\/\\\/inclusivenews.com.br\\\/#\\\/schema\\\/person\\\/ae4ec7087559b8692fb33b6fffd2273b\"},\"headline\":\"Publica\u00e7\u00e3o mostra experi\u00eancia pioneira na promo\u00e7\u00e3o da inclus\u00e3o\",\"datePublished\":\"2010-10-28T10:43:22+00:00\",\"mainEntityOfPage\":{\"@id\":\"https:\\\/\\\/inclusivenews.com.br\\\/?p=17821\"},\"wordCount\":281,\"commentCount\":0,\"publisher\":{\"@id\":\"https:\\\/\\\/inclusivenews.com.br\\\/#organization\"},\"articleSection\":[\"Defici\u00eancia\",\"INCLUS\u00c3O SOCIAL\",\"Lan\u00e7amentos\",\"Livros\",\"Mercado de Trabalho\",\"NOT\u00cdCIAS\",\"PUBLICA\u00c7\u00d5ES\"],\"inLanguage\":\"pt-PT\",\"potentialAction\":[{\"@type\":\"CommentAction\",\"name\":\"Comment\",\"target\":[\"https:\\\/\\\/inclusivenews.com.br\\\/?p=17821#respond\"]}]},{\"@type\":\"WebPage\",\"@id\":\"https:\\\/\\\/inclusivenews.com.br\\\/?p=17821\",\"url\":\"https:\\\/\\\/inclusivenews.com.br\\\/?p=17821\",\"name\":\"Publica\u00e7\u00e3o mostra experi\u00eancia pioneira na promo\u00e7\u00e3o da inclus\u00e3o -\",\"isPartOf\":{\"@id\":\"https:\\\/\\\/inclusivenews.com.br\\\/#website\"},\"datePublished\":\"2010-10-28T10:43:22+00:00\",\"breadcrumb\":{\"@id\":\"https:\\\/\\\/inclusivenews.com.br\\\/?p=17821#breadcrumb\"},\"inLanguage\":\"pt-PT\",\"potentialAction\":[{\"@type\":\"ReadAction\",\"target\":[\"https:\\\/\\\/inclusivenews.com.br\\\/?p=17821\"]}]},{\"@type\":\"BreadcrumbList\",\"@id\":\"https:\\\/\\\/inclusivenews.com.br\\\/?p=17821#breadcrumb\",\"itemListElement\":[{\"@type\":\"ListItem\",\"position\":1,\"name\":\"In\u00edcio\",\"item\":\"https:\\\/\\\/inclusivenews.com.br\\\/\"},{\"@type\":\"ListItem\",\"position\":2,\"name\":\"Publica\u00e7\u00e3o mostra experi\u00eancia pioneira na promo\u00e7\u00e3o da inclus\u00e3o\"}]},{\"@type\":\"WebSite\",\"@id\":\"https:\\\/\\\/inclusivenews.com.br\\\/#website\",\"url\":\"https:\\\/\\\/inclusivenews.com.br\\\/\",\"name\":\"Inclusive News\",\"description\":\"Inclusive News\",\"publisher\":{\"@id\":\"https:\\\/\\\/inclusivenews.com.br\\\/#organization\"},\"potentialAction\":[{\"@type\":\"SearchAction\",\"target\":{\"@type\":\"EntryPoint\",\"urlTemplate\":\"https:\\\/\\\/inclusivenews.com.br\\\/?s={search_term_string}\"},\"query-input\":{\"@type\":\"PropertyValueSpecification\",\"valueRequired\":true,\"valueName\":\"search_term_string\"}}],\"inLanguage\":\"pt-PT\"},{\"@type\":\"Organization\",\"@id\":\"https:\\\/\\\/inclusivenews.com.br\\\/#organization\",\"name\":\"Inclusive - inclus\u00e3o e cidadania\",\"url\":\"https:\\\/\\\/inclusivenews.com.br\\\/\",\"logo\":{\"@type\":\"ImageObject\",\"inLanguage\":\"pt-PT\",\"@id\":\"https:\\\/\\\/inclusivenews.com.br\\\/#\\\/schema\\\/logo\\\/image\\\/\",\"url\":\"https:\\\/\\\/inclusivenews.com.br\\\/wp-content\\\/uploads\\\/2024\\\/03\\\/@grandesite.png\",\"contentUrl\":\"https:\\\/\\\/inclusivenews.com.br\\\/wp-content\\\/uploads\\\/2024\\\/03\\\/@grandesite.png\",\"width\":1080,\"height\":1080,\"caption\":\"Inclusive - inclus\u00e3o e cidadania\"},\"image\":{\"@id\":\"https:\\\/\\\/inclusivenews.com.br\\\/#\\\/schema\\\/logo\\\/image\\\/\"},\"sameAs\":[\"https:\\\/\\\/www.facebook.com\\\/agenciainclusive\\\/\",\"https:\\\/\\\/www.instagram.com\\\/newsinclusive\\\/\"]},{\"@type\":\"Person\",\"@id\":\"https:\\\/\\\/inclusivenews.com.br\\\/#\\\/schema\\\/person\\\/ae4ec7087559b8692fb33b6fffd2273b\",\"name\":\"inclusivenews2024\",\"image\":{\"@type\":\"ImageObject\",\"inLanguage\":\"pt-PT\",\"@id\":\"https:\\\/\\\/secure.gravatar.com\\\/avatar\\\/c5a7ef84c66fa914f55bc4f7ce26cfa275a3b9a1c5568b907bd184fb4dde7b40?s=96&d=mm&r=g\",\"url\":\"https:\\\/\\\/secure.gravatar.com\\\/avatar\\\/c5a7ef84c66fa914f55bc4f7ce26cfa275a3b9a1c5568b907bd184fb4dde7b40?s=96&d=mm&r=g\",\"contentUrl\":\"https:\\\/\\\/secure.gravatar.com\\\/avatar\\\/c5a7ef84c66fa914f55bc4f7ce26cfa275a3b9a1c5568b907bd184fb4dde7b40?s=96&d=mm&r=g\",\"caption\":\"inclusivenews2024\"},\"sameAs\":[\"https:\\\/\\\/inclusivenews.com.br\"],\"url\":\"https:\\\/\\\/inclusivenews.com.br\\\/?author=1\"}]}<\/script>\n<!-- \/ Yoast SEO plugin. -->","yoast_head_json":{"title":"Publica\u00e7\u00e3o mostra experi\u00eancia pioneira na promo\u00e7\u00e3o da inclus\u00e3o -","robots":{"index":"index","follow":"follow","max-snippet":"max-snippet:-1","max-image-preview":"max-image-preview:large","max-video-preview":"max-video-preview:-1"},"canonical":"https:\/\/inclusivenews.com.br\/?p=17821","og_locale":"pt_PT","og_type":"article","og_title":"Publica\u00e7\u00e3o mostra experi\u00eancia pioneira na promo\u00e7\u00e3o da inclus\u00e3o -","og_description":"Pessoas com defici\u00eancia t\u00eam qualifica\u00e7\u00e3o profissional e contam com diversas iniciativas sociais voltadas para o incentivo \u00e0 sua coloca\u00e7\u00e3o no mercado de trabalho. No entanto, ainda representam menos de 1% dos trabalhadores formais brasileiros. Informa\u00e7\u00e3o vem do Espa\u00e7o da Cidadania.","og_url":"https:\/\/inclusivenews.com.br\/?p=17821","article_publisher":"https:\/\/www.facebook.com\/agenciainclusive\/","article_published_time":"2010-10-28T10:43:22+00:00","author":"inclusivenews2024","twitter_card":"summary_large_image","twitter_misc":{"Escrito por":"inclusivenews2024","Tempo estimado de leitura":"1 minuto"},"schema":{"@context":"https:\/\/schema.org","@graph":[{"@type":"Article","@id":"https:\/\/inclusivenews.com.br\/?p=17821#article","isPartOf":{"@id":"https:\/\/inclusivenews.com.br\/?p=17821"},"author":{"name":"inclusivenews2024","@id":"https:\/\/inclusivenews.com.br\/#\/schema\/person\/ae4ec7087559b8692fb33b6fffd2273b"},"headline":"Publica\u00e7\u00e3o mostra experi\u00eancia pioneira na promo\u00e7\u00e3o da inclus\u00e3o","datePublished":"2010-10-28T10:43:22+00:00","mainEntityOfPage":{"@id":"https:\/\/inclusivenews.com.br\/?p=17821"},"wordCount":281,"commentCount":0,"publisher":{"@id":"https:\/\/inclusivenews.com.br\/#organization"},"articleSection":["Defici\u00eancia","INCLUS\u00c3O SOCIAL","Lan\u00e7amentos","Livros","Mercado de Trabalho","NOT\u00cdCIAS","PUBLICA\u00c7\u00d5ES"],"inLanguage":"pt-PT","potentialAction":[{"@type":"CommentAction","name":"Comment","target":["https:\/\/inclusivenews.com.br\/?p=17821#respond"]}]},{"@type":"WebPage","@id":"https:\/\/inclusivenews.com.br\/?p=17821","url":"https:\/\/inclusivenews.com.br\/?p=17821","name":"Publica\u00e7\u00e3o mostra experi\u00eancia pioneira na promo\u00e7\u00e3o da inclus\u00e3o -","isPartOf":{"@id":"https:\/\/inclusivenews.com.br\/#website"},"datePublished":"2010-10-28T10:43:22+00:00","breadcrumb":{"@id":"https:\/\/inclusivenews.com.br\/?p=17821#breadcrumb"},"inLanguage":"pt-PT","potentialAction":[{"@type":"ReadAction","target":["https:\/\/inclusivenews.com.br\/?p=17821"]}]},{"@type":"BreadcrumbList","@id":"https:\/\/inclusivenews.com.br\/?p=17821#breadcrumb","itemListElement":[{"@type":"ListItem","position":1,"name":"In\u00edcio","item":"https:\/\/inclusivenews.com.br\/"},{"@type":"ListItem","position":2,"name":"Publica\u00e7\u00e3o mostra experi\u00eancia pioneira na promo\u00e7\u00e3o da inclus\u00e3o"}]},{"@type":"WebSite","@id":"https:\/\/inclusivenews.com.br\/#website","url":"https:\/\/inclusivenews.com.br\/","name":"Inclusive News","description":"Inclusive News","publisher":{"@id":"https:\/\/inclusivenews.com.br\/#organization"},"potentialAction":[{"@type":"SearchAction","target":{"@type":"EntryPoint","urlTemplate":"https:\/\/inclusivenews.com.br\/?s={search_term_string}"},"query-input":{"@type":"PropertyValueSpecification","valueRequired":true,"valueName":"search_term_string"}}],"inLanguage":"pt-PT"},{"@type":"Organization","@id":"https:\/\/inclusivenews.com.br\/#organization","name":"Inclusive - inclus\u00e3o e cidadania","url":"https:\/\/inclusivenews.com.br\/","logo":{"@type":"ImageObject","inLanguage":"pt-PT","@id":"https:\/\/inclusivenews.com.br\/#\/schema\/logo\/image\/","url":"https:\/\/inclusivenews.com.br\/wp-content\/uploads\/2024\/03\/@grandesite.png","contentUrl":"https:\/\/inclusivenews.com.br\/wp-content\/uploads\/2024\/03\/@grandesite.png","width":1080,"height":1080,"caption":"Inclusive - inclus\u00e3o e cidadania"},"image":{"@id":"https:\/\/inclusivenews.com.br\/#\/schema\/logo\/image\/"},"sameAs":["https:\/\/www.facebook.com\/agenciainclusive\/","https:\/\/www.instagram.com\/newsinclusive\/"]},{"@type":"Person","@id":"https:\/\/inclusivenews.com.br\/#\/schema\/person\/ae4ec7087559b8692fb33b6fffd2273b","name":"inclusivenews2024","image":{"@type":"ImageObject","inLanguage":"pt-PT","@id":"https:\/\/secure.gravatar.com\/avatar\/c5a7ef84c66fa914f55bc4f7ce26cfa275a3b9a1c5568b907bd184fb4dde7b40?s=96&d=mm&r=g","url":"https:\/\/secure.gravatar.com\/avatar\/c5a7ef84c66fa914f55bc4f7ce26cfa275a3b9a1c5568b907bd184fb4dde7b40?s=96&d=mm&r=g","contentUrl":"https:\/\/secure.gravatar.com\/avatar\/c5a7ef84c66fa914f55bc4f7ce26cfa275a3b9a1c5568b907bd184fb4dde7b40?s=96&d=mm&r=g","caption":"inclusivenews2024"},"sameAs":["https:\/\/inclusivenews.com.br"],"url":"https:\/\/inclusivenews.com.br\/?author=1"}]}},"_links":{"self":[{"href":"https:\/\/inclusivenews.com.br\/index.php?rest_route=\/wp\/v2\/posts\/17821","targetHints":{"allow":["GET"]}}],"collection":[{"href":"https:\/\/inclusivenews.com.br\/index.php?rest_route=\/wp\/v2\/posts"}],"about":[{"href":"https:\/\/inclusivenews.com.br\/index.php?rest_route=\/wp\/v2\/types\/post"}],"author":[{"embeddable":true,"href":"https:\/\/inclusivenews.com.br\/index.php?rest_route=\/wp\/v2\/users\/1"}],"replies":[{"embeddable":true,"href":"https:\/\/inclusivenews.com.br\/index.php?rest_route=%2Fwp%2Fv2%2Fcomments&post=17821"}],"version-history":[{"count":0,"href":"https:\/\/inclusivenews.com.br\/index.php?rest_route=\/wp\/v2\/posts\/17821\/revisions"}],"wp:attachment":[{"href":"https:\/\/inclusivenews.com.br\/index.php?rest_route=%2Fwp%2Fv2%2Fmedia&parent=17821"}],"wp:term":[{"taxonomy":"category","embeddable":true,"href":"https:\/\/inclusivenews.com.br\/index.php?rest_route=%2Fwp%2Fv2%2Fcategories&post=17821"},{"taxonomy":"post_tag","embeddable":true,"href":"https:\/\/inclusivenews.com.br\/index.php?rest_route=%2Fwp%2Fv2%2Ftags&post=17821"}],"curies":[{"name":"wp","href":"https:\/\/api.w.org\/{rel}","templated":true}]}}