{"id":17822,"date":"2010-10-28T07:50:51","date_gmt":"2010-10-28T10:50:51","guid":{"rendered":"http:\/\/www.inclusive.org.br\/?p=17822"},"modified":"2010-10-28T07:50:51","modified_gmt":"2010-10-28T10:50:51","slug":"minc-divulga-selecionados-para-o-edital-de-livros-em-formatos-acessiveis","status":"publish","type":"post","link":"https:\/\/inclusivenews.com.br\/?p=17822","title":{"rendered":"MinC divulga selecionados para o edital de livros em formatos acess\u00edveis"},"content":{"rendered":"<figure id=\"attachment_17823\" aria-describedby=\"caption-attachment-17823\" style=\"width: 163px\" class=\"wp-caption alignleft\"><a href=\"http:\/\/www.inclusivenews.com.br\/wp-content\/uploads\/2010\/10\/livros.jpg\"><img loading=\"lazy\" decoding=\"async\" class=\"size-full wp-image-17823\" title=\"Livros dispostos como um domin\u00f3, na vertical\" src=\"http:\/\/inclusivenews.com.br\/wp-content\/uploads\/2010\/10\/livros.jpg\" alt=\"Livros dispostos como um domin\u00f3, na vertical\" width=\"163\" height=\"235\" \/><\/a><figcaption id=\"caption-attachment-17823\" class=\"wp-caption-text\"> <\/figcaption><\/figure>\n<p><em>Minist\u00e9rio da Cultura est\u00e1 investindo mais de R$ 1 milh\u00e3o em projetos de produ\u00e7\u00e3o e difus\u00e3o de livros acess\u00edveis para pessoas com defici\u00eancia visual<\/em><\/p>\n<p>O Minist\u00e9rio da Cultura publicou no dia 25 de outubro, no Di\u00e1rio Oficial da Uni\u00e3o  (Se\u00e7\u00e3o1, p\u00e1ginas 24\/25) portaria com o resultado final do Edital de Fomento \u00e0 Produ\u00e7\u00e3o, Difus\u00e3o e Distribui\u00e7\u00e3o de Livros em Formato Acess\u00edvel. Com a disponibiliza\u00e7\u00e3o de verba adicional e avalia\u00e7\u00e3o de recursos dos n\u00e3o-classificados, o n\u00famero de selecionados passou de sete para 10, totalizando R$ 1,23 milh\u00e3o.<\/p>\n<p>As 10 institui\u00e7\u00f5es selecionadas dever\u00e3o cadastrar o projeto contemplado no  Portal dos Conv\u00eanios SICONV (www.convenios.gov.br), no per\u00edodo de 25 de outubro a 24 de novembro de 2010. Aqueles que n\u00e3o cadastrarem suas propostas ser\u00e3o automaticamente desclassificados.<\/p>\n<p>Na primeira categoria, voltada para a cria\u00e7\u00e3o de centros de produ\u00e7\u00e3o de livros acess\u00edveis, foram contemplados quatro propostas.  O Instituto de Cegos da Para\u00edba Adalgisa Cunha apresentou o projeto que visa implantar um Centro de Produ\u00e7\u00e3o de Livros em Formato Acess\u00edvel para pessoas com defici\u00eancia visual no Nordeste, com capacidade para publica\u00e7\u00e3o de 10 t\u00edtulos por m\u00eas em Braille e outros 10 t\u00edtulos por m\u00eas em formato Daisy ou Voz Sintetizada. O Instituto Sul Matogrossense para Cegos \u201cFlorivaldo Vargas\u201d tamb\u00e9m ir\u00e1 implantar um centro, com mesma capacidade de produ\u00e7\u00e3o, voltado para atender o Centro-Oeste. J\u00e1 o Instituto dos Cegos do Brasil Central vai ampliar o servi\u00e7o de adapta\u00e7\u00e3o e transi\u00e7\u00e3o de t\u00edtulos para o Sistema Braille, diversificando a produ\u00e7\u00e3o acess\u00edvel para os formatos DAISY e Voz, com capacidade para, no m\u00ednimo, 12 matrizes de t\u00edtulos ao m\u00eas. Por sua vez, a Associa\u00e7\u00e3o de e para Cegos do Par\u00e1 ir\u00e1 implantar um Centro de Produ\u00e7\u00e3o de Livros em Formato Acess\u00edvel para pessoas com defici\u00eancia visual para atender a regi\u00e3o Norte.<\/p>\n<p>Na segunda categoria, destinada a fomentar a produ\u00e7\u00e3o e a distribui\u00e7\u00e3o dos livros, foram selecionados tr\u00eas projetos. A Funda\u00e7\u00e3o Dorina Nowill para Cegos, com o projeto Ler sem Ver, pretende publicar, reproduzir e distribuir gratuitamente 90 kits liter\u00e1rios contendo 68 t\u00edtulos em formato acess\u00edvel.  Com o recurso do edital, o Centro SUVAG de Pernambuco  pretende publicar, reproduzir e distribuir 700 exemplares do livro O Olhar T\u00e1til: 12 Gravuras de Gilvan Samico. J\u00e1 a Associa\u00e7\u00e3o de Cegos do Rio Grande do Sul (ACERGS) vai produzir 40 novos t\u00edtulos liter\u00e1rios, falados em voz sintetizada, 40 novos t\u00edtulos liter\u00e1rios em formato Daisy e 10 novos t\u00edtulos liter\u00e1rios em formato Braille. Al\u00e9m disso, vai replicar e distribuir 2.000 exemplares em voz sintetizada, 2.000 exemplares em Daisy e 100 exemplares em Braille.<\/p>\n<p>A terceira categoria do edital \u00e9 destinada \u00e0 capacita\u00e7\u00e3o e difus\u00e3o. Nesta categoria foram selecionados tr\u00eas projetos. A Funda\u00e7\u00e3o Dorina Nowill para Cegos ir\u00e1 capacitar profissionais de tr\u00eas organiza\u00e7\u00f5es indicadas pela ONCB (Organiza\u00e7\u00e3o Nacional de Cegos do Brasil) e pelo Minist\u00e9rio da Cultura para produ\u00e7\u00e3o e reprodu\u00e7\u00e3o de livros acess\u00edveis em dois formatos: livros digitais DAISY e livros falados com voz sintetizada (VS).  A Associa\u00e7\u00e3o Brasileira de Assist\u00eancia ao Deficiente Visual (LARAMARA) ir\u00e1 capacitar 25 profissionais de diferentes segmentos para fazerem uso da Audiodescri\u00e7\u00e3o no desenvolvimento de suas fun\u00e7\u00f5es. Por sua vez, a ACERGS ir\u00e1 desenvolver e implantar o portal da Rede Nacional de Produ\u00e7\u00e3o do Livro Acess\u00edvel e capacitar dois administradores da rede por centro de produ\u00e7\u00e3o.<\/p>\n<p>A previs\u00e3o do MinC \u00e9 que todos os projetos selecionados sejam iniciados em dezembro deste ano. A lista completa dos selecionados est\u00e1 no link Editais do site do minist\u00e9rio.<\/p>\n<p>_______________________<\/p>\n<p><strong>Fonte: <\/strong><a href=\"http:\/\/www.cultura.gov.br\/site\/2010\/10\/25\/minc-divulga-selecionados-para-o-edital-de-livros-em-formatos-acessiveis\/\">Minist\u00e9rio da Cultura<\/a><\/p>\n","protected":false},"excerpt":{"rendered":"<p>Minist\u00e9rio da Cultura est\u00e1 investindo mais de R$ 1 milh\u00e3o em projetos de produ\u00e7\u00e3o e difus\u00e3o de livros acess\u00edveis para pessoas com defici\u00eancia visual. Informa\u00e7\u00e3o \u00e9 do MinC e est\u00e1 no Blog da Audiodescri\u00e7\u00e3o.<\/p>\n","protected":false},"author":1,"featured_media":0,"comment_status":"open","ping_status":"open","sticky":false,"template":"","format":"standard","meta":{"site-container-style":"default","site-container-layout":"default","site-sidebar-layout":"default","disable-article-header":"default","disable-site-header":"default","disable-site-footer":"default","disable-content-area-spacing":"default","footnotes":""},"categories":[44,29,38,48,4],"tags":[],"class_list":["post-17822","post","type-post","status-publish","format-standard","hentry","category-acessibilidade","category-cultura","category-deficiencia","category-inclusao","category-noticias"],"yoast_head":"<!-- This site is optimized with the Yoast SEO plugin v27.5 - https:\/\/yoast.com\/product\/yoast-seo-wordpress\/ -->\n<title>MinC divulga selecionados para o edital de livros em formatos acess\u00edveis -<\/title>\n<meta name=\"robots\" content=\"index, follow, max-snippet:-1, max-image-preview:large, max-video-preview:-1\" \/>\n<link rel=\"canonical\" href=\"https:\/\/inclusivenews.com.br\/?p=17822\" \/>\n<meta property=\"og:locale\" content=\"pt_PT\" \/>\n<meta property=\"og:type\" content=\"article\" \/>\n<meta property=\"og:title\" content=\"MinC divulga selecionados para o edital de livros em formatos acess\u00edveis -\" \/>\n<meta property=\"og:description\" content=\"Minist\u00e9rio da Cultura est\u00e1 investindo mais de R$ 1 milh\u00e3o em projetos de produ\u00e7\u00e3o e difus\u00e3o de livros acess\u00edveis para pessoas com defici\u00eancia visual. Informa\u00e7\u00e3o \u00e9 do MinC e est\u00e1 no Blog da Audiodescri\u00e7\u00e3o.\" \/>\n<meta property=\"og:url\" content=\"https:\/\/inclusivenews.com.br\/?p=17822\" \/>\n<meta property=\"article:publisher\" content=\"https:\/\/www.facebook.com\/agenciainclusive\/\" \/>\n<meta property=\"article:published_time\" content=\"2010-10-28T10:50:51+00:00\" \/>\n<meta property=\"og:image\" content=\"http:\/\/inclusivenews.com.br\/wp-content\/uploads\/2010\/10\/livros.jpg\" \/>\n<meta name=\"author\" content=\"inclusivenews2024\" \/>\n<meta name=\"twitter:card\" content=\"summary_large_image\" \/>\n<meta name=\"twitter:label1\" content=\"Escrito por\" \/>\n\t<meta name=\"twitter:data1\" content=\"inclusivenews2024\" \/>\n\t<meta name=\"twitter:label2\" content=\"Tempo estimado de leitura\" \/>\n\t<meta name=\"twitter:data2\" content=\"3 minutos\" \/>\n<script type=\"application\/ld+json\" class=\"yoast-schema-graph\">{\"@context\":\"https:\\\/\\\/schema.org\",\"@graph\":[{\"@type\":\"Article\",\"@id\":\"https:\\\/\\\/inclusivenews.com.br\\\/?p=17822#article\",\"isPartOf\":{\"@id\":\"https:\\\/\\\/inclusivenews.com.br\\\/?p=17822\"},\"author\":{\"name\":\"inclusivenews2024\",\"@id\":\"https:\\\/\\\/inclusivenews.com.br\\\/#\\\/schema\\\/person\\\/ae4ec7087559b8692fb33b6fffd2273b\"},\"headline\":\"MinC divulga selecionados para o edital de livros em formatos acess\u00edveis\",\"datePublished\":\"2010-10-28T10:50:51+00:00\",\"mainEntityOfPage\":{\"@id\":\"https:\\\/\\\/inclusivenews.com.br\\\/?p=17822\"},\"wordCount\":656,\"commentCount\":0,\"publisher\":{\"@id\":\"https:\\\/\\\/inclusivenews.com.br\\\/#organization\"},\"image\":{\"@id\":\"https:\\\/\\\/inclusivenews.com.br\\\/?p=17822#primaryimage\"},\"thumbnailUrl\":\"http:\\\/\\\/inclusivenews.com.br\\\/wp-content\\\/uploads\\\/2010\\\/10\\\/livros.jpg\",\"articleSection\":[\"ACESSIBILIDADE\",\"Cultura\",\"Defici\u00eancia\",\"INCLUS\u00c3O SOCIAL\",\"NOT\u00cdCIAS\"],\"inLanguage\":\"pt-PT\",\"potentialAction\":[{\"@type\":\"CommentAction\",\"name\":\"Comment\",\"target\":[\"https:\\\/\\\/inclusivenews.com.br\\\/?p=17822#respond\"]}]},{\"@type\":\"WebPage\",\"@id\":\"https:\\\/\\\/inclusivenews.com.br\\\/?p=17822\",\"url\":\"https:\\\/\\\/inclusivenews.com.br\\\/?p=17822\",\"name\":\"MinC divulga selecionados para o edital de livros em formatos acess\u00edveis -\",\"isPartOf\":{\"@id\":\"https:\\\/\\\/inclusivenews.com.br\\\/#website\"},\"primaryImageOfPage\":{\"@id\":\"https:\\\/\\\/inclusivenews.com.br\\\/?p=17822#primaryimage\"},\"image\":{\"@id\":\"https:\\\/\\\/inclusivenews.com.br\\\/?p=17822#primaryimage\"},\"thumbnailUrl\":\"http:\\\/\\\/inclusivenews.com.br\\\/wp-content\\\/uploads\\\/2010\\\/10\\\/livros.jpg\",\"datePublished\":\"2010-10-28T10:50:51+00:00\",\"breadcrumb\":{\"@id\":\"https:\\\/\\\/inclusivenews.com.br\\\/?p=17822#breadcrumb\"},\"inLanguage\":\"pt-PT\",\"potentialAction\":[{\"@type\":\"ReadAction\",\"target\":[\"https:\\\/\\\/inclusivenews.com.br\\\/?p=17822\"]}]},{\"@type\":\"ImageObject\",\"inLanguage\":\"pt-PT\",\"@id\":\"https:\\\/\\\/inclusivenews.com.br\\\/?p=17822#primaryimage\",\"url\":\"\",\"contentUrl\":\"\"},{\"@type\":\"BreadcrumbList\",\"@id\":\"https:\\\/\\\/inclusivenews.com.br\\\/?p=17822#breadcrumb\",\"itemListElement\":[{\"@type\":\"ListItem\",\"position\":1,\"name\":\"In\u00edcio\",\"item\":\"https:\\\/\\\/inclusivenews.com.br\\\/\"},{\"@type\":\"ListItem\",\"position\":2,\"name\":\"MinC divulga selecionados para o edital de livros em formatos acess\u00edveis\"}]},{\"@type\":\"WebSite\",\"@id\":\"https:\\\/\\\/inclusivenews.com.br\\\/#website\",\"url\":\"https:\\\/\\\/inclusivenews.com.br\\\/\",\"name\":\"Inclusive News\",\"description\":\"Inclusive News\",\"publisher\":{\"@id\":\"https:\\\/\\\/inclusivenews.com.br\\\/#organization\"},\"potentialAction\":[{\"@type\":\"SearchAction\",\"target\":{\"@type\":\"EntryPoint\",\"urlTemplate\":\"https:\\\/\\\/inclusivenews.com.br\\\/?s={search_term_string}\"},\"query-input\":{\"@type\":\"PropertyValueSpecification\",\"valueRequired\":true,\"valueName\":\"search_term_string\"}}],\"inLanguage\":\"pt-PT\"},{\"@type\":\"Organization\",\"@id\":\"https:\\\/\\\/inclusivenews.com.br\\\/#organization\",\"name\":\"Inclusive - inclus\u00e3o e cidadania\",\"url\":\"https:\\\/\\\/inclusivenews.com.br\\\/\",\"logo\":{\"@type\":\"ImageObject\",\"inLanguage\":\"pt-PT\",\"@id\":\"https:\\\/\\\/inclusivenews.com.br\\\/#\\\/schema\\\/logo\\\/image\\\/\",\"url\":\"https:\\\/\\\/inclusivenews.com.br\\\/wp-content\\\/uploads\\\/2024\\\/03\\\/@grandesite.png\",\"contentUrl\":\"https:\\\/\\\/inclusivenews.com.br\\\/wp-content\\\/uploads\\\/2024\\\/03\\\/@grandesite.png\",\"width\":1080,\"height\":1080,\"caption\":\"Inclusive - inclus\u00e3o e cidadania\"},\"image\":{\"@id\":\"https:\\\/\\\/inclusivenews.com.br\\\/#\\\/schema\\\/logo\\\/image\\\/\"},\"sameAs\":[\"https:\\\/\\\/www.facebook.com\\\/agenciainclusive\\\/\",\"https:\\\/\\\/www.instagram.com\\\/newsinclusive\\\/\"]},{\"@type\":\"Person\",\"@id\":\"https:\\\/\\\/inclusivenews.com.br\\\/#\\\/schema\\\/person\\\/ae4ec7087559b8692fb33b6fffd2273b\",\"name\":\"inclusivenews2024\",\"image\":{\"@type\":\"ImageObject\",\"inLanguage\":\"pt-PT\",\"@id\":\"https:\\\/\\\/secure.gravatar.com\\\/avatar\\\/c5a7ef84c66fa914f55bc4f7ce26cfa275a3b9a1c5568b907bd184fb4dde7b40?s=96&d=mm&r=g\",\"url\":\"https:\\\/\\\/secure.gravatar.com\\\/avatar\\\/c5a7ef84c66fa914f55bc4f7ce26cfa275a3b9a1c5568b907bd184fb4dde7b40?s=96&d=mm&r=g\",\"contentUrl\":\"https:\\\/\\\/secure.gravatar.com\\\/avatar\\\/c5a7ef84c66fa914f55bc4f7ce26cfa275a3b9a1c5568b907bd184fb4dde7b40?s=96&d=mm&r=g\",\"caption\":\"inclusivenews2024\"},\"sameAs\":[\"https:\\\/\\\/inclusivenews.com.br\"],\"url\":\"https:\\\/\\\/inclusivenews.com.br\\\/?author=1\"}]}<\/script>\n<!-- \/ Yoast SEO plugin. -->","yoast_head_json":{"title":"MinC divulga selecionados para o edital de livros em formatos acess\u00edveis -","robots":{"index":"index","follow":"follow","max-snippet":"max-snippet:-1","max-image-preview":"max-image-preview:large","max-video-preview":"max-video-preview:-1"},"canonical":"https:\/\/inclusivenews.com.br\/?p=17822","og_locale":"pt_PT","og_type":"article","og_title":"MinC divulga selecionados para o edital de livros em formatos acess\u00edveis -","og_description":"Minist\u00e9rio da Cultura est\u00e1 investindo mais de R$ 1 milh\u00e3o em projetos de produ\u00e7\u00e3o e difus\u00e3o de livros acess\u00edveis para pessoas com defici\u00eancia visual. Informa\u00e7\u00e3o \u00e9 do MinC e est\u00e1 no Blog da Audiodescri\u00e7\u00e3o.","og_url":"https:\/\/inclusivenews.com.br\/?p=17822","article_publisher":"https:\/\/www.facebook.com\/agenciainclusive\/","article_published_time":"2010-10-28T10:50:51+00:00","og_image":[{"url":"http:\/\/inclusivenews.com.br\/wp-content\/uploads\/2010\/10\/livros.jpg","type":"","width":"","height":""}],"author":"inclusivenews2024","twitter_card":"summary_large_image","twitter_misc":{"Escrito por":"inclusivenews2024","Tempo estimado de leitura":"3 minutos"},"schema":{"@context":"https:\/\/schema.org","@graph":[{"@type":"Article","@id":"https:\/\/inclusivenews.com.br\/?p=17822#article","isPartOf":{"@id":"https:\/\/inclusivenews.com.br\/?p=17822"},"author":{"name":"inclusivenews2024","@id":"https:\/\/inclusivenews.com.br\/#\/schema\/person\/ae4ec7087559b8692fb33b6fffd2273b"},"headline":"MinC divulga selecionados para o edital de livros em formatos acess\u00edveis","datePublished":"2010-10-28T10:50:51+00:00","mainEntityOfPage":{"@id":"https:\/\/inclusivenews.com.br\/?p=17822"},"wordCount":656,"commentCount":0,"publisher":{"@id":"https:\/\/inclusivenews.com.br\/#organization"},"image":{"@id":"https:\/\/inclusivenews.com.br\/?p=17822#primaryimage"},"thumbnailUrl":"http:\/\/inclusivenews.com.br\/wp-content\/uploads\/2010\/10\/livros.jpg","articleSection":["ACESSIBILIDADE","Cultura","Defici\u00eancia","INCLUS\u00c3O SOCIAL","NOT\u00cdCIAS"],"inLanguage":"pt-PT","potentialAction":[{"@type":"CommentAction","name":"Comment","target":["https:\/\/inclusivenews.com.br\/?p=17822#respond"]}]},{"@type":"WebPage","@id":"https:\/\/inclusivenews.com.br\/?p=17822","url":"https:\/\/inclusivenews.com.br\/?p=17822","name":"MinC divulga selecionados para o edital de livros em formatos acess\u00edveis -","isPartOf":{"@id":"https:\/\/inclusivenews.com.br\/#website"},"primaryImageOfPage":{"@id":"https:\/\/inclusivenews.com.br\/?p=17822#primaryimage"},"image":{"@id":"https:\/\/inclusivenews.com.br\/?p=17822#primaryimage"},"thumbnailUrl":"http:\/\/inclusivenews.com.br\/wp-content\/uploads\/2010\/10\/livros.jpg","datePublished":"2010-10-28T10:50:51+00:00","breadcrumb":{"@id":"https:\/\/inclusivenews.com.br\/?p=17822#breadcrumb"},"inLanguage":"pt-PT","potentialAction":[{"@type":"ReadAction","target":["https:\/\/inclusivenews.com.br\/?p=17822"]}]},{"@type":"ImageObject","inLanguage":"pt-PT","@id":"https:\/\/inclusivenews.com.br\/?p=17822#primaryimage","url":"","contentUrl":""},{"@type":"BreadcrumbList","@id":"https:\/\/inclusivenews.com.br\/?p=17822#breadcrumb","itemListElement":[{"@type":"ListItem","position":1,"name":"In\u00edcio","item":"https:\/\/inclusivenews.com.br\/"},{"@type":"ListItem","position":2,"name":"MinC divulga selecionados para o edital de livros em formatos acess\u00edveis"}]},{"@type":"WebSite","@id":"https:\/\/inclusivenews.com.br\/#website","url":"https:\/\/inclusivenews.com.br\/","name":"Inclusive News","description":"Inclusive News","publisher":{"@id":"https:\/\/inclusivenews.com.br\/#organization"},"potentialAction":[{"@type":"SearchAction","target":{"@type":"EntryPoint","urlTemplate":"https:\/\/inclusivenews.com.br\/?s={search_term_string}"},"query-input":{"@type":"PropertyValueSpecification","valueRequired":true,"valueName":"search_term_string"}}],"inLanguage":"pt-PT"},{"@type":"Organization","@id":"https:\/\/inclusivenews.com.br\/#organization","name":"Inclusive - inclus\u00e3o e cidadania","url":"https:\/\/inclusivenews.com.br\/","logo":{"@type":"ImageObject","inLanguage":"pt-PT","@id":"https:\/\/inclusivenews.com.br\/#\/schema\/logo\/image\/","url":"https:\/\/inclusivenews.com.br\/wp-content\/uploads\/2024\/03\/@grandesite.png","contentUrl":"https:\/\/inclusivenews.com.br\/wp-content\/uploads\/2024\/03\/@grandesite.png","width":1080,"height":1080,"caption":"Inclusive - inclus\u00e3o e cidadania"},"image":{"@id":"https:\/\/inclusivenews.com.br\/#\/schema\/logo\/image\/"},"sameAs":["https:\/\/www.facebook.com\/agenciainclusive\/","https:\/\/www.instagram.com\/newsinclusive\/"]},{"@type":"Person","@id":"https:\/\/inclusivenews.com.br\/#\/schema\/person\/ae4ec7087559b8692fb33b6fffd2273b","name":"inclusivenews2024","image":{"@type":"ImageObject","inLanguage":"pt-PT","@id":"https:\/\/secure.gravatar.com\/avatar\/c5a7ef84c66fa914f55bc4f7ce26cfa275a3b9a1c5568b907bd184fb4dde7b40?s=96&d=mm&r=g","url":"https:\/\/secure.gravatar.com\/avatar\/c5a7ef84c66fa914f55bc4f7ce26cfa275a3b9a1c5568b907bd184fb4dde7b40?s=96&d=mm&r=g","contentUrl":"https:\/\/secure.gravatar.com\/avatar\/c5a7ef84c66fa914f55bc4f7ce26cfa275a3b9a1c5568b907bd184fb4dde7b40?s=96&d=mm&r=g","caption":"inclusivenews2024"},"sameAs":["https:\/\/inclusivenews.com.br"],"url":"https:\/\/inclusivenews.com.br\/?author=1"}]}},"_links":{"self":[{"href":"https:\/\/inclusivenews.com.br\/index.php?rest_route=\/wp\/v2\/posts\/17822","targetHints":{"allow":["GET"]}}],"collection":[{"href":"https:\/\/inclusivenews.com.br\/index.php?rest_route=\/wp\/v2\/posts"}],"about":[{"href":"https:\/\/inclusivenews.com.br\/index.php?rest_route=\/wp\/v2\/types\/post"}],"author":[{"embeddable":true,"href":"https:\/\/inclusivenews.com.br\/index.php?rest_route=\/wp\/v2\/users\/1"}],"replies":[{"embeddable":true,"href":"https:\/\/inclusivenews.com.br\/index.php?rest_route=%2Fwp%2Fv2%2Fcomments&post=17822"}],"version-history":[{"count":0,"href":"https:\/\/inclusivenews.com.br\/index.php?rest_route=\/wp\/v2\/posts\/17822\/revisions"}],"wp:attachment":[{"href":"https:\/\/inclusivenews.com.br\/index.php?rest_route=%2Fwp%2Fv2%2Fmedia&parent=17822"}],"wp:term":[{"taxonomy":"category","embeddable":true,"href":"https:\/\/inclusivenews.com.br\/index.php?rest_route=%2Fwp%2Fv2%2Fcategories&post=17822"},{"taxonomy":"post_tag","embeddable":true,"href":"https:\/\/inclusivenews.com.br\/index.php?rest_route=%2Fwp%2Fv2%2Ftags&post=17822"}],"curies":[{"name":"wp","href":"https:\/\/api.w.org\/{rel}","templated":true}]}}