{"id":17826,"date":"2010-10-27T06:10:14","date_gmt":"2010-10-27T09:10:14","guid":{"rendered":"http:\/\/www.inclusive.org.br\/?p=17826"},"modified":"2010-10-27T06:10:14","modified_gmt":"2010-10-27T09:10:14","slug":"o-que-e-uma-convencao-das-nacoes-unidas","status":"publish","type":"post","link":"https:\/\/inclusivenews.com.br\/?p=17826","title":{"rendered":"O que \u00e9 uma Conven\u00e7\u00e3o das Na\u00e7\u00f5es Unidas?"},"content":{"rendered":"<figure id=\"attachment_12451\" aria-describedby=\"caption-attachment-12451\" style=\"width: 204px\" class=\"wp-caption alignleft\"><a href=\"http:\/\/www.inclusivenews.com.br\/wp-content\/uploads\/2009\/11\/ONU-BRASIL1.jpg\"><img loading=\"lazy\" decoding=\"async\" class=\"size-full wp-image-12451\" title=\"ONU BRASIL\" src=\"http:\/\/inclusivenews.com.br\/wp-content\/uploads\/2009\/11\/ONU-BRASIL1.jpg\" alt=\"\" width=\"204\" height=\"174\" \/><\/a><figcaption id=\"caption-attachment-12451\" class=\"wp-caption-text\"> <\/figcaption><\/figure>\n<p>Fica bem claro que a Conven\u00e7\u00e3o sobre os Direitos de Pessoas com Defici\u00eancia \u00e9 um documento important\u00edssimo, que vem consolidar os esfor\u00e7os dedicados de muitas pessoas com defici\u00eancias que durante anos, sem esmorecer, estudaram item por item a ser colocado no documento que deve ser adotado pela maioria dos pa\u00edses do mundo.<\/p>\n<p>Ocorreu a Inclusion International, depois do Congresso de Berlim, em junho de 2010, que muita gente, de muitos pa\u00edses, n\u00e3o tem muita id\u00e9ia do que representa um documento desse porte, at\u00e9 que ponto ele pode ser defendido nos respectivos pa\u00edses, qual sua import\u00e2ncia real, da\u00ed terem preparado uma s\u00e9rie de informa\u00e7\u00f5es curtas sobre a quest\u00e3o, o que pessoalmente achamos importante e oportuno para n\u00f3s no Brasil.<\/p>\n<p>Ent\u00e3o vamos \u00e0s perguntas e respostas:<br \/>\nO QUE \u00c9 UMA CONVEN\u00c7\u00c3O DAS NA\u00c7\u00d5ES UNIDAS:<\/p>\n<p>\u00c9 um tratado internacional entre os Estados Participantes das Na\u00e7\u00f5es Unidas, e um documento que tem amparo legal.<\/p>\n<p>A Conven\u00e7\u00e3o das Na\u00e7\u00f5es Unidas sobre os Direitos das Pessoas com Defici\u00eancia define os direitos humanos de pessoas com defici\u00eancias. A maioria desses direitos s\u00e3o direitos individuais tais como o direito \u00e0 liberdade e a seguran\u00e7a de uma pessoa (Art. 14,); alguns s\u00e3o somente as obriga\u00e7\u00f5es dos Pa\u00edses Participantes de tomar medidas para garantir que pessoas, por exemplo, tenham acesso ao ambiente f\u00edsico, a transporte, a comunica\u00e7\u00e3o, etc. (Art. 9).<\/p>\n<p>A CDPD n\u00e3o cria novos direitos humanos, e sim descreve os direitos humanos existentes da perspectiva de pessoas com defici\u00eancias.<\/p>\n<p>Existe, portanto, n\u00e3o somente uma liga\u00e7\u00e3o direta com outros instrumentos de Direitos Humanos das Na\u00e7\u00f5es Unidas, mas todos esses outros instrumentos tamb\u00e9m s\u00e3o aplic\u00e1veis a pessoas com defici\u00eancias.<\/p>\n<p>&#8211; A Declara\u00e7\u00e3o Universal de Direitos Humanos \u2013 1948<\/p>\n<p>-O Compromisso Internacional sobre Direitos Civis e Pol\u00edticos (1966)<\/p>\n<p>-A Conven\u00e7\u00e3o sobre a Elimina\u00e7\u00e3o de todas as Formas de Discrimina\u00e7\u00e3o contra as Mulheres (CEDAW), 1981<\/p>\n<p>-A Conven\u00e7\u00e3o das Na\u00e7\u00f5es Unidas contra a Tortura (CAT), 1984<\/p>\n<p>-A Conven\u00e7\u00e3o sobre os Direitos da Crian\u00e7a (CRC), 1989<\/p>\n<p>-Desde que a Conven\u00e7\u00e3o foi adotada pela Assembl\u00e9ia Geral das Na\u00e7\u00f5es Unidas em 2006, 146 Pa\u00edses Participantes subscreveram e 91 ratificaram a Conven\u00e7\u00e3o sobre os Direitos das Pessoas com Defici\u00eancia. Al\u00e9m disso, 81 Pa\u00edses Participantes assinaram o protocolo facultativo da CDPD e 57 deles o ratificaram.  Este protocolo capacita o Comit\u00ea sobre os Direitos das Pessoas com Defici\u00eancias (Art. 34 da CDPD) a receber reclama\u00e7\u00f5es de pessoas que afirmam ter sido v\u00edtimas de viola\u00e7\u00e3o dos dispositivos da CDPD.<\/p>\n<p>&#8211; Qual \u00e9 a diferen\u00e7a entre assinatura e ratifica\u00e7\u00e3o?<\/p>\n<p>&#8211; A assinatura expressa a INTEN\u00c7\u00c3O de um Estado Participante aceitar e implementar o conte\u00fado da CDPD.<\/p>\n<p>-A ratifica\u00e7\u00e3o significa que o conte\u00fado da CDPD passar\u00e1 a fazer parte da legisla\u00e7\u00e3o nacional dos Estados Participantes t\u00e3o logo o processo de ratifica\u00e7\u00e3o seja completado.<\/p>\n<p>-Tanto a CDPD como o protocolo facultativo foram ratificados pela Eslov\u00e1quia em 20 de maio de 2010.<\/p>\n<p>&#8211; O Brasil ratificou a Conven\u00e7\u00e3o com status de emenda constitucional atrav\u00e9s do  Decreto legislativo 186\/200 e, em 2009 foi promulgado o Decreto Executivo 6.949\/09, que ratifica a Conven\u00e7a,o agora diretamente pelo Poder Executivo<\/p>\n<p>-Processos de ratifica\u00e7\u00e3o s\u00e3o diferentes e dependem de leis nacionais de um Pa\u00eds Participante.<\/p>\n<p>-Na Alemanha, por exemplo, a Constitui\u00e7\u00e3o (lei b\u00e1sica) determina que a CDPD deve ser aprovada pelo Parlamento alem\u00e3o (Deutscher Bundestag) como qualquer outra lei, e publicada em alem\u00e3o, ingl\u00eas e franc\u00eas.<\/p>\n<p>-Todos os direitos humanos mencionados na CDPD s\u00e3o de m\u00e1xima import\u00e2ncia para pessoas com defici\u00eancia.<\/p>\n<p>INCLUSION INTERNATIONAL, n\u00e3o obstante, decidiu focalizar os seguintes tr\u00eas Artigos neste momento:<\/p>\n<p>Art. 12 \u2013 (Igualdade diante da lei)<\/p>\n<p>Art.19 \u2013 (Vivendo com independ\u00eancia sendo inclu\u00eddo na comunidade)<\/p>\n<p>Art.24 \u2013 (Educa\u00e7\u00e3o)<\/p>\n<p>A mensagem \u00e9 muito clara:<\/p>\n<p>Nada de incapacidade de pessoas com defici\u00eancias: digamos n\u00e3o a leis de tutoria que incapacitam uma pessoa; n\u00e3o decis\u00e3o substituta feita por um representante legal, mas, em lugar disso, apoio legal\/assist\u00eancia legal com base na confian\u00e7a e parceria de uma pessoa ou uma rede de pessoas que conhecem a pessoa com defici\u00eancia.<\/p>\n<p>Art. 12<\/p>\n<p>Par\u00e1grafo .2 Os Estados Participantes reconhecer\u00e3o que a pessoa com defici\u00eancia deve ter capacidade legal em base de igualdade com terceiros em todos os aspectos da vida.<\/p>\n<p>Par\u00e1grafo 3 Os Estados Participantes tomar\u00e3o medidas apropriadas para fornecer a pessoas com defici\u00eancias acesso ao apoio que possam necessitar para o exerc\u00edcio de seus direitos.<\/p>\n<p>-O Art. 12 \u00e9 um dos elementos centrais da CDPD, uma vez que evita que pessoas com defici\u00eancia sejam divididas em pessoas com direitos humanos prim\u00e1rios  e pessoas com direitos humanos secund\u00e1rios, isto \u00e9, pessoas com defici\u00eancias que podem reivindicar elas mesmas TODOS os direitos humanos da CDPD e pessoas com defici\u00eancias que necessitam um representante legal para reivindicar alguns ou todos os direitos humanos da CDPD.<\/p>\n<p>&#8211; A CDPD \u00e9 muito mais do que um simples texto legal que define direitos e habilita\u00e7\u00e3o legal.  \u00c9 um INSTRUMENTO DE POL\u00cdTICA que descreve elementos essenciais para construir uma SOCIEDADE INCLUSIVA E LIVRE DE BARREIRAS e que capacita pessoas com defici\u00eancias a serem aceitas como cidad\u00e3s plenas de seus pa\u00edses e viver em sua sociedade em base de igualdade com outras pessoas.<\/p>\n<p>===============================================<\/p>\n<p>Algumas observa\u00e7\u00f5es muito importantes distribu\u00eddas por Inclusion International, a organiza\u00e7\u00e3o mundial de fam\u00edlias com um filho com defici\u00eancia intelectual, traduzidas do ingl\u00eas e digitadas em S\u00e3o Paulo por Maria Am\u00e9lia Vampr\u00e9 Xavier, Diretora para Assuntos Internacionais da FENAPAEs, Federa\u00e7\u00e3o Nacional das APAEs, Bras\u00edlia, Rebrates, SP, Carpe Diem, SP, Sorri Brasil, SP, Membro Honor\u00e1rio Vital\u00edcio de Inclusion International, eleita no 15\u00ba.Congresso Mundial de Inclusion International, Berlim, junho de 2010.<\/p>\n<p>________________________<\/p>\n<p><strong>Fonte:<\/strong> <a href=\"http:\/\/www.inclusion-international.org\/\">Inclusion International<\/a><\/p>\n","protected":false},"excerpt":{"rendered":"<p>Fica bem claro que a Conven\u00e7\u00e3o sobre os Direitos de Pessoas com Defici\u00eancia \u00e9 um documento important\u00edssimo, que vem consolidar os esfor\u00e7os dedicados de muitas pessoas com defici\u00eancias que durante anos, sem esmorecer, estudaram item por item a ser colocado no documento que deve ser adotado pela maioria dos pa\u00edses do mundo. Ocorreu a Inclusion [&hellip;]<\/p>\n","protected":false},"author":1,"featured_media":0,"comment_status":"open","ping_status":"open","sticky":false,"template":"","format":"standard","meta":{"site-container-style":"default","site-container-layout":"default","site-sidebar-layout":"default","disable-article-header":"default","disable-site-header":"default","disable-site-footer":"default","disable-content-area-spacing":"default","footnotes":""},"categories":[5,38,48,26,8],"tags":[],"class_list":["post-17826","post","type-post","status-publish","format-standard","hentry","category-convencao","category-deficiencia","category-inclusao","category-legislacao","category-textos-e-artigos"],"yoast_head":"<!-- This site is optimized with the Yoast SEO plugin v27.4 - https:\/\/yoast.com\/product\/yoast-seo-wordpress\/ -->\n<title>O que \u00e9 uma Conven\u00e7\u00e3o das Na\u00e7\u00f5es Unidas? -<\/title>\n<meta name=\"robots\" content=\"index, follow, max-snippet:-1, max-image-preview:large, max-video-preview:-1\" \/>\n<link rel=\"canonical\" href=\"https:\/\/inclusivenews.com.br\/?p=17826\" \/>\n<meta property=\"og:locale\" content=\"pt_PT\" \/>\n<meta property=\"og:type\" content=\"article\" \/>\n<meta property=\"og:title\" content=\"O que \u00e9 uma Conven\u00e7\u00e3o das Na\u00e7\u00f5es Unidas? -\" \/>\n<meta property=\"og:description\" content=\"Fica bem claro que a Conven\u00e7\u00e3o sobre os Direitos de Pessoas com Defici\u00eancia \u00e9 um documento important\u00edssimo, que vem consolidar os esfor\u00e7os dedicados de muitas pessoas com defici\u00eancias que durante anos, sem esmorecer, estudaram item por item a ser colocado no documento que deve ser adotado pela maioria dos pa\u00edses do mundo. Ocorreu a Inclusion [&hellip;]\" \/>\n<meta property=\"og:url\" content=\"https:\/\/inclusivenews.com.br\/?p=17826\" \/>\n<meta property=\"article:publisher\" content=\"https:\/\/www.facebook.com\/agenciainclusive\/\" \/>\n<meta property=\"article:published_time\" content=\"2010-10-27T09:10:14+00:00\" \/>\n<meta property=\"og:image\" content=\"http:\/\/inclusivenews.com.br\/wp-content\/uploads\/2009\/11\/ONU-BRASIL1.jpg\" \/>\n<meta name=\"author\" content=\"inclusivenews2024\" \/>\n<meta name=\"twitter:card\" content=\"summary_large_image\" \/>\n<meta name=\"twitter:label1\" content=\"Escrito por\" \/>\n\t<meta name=\"twitter:data1\" content=\"inclusivenews2024\" \/>\n\t<meta name=\"twitter:label2\" content=\"Tempo estimado de leitura\" \/>\n\t<meta name=\"twitter:data2\" content=\"5 minutos\" \/>\n<script type=\"application\/ld+json\" class=\"yoast-schema-graph\">{\"@context\":\"https:\\\/\\\/schema.org\",\"@graph\":[{\"@type\":\"Article\",\"@id\":\"https:\\\/\\\/inclusivenews.com.br\\\/?p=17826#article\",\"isPartOf\":{\"@id\":\"https:\\\/\\\/inclusivenews.com.br\\\/?p=17826\"},\"author\":{\"name\":\"inclusivenews2024\",\"@id\":\"https:\\\/\\\/inclusivenews.com.br\\\/#\\\/schema\\\/person\\\/ae4ec7087559b8692fb33b6fffd2273b\"},\"headline\":\"O que \u00e9 uma Conven\u00e7\u00e3o das Na\u00e7\u00f5es Unidas?\",\"datePublished\":\"2010-10-27T09:10:14+00:00\",\"mainEntityOfPage\":{\"@id\":\"https:\\\/\\\/inclusivenews.com.br\\\/?p=17826\"},\"wordCount\":1013,\"commentCount\":0,\"publisher\":{\"@id\":\"https:\\\/\\\/inclusivenews.com.br\\\/#organization\"},\"image\":{\"@id\":\"https:\\\/\\\/inclusivenews.com.br\\\/?p=17826#primaryimage\"},\"thumbnailUrl\":\"http:\\\/\\\/inclusivenews.com.br\\\/wp-content\\\/uploads\\\/2009\\\/11\\\/ONU-BRASIL1.jpg\",\"articleSection\":[\"Conven\u00e7\u00e3o\",\"Defici\u00eancia\",\"INCLUS\u00c3O SOCIAL\",\"Legisla\u00e7\u00e3o ...\",\"OPINI\u00c3O\"],\"inLanguage\":\"pt-PT\",\"potentialAction\":[{\"@type\":\"CommentAction\",\"name\":\"Comment\",\"target\":[\"https:\\\/\\\/inclusivenews.com.br\\\/?p=17826#respond\"]}]},{\"@type\":\"WebPage\",\"@id\":\"https:\\\/\\\/inclusivenews.com.br\\\/?p=17826\",\"url\":\"https:\\\/\\\/inclusivenews.com.br\\\/?p=17826\",\"name\":\"O que \u00e9 uma Conven\u00e7\u00e3o das Na\u00e7\u00f5es Unidas? -\",\"isPartOf\":{\"@id\":\"https:\\\/\\\/inclusivenews.com.br\\\/#website\"},\"primaryImageOfPage\":{\"@id\":\"https:\\\/\\\/inclusivenews.com.br\\\/?p=17826#primaryimage\"},\"image\":{\"@id\":\"https:\\\/\\\/inclusivenews.com.br\\\/?p=17826#primaryimage\"},\"thumbnailUrl\":\"http:\\\/\\\/inclusivenews.com.br\\\/wp-content\\\/uploads\\\/2009\\\/11\\\/ONU-BRASIL1.jpg\",\"datePublished\":\"2010-10-27T09:10:14+00:00\",\"breadcrumb\":{\"@id\":\"https:\\\/\\\/inclusivenews.com.br\\\/?p=17826#breadcrumb\"},\"inLanguage\":\"pt-PT\",\"potentialAction\":[{\"@type\":\"ReadAction\",\"target\":[\"https:\\\/\\\/inclusivenews.com.br\\\/?p=17826\"]}]},{\"@type\":\"ImageObject\",\"inLanguage\":\"pt-PT\",\"@id\":\"https:\\\/\\\/inclusivenews.com.br\\\/?p=17826#primaryimage\",\"url\":\"https:\\\/\\\/inclusivenews.com.br\\\/wp-content\\\/uploads\\\/2009\\\/11\\\/ONU-BRASIL1.jpg\",\"contentUrl\":\"https:\\\/\\\/inclusivenews.com.br\\\/wp-content\\\/uploads\\\/2009\\\/11\\\/ONU-BRASIL1.jpg\",\"width\":204,\"height\":174},{\"@type\":\"BreadcrumbList\",\"@id\":\"https:\\\/\\\/inclusivenews.com.br\\\/?p=17826#breadcrumb\",\"itemListElement\":[{\"@type\":\"ListItem\",\"position\":1,\"name\":\"In\u00edcio\",\"item\":\"https:\\\/\\\/inclusivenews.com.br\\\/\"},{\"@type\":\"ListItem\",\"position\":2,\"name\":\"O que \u00e9 uma Conven\u00e7\u00e3o das Na\u00e7\u00f5es Unidas?\"}]},{\"@type\":\"WebSite\",\"@id\":\"https:\\\/\\\/inclusivenews.com.br\\\/#website\",\"url\":\"https:\\\/\\\/inclusivenews.com.br\\\/\",\"name\":\"Inclusive News\",\"description\":\"Inclusive News\",\"publisher\":{\"@id\":\"https:\\\/\\\/inclusivenews.com.br\\\/#organization\"},\"potentialAction\":[{\"@type\":\"SearchAction\",\"target\":{\"@type\":\"EntryPoint\",\"urlTemplate\":\"https:\\\/\\\/inclusivenews.com.br\\\/?s={search_term_string}\"},\"query-input\":{\"@type\":\"PropertyValueSpecification\",\"valueRequired\":true,\"valueName\":\"search_term_string\"}}],\"inLanguage\":\"pt-PT\"},{\"@type\":\"Organization\",\"@id\":\"https:\\\/\\\/inclusivenews.com.br\\\/#organization\",\"name\":\"Inclusive - inclus\u00e3o e cidadania\",\"url\":\"https:\\\/\\\/inclusivenews.com.br\\\/\",\"logo\":{\"@type\":\"ImageObject\",\"inLanguage\":\"pt-PT\",\"@id\":\"https:\\\/\\\/inclusivenews.com.br\\\/#\\\/schema\\\/logo\\\/image\\\/\",\"url\":\"https:\\\/\\\/inclusivenews.com.br\\\/wp-content\\\/uploads\\\/2024\\\/03\\\/@grandesite.png\",\"contentUrl\":\"https:\\\/\\\/inclusivenews.com.br\\\/wp-content\\\/uploads\\\/2024\\\/03\\\/@grandesite.png\",\"width\":1080,\"height\":1080,\"caption\":\"Inclusive - inclus\u00e3o e cidadania\"},\"image\":{\"@id\":\"https:\\\/\\\/inclusivenews.com.br\\\/#\\\/schema\\\/logo\\\/image\\\/\"},\"sameAs\":[\"https:\\\/\\\/www.facebook.com\\\/agenciainclusive\\\/\",\"https:\\\/\\\/www.instagram.com\\\/newsinclusive\\\/\"]},{\"@type\":\"Person\",\"@id\":\"https:\\\/\\\/inclusivenews.com.br\\\/#\\\/schema\\\/person\\\/ae4ec7087559b8692fb33b6fffd2273b\",\"name\":\"inclusivenews2024\",\"image\":{\"@type\":\"ImageObject\",\"inLanguage\":\"pt-PT\",\"@id\":\"https:\\\/\\\/secure.gravatar.com\\\/avatar\\\/c5a7ef84c66fa914f55bc4f7ce26cfa275a3b9a1c5568b907bd184fb4dde7b40?s=96&d=mm&r=g\",\"url\":\"https:\\\/\\\/secure.gravatar.com\\\/avatar\\\/c5a7ef84c66fa914f55bc4f7ce26cfa275a3b9a1c5568b907bd184fb4dde7b40?s=96&d=mm&r=g\",\"contentUrl\":\"https:\\\/\\\/secure.gravatar.com\\\/avatar\\\/c5a7ef84c66fa914f55bc4f7ce26cfa275a3b9a1c5568b907bd184fb4dde7b40?s=96&d=mm&r=g\",\"caption\":\"inclusivenews2024\"},\"sameAs\":[\"https:\\\/\\\/inclusivenews.com.br\"],\"url\":\"https:\\\/\\\/inclusivenews.com.br\\\/?author=1\"}]}<\/script>\n<!-- \/ Yoast SEO plugin. -->","yoast_head_json":{"title":"O que \u00e9 uma Conven\u00e7\u00e3o das Na\u00e7\u00f5es Unidas? -","robots":{"index":"index","follow":"follow","max-snippet":"max-snippet:-1","max-image-preview":"max-image-preview:large","max-video-preview":"max-video-preview:-1"},"canonical":"https:\/\/inclusivenews.com.br\/?p=17826","og_locale":"pt_PT","og_type":"article","og_title":"O que \u00e9 uma Conven\u00e7\u00e3o das Na\u00e7\u00f5es Unidas? -","og_description":"Fica bem claro que a Conven\u00e7\u00e3o sobre os Direitos de Pessoas com Defici\u00eancia \u00e9 um documento important\u00edssimo, que vem consolidar os esfor\u00e7os dedicados de muitas pessoas com defici\u00eancias que durante anos, sem esmorecer, estudaram item por item a ser colocado no documento que deve ser adotado pela maioria dos pa\u00edses do mundo. Ocorreu a Inclusion [&hellip;]","og_url":"https:\/\/inclusivenews.com.br\/?p=17826","article_publisher":"https:\/\/www.facebook.com\/agenciainclusive\/","article_published_time":"2010-10-27T09:10:14+00:00","og_image":[{"url":"http:\/\/inclusivenews.com.br\/wp-content\/uploads\/2009\/11\/ONU-BRASIL1.jpg","type":"","width":"","height":""}],"author":"inclusivenews2024","twitter_card":"summary_large_image","twitter_misc":{"Escrito por":"inclusivenews2024","Tempo estimado de leitura":"5 minutos"},"schema":{"@context":"https:\/\/schema.org","@graph":[{"@type":"Article","@id":"https:\/\/inclusivenews.com.br\/?p=17826#article","isPartOf":{"@id":"https:\/\/inclusivenews.com.br\/?p=17826"},"author":{"name":"inclusivenews2024","@id":"https:\/\/inclusivenews.com.br\/#\/schema\/person\/ae4ec7087559b8692fb33b6fffd2273b"},"headline":"O que \u00e9 uma Conven\u00e7\u00e3o das Na\u00e7\u00f5es Unidas?","datePublished":"2010-10-27T09:10:14+00:00","mainEntityOfPage":{"@id":"https:\/\/inclusivenews.com.br\/?p=17826"},"wordCount":1013,"commentCount":0,"publisher":{"@id":"https:\/\/inclusivenews.com.br\/#organization"},"image":{"@id":"https:\/\/inclusivenews.com.br\/?p=17826#primaryimage"},"thumbnailUrl":"http:\/\/inclusivenews.com.br\/wp-content\/uploads\/2009\/11\/ONU-BRASIL1.jpg","articleSection":["Conven\u00e7\u00e3o","Defici\u00eancia","INCLUS\u00c3O SOCIAL","Legisla\u00e7\u00e3o ...","OPINI\u00c3O"],"inLanguage":"pt-PT","potentialAction":[{"@type":"CommentAction","name":"Comment","target":["https:\/\/inclusivenews.com.br\/?p=17826#respond"]}]},{"@type":"WebPage","@id":"https:\/\/inclusivenews.com.br\/?p=17826","url":"https:\/\/inclusivenews.com.br\/?p=17826","name":"O que \u00e9 uma Conven\u00e7\u00e3o das Na\u00e7\u00f5es Unidas? -","isPartOf":{"@id":"https:\/\/inclusivenews.com.br\/#website"},"primaryImageOfPage":{"@id":"https:\/\/inclusivenews.com.br\/?p=17826#primaryimage"},"image":{"@id":"https:\/\/inclusivenews.com.br\/?p=17826#primaryimage"},"thumbnailUrl":"http:\/\/inclusivenews.com.br\/wp-content\/uploads\/2009\/11\/ONU-BRASIL1.jpg","datePublished":"2010-10-27T09:10:14+00:00","breadcrumb":{"@id":"https:\/\/inclusivenews.com.br\/?p=17826#breadcrumb"},"inLanguage":"pt-PT","potentialAction":[{"@type":"ReadAction","target":["https:\/\/inclusivenews.com.br\/?p=17826"]}]},{"@type":"ImageObject","inLanguage":"pt-PT","@id":"https:\/\/inclusivenews.com.br\/?p=17826#primaryimage","url":"https:\/\/inclusivenews.com.br\/wp-content\/uploads\/2009\/11\/ONU-BRASIL1.jpg","contentUrl":"https:\/\/inclusivenews.com.br\/wp-content\/uploads\/2009\/11\/ONU-BRASIL1.jpg","width":204,"height":174},{"@type":"BreadcrumbList","@id":"https:\/\/inclusivenews.com.br\/?p=17826#breadcrumb","itemListElement":[{"@type":"ListItem","position":1,"name":"In\u00edcio","item":"https:\/\/inclusivenews.com.br\/"},{"@type":"ListItem","position":2,"name":"O que \u00e9 uma Conven\u00e7\u00e3o das Na\u00e7\u00f5es Unidas?"}]},{"@type":"WebSite","@id":"https:\/\/inclusivenews.com.br\/#website","url":"https:\/\/inclusivenews.com.br\/","name":"Inclusive News","description":"Inclusive News","publisher":{"@id":"https:\/\/inclusivenews.com.br\/#organization"},"potentialAction":[{"@type":"SearchAction","target":{"@type":"EntryPoint","urlTemplate":"https:\/\/inclusivenews.com.br\/?s={search_term_string}"},"query-input":{"@type":"PropertyValueSpecification","valueRequired":true,"valueName":"search_term_string"}}],"inLanguage":"pt-PT"},{"@type":"Organization","@id":"https:\/\/inclusivenews.com.br\/#organization","name":"Inclusive - inclus\u00e3o e cidadania","url":"https:\/\/inclusivenews.com.br\/","logo":{"@type":"ImageObject","inLanguage":"pt-PT","@id":"https:\/\/inclusivenews.com.br\/#\/schema\/logo\/image\/","url":"https:\/\/inclusivenews.com.br\/wp-content\/uploads\/2024\/03\/@grandesite.png","contentUrl":"https:\/\/inclusivenews.com.br\/wp-content\/uploads\/2024\/03\/@grandesite.png","width":1080,"height":1080,"caption":"Inclusive - inclus\u00e3o e cidadania"},"image":{"@id":"https:\/\/inclusivenews.com.br\/#\/schema\/logo\/image\/"},"sameAs":["https:\/\/www.facebook.com\/agenciainclusive\/","https:\/\/www.instagram.com\/newsinclusive\/"]},{"@type":"Person","@id":"https:\/\/inclusivenews.com.br\/#\/schema\/person\/ae4ec7087559b8692fb33b6fffd2273b","name":"inclusivenews2024","image":{"@type":"ImageObject","inLanguage":"pt-PT","@id":"https:\/\/secure.gravatar.com\/avatar\/c5a7ef84c66fa914f55bc4f7ce26cfa275a3b9a1c5568b907bd184fb4dde7b40?s=96&d=mm&r=g","url":"https:\/\/secure.gravatar.com\/avatar\/c5a7ef84c66fa914f55bc4f7ce26cfa275a3b9a1c5568b907bd184fb4dde7b40?s=96&d=mm&r=g","contentUrl":"https:\/\/secure.gravatar.com\/avatar\/c5a7ef84c66fa914f55bc4f7ce26cfa275a3b9a1c5568b907bd184fb4dde7b40?s=96&d=mm&r=g","caption":"inclusivenews2024"},"sameAs":["https:\/\/inclusivenews.com.br"],"url":"https:\/\/inclusivenews.com.br\/?author=1"}]}},"_links":{"self":[{"href":"https:\/\/inclusivenews.com.br\/index.php?rest_route=\/wp\/v2\/posts\/17826","targetHints":{"allow":["GET"]}}],"collection":[{"href":"https:\/\/inclusivenews.com.br\/index.php?rest_route=\/wp\/v2\/posts"}],"about":[{"href":"https:\/\/inclusivenews.com.br\/index.php?rest_route=\/wp\/v2\/types\/post"}],"author":[{"embeddable":true,"href":"https:\/\/inclusivenews.com.br\/index.php?rest_route=\/wp\/v2\/users\/1"}],"replies":[{"embeddable":true,"href":"https:\/\/inclusivenews.com.br\/index.php?rest_route=%2Fwp%2Fv2%2Fcomments&post=17826"}],"version-history":[{"count":0,"href":"https:\/\/inclusivenews.com.br\/index.php?rest_route=\/wp\/v2\/posts\/17826\/revisions"}],"wp:attachment":[{"href":"https:\/\/inclusivenews.com.br\/index.php?rest_route=%2Fwp%2Fv2%2Fmedia&parent=17826"}],"wp:term":[{"taxonomy":"category","embeddable":true,"href":"https:\/\/inclusivenews.com.br\/index.php?rest_route=%2Fwp%2Fv2%2Fcategories&post=17826"},{"taxonomy":"post_tag","embeddable":true,"href":"https:\/\/inclusivenews.com.br\/index.php?rest_route=%2Fwp%2Fv2%2Ftags&post=17826"}],"curies":[{"name":"wp","href":"https:\/\/api.w.org\/{rel}","templated":true}]}}