{"id":17835,"date":"2010-10-28T07:56:37","date_gmt":"2010-10-28T10:56:37","guid":{"rendered":"http:\/\/www.inclusive.org.br\/?p=17835"},"modified":"2010-10-28T07:56:37","modified_gmt":"2010-10-28T10:56:37","slug":"manifesto-aoa-futuroa-presidente-do-brasil","status":"publish","type":"post","link":"https:\/\/inclusivenews.com.br\/?p=17835","title":{"rendered":"Manifesto ao(\u00e0) futuro(a) presidente do Brasil"},"content":{"rendered":"<p><a href=\"http:\/\/www.inclusivenews.com.br\/wp-content\/uploads\/2010\/10\/cvi-brasil.jpg\"><img loading=\"lazy\" decoding=\"async\" class=\"alignleft size-full wp-image-17836\" title=\"Logotipo do CVI-Brasil\" src=\"http:\/\/inclusivenews.com.br\/wp-content\/uploads\/2010\/10\/cvi-brasil.jpg\" alt=\"Logotipo do CVI-Brasil\" width=\"138\" height=\"111\" \/><\/a><\/p>\n<p>O texto abaixo, elaborado pelo Movimento de Vida Independente do Brasil (CVI-Brasil)&#8221;, est\u00e1 sendo enviado aos dois candidatos \u00e0 presid\u00eancia da Rep\u00fablica, na esperan\u00e7a de que &#8211; seja qual foi o vencedor &#8211; as reivindica\u00e7\u00f5es de igualdade e respeito aos direitos humanos das pessoas com defici\u00eancia sejam ouvidos e respeitados.<\/p>\n<p>MANIFESTO \u2013 CVI-Brasil<\/p>\n<p>N\u00c3O AO \u201cMINIST\u00c9RIO DOS DEFICIENTES\u201d<\/p>\n<p>PELA CIDADANIA PLENA DAS PESSOAS COM DEFICI\u00caNCIA<\/p>\n<p>17 de outubro de 2010<\/p>\n<p>Em 2009, os Centros de Vida Independente do Brasil aprovaram manifesto contr\u00e1rio ao projeto de lei que prev\u00ea a cria\u00e7\u00e3o do Estatuto da Pessoa com Defici\u00eancia. Tal proposta \u00e9 um contra-senso e um retrocesso, se coloca na contram\u00e3o da evolu\u00e7\u00e3o hist\u00f3rica, prejudicial ao refor\u00e7ar a imagem de inv\u00e1lido e coitadinho, levando a sociedade a continuar tratando a pessoa com defici\u00eancia como um ser desprovido de capacidade&#8221;.<\/p>\n<p>O que dizer, ent\u00e3o, de um Minist\u00e9rio espec\u00edfico para tratar das quest\u00f5es relacionadas \u00e0s pessoas com defici\u00eancia? Da mesma forma, e ainda com mais \u00eanfase, expressamos nossa opini\u00e3o contr\u00e1ria a cria\u00e7\u00e3o de um \u201cMinist\u00e9rio dos Deficientes\u201d ou algo similar, como vem sendo aventado na campanha presidencial.<\/p>\n<p>Defendemos o fortalecimento da atual Secretaria Nacional de Promo\u00e7\u00e3o dos Direitos da Pessoa com Defici\u00eancia, funcionando de modo inter-setorial e preferencialmente vinculada \u00e0 Secretaria de Direitos Humanos ou \u00f3rg\u00e3o superior, como parte integrante do arcabou\u00e7o institucional que atua na defesa de grupos populacionais vulner\u00e1veis ou historicamente discriminados, n\u00e3o como ente espec\u00edfico ou exclusivo.<br \/>\nDeve ficar claro que, nas leis comuns, a pessoa com defici\u00eancia est\u00e1 inclu\u00edda com o mesmo direito aos servi\u00e7os oferecidos \u00e0 popula\u00e7\u00e3o e que ser\u00e3o previstas especificidades de usufruto somente quando as condi\u00e7\u00f5es de uma determinada defici\u00eancia assim exigir. Analogamente, as pol\u00edticas p\u00fablicas de cunho universal s\u00e3o prioridade e devem ser pensadas de maneira inclusiva, respeitando a diversidade humana. Podem e deve haver programas focalizados, mas pensados no conjunto das a\u00e7\u00f5es do Governo Federal, n\u00e3o a partir de um Minist\u00e9rio espec\u00edfico.<\/p>\n<p>Ainda em rela\u00e7\u00e3o ao Estatuto, deve-se enfatizar que ele \u00e9 equivocado e desnecess\u00e1rio, pois a Conven\u00e7\u00e3o sobre os Direitos das Pessoas com Defici\u00eancia (CDPD), maior conquista da hist\u00f3ria mundial dos direitos humanos, j\u00e1 faz parte do nosso arcabou\u00e7o legal, bastando ajustar nossa legisla\u00e7\u00e3o \u00e0 ela (processo, inclusive, que j\u00e1 est\u00e1 em curso). As diretrizes expressas na CDPD n\u00e3o deixam d\u00favidas quanto ao car\u00e1ter inter-setorial das pol\u00edticas p\u00fablicas nessa \u00e1rea, em oposi\u00e7\u00e3o total \u00e0 id\u00e9ia de um Minist\u00e9rio espec\u00edfico.<\/p>\n<p>Reafirmamos que na perspectiva de equipara\u00e7\u00e3o de oportunidades e participa\u00e7\u00e3o plena das pessoas com defici\u00eancia enquanto cidad\u00e3os, n\u00e3o h\u00e1 lugar para um Estatuto separado sobre as pessoas com defici\u00eancia ou um Minist\u00e9rio exclusivo que cuide dos seus interesses. Todas as eventuais vantagens de instrumentos como estes \u201cn\u00e3o compensam a anula\u00e7\u00e3o do processo de amadurecimento, evolu\u00e7\u00e3o e conquistas do movimento das pessoas com defici\u00eancia nos \u00faltimos 30 anos, no Brasil\u201d.<\/p>\n<p>&#8221; O Movimento de Vida Independente se estabeleceu no Brasil na d\u00e9cada de 80 do s\u00e9culo passado, com a cria\u00e7\u00e3o do primeiro Centro de Vida Independente, no rio de Janeiro. Em linhas gerais, tal movimento visa estimular a autonomia e emponderamento das pessoas com defici\u00eancia.<\/p>\n","protected":false},"excerpt":{"rendered":"<p>Manifesto do CVI &#8211; Brasil dirigido ao(\u00e0) futuro(a) presidente do Brasil, pela cidadania plena das pessoas com defici\u00eancia.<\/p>\n","protected":false},"author":1,"featured_media":0,"comment_status":"open","ping_status":"open","sticky":false,"template":"","format":"standard","meta":{"site-container-style":"default","site-container-layout":"default","site-sidebar-layout":"default","disable-article-header":"default","disable-site-header":"default","disable-site-footer":"default","disable-content-area-spacing":"default","footnotes":""},"categories":[38,11,48,4],"tags":[],"class_list":["post-17835","post","type-post","status-publish","format-standard","hentry","category-deficiencia","category-direitos-humanos","category-inclusao","category-noticias"],"yoast_head":"<!-- This site is optimized with the Yoast SEO plugin v27.5 - https:\/\/yoast.com\/product\/yoast-seo-wordpress\/ -->\n<title>Manifesto ao(\u00e0) futuro(a) presidente do Brasil -<\/title>\n<meta name=\"robots\" content=\"index, follow, max-snippet:-1, max-image-preview:large, max-video-preview:-1\" \/>\n<link rel=\"canonical\" href=\"https:\/\/inclusivenews.com.br\/?p=17835\" \/>\n<meta property=\"og:locale\" content=\"pt_PT\" \/>\n<meta property=\"og:type\" content=\"article\" \/>\n<meta property=\"og:title\" content=\"Manifesto ao(\u00e0) futuro(a) presidente do Brasil -\" \/>\n<meta property=\"og:description\" content=\"Manifesto do CVI - Brasil dirigido ao(\u00e0) futuro(a) presidente do Brasil, pela cidadania plena das pessoas com defici\u00eancia.\" \/>\n<meta property=\"og:url\" content=\"https:\/\/inclusivenews.com.br\/?p=17835\" \/>\n<meta property=\"article:publisher\" content=\"https:\/\/www.facebook.com\/agenciainclusive\/\" \/>\n<meta property=\"article:published_time\" content=\"2010-10-28T10:56:37+00:00\" \/>\n<meta property=\"og:image\" content=\"http:\/\/inclusivenews.com.br\/wp-content\/uploads\/2010\/10\/cvi-brasil.jpg\" \/>\n<meta name=\"author\" content=\"inclusivenews2024\" \/>\n<meta name=\"twitter:card\" content=\"summary_large_image\" \/>\n<meta name=\"twitter:label1\" content=\"Escrito por\" \/>\n\t<meta name=\"twitter:data1\" content=\"inclusivenews2024\" \/>\n\t<meta name=\"twitter:label2\" content=\"Tempo estimado de leitura\" \/>\n\t<meta name=\"twitter:data2\" content=\"3 minutos\" \/>\n<script type=\"application\/ld+json\" class=\"yoast-schema-graph\">{\"@context\":\"https:\\\/\\\/schema.org\",\"@graph\":[{\"@type\":\"Article\",\"@id\":\"https:\\\/\\\/inclusivenews.com.br\\\/?p=17835#article\",\"isPartOf\":{\"@id\":\"https:\\\/\\\/inclusivenews.com.br\\\/?p=17835\"},\"author\":{\"name\":\"inclusivenews2024\",\"@id\":\"https:\\\/\\\/inclusivenews.com.br\\\/#\\\/schema\\\/person\\\/ae4ec7087559b8692fb33b6fffd2273b\"},\"headline\":\"Manifesto ao(\u00e0) futuro(a) presidente do Brasil\",\"datePublished\":\"2010-10-28T10:56:37+00:00\",\"mainEntityOfPage\":{\"@id\":\"https:\\\/\\\/inclusivenews.com.br\\\/?p=17835\"},\"wordCount\":579,\"commentCount\":0,\"publisher\":{\"@id\":\"https:\\\/\\\/inclusivenews.com.br\\\/#organization\"},\"image\":{\"@id\":\"https:\\\/\\\/inclusivenews.com.br\\\/?p=17835#primaryimage\"},\"thumbnailUrl\":\"http:\\\/\\\/inclusivenews.com.br\\\/wp-content\\\/uploads\\\/2010\\\/10\\\/cvi-brasil.jpg\",\"articleSection\":[\"Defici\u00eancia\",\"DIREITOS HUMANOS\",\"INCLUS\u00c3O SOCIAL\",\"NOT\u00cdCIAS\"],\"inLanguage\":\"pt-PT\",\"potentialAction\":[{\"@type\":\"CommentAction\",\"name\":\"Comment\",\"target\":[\"https:\\\/\\\/inclusivenews.com.br\\\/?p=17835#respond\"]}]},{\"@type\":\"WebPage\",\"@id\":\"https:\\\/\\\/inclusivenews.com.br\\\/?p=17835\",\"url\":\"https:\\\/\\\/inclusivenews.com.br\\\/?p=17835\",\"name\":\"Manifesto ao(\u00e0) futuro(a) presidente do Brasil -\",\"isPartOf\":{\"@id\":\"https:\\\/\\\/inclusivenews.com.br\\\/#website\"},\"primaryImageOfPage\":{\"@id\":\"https:\\\/\\\/inclusivenews.com.br\\\/?p=17835#primaryimage\"},\"image\":{\"@id\":\"https:\\\/\\\/inclusivenews.com.br\\\/?p=17835#primaryimage\"},\"thumbnailUrl\":\"http:\\\/\\\/inclusivenews.com.br\\\/wp-content\\\/uploads\\\/2010\\\/10\\\/cvi-brasil.jpg\",\"datePublished\":\"2010-10-28T10:56:37+00:00\",\"breadcrumb\":{\"@id\":\"https:\\\/\\\/inclusivenews.com.br\\\/?p=17835#breadcrumb\"},\"inLanguage\":\"pt-PT\",\"potentialAction\":[{\"@type\":\"ReadAction\",\"target\":[\"https:\\\/\\\/inclusivenews.com.br\\\/?p=17835\"]}]},{\"@type\":\"ImageObject\",\"inLanguage\":\"pt-PT\",\"@id\":\"https:\\\/\\\/inclusivenews.com.br\\\/?p=17835#primaryimage\",\"url\":\"\",\"contentUrl\":\"\"},{\"@type\":\"BreadcrumbList\",\"@id\":\"https:\\\/\\\/inclusivenews.com.br\\\/?p=17835#breadcrumb\",\"itemListElement\":[{\"@type\":\"ListItem\",\"position\":1,\"name\":\"In\u00edcio\",\"item\":\"https:\\\/\\\/inclusivenews.com.br\\\/\"},{\"@type\":\"ListItem\",\"position\":2,\"name\":\"Manifesto ao(\u00e0) futuro(a) presidente do Brasil\"}]},{\"@type\":\"WebSite\",\"@id\":\"https:\\\/\\\/inclusivenews.com.br\\\/#website\",\"url\":\"https:\\\/\\\/inclusivenews.com.br\\\/\",\"name\":\"Inclusive News\",\"description\":\"Inclusive News\",\"publisher\":{\"@id\":\"https:\\\/\\\/inclusivenews.com.br\\\/#organization\"},\"potentialAction\":[{\"@type\":\"SearchAction\",\"target\":{\"@type\":\"EntryPoint\",\"urlTemplate\":\"https:\\\/\\\/inclusivenews.com.br\\\/?s={search_term_string}\"},\"query-input\":{\"@type\":\"PropertyValueSpecification\",\"valueRequired\":true,\"valueName\":\"search_term_string\"}}],\"inLanguage\":\"pt-PT\"},{\"@type\":\"Organization\",\"@id\":\"https:\\\/\\\/inclusivenews.com.br\\\/#organization\",\"name\":\"Inclusive - inclus\u00e3o e cidadania\",\"url\":\"https:\\\/\\\/inclusivenews.com.br\\\/\",\"logo\":{\"@type\":\"ImageObject\",\"inLanguage\":\"pt-PT\",\"@id\":\"https:\\\/\\\/inclusivenews.com.br\\\/#\\\/schema\\\/logo\\\/image\\\/\",\"url\":\"https:\\\/\\\/inclusivenews.com.br\\\/wp-content\\\/uploads\\\/2024\\\/03\\\/@grandesite.png\",\"contentUrl\":\"https:\\\/\\\/inclusivenews.com.br\\\/wp-content\\\/uploads\\\/2024\\\/03\\\/@grandesite.png\",\"width\":1080,\"height\":1080,\"caption\":\"Inclusive - inclus\u00e3o e cidadania\"},\"image\":{\"@id\":\"https:\\\/\\\/inclusivenews.com.br\\\/#\\\/schema\\\/logo\\\/image\\\/\"},\"sameAs\":[\"https:\\\/\\\/www.facebook.com\\\/agenciainclusive\\\/\",\"https:\\\/\\\/www.instagram.com\\\/newsinclusive\\\/\"]},{\"@type\":\"Person\",\"@id\":\"https:\\\/\\\/inclusivenews.com.br\\\/#\\\/schema\\\/person\\\/ae4ec7087559b8692fb33b6fffd2273b\",\"name\":\"inclusivenews2024\",\"image\":{\"@type\":\"ImageObject\",\"inLanguage\":\"pt-PT\",\"@id\":\"https:\\\/\\\/secure.gravatar.com\\\/avatar\\\/c5a7ef84c66fa914f55bc4f7ce26cfa275a3b9a1c5568b907bd184fb4dde7b40?s=96&d=mm&r=g\",\"url\":\"https:\\\/\\\/secure.gravatar.com\\\/avatar\\\/c5a7ef84c66fa914f55bc4f7ce26cfa275a3b9a1c5568b907bd184fb4dde7b40?s=96&d=mm&r=g\",\"contentUrl\":\"https:\\\/\\\/secure.gravatar.com\\\/avatar\\\/c5a7ef84c66fa914f55bc4f7ce26cfa275a3b9a1c5568b907bd184fb4dde7b40?s=96&d=mm&r=g\",\"caption\":\"inclusivenews2024\"},\"sameAs\":[\"https:\\\/\\\/inclusivenews.com.br\"],\"url\":\"https:\\\/\\\/inclusivenews.com.br\\\/?author=1\"}]}<\/script>\n<!-- \/ Yoast SEO plugin. -->","yoast_head_json":{"title":"Manifesto ao(\u00e0) futuro(a) presidente do Brasil -","robots":{"index":"index","follow":"follow","max-snippet":"max-snippet:-1","max-image-preview":"max-image-preview:large","max-video-preview":"max-video-preview:-1"},"canonical":"https:\/\/inclusivenews.com.br\/?p=17835","og_locale":"pt_PT","og_type":"article","og_title":"Manifesto ao(\u00e0) futuro(a) presidente do Brasil -","og_description":"Manifesto do CVI - Brasil dirigido ao(\u00e0) futuro(a) presidente do Brasil, pela cidadania plena das pessoas com defici\u00eancia.","og_url":"https:\/\/inclusivenews.com.br\/?p=17835","article_publisher":"https:\/\/www.facebook.com\/agenciainclusive\/","article_published_time":"2010-10-28T10:56:37+00:00","og_image":[{"url":"http:\/\/inclusivenews.com.br\/wp-content\/uploads\/2010\/10\/cvi-brasil.jpg","type":"","width":"","height":""}],"author":"inclusivenews2024","twitter_card":"summary_large_image","twitter_misc":{"Escrito por":"inclusivenews2024","Tempo estimado de leitura":"3 minutos"},"schema":{"@context":"https:\/\/schema.org","@graph":[{"@type":"Article","@id":"https:\/\/inclusivenews.com.br\/?p=17835#article","isPartOf":{"@id":"https:\/\/inclusivenews.com.br\/?p=17835"},"author":{"name":"inclusivenews2024","@id":"https:\/\/inclusivenews.com.br\/#\/schema\/person\/ae4ec7087559b8692fb33b6fffd2273b"},"headline":"Manifesto ao(\u00e0) futuro(a) presidente do Brasil","datePublished":"2010-10-28T10:56:37+00:00","mainEntityOfPage":{"@id":"https:\/\/inclusivenews.com.br\/?p=17835"},"wordCount":579,"commentCount":0,"publisher":{"@id":"https:\/\/inclusivenews.com.br\/#organization"},"image":{"@id":"https:\/\/inclusivenews.com.br\/?p=17835#primaryimage"},"thumbnailUrl":"http:\/\/inclusivenews.com.br\/wp-content\/uploads\/2010\/10\/cvi-brasil.jpg","articleSection":["Defici\u00eancia","DIREITOS HUMANOS","INCLUS\u00c3O SOCIAL","NOT\u00cdCIAS"],"inLanguage":"pt-PT","potentialAction":[{"@type":"CommentAction","name":"Comment","target":["https:\/\/inclusivenews.com.br\/?p=17835#respond"]}]},{"@type":"WebPage","@id":"https:\/\/inclusivenews.com.br\/?p=17835","url":"https:\/\/inclusivenews.com.br\/?p=17835","name":"Manifesto ao(\u00e0) futuro(a) presidente do Brasil -","isPartOf":{"@id":"https:\/\/inclusivenews.com.br\/#website"},"primaryImageOfPage":{"@id":"https:\/\/inclusivenews.com.br\/?p=17835#primaryimage"},"image":{"@id":"https:\/\/inclusivenews.com.br\/?p=17835#primaryimage"},"thumbnailUrl":"http:\/\/inclusivenews.com.br\/wp-content\/uploads\/2010\/10\/cvi-brasil.jpg","datePublished":"2010-10-28T10:56:37+00:00","breadcrumb":{"@id":"https:\/\/inclusivenews.com.br\/?p=17835#breadcrumb"},"inLanguage":"pt-PT","potentialAction":[{"@type":"ReadAction","target":["https:\/\/inclusivenews.com.br\/?p=17835"]}]},{"@type":"ImageObject","inLanguage":"pt-PT","@id":"https:\/\/inclusivenews.com.br\/?p=17835#primaryimage","url":"","contentUrl":""},{"@type":"BreadcrumbList","@id":"https:\/\/inclusivenews.com.br\/?p=17835#breadcrumb","itemListElement":[{"@type":"ListItem","position":1,"name":"In\u00edcio","item":"https:\/\/inclusivenews.com.br\/"},{"@type":"ListItem","position":2,"name":"Manifesto ao(\u00e0) futuro(a) presidente do Brasil"}]},{"@type":"WebSite","@id":"https:\/\/inclusivenews.com.br\/#website","url":"https:\/\/inclusivenews.com.br\/","name":"Inclusive News","description":"Inclusive News","publisher":{"@id":"https:\/\/inclusivenews.com.br\/#organization"},"potentialAction":[{"@type":"SearchAction","target":{"@type":"EntryPoint","urlTemplate":"https:\/\/inclusivenews.com.br\/?s={search_term_string}"},"query-input":{"@type":"PropertyValueSpecification","valueRequired":true,"valueName":"search_term_string"}}],"inLanguage":"pt-PT"},{"@type":"Organization","@id":"https:\/\/inclusivenews.com.br\/#organization","name":"Inclusive - inclus\u00e3o e cidadania","url":"https:\/\/inclusivenews.com.br\/","logo":{"@type":"ImageObject","inLanguage":"pt-PT","@id":"https:\/\/inclusivenews.com.br\/#\/schema\/logo\/image\/","url":"https:\/\/inclusivenews.com.br\/wp-content\/uploads\/2024\/03\/@grandesite.png","contentUrl":"https:\/\/inclusivenews.com.br\/wp-content\/uploads\/2024\/03\/@grandesite.png","width":1080,"height":1080,"caption":"Inclusive - inclus\u00e3o e cidadania"},"image":{"@id":"https:\/\/inclusivenews.com.br\/#\/schema\/logo\/image\/"},"sameAs":["https:\/\/www.facebook.com\/agenciainclusive\/","https:\/\/www.instagram.com\/newsinclusive\/"]},{"@type":"Person","@id":"https:\/\/inclusivenews.com.br\/#\/schema\/person\/ae4ec7087559b8692fb33b6fffd2273b","name":"inclusivenews2024","image":{"@type":"ImageObject","inLanguage":"pt-PT","@id":"https:\/\/secure.gravatar.com\/avatar\/c5a7ef84c66fa914f55bc4f7ce26cfa275a3b9a1c5568b907bd184fb4dde7b40?s=96&d=mm&r=g","url":"https:\/\/secure.gravatar.com\/avatar\/c5a7ef84c66fa914f55bc4f7ce26cfa275a3b9a1c5568b907bd184fb4dde7b40?s=96&d=mm&r=g","contentUrl":"https:\/\/secure.gravatar.com\/avatar\/c5a7ef84c66fa914f55bc4f7ce26cfa275a3b9a1c5568b907bd184fb4dde7b40?s=96&d=mm&r=g","caption":"inclusivenews2024"},"sameAs":["https:\/\/inclusivenews.com.br"],"url":"https:\/\/inclusivenews.com.br\/?author=1"}]}},"_links":{"self":[{"href":"https:\/\/inclusivenews.com.br\/index.php?rest_route=\/wp\/v2\/posts\/17835","targetHints":{"allow":["GET"]}}],"collection":[{"href":"https:\/\/inclusivenews.com.br\/index.php?rest_route=\/wp\/v2\/posts"}],"about":[{"href":"https:\/\/inclusivenews.com.br\/index.php?rest_route=\/wp\/v2\/types\/post"}],"author":[{"embeddable":true,"href":"https:\/\/inclusivenews.com.br\/index.php?rest_route=\/wp\/v2\/users\/1"}],"replies":[{"embeddable":true,"href":"https:\/\/inclusivenews.com.br\/index.php?rest_route=%2Fwp%2Fv2%2Fcomments&post=17835"}],"version-history":[{"count":0,"href":"https:\/\/inclusivenews.com.br\/index.php?rest_route=\/wp\/v2\/posts\/17835\/revisions"}],"wp:attachment":[{"href":"https:\/\/inclusivenews.com.br\/index.php?rest_route=%2Fwp%2Fv2%2Fmedia&parent=17835"}],"wp:term":[{"taxonomy":"category","embeddable":true,"href":"https:\/\/inclusivenews.com.br\/index.php?rest_route=%2Fwp%2Fv2%2Fcategories&post=17835"},{"taxonomy":"post_tag","embeddable":true,"href":"https:\/\/inclusivenews.com.br\/index.php?rest_route=%2Fwp%2Fv2%2Ftags&post=17835"}],"curies":[{"name":"wp","href":"https:\/\/api.w.org\/{rel}","templated":true}]}}