{"id":17840,"date":"2010-10-28T07:48:39","date_gmt":"2010-10-28T10:48:39","guid":{"rendered":"http:\/\/www.inclusive.org.br\/?p=17840"},"modified":"2010-10-28T07:48:39","modified_gmt":"2010-10-28T10:48:39","slug":"cnj-lanca-cartilha-de-combate-ao-bullying-em-brasilia","status":"publish","type":"post","link":"https:\/\/inclusivenews.com.br\/?p=17840","title":{"rendered":"CNJ lan\u00e7a cartilha de combate ao bullying em Bras\u00edlia"},"content":{"rendered":"<figure style=\"width: 180px\" class=\"wp-caption alignleft\"><img loading=\"lazy\" decoding=\"async\" title=\"Capa da cartilha, onde um jovem tapa o rosto com as m\u00e3os\" src=\"http:\/\/s.glbimg.com\/jo\/g1\/f\/original\/2010\/10\/19\/cartilha_bullying.jpg\" alt=\"Capa da cartilha, onde um jovem tapa o rosto com as m\u00e3os\" width=\"180\" height=\"240\" \/><figcaption class=\"wp-caption-text\"> <\/figcaption><\/figure>\n<p>O Conselho Nacional de Justi\u00e7a (CNJ) lan\u00e7ou, na quarta-feira (20\/10), cartilha para ajudar pais e educadores a prevenir o problema do bullying nas suas comunidades e escolas. O material foi apresentado no semin\u00e1rio do Projeto Justi\u00e7a na Escola, que aconteceu na Escola de Magistratura Federal (ESMAF), em Bras\u00edlia.<\/p>\n<p>A autoria da publica\u00e7\u00e3o \u00e9 da m\u00e9dica psiquiatra, Dra. Ana Beatriz Barbosa Silva, que tamb\u00e9m escreveu o livro \u201cBullying: Mentes Perigosas nas Escolas\u201d sobre o mesmo tema, que prejudica a vida social de milhares de crian\u00e7as e adolescentes no mundo todo. Considerado como formas de viol\u00eancia f\u00edsica ou psicol\u00f3gica contra pessoa incapaz de se defender, o bullying tamb\u00e9m ser\u00e1 tema de palestra e debate que come\u00e7am \u00e0s 10h30 e ter\u00e3o a presen\u00e7a da m\u00e9dica psiquiatra Suely Marcondes e do professor Jos\u00e9 Afonso Mazzon.<\/p>\n<p>A abertura do semin\u00e1rio contou com a presen\u00e7a do presidente do CNJ e do Supremo Tribunal Federal, ministro Cezar Peluso, da Corregedora Nacional de Justi\u00e7a, ministra Eliana Calmon, do conselheiro Felipe Locke e do desenhista Maur\u00edcio de Sousa.<\/p>\n<p>Ao longo do dia, o semin\u00e1rio promoveu palestras e debates entre estudiosos, magistrados especialistas, representantes do governo Federal e da sociedade civil, al\u00e9m de conselheiros e membros do CNJ sobre problemas da inf\u00e2ncia e da adolesc\u00eancia, como o bullying, o uso de drogas e a viol\u00eancia nas escolas e a justi\u00e7a restaurativa.<\/p>\n<p>Iniciativa &#8211; O objetivo do Projeto Justi\u00e7a na Escola, do CNJ, \u00e9 aproximar o Judici\u00e1rio e as institui\u00e7\u00f5es de ensino do pa\u00eds no combate e na preven\u00e7\u00e3o dos problemas que afetam crian\u00e7as e adolescentes. Durante toda a semana, ser\u00e3o promovidos debates sobre temas como combate \u00e0s drogas, bullying, viol\u00eancia nas escolas, evas\u00e3o escolar, entre outros, com a participa\u00e7\u00e3o de ju\u00edzes, professores, educadores, psic\u00f3logos, alunos, pais, entre outros. A ideia \u00e9 fomentar o trabalho conjunto entre a Justi\u00e7a e as institui\u00e7\u00f5es de ensino no tratamento desses temas.<\/p>\n<p><a href=\"http:\/\/www.cnj.jus.br\/images\/Justica_nas_escolas\/cartilha_web.pdf\">Fa\u00e7a download da cartilha neste link.<\/a><\/p>\n<p>Manuel Carlos Montenegro \/ Ma\u00edsa Moura<br \/>\nAg\u00eancia CNJ de Not\u00edcias<br \/>\n__________<\/p>\n<p><strong>Fonte:<\/strong> <a href=\"http:\/\/www.cnj.jus.br\/index.php?option=com_content&amp;view=article&amp;id=12341:cnj-lanca-cartilha-de-combate-ao-bullying-em-brasilia&amp;catid=1:notas&amp;Itemid=169\">CNJ<\/a><\/p>\n","protected":false},"excerpt":{"rendered":"<p>O objetivo do Projeto Justi\u00e7a na Escola, do CNJ, \u00e9 aproximar o Judici\u00e1rio e as institui\u00e7\u00f5es de ensino do pa\u00eds no combate e na preven\u00e7\u00e3o dos problemas que afetam crian\u00e7as e adolescentes. (Dispon\u00edvel para download)<\/p>\n","protected":false},"author":1,"featured_media":0,"comment_status":"open","ping_status":"open","sticky":false,"template":"","format":"standard","meta":{"site-container-style":"default","site-container-layout":"default","site-sidebar-layout":"default","disable-article-header":"default","disable-site-header":"default","disable-site-footer":"default","disable-content-area-spacing":"default","footnotes":""},"categories":[53,52,6,4,10],"tags":[106],"class_list":["post-17840","post","type-post","status-publish","format-standard","hentry","category-cartilhas-e-manuais","category-downloadables","category-educacao","category-noticias","category-publicacoes","tag-bullying"],"yoast_head":"<!-- This site is optimized with the Yoast SEO plugin v27.4 - https:\/\/yoast.com\/product\/yoast-seo-wordpress\/ -->\n<title>CNJ lan\u00e7a cartilha de combate ao bullying em Bras\u00edlia -<\/title>\n<meta name=\"robots\" content=\"index, follow, max-snippet:-1, max-image-preview:large, max-video-preview:-1\" \/>\n<link rel=\"canonical\" href=\"https:\/\/inclusivenews.com.br\/?p=17840\" \/>\n<meta property=\"og:locale\" content=\"pt_PT\" \/>\n<meta property=\"og:type\" content=\"article\" \/>\n<meta property=\"og:title\" content=\"CNJ lan\u00e7a cartilha de combate ao bullying em Bras\u00edlia -\" \/>\n<meta property=\"og:description\" content=\"O objetivo do Projeto Justi\u00e7a na Escola, do CNJ, \u00e9 aproximar o Judici\u00e1rio e as institui\u00e7\u00f5es de ensino do pa\u00eds no combate e na preven\u00e7\u00e3o dos problemas que afetam crian\u00e7as e adolescentes. (Dispon\u00edvel para download)\" \/>\n<meta property=\"og:url\" content=\"https:\/\/inclusivenews.com.br\/?p=17840\" \/>\n<meta property=\"article:publisher\" content=\"https:\/\/www.facebook.com\/agenciainclusive\/\" \/>\n<meta property=\"article:published_time\" content=\"2010-10-28T10:48:39+00:00\" \/>\n<meta property=\"og:image\" content=\"http:\/\/s.glbimg.com\/jo\/g1\/f\/original\/2010\/10\/19\/cartilha_bullying.jpg\" \/>\n<meta name=\"author\" content=\"inclusivenews2024\" \/>\n<meta name=\"twitter:card\" content=\"summary_large_image\" \/>\n<meta name=\"twitter:label1\" content=\"Escrito por\" \/>\n\t<meta name=\"twitter:data1\" content=\"inclusivenews2024\" \/>\n\t<meta name=\"twitter:label2\" content=\"Tempo estimado de leitura\" \/>\n\t<meta name=\"twitter:data2\" content=\"2 minutos\" \/>\n<script type=\"application\/ld+json\" class=\"yoast-schema-graph\">{\"@context\":\"https:\\\/\\\/schema.org\",\"@graph\":[{\"@type\":\"Article\",\"@id\":\"https:\\\/\\\/inclusivenews.com.br\\\/?p=17840#article\",\"isPartOf\":{\"@id\":\"https:\\\/\\\/inclusivenews.com.br\\\/?p=17840\"},\"author\":{\"name\":\"inclusivenews2024\",\"@id\":\"https:\\\/\\\/inclusivenews.com.br\\\/#\\\/schema\\\/person\\\/ae4ec7087559b8692fb33b6fffd2273b\"},\"headline\":\"CNJ lan\u00e7a cartilha de combate ao bullying em Bras\u00edlia\",\"datePublished\":\"2010-10-28T10:48:39+00:00\",\"mainEntityOfPage\":{\"@id\":\"https:\\\/\\\/inclusivenews.com.br\\\/?p=17840\"},\"wordCount\":383,\"commentCount\":3,\"publisher\":{\"@id\":\"https:\\\/\\\/inclusivenews.com.br\\\/#organization\"},\"image\":{\"@id\":\"https:\\\/\\\/inclusivenews.com.br\\\/?p=17840#primaryimage\"},\"thumbnailUrl\":\"http:\\\/\\\/s.glbimg.com\\\/jo\\\/g1\\\/f\\\/original\\\/2010\\\/10\\\/19\\\/cartilha_bullying.jpg\",\"keywords\":[\"Bullying\"],\"articleSection\":[\"Cartilhas e manuais\",\"Downloadables\",\"EDUCA\u00c7\u00c3O\",\"NOT\u00cdCIAS\",\"PUBLICA\u00c7\u00d5ES\"],\"inLanguage\":\"pt-PT\",\"potentialAction\":[{\"@type\":\"CommentAction\",\"name\":\"Comment\",\"target\":[\"https:\\\/\\\/inclusivenews.com.br\\\/?p=17840#respond\"]}]},{\"@type\":\"WebPage\",\"@id\":\"https:\\\/\\\/inclusivenews.com.br\\\/?p=17840\",\"url\":\"https:\\\/\\\/inclusivenews.com.br\\\/?p=17840\",\"name\":\"CNJ lan\u00e7a cartilha de combate ao bullying em Bras\u00edlia -\",\"isPartOf\":{\"@id\":\"https:\\\/\\\/inclusivenews.com.br\\\/#website\"},\"primaryImageOfPage\":{\"@id\":\"https:\\\/\\\/inclusivenews.com.br\\\/?p=17840#primaryimage\"},\"image\":{\"@id\":\"https:\\\/\\\/inclusivenews.com.br\\\/?p=17840#primaryimage\"},\"thumbnailUrl\":\"http:\\\/\\\/s.glbimg.com\\\/jo\\\/g1\\\/f\\\/original\\\/2010\\\/10\\\/19\\\/cartilha_bullying.jpg\",\"datePublished\":\"2010-10-28T10:48:39+00:00\",\"breadcrumb\":{\"@id\":\"https:\\\/\\\/inclusivenews.com.br\\\/?p=17840#breadcrumb\"},\"inLanguage\":\"pt-PT\",\"potentialAction\":[{\"@type\":\"ReadAction\",\"target\":[\"https:\\\/\\\/inclusivenews.com.br\\\/?p=17840\"]}]},{\"@type\":\"ImageObject\",\"inLanguage\":\"pt-PT\",\"@id\":\"https:\\\/\\\/inclusivenews.com.br\\\/?p=17840#primaryimage\",\"url\":\"http:\\\/\\\/s.glbimg.com\\\/jo\\\/g1\\\/f\\\/original\\\/2010\\\/10\\\/19\\\/cartilha_bullying.jpg\",\"contentUrl\":\"http:\\\/\\\/s.glbimg.com\\\/jo\\\/g1\\\/f\\\/original\\\/2010\\\/10\\\/19\\\/cartilha_bullying.jpg\"},{\"@type\":\"BreadcrumbList\",\"@id\":\"https:\\\/\\\/inclusivenews.com.br\\\/?p=17840#breadcrumb\",\"itemListElement\":[{\"@type\":\"ListItem\",\"position\":1,\"name\":\"In\u00edcio\",\"item\":\"https:\\\/\\\/inclusivenews.com.br\\\/\"},{\"@type\":\"ListItem\",\"position\":2,\"name\":\"CNJ lan\u00e7a cartilha de combate ao bullying em Bras\u00edlia\"}]},{\"@type\":\"WebSite\",\"@id\":\"https:\\\/\\\/inclusivenews.com.br\\\/#website\",\"url\":\"https:\\\/\\\/inclusivenews.com.br\\\/\",\"name\":\"Inclusive News\",\"description\":\"Inclusive News\",\"publisher\":{\"@id\":\"https:\\\/\\\/inclusivenews.com.br\\\/#organization\"},\"potentialAction\":[{\"@type\":\"SearchAction\",\"target\":{\"@type\":\"EntryPoint\",\"urlTemplate\":\"https:\\\/\\\/inclusivenews.com.br\\\/?s={search_term_string}\"},\"query-input\":{\"@type\":\"PropertyValueSpecification\",\"valueRequired\":true,\"valueName\":\"search_term_string\"}}],\"inLanguage\":\"pt-PT\"},{\"@type\":\"Organization\",\"@id\":\"https:\\\/\\\/inclusivenews.com.br\\\/#organization\",\"name\":\"Inclusive - inclus\u00e3o e cidadania\",\"url\":\"https:\\\/\\\/inclusivenews.com.br\\\/\",\"logo\":{\"@type\":\"ImageObject\",\"inLanguage\":\"pt-PT\",\"@id\":\"https:\\\/\\\/inclusivenews.com.br\\\/#\\\/schema\\\/logo\\\/image\\\/\",\"url\":\"https:\\\/\\\/inclusivenews.com.br\\\/wp-content\\\/uploads\\\/2024\\\/03\\\/@grandesite.png\",\"contentUrl\":\"https:\\\/\\\/inclusivenews.com.br\\\/wp-content\\\/uploads\\\/2024\\\/03\\\/@grandesite.png\",\"width\":1080,\"height\":1080,\"caption\":\"Inclusive - inclus\u00e3o e cidadania\"},\"image\":{\"@id\":\"https:\\\/\\\/inclusivenews.com.br\\\/#\\\/schema\\\/logo\\\/image\\\/\"},\"sameAs\":[\"https:\\\/\\\/www.facebook.com\\\/agenciainclusive\\\/\",\"https:\\\/\\\/www.instagram.com\\\/newsinclusive\\\/\"]},{\"@type\":\"Person\",\"@id\":\"https:\\\/\\\/inclusivenews.com.br\\\/#\\\/schema\\\/person\\\/ae4ec7087559b8692fb33b6fffd2273b\",\"name\":\"inclusivenews2024\",\"image\":{\"@type\":\"ImageObject\",\"inLanguage\":\"pt-PT\",\"@id\":\"https:\\\/\\\/secure.gravatar.com\\\/avatar\\\/c5a7ef84c66fa914f55bc4f7ce26cfa275a3b9a1c5568b907bd184fb4dde7b40?s=96&d=mm&r=g\",\"url\":\"https:\\\/\\\/secure.gravatar.com\\\/avatar\\\/c5a7ef84c66fa914f55bc4f7ce26cfa275a3b9a1c5568b907bd184fb4dde7b40?s=96&d=mm&r=g\",\"contentUrl\":\"https:\\\/\\\/secure.gravatar.com\\\/avatar\\\/c5a7ef84c66fa914f55bc4f7ce26cfa275a3b9a1c5568b907bd184fb4dde7b40?s=96&d=mm&r=g\",\"caption\":\"inclusivenews2024\"},\"sameAs\":[\"https:\\\/\\\/inclusivenews.com.br\"],\"url\":\"https:\\\/\\\/inclusivenews.com.br\\\/?author=1\"}]}<\/script>\n<!-- \/ Yoast SEO plugin. -->","yoast_head_json":{"title":"CNJ lan\u00e7a cartilha de combate ao bullying em Bras\u00edlia -","robots":{"index":"index","follow":"follow","max-snippet":"max-snippet:-1","max-image-preview":"max-image-preview:large","max-video-preview":"max-video-preview:-1"},"canonical":"https:\/\/inclusivenews.com.br\/?p=17840","og_locale":"pt_PT","og_type":"article","og_title":"CNJ lan\u00e7a cartilha de combate ao bullying em Bras\u00edlia -","og_description":"O objetivo do Projeto Justi\u00e7a na Escola, do CNJ, \u00e9 aproximar o Judici\u00e1rio e as institui\u00e7\u00f5es de ensino do pa\u00eds no combate e na preven\u00e7\u00e3o dos problemas que afetam crian\u00e7as e adolescentes. (Dispon\u00edvel para download)","og_url":"https:\/\/inclusivenews.com.br\/?p=17840","article_publisher":"https:\/\/www.facebook.com\/agenciainclusive\/","article_published_time":"2010-10-28T10:48:39+00:00","og_image":[{"url":"http:\/\/s.glbimg.com\/jo\/g1\/f\/original\/2010\/10\/19\/cartilha_bullying.jpg","type":"","width":"","height":""}],"author":"inclusivenews2024","twitter_card":"summary_large_image","twitter_misc":{"Escrito por":"inclusivenews2024","Tempo estimado de leitura":"2 minutos"},"schema":{"@context":"https:\/\/schema.org","@graph":[{"@type":"Article","@id":"https:\/\/inclusivenews.com.br\/?p=17840#article","isPartOf":{"@id":"https:\/\/inclusivenews.com.br\/?p=17840"},"author":{"name":"inclusivenews2024","@id":"https:\/\/inclusivenews.com.br\/#\/schema\/person\/ae4ec7087559b8692fb33b6fffd2273b"},"headline":"CNJ lan\u00e7a cartilha de combate ao bullying em Bras\u00edlia","datePublished":"2010-10-28T10:48:39+00:00","mainEntityOfPage":{"@id":"https:\/\/inclusivenews.com.br\/?p=17840"},"wordCount":383,"commentCount":3,"publisher":{"@id":"https:\/\/inclusivenews.com.br\/#organization"},"image":{"@id":"https:\/\/inclusivenews.com.br\/?p=17840#primaryimage"},"thumbnailUrl":"http:\/\/s.glbimg.com\/jo\/g1\/f\/original\/2010\/10\/19\/cartilha_bullying.jpg","keywords":["Bullying"],"articleSection":["Cartilhas e manuais","Downloadables","EDUCA\u00c7\u00c3O","NOT\u00cdCIAS","PUBLICA\u00c7\u00d5ES"],"inLanguage":"pt-PT","potentialAction":[{"@type":"CommentAction","name":"Comment","target":["https:\/\/inclusivenews.com.br\/?p=17840#respond"]}]},{"@type":"WebPage","@id":"https:\/\/inclusivenews.com.br\/?p=17840","url":"https:\/\/inclusivenews.com.br\/?p=17840","name":"CNJ lan\u00e7a cartilha de combate ao bullying em Bras\u00edlia -","isPartOf":{"@id":"https:\/\/inclusivenews.com.br\/#website"},"primaryImageOfPage":{"@id":"https:\/\/inclusivenews.com.br\/?p=17840#primaryimage"},"image":{"@id":"https:\/\/inclusivenews.com.br\/?p=17840#primaryimage"},"thumbnailUrl":"http:\/\/s.glbimg.com\/jo\/g1\/f\/original\/2010\/10\/19\/cartilha_bullying.jpg","datePublished":"2010-10-28T10:48:39+00:00","breadcrumb":{"@id":"https:\/\/inclusivenews.com.br\/?p=17840#breadcrumb"},"inLanguage":"pt-PT","potentialAction":[{"@type":"ReadAction","target":["https:\/\/inclusivenews.com.br\/?p=17840"]}]},{"@type":"ImageObject","inLanguage":"pt-PT","@id":"https:\/\/inclusivenews.com.br\/?p=17840#primaryimage","url":"http:\/\/s.glbimg.com\/jo\/g1\/f\/original\/2010\/10\/19\/cartilha_bullying.jpg","contentUrl":"http:\/\/s.glbimg.com\/jo\/g1\/f\/original\/2010\/10\/19\/cartilha_bullying.jpg"},{"@type":"BreadcrumbList","@id":"https:\/\/inclusivenews.com.br\/?p=17840#breadcrumb","itemListElement":[{"@type":"ListItem","position":1,"name":"In\u00edcio","item":"https:\/\/inclusivenews.com.br\/"},{"@type":"ListItem","position":2,"name":"CNJ lan\u00e7a cartilha de combate ao bullying em Bras\u00edlia"}]},{"@type":"WebSite","@id":"https:\/\/inclusivenews.com.br\/#website","url":"https:\/\/inclusivenews.com.br\/","name":"Inclusive News","description":"Inclusive News","publisher":{"@id":"https:\/\/inclusivenews.com.br\/#organization"},"potentialAction":[{"@type":"SearchAction","target":{"@type":"EntryPoint","urlTemplate":"https:\/\/inclusivenews.com.br\/?s={search_term_string}"},"query-input":{"@type":"PropertyValueSpecification","valueRequired":true,"valueName":"search_term_string"}}],"inLanguage":"pt-PT"},{"@type":"Organization","@id":"https:\/\/inclusivenews.com.br\/#organization","name":"Inclusive - inclus\u00e3o e cidadania","url":"https:\/\/inclusivenews.com.br\/","logo":{"@type":"ImageObject","inLanguage":"pt-PT","@id":"https:\/\/inclusivenews.com.br\/#\/schema\/logo\/image\/","url":"https:\/\/inclusivenews.com.br\/wp-content\/uploads\/2024\/03\/@grandesite.png","contentUrl":"https:\/\/inclusivenews.com.br\/wp-content\/uploads\/2024\/03\/@grandesite.png","width":1080,"height":1080,"caption":"Inclusive - inclus\u00e3o e cidadania"},"image":{"@id":"https:\/\/inclusivenews.com.br\/#\/schema\/logo\/image\/"},"sameAs":["https:\/\/www.facebook.com\/agenciainclusive\/","https:\/\/www.instagram.com\/newsinclusive\/"]},{"@type":"Person","@id":"https:\/\/inclusivenews.com.br\/#\/schema\/person\/ae4ec7087559b8692fb33b6fffd2273b","name":"inclusivenews2024","image":{"@type":"ImageObject","inLanguage":"pt-PT","@id":"https:\/\/secure.gravatar.com\/avatar\/c5a7ef84c66fa914f55bc4f7ce26cfa275a3b9a1c5568b907bd184fb4dde7b40?s=96&d=mm&r=g","url":"https:\/\/secure.gravatar.com\/avatar\/c5a7ef84c66fa914f55bc4f7ce26cfa275a3b9a1c5568b907bd184fb4dde7b40?s=96&d=mm&r=g","contentUrl":"https:\/\/secure.gravatar.com\/avatar\/c5a7ef84c66fa914f55bc4f7ce26cfa275a3b9a1c5568b907bd184fb4dde7b40?s=96&d=mm&r=g","caption":"inclusivenews2024"},"sameAs":["https:\/\/inclusivenews.com.br"],"url":"https:\/\/inclusivenews.com.br\/?author=1"}]}},"_links":{"self":[{"href":"https:\/\/inclusivenews.com.br\/index.php?rest_route=\/wp\/v2\/posts\/17840","targetHints":{"allow":["GET"]}}],"collection":[{"href":"https:\/\/inclusivenews.com.br\/index.php?rest_route=\/wp\/v2\/posts"}],"about":[{"href":"https:\/\/inclusivenews.com.br\/index.php?rest_route=\/wp\/v2\/types\/post"}],"author":[{"embeddable":true,"href":"https:\/\/inclusivenews.com.br\/index.php?rest_route=\/wp\/v2\/users\/1"}],"replies":[{"embeddable":true,"href":"https:\/\/inclusivenews.com.br\/index.php?rest_route=%2Fwp%2Fv2%2Fcomments&post=17840"}],"version-history":[{"count":0,"href":"https:\/\/inclusivenews.com.br\/index.php?rest_route=\/wp\/v2\/posts\/17840\/revisions"}],"wp:attachment":[{"href":"https:\/\/inclusivenews.com.br\/index.php?rest_route=%2Fwp%2Fv2%2Fmedia&parent=17840"}],"wp:term":[{"taxonomy":"category","embeddable":true,"href":"https:\/\/inclusivenews.com.br\/index.php?rest_route=%2Fwp%2Fv2%2Fcategories&post=17840"},{"taxonomy":"post_tag","embeddable":true,"href":"https:\/\/inclusivenews.com.br\/index.php?rest_route=%2Fwp%2Fv2%2Ftags&post=17840"}],"curies":[{"name":"wp","href":"https:\/\/api.w.org\/{rel}","templated":true}]}}