{"id":17841,"date":"2010-10-28T07:52:52","date_gmt":"2010-10-28T10:52:52","guid":{"rendered":"http:\/\/www.inclusive.org.br\/?p=17841"},"modified":"2010-10-28T07:52:52","modified_gmt":"2010-10-28T10:52:52","slug":"consulta-publica-construindo-uma-politica-nacional-dos-direitos-humanos-de-criancas-e-adolescentes","status":"publish","type":"post","link":"https:\/\/inclusivenews.com.br\/?p=17841","title":{"rendered":"Consulta P\u00fablica &#8211; construindo uma Pol\u00edtica Nacional dos Direitos Humanos de Crian\u00e7as e Adolescentes"},"content":{"rendered":"<figure style=\"width: 200px\" class=\"wp-caption alignleft\"><img loading=\"lazy\" decoding=\"async\" class=\" \" title=\"Plano Decenal - Construindo a Pol\u00edtica Nacional dos Direitos Humanos de Crian\u00e7as e Adolescente\" src=\"http:\/\/www.direitosdacrianca.org.br\/banco-de-imagens\/planodecenal.jpg\/image_mini\" alt=\"Plano Decenal - Construindo a Pol\u00edtica Nacional dos Direitos Humanos de Crian\u00e7as e Adolescente\" width=\"200\" height=\"147\" \/><figcaption class=\"wp-caption-text\"> <\/figcaption><\/figure>\n<p>Participe da Consulta P\u00fablica e colabore com a constru\u00e7\u00e3o da Pol\u00edtica Nacional dos Direitos Humanos de Crian\u00e7as e Adolescentes. As contribui\u00e7\u00f5es devem ser encaminhadas at\u00e9 o dia 12 de novembro para <a href=\"mailto:conanda@sedh.gov.br\">conanda@sedh.gov.br <\/a><\/p>\n<p>Acabam de ser submetidos \u00e0 consulta p\u00fablica o Plano Decenal e a Pol\u00edtica Nacional elaborados pelo Conselho Nacional dos Direitos da Crian\u00e7a e do Adolescente (CONANDA).<\/p>\n<p>Para organizar as colabora\u00e7\u00f5es e efetivamante facilitar o processo de consolida\u00e7\u00e3o final, o CONANDA pede a observa\u00e7\u00e3o do seguintes itens:<\/p>\n<p><strong>ROTEIRO PARA A CONSULTA P\u00daBLICA<\/strong><\/p>\n<p>Considerando a multiplicidade dos atores que est\u00e3o sendo mobilizados para essa tarefa, sugere-se um roteiro b\u00e1sico para a consulta:<\/p>\n<p>1. Quanto aos marcos da Pol\u00edtica Nacional, ou seja, os princ\u00edpios, os eixos e as diretrizes, observar: s\u00e3o suficientes, ou pelo contr\u00e1rio, excessivos? Est\u00e3o compreens\u00edveis, claramente formulados?<\/p>\n<p>2. Quanto \u00e0s bases do Plano Decenal, ou seja, os objetivos estrat\u00e9gicos e as metas correspondentes: est\u00e3o compreens\u00edveis? S\u00e3o suficientes ou excessivas? (Obs: solicita-se uma contribui\u00e7\u00e3o adicional, que \u00e9 a de ajudar na hierarquiza\u00e7\u00e3o das metas. Para tanto, basta orden\u00e1-las).<\/p>\n<p>3. Caso seja proposta uma nova diretriz, pede-se que seja apresentado pelo menos UM objetivo estrat\u00e9gico; da mesma forma, para um objetivo estrat\u00e9gico novo, pelo menos uma meta correspondente.<\/p>\n<p>4. Quanto ao conjunto do documento, solicita-se que sempre que houver reparos, seja encaminhada a reda\u00e7\u00e3o alternativa e n\u00e3o apenas o coment\u00e1rio favor\u00e1vel ou desfavor\u00e1vel ao documento.<\/p>\n<p>5. As cr\u00edticas e sugest\u00f5es podem ser encaminhadas diretamente ao e-mail conanda@sedh.gov.br at\u00e9 o dia 12 de novembro, ou seja, 30 dias da publica\u00e7\u00e3o desse documento nos portais do Conanda e da SDH.<\/p>\n<p><a href=\"http:\/\/www.direitosdacrianca.org.br\/em-pauta\/plano-decenal-e-politica-nacional-dos-direitos-humanos-de-criancas-e-adolescentes\" target=\"_blank\" rel=\"noopener\">CLIQUE AQUI para obter a \u00edntegra do documento.<\/a><\/p>\n","protected":false},"excerpt":{"rendered":"<p>Participe da Consulta P\u00fablica e colabore com a constru\u00e7\u00e3o da Pol\u00edtica Nacional dos Direitos Humanos de Crian\u00e7as e Adolescentes. As contribui\u00e7\u00f5es devem ser encaminhadas at\u00e9 o dia 12 de novembro.<\/p>\n","protected":false},"author":1,"featured_media":0,"comment_status":"open","ping_status":"open","sticky":false,"template":"","format":"standard","meta":{"site-container-style":"default","site-container-layout":"default","site-sidebar-layout":"default","disable-article-header":"default","disable-site-header":"default","disable-site-footer":"default","disable-content-area-spacing":"default","footnotes":""},"categories":[4],"tags":[60],"class_list":["post-17841","post","type-post","status-publish","format-standard","hentry","category-noticias","tag-infancia"],"yoast_head":"<!-- This site is optimized with the Yoast SEO plugin v27.5 - https:\/\/yoast.com\/product\/yoast-seo-wordpress\/ -->\n<title>Consulta P\u00fablica - construindo uma Pol\u00edtica Nacional dos Direitos Humanos de Crian\u00e7as e Adolescentes -<\/title>\n<meta name=\"robots\" content=\"index, follow, max-snippet:-1, max-image-preview:large, max-video-preview:-1\" \/>\n<link rel=\"canonical\" href=\"https:\/\/inclusivenews.com.br\/?p=17841\" \/>\n<meta property=\"og:locale\" content=\"pt_PT\" \/>\n<meta property=\"og:type\" content=\"article\" \/>\n<meta property=\"og:title\" content=\"Consulta P\u00fablica - construindo uma Pol\u00edtica Nacional dos Direitos Humanos de Crian\u00e7as e Adolescentes -\" \/>\n<meta property=\"og:description\" content=\"Participe da Consulta P\u00fablica e colabore com a constru\u00e7\u00e3o da Pol\u00edtica Nacional dos Direitos Humanos de Crian\u00e7as e Adolescentes. As contribui\u00e7\u00f5es devem ser encaminhadas at\u00e9 o dia 12 de novembro.\" \/>\n<meta property=\"og:url\" content=\"https:\/\/inclusivenews.com.br\/?p=17841\" \/>\n<meta property=\"article:publisher\" content=\"https:\/\/www.facebook.com\/agenciainclusive\/\" \/>\n<meta property=\"article:published_time\" content=\"2010-10-28T10:52:52+00:00\" \/>\n<meta property=\"og:image\" content=\"http:\/\/www.direitosdacrianca.org.br\/banco-de-imagens\/planodecenal.jpg\/image_mini\" \/>\n<meta name=\"author\" content=\"inclusivenews2024\" \/>\n<meta name=\"twitter:card\" content=\"summary_large_image\" \/>\n<meta name=\"twitter:label1\" content=\"Escrito por\" \/>\n\t<meta name=\"twitter:data1\" content=\"inclusivenews2024\" \/>\n\t<meta name=\"twitter:label2\" content=\"Tempo estimado de leitura\" \/>\n\t<meta name=\"twitter:data2\" content=\"2 minutos\" \/>\n<script type=\"application\/ld+json\" class=\"yoast-schema-graph\">{\"@context\":\"https:\\\/\\\/schema.org\",\"@graph\":[{\"@type\":\"Article\",\"@id\":\"https:\\\/\\\/inclusivenews.com.br\\\/?p=17841#article\",\"isPartOf\":{\"@id\":\"https:\\\/\\\/inclusivenews.com.br\\\/?p=17841\"},\"author\":{\"name\":\"inclusivenews2024\",\"@id\":\"https:\\\/\\\/inclusivenews.com.br\\\/#\\\/schema\\\/person\\\/ae4ec7087559b8692fb33b6fffd2273b\"},\"headline\":\"Consulta P\u00fablica &#8211; construindo uma Pol\u00edtica Nacional dos Direitos Humanos de Crian\u00e7as e Adolescentes\",\"datePublished\":\"2010-10-28T10:52:52+00:00\",\"mainEntityOfPage\":{\"@id\":\"https:\\\/\\\/inclusivenews.com.br\\\/?p=17841\"},\"wordCount\":323,\"commentCount\":0,\"publisher\":{\"@id\":\"https:\\\/\\\/inclusivenews.com.br\\\/#organization\"},\"image\":{\"@id\":\"https:\\\/\\\/inclusivenews.com.br\\\/?p=17841#primaryimage\"},\"thumbnailUrl\":\"http:\\\/\\\/www.direitosdacrianca.org.br\\\/banco-de-imagens\\\/planodecenal.jpg\\\/image_mini\",\"keywords\":[\"Inf\u00e2ncia\"],\"articleSection\":[\"NOT\u00cdCIAS\"],\"inLanguage\":\"pt-PT\",\"potentialAction\":[{\"@type\":\"CommentAction\",\"name\":\"Comment\",\"target\":[\"https:\\\/\\\/inclusivenews.com.br\\\/?p=17841#respond\"]}]},{\"@type\":\"WebPage\",\"@id\":\"https:\\\/\\\/inclusivenews.com.br\\\/?p=17841\",\"url\":\"https:\\\/\\\/inclusivenews.com.br\\\/?p=17841\",\"name\":\"Consulta P\u00fablica - construindo uma Pol\u00edtica Nacional dos Direitos Humanos de Crian\u00e7as e Adolescentes -\",\"isPartOf\":{\"@id\":\"https:\\\/\\\/inclusivenews.com.br\\\/#website\"},\"primaryImageOfPage\":{\"@id\":\"https:\\\/\\\/inclusivenews.com.br\\\/?p=17841#primaryimage\"},\"image\":{\"@id\":\"https:\\\/\\\/inclusivenews.com.br\\\/?p=17841#primaryimage\"},\"thumbnailUrl\":\"http:\\\/\\\/www.direitosdacrianca.org.br\\\/banco-de-imagens\\\/planodecenal.jpg\\\/image_mini\",\"datePublished\":\"2010-10-28T10:52:52+00:00\",\"breadcrumb\":{\"@id\":\"https:\\\/\\\/inclusivenews.com.br\\\/?p=17841#breadcrumb\"},\"inLanguage\":\"pt-PT\",\"potentialAction\":[{\"@type\":\"ReadAction\",\"target\":[\"https:\\\/\\\/inclusivenews.com.br\\\/?p=17841\"]}]},{\"@type\":\"ImageObject\",\"inLanguage\":\"pt-PT\",\"@id\":\"https:\\\/\\\/inclusivenews.com.br\\\/?p=17841#primaryimage\",\"url\":\"http:\\\/\\\/www.direitosdacrianca.org.br\\\/banco-de-imagens\\\/planodecenal.jpg\\\/image_mini\",\"contentUrl\":\"http:\\\/\\\/www.direitosdacrianca.org.br\\\/banco-de-imagens\\\/planodecenal.jpg\\\/image_mini\"},{\"@type\":\"BreadcrumbList\",\"@id\":\"https:\\\/\\\/inclusivenews.com.br\\\/?p=17841#breadcrumb\",\"itemListElement\":[{\"@type\":\"ListItem\",\"position\":1,\"name\":\"In\u00edcio\",\"item\":\"https:\\\/\\\/inclusivenews.com.br\\\/\"},{\"@type\":\"ListItem\",\"position\":2,\"name\":\"Consulta P\u00fablica &#8211; construindo uma Pol\u00edtica Nacional dos Direitos Humanos de Crian\u00e7as e Adolescentes\"}]},{\"@type\":\"WebSite\",\"@id\":\"https:\\\/\\\/inclusivenews.com.br\\\/#website\",\"url\":\"https:\\\/\\\/inclusivenews.com.br\\\/\",\"name\":\"Inclusive News\",\"description\":\"Inclusive News\",\"publisher\":{\"@id\":\"https:\\\/\\\/inclusivenews.com.br\\\/#organization\"},\"potentialAction\":[{\"@type\":\"SearchAction\",\"target\":{\"@type\":\"EntryPoint\",\"urlTemplate\":\"https:\\\/\\\/inclusivenews.com.br\\\/?s={search_term_string}\"},\"query-input\":{\"@type\":\"PropertyValueSpecification\",\"valueRequired\":true,\"valueName\":\"search_term_string\"}}],\"inLanguage\":\"pt-PT\"},{\"@type\":\"Organization\",\"@id\":\"https:\\\/\\\/inclusivenews.com.br\\\/#organization\",\"name\":\"Inclusive - inclus\u00e3o e cidadania\",\"url\":\"https:\\\/\\\/inclusivenews.com.br\\\/\",\"logo\":{\"@type\":\"ImageObject\",\"inLanguage\":\"pt-PT\",\"@id\":\"https:\\\/\\\/inclusivenews.com.br\\\/#\\\/schema\\\/logo\\\/image\\\/\",\"url\":\"https:\\\/\\\/inclusivenews.com.br\\\/wp-content\\\/uploads\\\/2024\\\/03\\\/@grandesite.png\",\"contentUrl\":\"https:\\\/\\\/inclusivenews.com.br\\\/wp-content\\\/uploads\\\/2024\\\/03\\\/@grandesite.png\",\"width\":1080,\"height\":1080,\"caption\":\"Inclusive - inclus\u00e3o e cidadania\"},\"image\":{\"@id\":\"https:\\\/\\\/inclusivenews.com.br\\\/#\\\/schema\\\/logo\\\/image\\\/\"},\"sameAs\":[\"https:\\\/\\\/www.facebook.com\\\/agenciainclusive\\\/\",\"https:\\\/\\\/www.instagram.com\\\/newsinclusive\\\/\"]},{\"@type\":\"Person\",\"@id\":\"https:\\\/\\\/inclusivenews.com.br\\\/#\\\/schema\\\/person\\\/ae4ec7087559b8692fb33b6fffd2273b\",\"name\":\"inclusivenews2024\",\"image\":{\"@type\":\"ImageObject\",\"inLanguage\":\"pt-PT\",\"@id\":\"https:\\\/\\\/secure.gravatar.com\\\/avatar\\\/c5a7ef84c66fa914f55bc4f7ce26cfa275a3b9a1c5568b907bd184fb4dde7b40?s=96&d=mm&r=g\",\"url\":\"https:\\\/\\\/secure.gravatar.com\\\/avatar\\\/c5a7ef84c66fa914f55bc4f7ce26cfa275a3b9a1c5568b907bd184fb4dde7b40?s=96&d=mm&r=g\",\"contentUrl\":\"https:\\\/\\\/secure.gravatar.com\\\/avatar\\\/c5a7ef84c66fa914f55bc4f7ce26cfa275a3b9a1c5568b907bd184fb4dde7b40?s=96&d=mm&r=g\",\"caption\":\"inclusivenews2024\"},\"sameAs\":[\"https:\\\/\\\/inclusivenews.com.br\"],\"url\":\"https:\\\/\\\/inclusivenews.com.br\\\/?author=1\"}]}<\/script>\n<!-- \/ Yoast SEO plugin. -->","yoast_head_json":{"title":"Consulta P\u00fablica - construindo uma Pol\u00edtica Nacional dos Direitos Humanos de Crian\u00e7as e Adolescentes -","robots":{"index":"index","follow":"follow","max-snippet":"max-snippet:-1","max-image-preview":"max-image-preview:large","max-video-preview":"max-video-preview:-1"},"canonical":"https:\/\/inclusivenews.com.br\/?p=17841","og_locale":"pt_PT","og_type":"article","og_title":"Consulta P\u00fablica - construindo uma Pol\u00edtica Nacional dos Direitos Humanos de Crian\u00e7as e Adolescentes -","og_description":"Participe da Consulta P\u00fablica e colabore com a constru\u00e7\u00e3o da Pol\u00edtica Nacional dos Direitos Humanos de Crian\u00e7as e Adolescentes. As contribui\u00e7\u00f5es devem ser encaminhadas at\u00e9 o dia 12 de novembro.","og_url":"https:\/\/inclusivenews.com.br\/?p=17841","article_publisher":"https:\/\/www.facebook.com\/agenciainclusive\/","article_published_time":"2010-10-28T10:52:52+00:00","og_image":[{"url":"http:\/\/www.direitosdacrianca.org.br\/banco-de-imagens\/planodecenal.jpg\/image_mini","type":"","width":"","height":""}],"author":"inclusivenews2024","twitter_card":"summary_large_image","twitter_misc":{"Escrito por":"inclusivenews2024","Tempo estimado de leitura":"2 minutos"},"schema":{"@context":"https:\/\/schema.org","@graph":[{"@type":"Article","@id":"https:\/\/inclusivenews.com.br\/?p=17841#article","isPartOf":{"@id":"https:\/\/inclusivenews.com.br\/?p=17841"},"author":{"name":"inclusivenews2024","@id":"https:\/\/inclusivenews.com.br\/#\/schema\/person\/ae4ec7087559b8692fb33b6fffd2273b"},"headline":"Consulta P\u00fablica &#8211; construindo uma Pol\u00edtica Nacional dos Direitos Humanos de Crian\u00e7as e Adolescentes","datePublished":"2010-10-28T10:52:52+00:00","mainEntityOfPage":{"@id":"https:\/\/inclusivenews.com.br\/?p=17841"},"wordCount":323,"commentCount":0,"publisher":{"@id":"https:\/\/inclusivenews.com.br\/#organization"},"image":{"@id":"https:\/\/inclusivenews.com.br\/?p=17841#primaryimage"},"thumbnailUrl":"http:\/\/www.direitosdacrianca.org.br\/banco-de-imagens\/planodecenal.jpg\/image_mini","keywords":["Inf\u00e2ncia"],"articleSection":["NOT\u00cdCIAS"],"inLanguage":"pt-PT","potentialAction":[{"@type":"CommentAction","name":"Comment","target":["https:\/\/inclusivenews.com.br\/?p=17841#respond"]}]},{"@type":"WebPage","@id":"https:\/\/inclusivenews.com.br\/?p=17841","url":"https:\/\/inclusivenews.com.br\/?p=17841","name":"Consulta P\u00fablica - construindo uma Pol\u00edtica Nacional dos Direitos Humanos de Crian\u00e7as e Adolescentes -","isPartOf":{"@id":"https:\/\/inclusivenews.com.br\/#website"},"primaryImageOfPage":{"@id":"https:\/\/inclusivenews.com.br\/?p=17841#primaryimage"},"image":{"@id":"https:\/\/inclusivenews.com.br\/?p=17841#primaryimage"},"thumbnailUrl":"http:\/\/www.direitosdacrianca.org.br\/banco-de-imagens\/planodecenal.jpg\/image_mini","datePublished":"2010-10-28T10:52:52+00:00","breadcrumb":{"@id":"https:\/\/inclusivenews.com.br\/?p=17841#breadcrumb"},"inLanguage":"pt-PT","potentialAction":[{"@type":"ReadAction","target":["https:\/\/inclusivenews.com.br\/?p=17841"]}]},{"@type":"ImageObject","inLanguage":"pt-PT","@id":"https:\/\/inclusivenews.com.br\/?p=17841#primaryimage","url":"http:\/\/www.direitosdacrianca.org.br\/banco-de-imagens\/planodecenal.jpg\/image_mini","contentUrl":"http:\/\/www.direitosdacrianca.org.br\/banco-de-imagens\/planodecenal.jpg\/image_mini"},{"@type":"BreadcrumbList","@id":"https:\/\/inclusivenews.com.br\/?p=17841#breadcrumb","itemListElement":[{"@type":"ListItem","position":1,"name":"In\u00edcio","item":"https:\/\/inclusivenews.com.br\/"},{"@type":"ListItem","position":2,"name":"Consulta P\u00fablica &#8211; construindo uma Pol\u00edtica Nacional dos Direitos Humanos de Crian\u00e7as e Adolescentes"}]},{"@type":"WebSite","@id":"https:\/\/inclusivenews.com.br\/#website","url":"https:\/\/inclusivenews.com.br\/","name":"Inclusive News","description":"Inclusive News","publisher":{"@id":"https:\/\/inclusivenews.com.br\/#organization"},"potentialAction":[{"@type":"SearchAction","target":{"@type":"EntryPoint","urlTemplate":"https:\/\/inclusivenews.com.br\/?s={search_term_string}"},"query-input":{"@type":"PropertyValueSpecification","valueRequired":true,"valueName":"search_term_string"}}],"inLanguage":"pt-PT"},{"@type":"Organization","@id":"https:\/\/inclusivenews.com.br\/#organization","name":"Inclusive - inclus\u00e3o e cidadania","url":"https:\/\/inclusivenews.com.br\/","logo":{"@type":"ImageObject","inLanguage":"pt-PT","@id":"https:\/\/inclusivenews.com.br\/#\/schema\/logo\/image\/","url":"https:\/\/inclusivenews.com.br\/wp-content\/uploads\/2024\/03\/@grandesite.png","contentUrl":"https:\/\/inclusivenews.com.br\/wp-content\/uploads\/2024\/03\/@grandesite.png","width":1080,"height":1080,"caption":"Inclusive - inclus\u00e3o e cidadania"},"image":{"@id":"https:\/\/inclusivenews.com.br\/#\/schema\/logo\/image\/"},"sameAs":["https:\/\/www.facebook.com\/agenciainclusive\/","https:\/\/www.instagram.com\/newsinclusive\/"]},{"@type":"Person","@id":"https:\/\/inclusivenews.com.br\/#\/schema\/person\/ae4ec7087559b8692fb33b6fffd2273b","name":"inclusivenews2024","image":{"@type":"ImageObject","inLanguage":"pt-PT","@id":"https:\/\/secure.gravatar.com\/avatar\/c5a7ef84c66fa914f55bc4f7ce26cfa275a3b9a1c5568b907bd184fb4dde7b40?s=96&d=mm&r=g","url":"https:\/\/secure.gravatar.com\/avatar\/c5a7ef84c66fa914f55bc4f7ce26cfa275a3b9a1c5568b907bd184fb4dde7b40?s=96&d=mm&r=g","contentUrl":"https:\/\/secure.gravatar.com\/avatar\/c5a7ef84c66fa914f55bc4f7ce26cfa275a3b9a1c5568b907bd184fb4dde7b40?s=96&d=mm&r=g","caption":"inclusivenews2024"},"sameAs":["https:\/\/inclusivenews.com.br"],"url":"https:\/\/inclusivenews.com.br\/?author=1"}]}},"_links":{"self":[{"href":"https:\/\/inclusivenews.com.br\/index.php?rest_route=\/wp\/v2\/posts\/17841","targetHints":{"allow":["GET"]}}],"collection":[{"href":"https:\/\/inclusivenews.com.br\/index.php?rest_route=\/wp\/v2\/posts"}],"about":[{"href":"https:\/\/inclusivenews.com.br\/index.php?rest_route=\/wp\/v2\/types\/post"}],"author":[{"embeddable":true,"href":"https:\/\/inclusivenews.com.br\/index.php?rest_route=\/wp\/v2\/users\/1"}],"replies":[{"embeddable":true,"href":"https:\/\/inclusivenews.com.br\/index.php?rest_route=%2Fwp%2Fv2%2Fcomments&post=17841"}],"version-history":[{"count":0,"href":"https:\/\/inclusivenews.com.br\/index.php?rest_route=\/wp\/v2\/posts\/17841\/revisions"}],"wp:attachment":[{"href":"https:\/\/inclusivenews.com.br\/index.php?rest_route=%2Fwp%2Fv2%2Fmedia&parent=17841"}],"wp:term":[{"taxonomy":"category","embeddable":true,"href":"https:\/\/inclusivenews.com.br\/index.php?rest_route=%2Fwp%2Fv2%2Fcategories&post=17841"},{"taxonomy":"post_tag","embeddable":true,"href":"https:\/\/inclusivenews.com.br\/index.php?rest_route=%2Fwp%2Fv2%2Ftags&post=17841"}],"curies":[{"name":"wp","href":"https:\/\/api.w.org\/{rel}","templated":true}]}}