{"id":17853,"date":"2010-11-04T06:02:40","date_gmt":"2010-11-04T09:02:40","guid":{"rendered":"http:\/\/www.inclusive.org.br\/?p=17853"},"modified":"2010-11-04T06:02:40","modified_gmt":"2010-11-04T09:02:40","slug":"jovens-do-projeto-ipe-defendem-seus-projetos-no-dia-511","status":"publish","type":"post","link":"https:\/\/inclusivenews.com.br\/?p=17853","title":{"rendered":"Jovens do Projeto IPE defendem seus projetos no dia 5\/11"},"content":{"rendered":"<figure id=\"attachment_17854\" aria-describedby=\"caption-attachment-17854\" style=\"width: 262px\" class=\"wp-caption alignleft\"><a href=\"http:\/\/www.inclusivenews.com.br\/wp-content\/uploads\/2010\/11\/paradigma.jpg\"><img loading=\"lazy\" decoding=\"async\" class=\"size-full wp-image-17854\" title=\"paradigma\" src=\"http:\/\/inclusivenews.com.br\/wp-content\/uploads\/2010\/11\/paradigma.jpg\" alt=\"Logotipo Instituto Paradigma - Pessoas incluindo pessoas\" width=\"262\" height=\"67\" \/><\/a><figcaption id=\"caption-attachment-17854\" class=\"wp-caption-text\">Logotipo Instituto Paradigma - Pessoas incluindo pessoas<\/figcaption><\/figure>\n<p><em>Cinco projetos de impacto social ser\u00e3o submetidos \u00e0 plen\u00e1ria do Programa Gera\u00e7\u00e3o MudaMundo, da Ashoka. Os aprovados receber\u00e3o financiamento- semente de at\u00e9 R$ 2 mil para iniciar a sua implementa\u00e7\u00e3o <\/em><\/p>\n<p>No pr\u00f3ximo dia 5 de novembro, sexta-feira, 14 jovens que conclu\u00edram a primeira etapa do Projeto IPE (Incluindo Pessoas Empreendedoras) ir\u00e3o fazer a defesa de seus projetos de impacto social para a banca examinadora do Programa Gera\u00e7\u00e3o MudaMundo, da Ashoka Internacional.<\/p>\n<p>O Projeto IPE \u00e9 uma iniciativa do Instituto Paradigma, em parceria com a Ashoka pelo Programa Gera\u00e7\u00e3o MudaMundo, organiza\u00e7\u00e3o mundial sem fins lucrativos, e o Instituto Social Santa L\u00facia, com abrang\u00eancia na regi\u00e3o sul de S\u00e3o Paulo. Teve in\u00edcio em maio \u00faltimo, como um projeto-piloto destinado a desenvolver atitudes empreendedoras em jovens com e sem defici\u00eancia, residentes em regi\u00f5es de vulnerabilidade social. Esta primeira iniciativa abrangeu a regi\u00e3o do M\u00b4Boi Mirim e Campo Limpo. Dos 14 jovens que chegam \u00e0 etapa final, 5 s\u00e3o deficientes visuais, sendo que 1 possui baixa vis\u00e3o, 2 s\u00e3o deficientes intelectuais, e 2 com defici\u00eancia f\u00edsica, sendo 1 cadeirante. A idade do grupo varia de 17 a 35 anos. Em comum, eles t\u00eam a vontade de aprender a viabilizar um projeto em sua comunidade.<\/p>\n<p>\u201cForam dois encontros semanais com consultores do Instituto Paradigma, durante cinco meses, onde eles aprenderam a desenvolver um plano de a\u00e7\u00e3o que passa por diversas etapas: trabalho em equipe, conhecer a comunidade, estabelecimento de objetivos e metas, cria\u00e7\u00e3o de estrat\u00e9gias, controle do or\u00e7amento e busca por parcerias. Divididos em grupos de trabalho, eles tiveram que aplicar os conhecimentos na elabora\u00e7\u00e3o de um projeto com impacto social, para defender sua ideia no Painel do dia 5 de novembro\u201d, explica Marcela Carvalho, coordenadora do projeto no Instituto Paradigma.<\/p>\n<p>Os cinco projetos que ser\u00e3o defendidos no pr\u00f3ximo dia 5 de novembro receberam nomes e prop\u00f3sitos que refletem os sonhos e desejos dos participantes: Superando as Limita\u00e7\u00f5es: palestras sobre defici\u00eancia, do ponto de vista da pessoa com defici\u00eancia, para processos de inclus\u00e3o em escolas e comunidades. F\u00e1brica de Instrumentos VB: musicaliza\u00e7\u00e3o para crian\u00e7as com xilofones feitos com material reciclado. Fazendo a Diferen\u00e7a: programas de esporte e lazer para crian\u00e7as e terceira idade. Ponto de Encontro: programa de entrevistas, f\u00f3runs e debates dentro de uma r\u00e1dio escolar. Dando Vida ao Cinza: embelezar os muros da comunidade com mosaicos e pintura.<br \/>\nO Instituto Paradigma continuar\u00e1 a orientar os jovens ap\u00f3s a plen\u00e1ria, inclusive na implementa\u00e7\u00e3o do projeto e da presta\u00e7\u00e3o de contas que eles ter\u00e3o que realizar, devido ao financiamento recebido. \u201cNosso objetivo \u00e9 apoiar e desenvolver atitudes empreendedoras nos jovens, capacitando-os para empreender em grupo. Queremos transmitir a import\u00e2ncia da coopera\u00e7\u00e3o, inclus\u00e3o e responsabilidade social\u201d, afirma Marcela.<\/p>\n<p><strong>Sobre o Instituto Paradigma<\/strong><br \/>\nO Instituto Paradigma \u00e9 uma Organiza\u00e7\u00e3o da Sociedade Civil de Interesse P\u00fablico (OSCIP). Sua miss\u00e3o \u00e9 promover a inclus\u00e3o social de pessoas com defici\u00eancia, auxiliando organiza\u00e7\u00f5es p\u00fablicas e privadas na constru\u00e7\u00e3o e gest\u00e3o de projetos sustent\u00e1veis para ampliar o exerc\u00edcio da cidadania. Para mais informa\u00e7\u00f5es, acesse: <a href=\"http:\/\/www.institutoparadigma.org.br\">http:\/\/www.institutoparadigma.org.br<\/a>. Siga o Instituto Paradigma tamb\u00e9m no\u00a0\u00a0 Twitter: <a href=\"http:\/\/www.twitter\/IParadigma\">http:\/\/www.twitter\/IParadigma<\/a><\/p>\n<p><strong>Sobre o Programa Gera\u00e7\u00e3o MudaMundo<\/strong><br \/>\nO Gera\u00e7\u00e3o MudaMundo \u00e9 um Programa Global da \u00c1rea de Juventude da Ashoka (<a href=\"http:\/\/www.ashoka.org.br\">www.ashoka.org.br<\/a>), uma organiza\u00e7\u00e3o mundial sem fins lucrativos, pioneira no trabalho e apoio aos empreendedores sociais &#8211; pessoas com id\u00e9ias criativas e inovadoras capazes de provocar transforma\u00e7\u00f5es com amplo impacto social. O Programa, hoje presente em 167pa\u00edses e atuante no Brasil desde 2006, foi constitu\u00eddo a partir dos avan\u00e7os realizados na discuss\u00e3o do protagonismo juvenil e da crescente demanda da juventude brasileira em se engajar socialmente, necessitando de apoios pr\u00e1ticos, tanto metodol\u00f3gicos quanto financeiros, para implementar suas iniciativas sociais. O Gera\u00e7\u00e3o MudaMundo surge, ent\u00e3o, com o prop\u00f3sito de fortalecer o conceito e a pr\u00e1tica do empreendedorismo social da juventude brasileira, estimulando que as novas gera\u00e7\u00f5es criem iniciativas pr\u00f3prias, partindo dos seus sonhos e anseios de mudan\u00e7a, transformando-as em pequenos empreendimentos sociais. Desta forma, o programa contribui tamb\u00e9m de forma estrat\u00e9gica para o fortalecimento da vis\u00e3o da Ashoka: Todo mundo pode mudar o mundo.<\/p>\n<p><strong>Sobre o Instituto Social Santa L\u00facia<\/strong><br \/>\nO Instituto Social Santa Lucia desenvolve projetos e servi\u00e7os no \u00e2mbito da Assist\u00eancia e Desenvolvimento Social de forma a colaborar com a implanta\u00e7\u00e3o do Sistema \u00danico de Assist\u00eancia Social, em especial na cidade de S\u00e3o Paulo, atrav\u00e9s da co-responsabilidade na execu\u00e7\u00e3o de servi\u00e7os s\u00f3cioassistenciais de prote\u00e7\u00e3o social especial e b\u00e1sica.<br \/>\nO Instituto sela seu compromisso com a Pol\u00edtica Nacional de Assist\u00eancia Social, buscando atuar em conson\u00e2ncia com os princ\u00edpios de prote\u00e7\u00e3o social, vigil\u00e2ncia s\u00f3cioassistencial e defesa de direitos em todas as a\u00e7\u00f5es que desenvolve. Al\u00e9m de colaborar com no processo de produ\u00e7\u00e3o do conhecimento e aprimoramento da pr\u00e1tica profissional por meio da Escola de Forma\u00e7\u00e3o Cidad\u00e3 do Instituto Social Santa L\u00facia.<\/p>\n<p><strong>Informa\u00e7\u00f5es \u00e0 Imprensa:<\/strong><br \/>\nINSTITUTO PARADIGMA\u00a0\u00a0\u00a0\u00a0\u00a0\u00a0 Nilza Botteon\/ Carina Viana<br \/>\nEcco Press Comunica\u00e7\u00e3o<br \/>\n11. 5543.0039\/ 8326.8409<br \/>\n<a href=\"mailto:nilza.botteon@eccopress.com.br\">nilza.botteon@eccopress.com.br<\/a><\/p>\n<p>______________________<\/p>\n<p><strong>Fonte:<\/strong> <a href=\"http:\/\/www.institutoparadigma.org.br\/site09\/\">Instituto Paradigma<\/a><\/p>\n","protected":false},"excerpt":{"rendered":"<p>Cinco projetos de impacto social ser\u00e3o submetidos \u00e0 plen\u00e1ria do Programa Gera\u00e7\u00e3o MudaMundo, da Ashoka. Os aprovados receber\u00e3o financiamento- semente de at\u00e9 R$ 2 mil para iniciar a sua implementa\u00e7\u00e3o. Informa\u00e7\u00e3o \u00e9 do Insituto Paradigma.<\/p>\n","protected":false},"author":1,"featured_media":0,"comment_status":"open","ping_status":"open","sticky":false,"template":"","format":"standard","meta":{"site-container-style":"default","site-container-layout":"default","site-sidebar-layout":"default","disable-article-header":"default","disable-site-header":"default","disable-site-footer":"default","disable-content-area-spacing":"default","footnotes":""},"categories":[12,38,6,48,4],"tags":[],"class_list":["post-17853","post","type-post","status-publish","format-standard","hentry","category-cursos-e-eventos","category-deficiencia","category-educacao","category-inclusao","category-noticias"],"yoast_head":"<!-- This site is optimized with the Yoast SEO plugin v27.4 - https:\/\/yoast.com\/product\/yoast-seo-wordpress\/ -->\n<title>Jovens do Projeto IPE defendem seus projetos no dia 5\/11 -<\/title>\n<meta name=\"robots\" content=\"index, follow, max-snippet:-1, max-image-preview:large, max-video-preview:-1\" \/>\n<link rel=\"canonical\" href=\"https:\/\/inclusivenews.com.br\/?p=17853\" \/>\n<meta property=\"og:locale\" content=\"pt_PT\" \/>\n<meta property=\"og:type\" content=\"article\" \/>\n<meta property=\"og:title\" content=\"Jovens do Projeto IPE defendem seus projetos no dia 5\/11 -\" \/>\n<meta property=\"og:description\" content=\"Cinco projetos de impacto social ser\u00e3o submetidos \u00e0 plen\u00e1ria do Programa Gera\u00e7\u00e3o MudaMundo, da Ashoka. Os aprovados receber\u00e3o financiamento- semente de at\u00e9 R$ 2 mil para iniciar a sua implementa\u00e7\u00e3o. Informa\u00e7\u00e3o \u00e9 do Insituto Paradigma.\" \/>\n<meta property=\"og:url\" content=\"https:\/\/inclusivenews.com.br\/?p=17853\" \/>\n<meta property=\"article:publisher\" content=\"https:\/\/www.facebook.com\/agenciainclusive\/\" \/>\n<meta property=\"article:published_time\" content=\"2010-11-04T09:02:40+00:00\" \/>\n<meta property=\"og:image\" content=\"http:\/\/inclusivenews.com.br\/wp-content\/uploads\/2010\/11\/paradigma.jpg\" \/>\n<meta name=\"author\" content=\"inclusivenews2024\" \/>\n<meta name=\"twitter:card\" content=\"summary_large_image\" \/>\n<meta name=\"twitter:label1\" content=\"Escrito por\" \/>\n\t<meta name=\"twitter:data1\" content=\"inclusivenews2024\" \/>\n\t<meta name=\"twitter:label2\" content=\"Tempo estimado de leitura\" \/>\n\t<meta name=\"twitter:data2\" content=\"5 minutos\" \/>\n<script type=\"application\/ld+json\" class=\"yoast-schema-graph\">{\"@context\":\"https:\\\/\\\/schema.org\",\"@graph\":[{\"@type\":\"Article\",\"@id\":\"https:\\\/\\\/inclusivenews.com.br\\\/?p=17853#article\",\"isPartOf\":{\"@id\":\"https:\\\/\\\/inclusivenews.com.br\\\/?p=17853\"},\"author\":{\"name\":\"inclusivenews2024\",\"@id\":\"https:\\\/\\\/inclusivenews.com.br\\\/#\\\/schema\\\/person\\\/ae4ec7087559b8692fb33b6fffd2273b\"},\"headline\":\"Jovens do Projeto IPE defendem seus projetos no dia 5\\\/11\",\"datePublished\":\"2010-11-04T09:02:40+00:00\",\"mainEntityOfPage\":{\"@id\":\"https:\\\/\\\/inclusivenews.com.br\\\/?p=17853\"},\"wordCount\":924,\"commentCount\":0,\"publisher\":{\"@id\":\"https:\\\/\\\/inclusivenews.com.br\\\/#organization\"},\"image\":{\"@id\":\"https:\\\/\\\/inclusivenews.com.br\\\/?p=17853#primaryimage\"},\"thumbnailUrl\":\"http:\\\/\\\/inclusivenews.com.br\\\/wp-content\\\/uploads\\\/2010\\\/11\\\/paradigma.jpg\",\"articleSection\":[\"Cursos e eventos\",\"Defici\u00eancia\",\"EDUCA\u00c7\u00c3O\",\"INCLUS\u00c3O SOCIAL\",\"NOT\u00cdCIAS\"],\"inLanguage\":\"pt-PT\",\"potentialAction\":[{\"@type\":\"CommentAction\",\"name\":\"Comment\",\"target\":[\"https:\\\/\\\/inclusivenews.com.br\\\/?p=17853#respond\"]}]},{\"@type\":\"WebPage\",\"@id\":\"https:\\\/\\\/inclusivenews.com.br\\\/?p=17853\",\"url\":\"https:\\\/\\\/inclusivenews.com.br\\\/?p=17853\",\"name\":\"Jovens do Projeto IPE defendem seus projetos no dia 5\\\/11 -\",\"isPartOf\":{\"@id\":\"https:\\\/\\\/inclusivenews.com.br\\\/#website\"},\"primaryImageOfPage\":{\"@id\":\"https:\\\/\\\/inclusivenews.com.br\\\/?p=17853#primaryimage\"},\"image\":{\"@id\":\"https:\\\/\\\/inclusivenews.com.br\\\/?p=17853#primaryimage\"},\"thumbnailUrl\":\"http:\\\/\\\/inclusivenews.com.br\\\/wp-content\\\/uploads\\\/2010\\\/11\\\/paradigma.jpg\",\"datePublished\":\"2010-11-04T09:02:40+00:00\",\"breadcrumb\":{\"@id\":\"https:\\\/\\\/inclusivenews.com.br\\\/?p=17853#breadcrumb\"},\"inLanguage\":\"pt-PT\",\"potentialAction\":[{\"@type\":\"ReadAction\",\"target\":[\"https:\\\/\\\/inclusivenews.com.br\\\/?p=17853\"]}]},{\"@type\":\"ImageObject\",\"inLanguage\":\"pt-PT\",\"@id\":\"https:\\\/\\\/inclusivenews.com.br\\\/?p=17853#primaryimage\",\"url\":\"\",\"contentUrl\":\"\"},{\"@type\":\"BreadcrumbList\",\"@id\":\"https:\\\/\\\/inclusivenews.com.br\\\/?p=17853#breadcrumb\",\"itemListElement\":[{\"@type\":\"ListItem\",\"position\":1,\"name\":\"In\u00edcio\",\"item\":\"https:\\\/\\\/inclusivenews.com.br\\\/\"},{\"@type\":\"ListItem\",\"position\":2,\"name\":\"Jovens do Projeto IPE defendem seus projetos no dia 5\\\/11\"}]},{\"@type\":\"WebSite\",\"@id\":\"https:\\\/\\\/inclusivenews.com.br\\\/#website\",\"url\":\"https:\\\/\\\/inclusivenews.com.br\\\/\",\"name\":\"Inclusive News\",\"description\":\"Inclusive News\",\"publisher\":{\"@id\":\"https:\\\/\\\/inclusivenews.com.br\\\/#organization\"},\"potentialAction\":[{\"@type\":\"SearchAction\",\"target\":{\"@type\":\"EntryPoint\",\"urlTemplate\":\"https:\\\/\\\/inclusivenews.com.br\\\/?s={search_term_string}\"},\"query-input\":{\"@type\":\"PropertyValueSpecification\",\"valueRequired\":true,\"valueName\":\"search_term_string\"}}],\"inLanguage\":\"pt-PT\"},{\"@type\":\"Organization\",\"@id\":\"https:\\\/\\\/inclusivenews.com.br\\\/#organization\",\"name\":\"Inclusive - inclus\u00e3o e cidadania\",\"url\":\"https:\\\/\\\/inclusivenews.com.br\\\/\",\"logo\":{\"@type\":\"ImageObject\",\"inLanguage\":\"pt-PT\",\"@id\":\"https:\\\/\\\/inclusivenews.com.br\\\/#\\\/schema\\\/logo\\\/image\\\/\",\"url\":\"https:\\\/\\\/inclusivenews.com.br\\\/wp-content\\\/uploads\\\/2024\\\/03\\\/@grandesite.png\",\"contentUrl\":\"https:\\\/\\\/inclusivenews.com.br\\\/wp-content\\\/uploads\\\/2024\\\/03\\\/@grandesite.png\",\"width\":1080,\"height\":1080,\"caption\":\"Inclusive - inclus\u00e3o e cidadania\"},\"image\":{\"@id\":\"https:\\\/\\\/inclusivenews.com.br\\\/#\\\/schema\\\/logo\\\/image\\\/\"},\"sameAs\":[\"https:\\\/\\\/www.facebook.com\\\/agenciainclusive\\\/\",\"https:\\\/\\\/www.instagram.com\\\/newsinclusive\\\/\"]},{\"@type\":\"Person\",\"@id\":\"https:\\\/\\\/inclusivenews.com.br\\\/#\\\/schema\\\/person\\\/ae4ec7087559b8692fb33b6fffd2273b\",\"name\":\"inclusivenews2024\",\"image\":{\"@type\":\"ImageObject\",\"inLanguage\":\"pt-PT\",\"@id\":\"https:\\\/\\\/secure.gravatar.com\\\/avatar\\\/c5a7ef84c66fa914f55bc4f7ce26cfa275a3b9a1c5568b907bd184fb4dde7b40?s=96&d=mm&r=g\",\"url\":\"https:\\\/\\\/secure.gravatar.com\\\/avatar\\\/c5a7ef84c66fa914f55bc4f7ce26cfa275a3b9a1c5568b907bd184fb4dde7b40?s=96&d=mm&r=g\",\"contentUrl\":\"https:\\\/\\\/secure.gravatar.com\\\/avatar\\\/c5a7ef84c66fa914f55bc4f7ce26cfa275a3b9a1c5568b907bd184fb4dde7b40?s=96&d=mm&r=g\",\"caption\":\"inclusivenews2024\"},\"sameAs\":[\"https:\\\/\\\/inclusivenews.com.br\"],\"url\":\"https:\\\/\\\/inclusivenews.com.br\\\/?author=1\"}]}<\/script>\n<!-- \/ Yoast SEO plugin. -->","yoast_head_json":{"title":"Jovens do Projeto IPE defendem seus projetos no dia 5\/11 -","robots":{"index":"index","follow":"follow","max-snippet":"max-snippet:-1","max-image-preview":"max-image-preview:large","max-video-preview":"max-video-preview:-1"},"canonical":"https:\/\/inclusivenews.com.br\/?p=17853","og_locale":"pt_PT","og_type":"article","og_title":"Jovens do Projeto IPE defendem seus projetos no dia 5\/11 -","og_description":"Cinco projetos de impacto social ser\u00e3o submetidos \u00e0 plen\u00e1ria do Programa Gera\u00e7\u00e3o MudaMundo, da Ashoka. Os aprovados receber\u00e3o financiamento- semente de at\u00e9 R$ 2 mil para iniciar a sua implementa\u00e7\u00e3o. Informa\u00e7\u00e3o \u00e9 do Insituto Paradigma.","og_url":"https:\/\/inclusivenews.com.br\/?p=17853","article_publisher":"https:\/\/www.facebook.com\/agenciainclusive\/","article_published_time":"2010-11-04T09:02:40+00:00","og_image":[{"url":"http:\/\/inclusivenews.com.br\/wp-content\/uploads\/2010\/11\/paradigma.jpg","type":"","width":"","height":""}],"author":"inclusivenews2024","twitter_card":"summary_large_image","twitter_misc":{"Escrito por":"inclusivenews2024","Tempo estimado de leitura":"5 minutos"},"schema":{"@context":"https:\/\/schema.org","@graph":[{"@type":"Article","@id":"https:\/\/inclusivenews.com.br\/?p=17853#article","isPartOf":{"@id":"https:\/\/inclusivenews.com.br\/?p=17853"},"author":{"name":"inclusivenews2024","@id":"https:\/\/inclusivenews.com.br\/#\/schema\/person\/ae4ec7087559b8692fb33b6fffd2273b"},"headline":"Jovens do Projeto IPE defendem seus projetos no dia 5\/11","datePublished":"2010-11-04T09:02:40+00:00","mainEntityOfPage":{"@id":"https:\/\/inclusivenews.com.br\/?p=17853"},"wordCount":924,"commentCount":0,"publisher":{"@id":"https:\/\/inclusivenews.com.br\/#organization"},"image":{"@id":"https:\/\/inclusivenews.com.br\/?p=17853#primaryimage"},"thumbnailUrl":"http:\/\/inclusivenews.com.br\/wp-content\/uploads\/2010\/11\/paradigma.jpg","articleSection":["Cursos e eventos","Defici\u00eancia","EDUCA\u00c7\u00c3O","INCLUS\u00c3O SOCIAL","NOT\u00cdCIAS"],"inLanguage":"pt-PT","potentialAction":[{"@type":"CommentAction","name":"Comment","target":["https:\/\/inclusivenews.com.br\/?p=17853#respond"]}]},{"@type":"WebPage","@id":"https:\/\/inclusivenews.com.br\/?p=17853","url":"https:\/\/inclusivenews.com.br\/?p=17853","name":"Jovens do Projeto IPE defendem seus projetos no dia 5\/11 -","isPartOf":{"@id":"https:\/\/inclusivenews.com.br\/#website"},"primaryImageOfPage":{"@id":"https:\/\/inclusivenews.com.br\/?p=17853#primaryimage"},"image":{"@id":"https:\/\/inclusivenews.com.br\/?p=17853#primaryimage"},"thumbnailUrl":"http:\/\/inclusivenews.com.br\/wp-content\/uploads\/2010\/11\/paradigma.jpg","datePublished":"2010-11-04T09:02:40+00:00","breadcrumb":{"@id":"https:\/\/inclusivenews.com.br\/?p=17853#breadcrumb"},"inLanguage":"pt-PT","potentialAction":[{"@type":"ReadAction","target":["https:\/\/inclusivenews.com.br\/?p=17853"]}]},{"@type":"ImageObject","inLanguage":"pt-PT","@id":"https:\/\/inclusivenews.com.br\/?p=17853#primaryimage","url":"","contentUrl":""},{"@type":"BreadcrumbList","@id":"https:\/\/inclusivenews.com.br\/?p=17853#breadcrumb","itemListElement":[{"@type":"ListItem","position":1,"name":"In\u00edcio","item":"https:\/\/inclusivenews.com.br\/"},{"@type":"ListItem","position":2,"name":"Jovens do Projeto IPE defendem seus projetos no dia 5\/11"}]},{"@type":"WebSite","@id":"https:\/\/inclusivenews.com.br\/#website","url":"https:\/\/inclusivenews.com.br\/","name":"Inclusive News","description":"Inclusive News","publisher":{"@id":"https:\/\/inclusivenews.com.br\/#organization"},"potentialAction":[{"@type":"SearchAction","target":{"@type":"EntryPoint","urlTemplate":"https:\/\/inclusivenews.com.br\/?s={search_term_string}"},"query-input":{"@type":"PropertyValueSpecification","valueRequired":true,"valueName":"search_term_string"}}],"inLanguage":"pt-PT"},{"@type":"Organization","@id":"https:\/\/inclusivenews.com.br\/#organization","name":"Inclusive - inclus\u00e3o e cidadania","url":"https:\/\/inclusivenews.com.br\/","logo":{"@type":"ImageObject","inLanguage":"pt-PT","@id":"https:\/\/inclusivenews.com.br\/#\/schema\/logo\/image\/","url":"https:\/\/inclusivenews.com.br\/wp-content\/uploads\/2024\/03\/@grandesite.png","contentUrl":"https:\/\/inclusivenews.com.br\/wp-content\/uploads\/2024\/03\/@grandesite.png","width":1080,"height":1080,"caption":"Inclusive - inclus\u00e3o e cidadania"},"image":{"@id":"https:\/\/inclusivenews.com.br\/#\/schema\/logo\/image\/"},"sameAs":["https:\/\/www.facebook.com\/agenciainclusive\/","https:\/\/www.instagram.com\/newsinclusive\/"]},{"@type":"Person","@id":"https:\/\/inclusivenews.com.br\/#\/schema\/person\/ae4ec7087559b8692fb33b6fffd2273b","name":"inclusivenews2024","image":{"@type":"ImageObject","inLanguage":"pt-PT","@id":"https:\/\/secure.gravatar.com\/avatar\/c5a7ef84c66fa914f55bc4f7ce26cfa275a3b9a1c5568b907bd184fb4dde7b40?s=96&d=mm&r=g","url":"https:\/\/secure.gravatar.com\/avatar\/c5a7ef84c66fa914f55bc4f7ce26cfa275a3b9a1c5568b907bd184fb4dde7b40?s=96&d=mm&r=g","contentUrl":"https:\/\/secure.gravatar.com\/avatar\/c5a7ef84c66fa914f55bc4f7ce26cfa275a3b9a1c5568b907bd184fb4dde7b40?s=96&d=mm&r=g","caption":"inclusivenews2024"},"sameAs":["https:\/\/inclusivenews.com.br"],"url":"https:\/\/inclusivenews.com.br\/?author=1"}]}},"_links":{"self":[{"href":"https:\/\/inclusivenews.com.br\/index.php?rest_route=\/wp\/v2\/posts\/17853","targetHints":{"allow":["GET"]}}],"collection":[{"href":"https:\/\/inclusivenews.com.br\/index.php?rest_route=\/wp\/v2\/posts"}],"about":[{"href":"https:\/\/inclusivenews.com.br\/index.php?rest_route=\/wp\/v2\/types\/post"}],"author":[{"embeddable":true,"href":"https:\/\/inclusivenews.com.br\/index.php?rest_route=\/wp\/v2\/users\/1"}],"replies":[{"embeddable":true,"href":"https:\/\/inclusivenews.com.br\/index.php?rest_route=%2Fwp%2Fv2%2Fcomments&post=17853"}],"version-history":[{"count":0,"href":"https:\/\/inclusivenews.com.br\/index.php?rest_route=\/wp\/v2\/posts\/17853\/revisions"}],"wp:attachment":[{"href":"https:\/\/inclusivenews.com.br\/index.php?rest_route=%2Fwp%2Fv2%2Fmedia&parent=17853"}],"wp:term":[{"taxonomy":"category","embeddable":true,"href":"https:\/\/inclusivenews.com.br\/index.php?rest_route=%2Fwp%2Fv2%2Fcategories&post=17853"},{"taxonomy":"post_tag","embeddable":true,"href":"https:\/\/inclusivenews.com.br\/index.php?rest_route=%2Fwp%2Fv2%2Ftags&post=17853"}],"curies":[{"name":"wp","href":"https:\/\/api.w.org\/{rel}","templated":true}]}}