{"id":17858,"date":"2010-11-04T08:43:48","date_gmt":"2010-11-04T11:43:48","guid":{"rendered":"http:\/\/www.inclusive.org.br\/?p=17858"},"modified":"2010-11-04T08:43:48","modified_gmt":"2010-11-04T11:43:48","slug":"iii-encontro-de-inclusao-social-e-acessibilidade-8-911","status":"publish","type":"post","link":"https:\/\/inclusivenews.com.br\/?p=17858","title":{"rendered":"III Encontro de Inclus\u00e3o social e Acessibilidade (8-9\/11)"},"content":{"rendered":"<figure id=\"attachment_17859\" aria-describedby=\"caption-attachment-17859\" style=\"width: 307px\" class=\"wp-caption alignleft\"><a href=\"http:\/\/www.inclusivenews.com.br\/wp-content\/uploads\/2010\/11\/Divulgacao-III-EISA.jpg\"><img loading=\"lazy\" decoding=\"async\" class=\"size-full wp-image-17859\" title=\"Flyer, transcri\u00e7\u00e3o do texto abaixo.\" src=\"http:\/\/inclusivenews.com.br\/wp-content\/uploads\/2010\/11\/Divulgacao-III-EISA.jpg\" alt=\"Flyer, transcri\u00e7\u00e3o do texto abaixo.\" width=\"307\" height=\"432\" \/><\/a><figcaption id=\"caption-attachment-17859\" class=\"wp-caption-text\"> <\/figcaption><\/figure>\n<p><strong>Fomentando a Cultura Inclusiva<\/strong><br \/>\n8 e 9 de Novembro de 2010<br \/>\nTeatro Celina Queiroz \/ UNIFOR<br \/>\nInscri\u00e7\u00e3o: Gratuito<\/p>\n<p><strong>PROGRAMA\u00c7\u00c3O<\/strong><\/p>\n<p>8\/11 (Segunda-feira)<br \/>\n13:30 \u00e0s 14:00 \u2013 Credenciamento<br \/>\n14:00 \u00e0s 15:00 \u2013 Solenidade de Abertura<br \/>\n15:00 \u00e0s 15:30 \u2013 Apresenta\u00e7\u00e3o Art\u00edstica<br \/>\n15:30 \u00e0s 17:00 \u2013 Palestra de Abertura \u2013 \u201cInclus\u00e3o Qualitativa\u201d<br \/>\nPalestrante Convidado: Jo\u00e3o Monteiro (STDS\/CE)<br \/>\n17:00 \u00e0s 17:30 \u2013 Intervalo<br \/>\n17:30 \u00e0s 19:00 \u2013 Mesa Tem\u00e1tica I \u2013 A Cultura da Inclus\u00e3o nas IES<br \/>\n9\/11 (Ter\u00e7a-feira)<br \/>\n08:00 \u00e0s 09:30 \u2013 Mesa Tem\u00e1tica II \u2013 A\u00e7\u00f5es Sociais em IES<br \/>\n09:30 \u00e0s 10:30 \u2013 Caf\u00e9 com Inclus\u00e3o (Apresenta\u00e7\u00e3o P\u00f4steres)<br \/>\n10:30 \u00e0s 12:00 \u2013 Mesa Tem\u00e1tica III \u2013 A Pr\u00e1tica Docente no Contexto da Inclus\u00e3o<br \/>\n12:00 \u00e0s 13:30 \u2013 Almo\u00e7o<br \/>\n13:30 \u00e0s 15:00 \u2013 Mesa Tem\u00e1tica IV \u2013 Acessibilidade e Apoio Psicopedag\u00f3gico ao Aluno com NEE<br \/>\n15:00 \u00e0s 15:30 \u2013 Apresenta\u00e7\u00e3o Art\u00edstica<br \/>\n15:30 \u00e0s 16:00 \u2013 Intervalo<br \/>\n16:00 \u00e0s 17:30 \u2013 Mesa Tem\u00e1tica V \u2013 Hist\u00f3rias de Vida na Inclus\u00e3o<br \/>\n17:30 \u00e0s 18:00 \u2013 Apresenta\u00e7\u00e3o Art\u00edstica<br \/>\n18:00 \u00e0s 19:00 \u2013 Encerramento<\/p>\n<p><strong>Normas de Submiss\u00e3o de Trabalhos:<\/strong><\/p>\n<p><strong>Comunica\u00e7\u00e3o Oral:<\/strong><br \/>\nEnviar para papunifor@gmail.com em Formato .DOC com indica\u00e7\u00e3o da mesa tem\u00e1tica na qual o trabalho se encaixa.<br \/>\nPrazo: At\u00e9 29\/10<br \/>\nResumo Extendido (Entre 1500 e 2000 Caracteres) e 3 Palavras-chave<\/p>\n<p><strong>Poster:<\/strong><br \/>\nEnviar para papunifor@gmail.com em f ormato .PDF<br \/>\nPrazo: At\u00e9 29\/10<br \/>\nDimens\u00f5es: 90 x 100<br \/>\nDeve conter: T\u00edtulo, Autores, Institui\u00e7\u00f5es dos Autores, Introdu\u00e7\u00e3o, Desenvolvimento, Resultados, Conclus\u00e3o e Refer\u00eancias Bibliogr\u00e1ficas.<\/p>\n","protected":false},"excerpt":{"rendered":"<p>Em Fortaleza, Cear\u00e1. Entre 8 e 9 de novembro acontecer\u00e1 o III Encontro de Inclus\u00e3o social e Acessibilidade. Inscri\u00e7\u00f5es gratuitas.<\/p>\n","protected":false},"author":1,"featured_media":0,"comment_status":"open","ping_status":"open","sticky":false,"template":"","format":"standard","meta":{"site-container-style":"default","site-container-layout":"default","site-sidebar-layout":"default","disable-article-header":"default","disable-site-header":"default","disable-site-footer":"default","disable-content-area-spacing":"default","footnotes":""},"categories":[44,12,48,4],"tags":[],"class_list":["post-17858","post","type-post","status-publish","format-standard","hentry","category-acessibilidade","category-cursos-e-eventos","category-inclusao","category-noticias"],"yoast_head":"<!-- This site is optimized with the Yoast SEO plugin v27.4 - https:\/\/yoast.com\/product\/yoast-seo-wordpress\/ -->\n<title>III Encontro de Inclus\u00e3o social e Acessibilidade (8-9\/11) -<\/title>\n<meta name=\"robots\" content=\"index, follow, max-snippet:-1, max-image-preview:large, max-video-preview:-1\" \/>\n<link rel=\"canonical\" href=\"https:\/\/inclusivenews.com.br\/?p=17858\" \/>\n<meta property=\"og:locale\" content=\"pt_PT\" \/>\n<meta property=\"og:type\" content=\"article\" \/>\n<meta property=\"og:title\" content=\"III Encontro de Inclus\u00e3o social e Acessibilidade (8-9\/11) -\" \/>\n<meta property=\"og:description\" content=\"Em Fortaleza, Cear\u00e1. Entre 8 e 9 de novembro acontecer\u00e1 o III Encontro de Inclus\u00e3o social e Acessibilidade. Inscri\u00e7\u00f5es gratuitas.\" \/>\n<meta property=\"og:url\" content=\"https:\/\/inclusivenews.com.br\/?p=17858\" \/>\n<meta property=\"article:publisher\" content=\"https:\/\/www.facebook.com\/agenciainclusive\/\" \/>\n<meta property=\"article:published_time\" content=\"2010-11-04T11:43:48+00:00\" \/>\n<meta property=\"og:image\" content=\"http:\/\/inclusivenews.com.br\/wp-content\/uploads\/2010\/11\/Divulgacao-III-EISA.jpg\" \/>\n<meta name=\"author\" content=\"inclusivenews2024\" \/>\n<meta name=\"twitter:card\" content=\"summary_large_image\" \/>\n<meta name=\"twitter:label1\" content=\"Escrito por\" \/>\n\t<meta name=\"twitter:data1\" content=\"inclusivenews2024\" \/>\n\t<meta name=\"twitter:label2\" content=\"Tempo estimado de leitura\" \/>\n\t<meta name=\"twitter:data2\" content=\"1 minuto\" \/>\n<script type=\"application\/ld+json\" class=\"yoast-schema-graph\">{\"@context\":\"https:\\\/\\\/schema.org\",\"@graph\":[{\"@type\":\"Article\",\"@id\":\"https:\\\/\\\/inclusivenews.com.br\\\/?p=17858#article\",\"isPartOf\":{\"@id\":\"https:\\\/\\\/inclusivenews.com.br\\\/?p=17858\"},\"author\":{\"name\":\"inclusivenews2024\",\"@id\":\"https:\\\/\\\/inclusivenews.com.br\\\/#\\\/schema\\\/person\\\/ae4ec7087559b8692fb33b6fffd2273b\"},\"headline\":\"III Encontro de Inclus\u00e3o social e Acessibilidade (8-9\\\/11)\",\"datePublished\":\"2010-11-04T11:43:48+00:00\",\"mainEntityOfPage\":{\"@id\":\"https:\\\/\\\/inclusivenews.com.br\\\/?p=17858\"},\"wordCount\":226,\"commentCount\":3,\"publisher\":{\"@id\":\"https:\\\/\\\/inclusivenews.com.br\\\/#organization\"},\"image\":{\"@id\":\"https:\\\/\\\/inclusivenews.com.br\\\/?p=17858#primaryimage\"},\"thumbnailUrl\":\"http:\\\/\\\/inclusivenews.com.br\\\/wp-content\\\/uploads\\\/2010\\\/11\\\/Divulgacao-III-EISA.jpg\",\"articleSection\":[\"ACESSIBILIDADE\",\"Cursos e eventos\",\"INCLUS\u00c3O SOCIAL\",\"NOT\u00cdCIAS\"],\"inLanguage\":\"pt-PT\",\"potentialAction\":[{\"@type\":\"CommentAction\",\"name\":\"Comment\",\"target\":[\"https:\\\/\\\/inclusivenews.com.br\\\/?p=17858#respond\"]}]},{\"@type\":\"WebPage\",\"@id\":\"https:\\\/\\\/inclusivenews.com.br\\\/?p=17858\",\"url\":\"https:\\\/\\\/inclusivenews.com.br\\\/?p=17858\",\"name\":\"III Encontro de Inclus\u00e3o social e Acessibilidade (8-9\\\/11) -\",\"isPartOf\":{\"@id\":\"https:\\\/\\\/inclusivenews.com.br\\\/#website\"},\"primaryImageOfPage\":{\"@id\":\"https:\\\/\\\/inclusivenews.com.br\\\/?p=17858#primaryimage\"},\"image\":{\"@id\":\"https:\\\/\\\/inclusivenews.com.br\\\/?p=17858#primaryimage\"},\"thumbnailUrl\":\"http:\\\/\\\/inclusivenews.com.br\\\/wp-content\\\/uploads\\\/2010\\\/11\\\/Divulgacao-III-EISA.jpg\",\"datePublished\":\"2010-11-04T11:43:48+00:00\",\"breadcrumb\":{\"@id\":\"https:\\\/\\\/inclusivenews.com.br\\\/?p=17858#breadcrumb\"},\"inLanguage\":\"pt-PT\",\"potentialAction\":[{\"@type\":\"ReadAction\",\"target\":[\"https:\\\/\\\/inclusivenews.com.br\\\/?p=17858\"]}]},{\"@type\":\"ImageObject\",\"inLanguage\":\"pt-PT\",\"@id\":\"https:\\\/\\\/inclusivenews.com.br\\\/?p=17858#primaryimage\",\"url\":\"\",\"contentUrl\":\"\"},{\"@type\":\"BreadcrumbList\",\"@id\":\"https:\\\/\\\/inclusivenews.com.br\\\/?p=17858#breadcrumb\",\"itemListElement\":[{\"@type\":\"ListItem\",\"position\":1,\"name\":\"In\u00edcio\",\"item\":\"https:\\\/\\\/inclusivenews.com.br\\\/\"},{\"@type\":\"ListItem\",\"position\":2,\"name\":\"III Encontro de Inclus\u00e3o social e Acessibilidade (8-9\\\/11)\"}]},{\"@type\":\"WebSite\",\"@id\":\"https:\\\/\\\/inclusivenews.com.br\\\/#website\",\"url\":\"https:\\\/\\\/inclusivenews.com.br\\\/\",\"name\":\"Inclusive News\",\"description\":\"Inclusive News\",\"publisher\":{\"@id\":\"https:\\\/\\\/inclusivenews.com.br\\\/#organization\"},\"potentialAction\":[{\"@type\":\"SearchAction\",\"target\":{\"@type\":\"EntryPoint\",\"urlTemplate\":\"https:\\\/\\\/inclusivenews.com.br\\\/?s={search_term_string}\"},\"query-input\":{\"@type\":\"PropertyValueSpecification\",\"valueRequired\":true,\"valueName\":\"search_term_string\"}}],\"inLanguage\":\"pt-PT\"},{\"@type\":\"Organization\",\"@id\":\"https:\\\/\\\/inclusivenews.com.br\\\/#organization\",\"name\":\"Inclusive - inclus\u00e3o e cidadania\",\"url\":\"https:\\\/\\\/inclusivenews.com.br\\\/\",\"logo\":{\"@type\":\"ImageObject\",\"inLanguage\":\"pt-PT\",\"@id\":\"https:\\\/\\\/inclusivenews.com.br\\\/#\\\/schema\\\/logo\\\/image\\\/\",\"url\":\"https:\\\/\\\/inclusivenews.com.br\\\/wp-content\\\/uploads\\\/2024\\\/03\\\/@grandesite.png\",\"contentUrl\":\"https:\\\/\\\/inclusivenews.com.br\\\/wp-content\\\/uploads\\\/2024\\\/03\\\/@grandesite.png\",\"width\":1080,\"height\":1080,\"caption\":\"Inclusive - inclus\u00e3o e cidadania\"},\"image\":{\"@id\":\"https:\\\/\\\/inclusivenews.com.br\\\/#\\\/schema\\\/logo\\\/image\\\/\"},\"sameAs\":[\"https:\\\/\\\/www.facebook.com\\\/agenciainclusive\\\/\",\"https:\\\/\\\/www.instagram.com\\\/newsinclusive\\\/\"]},{\"@type\":\"Person\",\"@id\":\"https:\\\/\\\/inclusivenews.com.br\\\/#\\\/schema\\\/person\\\/ae4ec7087559b8692fb33b6fffd2273b\",\"name\":\"inclusivenews2024\",\"image\":{\"@type\":\"ImageObject\",\"inLanguage\":\"pt-PT\",\"@id\":\"https:\\\/\\\/secure.gravatar.com\\\/avatar\\\/c5a7ef84c66fa914f55bc4f7ce26cfa275a3b9a1c5568b907bd184fb4dde7b40?s=96&d=mm&r=g\",\"url\":\"https:\\\/\\\/secure.gravatar.com\\\/avatar\\\/c5a7ef84c66fa914f55bc4f7ce26cfa275a3b9a1c5568b907bd184fb4dde7b40?s=96&d=mm&r=g\",\"contentUrl\":\"https:\\\/\\\/secure.gravatar.com\\\/avatar\\\/c5a7ef84c66fa914f55bc4f7ce26cfa275a3b9a1c5568b907bd184fb4dde7b40?s=96&d=mm&r=g\",\"caption\":\"inclusivenews2024\"},\"sameAs\":[\"https:\\\/\\\/inclusivenews.com.br\"],\"url\":\"https:\\\/\\\/inclusivenews.com.br\\\/?author=1\"}]}<\/script>\n<!-- \/ Yoast SEO plugin. -->","yoast_head_json":{"title":"III Encontro de Inclus\u00e3o social e Acessibilidade (8-9\/11) -","robots":{"index":"index","follow":"follow","max-snippet":"max-snippet:-1","max-image-preview":"max-image-preview:large","max-video-preview":"max-video-preview:-1"},"canonical":"https:\/\/inclusivenews.com.br\/?p=17858","og_locale":"pt_PT","og_type":"article","og_title":"III Encontro de Inclus\u00e3o social e Acessibilidade (8-9\/11) -","og_description":"Em Fortaleza, Cear\u00e1. Entre 8 e 9 de novembro acontecer\u00e1 o III Encontro de Inclus\u00e3o social e Acessibilidade. Inscri\u00e7\u00f5es gratuitas.","og_url":"https:\/\/inclusivenews.com.br\/?p=17858","article_publisher":"https:\/\/www.facebook.com\/agenciainclusive\/","article_published_time":"2010-11-04T11:43:48+00:00","og_image":[{"url":"http:\/\/inclusivenews.com.br\/wp-content\/uploads\/2010\/11\/Divulgacao-III-EISA.jpg","type":"","width":"","height":""}],"author":"inclusivenews2024","twitter_card":"summary_large_image","twitter_misc":{"Escrito por":"inclusivenews2024","Tempo estimado de leitura":"1 minuto"},"schema":{"@context":"https:\/\/schema.org","@graph":[{"@type":"Article","@id":"https:\/\/inclusivenews.com.br\/?p=17858#article","isPartOf":{"@id":"https:\/\/inclusivenews.com.br\/?p=17858"},"author":{"name":"inclusivenews2024","@id":"https:\/\/inclusivenews.com.br\/#\/schema\/person\/ae4ec7087559b8692fb33b6fffd2273b"},"headline":"III Encontro de Inclus\u00e3o social e Acessibilidade (8-9\/11)","datePublished":"2010-11-04T11:43:48+00:00","mainEntityOfPage":{"@id":"https:\/\/inclusivenews.com.br\/?p=17858"},"wordCount":226,"commentCount":3,"publisher":{"@id":"https:\/\/inclusivenews.com.br\/#organization"},"image":{"@id":"https:\/\/inclusivenews.com.br\/?p=17858#primaryimage"},"thumbnailUrl":"http:\/\/inclusivenews.com.br\/wp-content\/uploads\/2010\/11\/Divulgacao-III-EISA.jpg","articleSection":["ACESSIBILIDADE","Cursos e eventos","INCLUS\u00c3O SOCIAL","NOT\u00cdCIAS"],"inLanguage":"pt-PT","potentialAction":[{"@type":"CommentAction","name":"Comment","target":["https:\/\/inclusivenews.com.br\/?p=17858#respond"]}]},{"@type":"WebPage","@id":"https:\/\/inclusivenews.com.br\/?p=17858","url":"https:\/\/inclusivenews.com.br\/?p=17858","name":"III Encontro de Inclus\u00e3o social e Acessibilidade (8-9\/11) -","isPartOf":{"@id":"https:\/\/inclusivenews.com.br\/#website"},"primaryImageOfPage":{"@id":"https:\/\/inclusivenews.com.br\/?p=17858#primaryimage"},"image":{"@id":"https:\/\/inclusivenews.com.br\/?p=17858#primaryimage"},"thumbnailUrl":"http:\/\/inclusivenews.com.br\/wp-content\/uploads\/2010\/11\/Divulgacao-III-EISA.jpg","datePublished":"2010-11-04T11:43:48+00:00","breadcrumb":{"@id":"https:\/\/inclusivenews.com.br\/?p=17858#breadcrumb"},"inLanguage":"pt-PT","potentialAction":[{"@type":"ReadAction","target":["https:\/\/inclusivenews.com.br\/?p=17858"]}]},{"@type":"ImageObject","inLanguage":"pt-PT","@id":"https:\/\/inclusivenews.com.br\/?p=17858#primaryimage","url":"","contentUrl":""},{"@type":"BreadcrumbList","@id":"https:\/\/inclusivenews.com.br\/?p=17858#breadcrumb","itemListElement":[{"@type":"ListItem","position":1,"name":"In\u00edcio","item":"https:\/\/inclusivenews.com.br\/"},{"@type":"ListItem","position":2,"name":"III Encontro de Inclus\u00e3o social e Acessibilidade (8-9\/11)"}]},{"@type":"WebSite","@id":"https:\/\/inclusivenews.com.br\/#website","url":"https:\/\/inclusivenews.com.br\/","name":"Inclusive News","description":"Inclusive News","publisher":{"@id":"https:\/\/inclusivenews.com.br\/#organization"},"potentialAction":[{"@type":"SearchAction","target":{"@type":"EntryPoint","urlTemplate":"https:\/\/inclusivenews.com.br\/?s={search_term_string}"},"query-input":{"@type":"PropertyValueSpecification","valueRequired":true,"valueName":"search_term_string"}}],"inLanguage":"pt-PT"},{"@type":"Organization","@id":"https:\/\/inclusivenews.com.br\/#organization","name":"Inclusive - inclus\u00e3o e cidadania","url":"https:\/\/inclusivenews.com.br\/","logo":{"@type":"ImageObject","inLanguage":"pt-PT","@id":"https:\/\/inclusivenews.com.br\/#\/schema\/logo\/image\/","url":"https:\/\/inclusivenews.com.br\/wp-content\/uploads\/2024\/03\/@grandesite.png","contentUrl":"https:\/\/inclusivenews.com.br\/wp-content\/uploads\/2024\/03\/@grandesite.png","width":1080,"height":1080,"caption":"Inclusive - inclus\u00e3o e cidadania"},"image":{"@id":"https:\/\/inclusivenews.com.br\/#\/schema\/logo\/image\/"},"sameAs":["https:\/\/www.facebook.com\/agenciainclusive\/","https:\/\/www.instagram.com\/newsinclusive\/"]},{"@type":"Person","@id":"https:\/\/inclusivenews.com.br\/#\/schema\/person\/ae4ec7087559b8692fb33b6fffd2273b","name":"inclusivenews2024","image":{"@type":"ImageObject","inLanguage":"pt-PT","@id":"https:\/\/secure.gravatar.com\/avatar\/c5a7ef84c66fa914f55bc4f7ce26cfa275a3b9a1c5568b907bd184fb4dde7b40?s=96&d=mm&r=g","url":"https:\/\/secure.gravatar.com\/avatar\/c5a7ef84c66fa914f55bc4f7ce26cfa275a3b9a1c5568b907bd184fb4dde7b40?s=96&d=mm&r=g","contentUrl":"https:\/\/secure.gravatar.com\/avatar\/c5a7ef84c66fa914f55bc4f7ce26cfa275a3b9a1c5568b907bd184fb4dde7b40?s=96&d=mm&r=g","caption":"inclusivenews2024"},"sameAs":["https:\/\/inclusivenews.com.br"],"url":"https:\/\/inclusivenews.com.br\/?author=1"}]}},"_links":{"self":[{"href":"https:\/\/inclusivenews.com.br\/index.php?rest_route=\/wp\/v2\/posts\/17858","targetHints":{"allow":["GET"]}}],"collection":[{"href":"https:\/\/inclusivenews.com.br\/index.php?rest_route=\/wp\/v2\/posts"}],"about":[{"href":"https:\/\/inclusivenews.com.br\/index.php?rest_route=\/wp\/v2\/types\/post"}],"author":[{"embeddable":true,"href":"https:\/\/inclusivenews.com.br\/index.php?rest_route=\/wp\/v2\/users\/1"}],"replies":[{"embeddable":true,"href":"https:\/\/inclusivenews.com.br\/index.php?rest_route=%2Fwp%2Fv2%2Fcomments&post=17858"}],"version-history":[{"count":0,"href":"https:\/\/inclusivenews.com.br\/index.php?rest_route=\/wp\/v2\/posts\/17858\/revisions"}],"wp:attachment":[{"href":"https:\/\/inclusivenews.com.br\/index.php?rest_route=%2Fwp%2Fv2%2Fmedia&parent=17858"}],"wp:term":[{"taxonomy":"category","embeddable":true,"href":"https:\/\/inclusivenews.com.br\/index.php?rest_route=%2Fwp%2Fv2%2Fcategories&post=17858"},{"taxonomy":"post_tag","embeddable":true,"href":"https:\/\/inclusivenews.com.br\/index.php?rest_route=%2Fwp%2Fv2%2Ftags&post=17858"}],"curies":[{"name":"wp","href":"https:\/\/api.w.org\/{rel}","templated":true}]}}