{"id":17861,"date":"2010-11-04T08:38:50","date_gmt":"2010-11-04T11:38:50","guid":{"rendered":"http:\/\/www.inclusive.org.br\/?p=17861"},"modified":"2010-11-04T08:38:50","modified_gmt":"2010-11-04T11:38:50","slug":"os-discursos-sobre-o-outro-e-as-pratica-sociais-10-1211","status":"publish","type":"post","link":"https:\/\/inclusivenews.com.br\/?p=17861","title":{"rendered":"Os discursos sobre o outro e as pr\u00e1tica sociais (10-12\/11)"},"content":{"rendered":"<p><a href=\"http:\/\/www.inclusivenews.com.br\/wp-content\/uploads\/2009\/12\/Inclusive_direitos_humanos.jpg\"><img loading=\"lazy\" decoding=\"async\" class=\"alignleft size-full wp-image-13141\" title=\"Inclusive - direitos humanos: o globo terrestre e \u00edcones representando pessoas de v\u00e1rias cores.\" src=\"http:\/\/inclusivenews.com.br\/wp-content\/uploads\/2009\/12\/Inclusive_direitos_humanos.jpg\" alt=\"Inclusive - direitos humanos: o globo terrestre e \u00edcones representando pessoas de v\u00e1rias cores.\" width=\"300\" height=\"247\" \/><\/a>A modernidade tem sido descrita, por diferentes intelectuais e humanistas, como um momento da hist\u00f3ria ocidental caracterizado por profundas transforma\u00e7\u00f5es: nas tradicionais formas de organiza\u00e7\u00e3o social e pol\u00edtica; nos sistemas de produ\u00e7\u00e3o e distribui\u00e7\u00e3o de riquezas; e nas din\u00e2micas de produ\u00e7\u00e3o e circula\u00e7\u00e3o de conhecimentos.<\/p>\n<p>Ambiente de contradi\u00e7\u00f5es, de tens\u00e3o entre a individualiza\u00e7\u00e3o e as for\u00e7as coletivas, a modernidade, ao contr\u00e1rio do que propunha seu ide\u00e1rio, inaugurou uma condi\u00e7\u00e3o hist\u00f3rica, descrita como (re)produtora de mazelas evit\u00e1veis. A ci\u00eancia, a t\u00e9cnica e a cidadania n\u00e3o confrontam problemas seculares relativos \u00e0 fome, \u00e0s doen\u00e7as end\u00eamicas, \u00e0 mis\u00e9ria, ao acesso a educa\u00e7\u00e3o, aos preconceitos sociais e a viol\u00eancia f\u00edsica praticada contra indiv\u00edduos ou grupos considerados \u201cdiferentes\u201d.<\/p>\n<p>Na diversidade de campos do saber que caracteriza a modernidade, a predomin\u00e2ncia do paradigma da identidade \u00e9 sustentada pela valoriza\u00e7\u00e3o de teorias e de planos conceituais que se apropriam, se expandem e se engendram a partir de discursos e representa\u00e7\u00f5es ligados \u00e0 id\u00e9ia de igualdade e\/ou equival\u00eancias.<\/p>\n<p>Por outro lado, o fracasso das grandes utopias pol\u00edticas, sociais e econ\u00f4micas, em si redutoras da alteridade, revelam o poder de interfer\u00eancia dos sujeitos que se erigem como autores de discursos sobre si mesmos. Isso se contrap\u00f5e \u00e0 compreens\u00e3o de que a hist\u00f3ria move-se ref\u00e9m das estruturas, em detrimento do sujeito como agente transformador\/produtor da hist\u00f3ria.<\/p>\n<p>Por isso, entre as quest\u00f5es que se imp\u00f5em com mais vigor na contemporaneidade est\u00e1 o pensamento sobre o outro. Essa quest\u00e3o abre um leque de reflex\u00f5es que requer um esfor\u00e7o anal\u00edtico urgente: Quem \u00e9 o outro? Qual \u00e9 o lugar que o outro ocupa nos imagin\u00e1rios pol\u00edticos, culturais e sociais? Como os imagin\u00e1rios pol\u00edticos, culturais e sociais co-elaboram o eu e o outro? Quais discursos s\u00e3o produzidos para traduzir essa elabora\u00e7\u00e3o? Eles interferem no processo de transforma\u00e7\u00e3o individual e coletiva? E mais, esses discursos interferem nas pr\u00e1ticas sociais? As pr\u00e1ticas sociais geradas a partir desses discursos interferem nos processos sociais?<\/p>\n<p>O VI Semin\u00e1rio Sociedade Inclusiva, ao colocar em discuss\u00e3o os discursos e as pr\u00e1ticas sociais elaboradas sobre o outro, para o outro e pelo outro, pretende abrir um espa\u00e7o para o debate e a interlocu\u00e7\u00e3o entre diferentes atores sociais, vinculados \u00e0 academia, ao Estado e \u00e0 sociedade civil, a respeito de suas experi\u00eancias, conhecimentos e pr\u00e1ticas. O objetivo \u00e9 colocar em evid\u00eancia os questionamentos cr\u00edticos, os limites e os fundamentos necess\u00e1rios para o trabalho com a diferen\u00e7a.<\/p>\n<p><a href=\"http:\/\/www.sociedadeinclusiva.pucminas.br\/VIseminario\/programacao.php\">+ Programa\u00e7\u00e3o completa<\/a><\/p>\n<p><a href=\"http:\/\/www.sociedadeinclusiva.pucminas.br\/VIseminario\/inscricao.php\">+ Inscri\u00e7\u00f5es<\/a><\/p>\n","protected":false},"excerpt":{"rendered":"<p>O objetivo do Semin\u00e1rio \u00e9 colocar em evid\u00eancia os questionamentos cr\u00edticos, os limites e os fundamentos necess\u00e1rios para o trabalho com a diferen\u00e7a.<\/p>\n","protected":false},"author":1,"featured_media":0,"comment_status":"open","ping_status":"open","sticky":false,"template":"","format":"standard","meta":{"site-container-style":"default","site-container-layout":"default","site-sidebar-layout":"default","disable-article-header":"default","disable-site-header":"default","disable-site-footer":"default","disable-content-area-spacing":"default","footnotes":""},"categories":[12,4],"tags":[],"class_list":["post-17861","post","type-post","status-publish","format-standard","hentry","category-cursos-e-eventos","category-noticias"],"yoast_head":"<!-- This site is optimized with the Yoast SEO plugin v27.4 - https:\/\/yoast.com\/product\/yoast-seo-wordpress\/ -->\n<title>Os discursos sobre o outro e as pr\u00e1tica sociais (10-12\/11) -<\/title>\n<meta name=\"robots\" content=\"index, follow, max-snippet:-1, max-image-preview:large, max-video-preview:-1\" \/>\n<link rel=\"canonical\" href=\"https:\/\/inclusivenews.com.br\/?p=17861\" \/>\n<meta property=\"og:locale\" content=\"pt_PT\" \/>\n<meta property=\"og:type\" content=\"article\" \/>\n<meta property=\"og:title\" content=\"Os discursos sobre o outro e as pr\u00e1tica sociais (10-12\/11) -\" \/>\n<meta property=\"og:description\" content=\"O objetivo do Semin\u00e1rio \u00e9 colocar em evid\u00eancia os questionamentos cr\u00edticos, os limites e os fundamentos necess\u00e1rios para o trabalho com a diferen\u00e7a.\" \/>\n<meta property=\"og:url\" content=\"https:\/\/inclusivenews.com.br\/?p=17861\" \/>\n<meta property=\"article:publisher\" content=\"https:\/\/www.facebook.com\/agenciainclusive\/\" \/>\n<meta property=\"article:published_time\" content=\"2010-11-04T11:38:50+00:00\" \/>\n<meta property=\"og:image\" content=\"http:\/\/inclusivenews.com.br\/wp-content\/uploads\/2009\/12\/Inclusive_direitos_humanos.jpg\" \/>\n<meta name=\"author\" content=\"inclusivenews2024\" \/>\n<meta name=\"twitter:card\" content=\"summary_large_image\" \/>\n<meta name=\"twitter:label1\" content=\"Escrito por\" \/>\n\t<meta name=\"twitter:data1\" content=\"inclusivenews2024\" \/>\n\t<meta name=\"twitter:label2\" content=\"Tempo estimado de leitura\" \/>\n\t<meta name=\"twitter:data2\" content=\"2 minutos\" \/>\n<script type=\"application\/ld+json\" class=\"yoast-schema-graph\">{\"@context\":\"https:\\\/\\\/schema.org\",\"@graph\":[{\"@type\":\"Article\",\"@id\":\"https:\\\/\\\/inclusivenews.com.br\\\/?p=17861#article\",\"isPartOf\":{\"@id\":\"https:\\\/\\\/inclusivenews.com.br\\\/?p=17861\"},\"author\":{\"name\":\"inclusivenews2024\",\"@id\":\"https:\\\/\\\/inclusivenews.com.br\\\/#\\\/schema\\\/person\\\/ae4ec7087559b8692fb33b6fffd2273b\"},\"headline\":\"Os discursos sobre o outro e as pr\u00e1tica sociais (10-12\\\/11)\",\"datePublished\":\"2010-11-04T11:38:50+00:00\",\"mainEntityOfPage\":{\"@id\":\"https:\\\/\\\/inclusivenews.com.br\\\/?p=17861\"},\"wordCount\":469,\"commentCount\":0,\"publisher\":{\"@id\":\"https:\\\/\\\/inclusivenews.com.br\\\/#organization\"},\"image\":{\"@id\":\"https:\\\/\\\/inclusivenews.com.br\\\/?p=17861#primaryimage\"},\"thumbnailUrl\":\"http:\\\/\\\/inclusivenews.com.br\\\/wp-content\\\/uploads\\\/2009\\\/12\\\/Inclusive_direitos_humanos.jpg\",\"articleSection\":[\"Cursos e eventos\",\"NOT\u00cdCIAS\"],\"inLanguage\":\"pt-PT\",\"potentialAction\":[{\"@type\":\"CommentAction\",\"name\":\"Comment\",\"target\":[\"https:\\\/\\\/inclusivenews.com.br\\\/?p=17861#respond\"]}]},{\"@type\":\"WebPage\",\"@id\":\"https:\\\/\\\/inclusivenews.com.br\\\/?p=17861\",\"url\":\"https:\\\/\\\/inclusivenews.com.br\\\/?p=17861\",\"name\":\"Os discursos sobre o outro e as pr\u00e1tica sociais (10-12\\\/11) -\",\"isPartOf\":{\"@id\":\"https:\\\/\\\/inclusivenews.com.br\\\/#website\"},\"primaryImageOfPage\":{\"@id\":\"https:\\\/\\\/inclusivenews.com.br\\\/?p=17861#primaryimage\"},\"image\":{\"@id\":\"https:\\\/\\\/inclusivenews.com.br\\\/?p=17861#primaryimage\"},\"thumbnailUrl\":\"http:\\\/\\\/inclusivenews.com.br\\\/wp-content\\\/uploads\\\/2009\\\/12\\\/Inclusive_direitos_humanos.jpg\",\"datePublished\":\"2010-11-04T11:38:50+00:00\",\"breadcrumb\":{\"@id\":\"https:\\\/\\\/inclusivenews.com.br\\\/?p=17861#breadcrumb\"},\"inLanguage\":\"pt-PT\",\"potentialAction\":[{\"@type\":\"ReadAction\",\"target\":[\"https:\\\/\\\/inclusivenews.com.br\\\/?p=17861\"]}]},{\"@type\":\"ImageObject\",\"inLanguage\":\"pt-PT\",\"@id\":\"https:\\\/\\\/inclusivenews.com.br\\\/?p=17861#primaryimage\",\"url\":\"\",\"contentUrl\":\"\"},{\"@type\":\"BreadcrumbList\",\"@id\":\"https:\\\/\\\/inclusivenews.com.br\\\/?p=17861#breadcrumb\",\"itemListElement\":[{\"@type\":\"ListItem\",\"position\":1,\"name\":\"In\u00edcio\",\"item\":\"https:\\\/\\\/inclusivenews.com.br\\\/\"},{\"@type\":\"ListItem\",\"position\":2,\"name\":\"Os discursos sobre o outro e as pr\u00e1tica sociais (10-12\\\/11)\"}]},{\"@type\":\"WebSite\",\"@id\":\"https:\\\/\\\/inclusivenews.com.br\\\/#website\",\"url\":\"https:\\\/\\\/inclusivenews.com.br\\\/\",\"name\":\"Inclusive News\",\"description\":\"Inclusive News\",\"publisher\":{\"@id\":\"https:\\\/\\\/inclusivenews.com.br\\\/#organization\"},\"potentialAction\":[{\"@type\":\"SearchAction\",\"target\":{\"@type\":\"EntryPoint\",\"urlTemplate\":\"https:\\\/\\\/inclusivenews.com.br\\\/?s={search_term_string}\"},\"query-input\":{\"@type\":\"PropertyValueSpecification\",\"valueRequired\":true,\"valueName\":\"search_term_string\"}}],\"inLanguage\":\"pt-PT\"},{\"@type\":\"Organization\",\"@id\":\"https:\\\/\\\/inclusivenews.com.br\\\/#organization\",\"name\":\"Inclusive - inclus\u00e3o e cidadania\",\"url\":\"https:\\\/\\\/inclusivenews.com.br\\\/\",\"logo\":{\"@type\":\"ImageObject\",\"inLanguage\":\"pt-PT\",\"@id\":\"https:\\\/\\\/inclusivenews.com.br\\\/#\\\/schema\\\/logo\\\/image\\\/\",\"url\":\"https:\\\/\\\/inclusivenews.com.br\\\/wp-content\\\/uploads\\\/2024\\\/03\\\/@grandesite.png\",\"contentUrl\":\"https:\\\/\\\/inclusivenews.com.br\\\/wp-content\\\/uploads\\\/2024\\\/03\\\/@grandesite.png\",\"width\":1080,\"height\":1080,\"caption\":\"Inclusive - inclus\u00e3o e cidadania\"},\"image\":{\"@id\":\"https:\\\/\\\/inclusivenews.com.br\\\/#\\\/schema\\\/logo\\\/image\\\/\"},\"sameAs\":[\"https:\\\/\\\/www.facebook.com\\\/agenciainclusive\\\/\",\"https:\\\/\\\/www.instagram.com\\\/newsinclusive\\\/\"]},{\"@type\":\"Person\",\"@id\":\"https:\\\/\\\/inclusivenews.com.br\\\/#\\\/schema\\\/person\\\/ae4ec7087559b8692fb33b6fffd2273b\",\"name\":\"inclusivenews2024\",\"image\":{\"@type\":\"ImageObject\",\"inLanguage\":\"pt-PT\",\"@id\":\"https:\\\/\\\/secure.gravatar.com\\\/avatar\\\/c5a7ef84c66fa914f55bc4f7ce26cfa275a3b9a1c5568b907bd184fb4dde7b40?s=96&d=mm&r=g\",\"url\":\"https:\\\/\\\/secure.gravatar.com\\\/avatar\\\/c5a7ef84c66fa914f55bc4f7ce26cfa275a3b9a1c5568b907bd184fb4dde7b40?s=96&d=mm&r=g\",\"contentUrl\":\"https:\\\/\\\/secure.gravatar.com\\\/avatar\\\/c5a7ef84c66fa914f55bc4f7ce26cfa275a3b9a1c5568b907bd184fb4dde7b40?s=96&d=mm&r=g\",\"caption\":\"inclusivenews2024\"},\"sameAs\":[\"https:\\\/\\\/inclusivenews.com.br\"],\"url\":\"https:\\\/\\\/inclusivenews.com.br\\\/?author=1\"}]}<\/script>\n<!-- \/ Yoast SEO plugin. -->","yoast_head_json":{"title":"Os discursos sobre o outro e as pr\u00e1tica sociais (10-12\/11) -","robots":{"index":"index","follow":"follow","max-snippet":"max-snippet:-1","max-image-preview":"max-image-preview:large","max-video-preview":"max-video-preview:-1"},"canonical":"https:\/\/inclusivenews.com.br\/?p=17861","og_locale":"pt_PT","og_type":"article","og_title":"Os discursos sobre o outro e as pr\u00e1tica sociais (10-12\/11) -","og_description":"O objetivo do Semin\u00e1rio \u00e9 colocar em evid\u00eancia os questionamentos cr\u00edticos, os limites e os fundamentos necess\u00e1rios para o trabalho com a diferen\u00e7a.","og_url":"https:\/\/inclusivenews.com.br\/?p=17861","article_publisher":"https:\/\/www.facebook.com\/agenciainclusive\/","article_published_time":"2010-11-04T11:38:50+00:00","og_image":[{"url":"http:\/\/inclusivenews.com.br\/wp-content\/uploads\/2009\/12\/Inclusive_direitos_humanos.jpg","type":"","width":"","height":""}],"author":"inclusivenews2024","twitter_card":"summary_large_image","twitter_misc":{"Escrito por":"inclusivenews2024","Tempo estimado de leitura":"2 minutos"},"schema":{"@context":"https:\/\/schema.org","@graph":[{"@type":"Article","@id":"https:\/\/inclusivenews.com.br\/?p=17861#article","isPartOf":{"@id":"https:\/\/inclusivenews.com.br\/?p=17861"},"author":{"name":"inclusivenews2024","@id":"https:\/\/inclusivenews.com.br\/#\/schema\/person\/ae4ec7087559b8692fb33b6fffd2273b"},"headline":"Os discursos sobre o outro e as pr\u00e1tica sociais (10-12\/11)","datePublished":"2010-11-04T11:38:50+00:00","mainEntityOfPage":{"@id":"https:\/\/inclusivenews.com.br\/?p=17861"},"wordCount":469,"commentCount":0,"publisher":{"@id":"https:\/\/inclusivenews.com.br\/#organization"},"image":{"@id":"https:\/\/inclusivenews.com.br\/?p=17861#primaryimage"},"thumbnailUrl":"http:\/\/inclusivenews.com.br\/wp-content\/uploads\/2009\/12\/Inclusive_direitos_humanos.jpg","articleSection":["Cursos e eventos","NOT\u00cdCIAS"],"inLanguage":"pt-PT","potentialAction":[{"@type":"CommentAction","name":"Comment","target":["https:\/\/inclusivenews.com.br\/?p=17861#respond"]}]},{"@type":"WebPage","@id":"https:\/\/inclusivenews.com.br\/?p=17861","url":"https:\/\/inclusivenews.com.br\/?p=17861","name":"Os discursos sobre o outro e as pr\u00e1tica sociais (10-12\/11) -","isPartOf":{"@id":"https:\/\/inclusivenews.com.br\/#website"},"primaryImageOfPage":{"@id":"https:\/\/inclusivenews.com.br\/?p=17861#primaryimage"},"image":{"@id":"https:\/\/inclusivenews.com.br\/?p=17861#primaryimage"},"thumbnailUrl":"http:\/\/inclusivenews.com.br\/wp-content\/uploads\/2009\/12\/Inclusive_direitos_humanos.jpg","datePublished":"2010-11-04T11:38:50+00:00","breadcrumb":{"@id":"https:\/\/inclusivenews.com.br\/?p=17861#breadcrumb"},"inLanguage":"pt-PT","potentialAction":[{"@type":"ReadAction","target":["https:\/\/inclusivenews.com.br\/?p=17861"]}]},{"@type":"ImageObject","inLanguage":"pt-PT","@id":"https:\/\/inclusivenews.com.br\/?p=17861#primaryimage","url":"","contentUrl":""},{"@type":"BreadcrumbList","@id":"https:\/\/inclusivenews.com.br\/?p=17861#breadcrumb","itemListElement":[{"@type":"ListItem","position":1,"name":"In\u00edcio","item":"https:\/\/inclusivenews.com.br\/"},{"@type":"ListItem","position":2,"name":"Os discursos sobre o outro e as pr\u00e1tica sociais (10-12\/11)"}]},{"@type":"WebSite","@id":"https:\/\/inclusivenews.com.br\/#website","url":"https:\/\/inclusivenews.com.br\/","name":"Inclusive News","description":"Inclusive News","publisher":{"@id":"https:\/\/inclusivenews.com.br\/#organization"},"potentialAction":[{"@type":"SearchAction","target":{"@type":"EntryPoint","urlTemplate":"https:\/\/inclusivenews.com.br\/?s={search_term_string}"},"query-input":{"@type":"PropertyValueSpecification","valueRequired":true,"valueName":"search_term_string"}}],"inLanguage":"pt-PT"},{"@type":"Organization","@id":"https:\/\/inclusivenews.com.br\/#organization","name":"Inclusive - inclus\u00e3o e cidadania","url":"https:\/\/inclusivenews.com.br\/","logo":{"@type":"ImageObject","inLanguage":"pt-PT","@id":"https:\/\/inclusivenews.com.br\/#\/schema\/logo\/image\/","url":"https:\/\/inclusivenews.com.br\/wp-content\/uploads\/2024\/03\/@grandesite.png","contentUrl":"https:\/\/inclusivenews.com.br\/wp-content\/uploads\/2024\/03\/@grandesite.png","width":1080,"height":1080,"caption":"Inclusive - inclus\u00e3o e cidadania"},"image":{"@id":"https:\/\/inclusivenews.com.br\/#\/schema\/logo\/image\/"},"sameAs":["https:\/\/www.facebook.com\/agenciainclusive\/","https:\/\/www.instagram.com\/newsinclusive\/"]},{"@type":"Person","@id":"https:\/\/inclusivenews.com.br\/#\/schema\/person\/ae4ec7087559b8692fb33b6fffd2273b","name":"inclusivenews2024","image":{"@type":"ImageObject","inLanguage":"pt-PT","@id":"https:\/\/secure.gravatar.com\/avatar\/c5a7ef84c66fa914f55bc4f7ce26cfa275a3b9a1c5568b907bd184fb4dde7b40?s=96&d=mm&r=g","url":"https:\/\/secure.gravatar.com\/avatar\/c5a7ef84c66fa914f55bc4f7ce26cfa275a3b9a1c5568b907bd184fb4dde7b40?s=96&d=mm&r=g","contentUrl":"https:\/\/secure.gravatar.com\/avatar\/c5a7ef84c66fa914f55bc4f7ce26cfa275a3b9a1c5568b907bd184fb4dde7b40?s=96&d=mm&r=g","caption":"inclusivenews2024"},"sameAs":["https:\/\/inclusivenews.com.br"],"url":"https:\/\/inclusivenews.com.br\/?author=1"}]}},"_links":{"self":[{"href":"https:\/\/inclusivenews.com.br\/index.php?rest_route=\/wp\/v2\/posts\/17861","targetHints":{"allow":["GET"]}}],"collection":[{"href":"https:\/\/inclusivenews.com.br\/index.php?rest_route=\/wp\/v2\/posts"}],"about":[{"href":"https:\/\/inclusivenews.com.br\/index.php?rest_route=\/wp\/v2\/types\/post"}],"author":[{"embeddable":true,"href":"https:\/\/inclusivenews.com.br\/index.php?rest_route=\/wp\/v2\/users\/1"}],"replies":[{"embeddable":true,"href":"https:\/\/inclusivenews.com.br\/index.php?rest_route=%2Fwp%2Fv2%2Fcomments&post=17861"}],"version-history":[{"count":0,"href":"https:\/\/inclusivenews.com.br\/index.php?rest_route=\/wp\/v2\/posts\/17861\/revisions"}],"wp:attachment":[{"href":"https:\/\/inclusivenews.com.br\/index.php?rest_route=%2Fwp%2Fv2%2Fmedia&parent=17861"}],"wp:term":[{"taxonomy":"category","embeddable":true,"href":"https:\/\/inclusivenews.com.br\/index.php?rest_route=%2Fwp%2Fv2%2Fcategories&post=17861"},{"taxonomy":"post_tag","embeddable":true,"href":"https:\/\/inclusivenews.com.br\/index.php?rest_route=%2Fwp%2Fv2%2Ftags&post=17861"}],"curies":[{"name":"wp","href":"https:\/\/api.w.org\/{rel}","templated":true}]}}