{"id":17865,"date":"2010-11-04T08:39:26","date_gmt":"2010-11-04T11:39:26","guid":{"rendered":"http:\/\/www.inclusive.org.br\/?p=17865"},"modified":"2010-11-04T08:39:26","modified_gmt":"2010-11-04T11:39:26","slug":"conheca-e-leia-a-revista-de-arteterapia-da-aatesp","status":"publish","type":"post","link":"https:\/\/inclusivenews.com.br\/?p=17865","title":{"rendered":"Conhe\u00e7a e leia a Revista de Arteterapia da AATESP"},"content":{"rendered":"<figure id=\"attachment_17866\" aria-describedby=\"caption-attachment-17866\" style=\"width: 245px\" class=\"wp-caption alignleft\"><a href=\"http:\/\/www.inclusivenews.com.br\/wp-content\/uploads\/2010\/11\/arteterapia.jpg\"><img loading=\"lazy\" decoding=\"async\" class=\"size-full wp-image-17866\" title=\"Capa da publica\u00e7\u00e3o, onde uma ilustra\u00e7\u00e3o abstrata figura na capa\" src=\"http:\/\/inclusivenews.com.br\/wp-content\/uploads\/2010\/11\/arteterapia.jpg\" alt=\"Capa da publica\u00e7\u00e3o, onde uma ilustra\u00e7\u00e3o abstrata figura na capa\" width=\"245\" height=\"313\" \/><\/a><figcaption id=\"caption-attachment-17866\" class=\"wp-caption-text\"> <\/figcaption><\/figure>\n<p><strong>APRESENTA\u00c7\u00c3O<\/strong><\/p>\n<p>A Revista Arteterapia da AATESP \u00e9 uma publica\u00e7\u00e3o cient\u00edfica da Associa\u00e7\u00e3o de Arteterapia do Estado de S\u00e3o Paulo, dispon\u00edvel no formato \u00a0CD-ROM e tamb\u00e9m pass\u00edvel de acesso por meio do site da AATESP \u2013 www.aatesp.com.br\/artigos.htm. Foi iniciada no ano de 2010 com o intuito \u00a0de acolher as produ\u00e7\u00f5es advindas dos associados e demais autores interessados na difus\u00e3o e aprofundamento do conhecimento na \u00e1rea de Arteterapia, com periodicidade semestral.<\/p>\n<p><strong>LINHA EDITORIAL<\/strong><\/p>\n<p>A Revista Arteterapia da AATESP tem como objetivo publicar trabalhos que contribuam para o desenvolvimento do conhecimento no campo da \u00a0Arteterapia e \u00e1reas afins. Busca incentivar a pesquisa e reflex\u00e3o, de cunho te\u00f3rico ou pr\u00e1tico, acerca da inser\u00e7\u00e3o da Arteterapia e de seus recursos nos diversos contextos na atualidade, contribuindo para o aprofundamento da compreens\u00e3o sobre o ser humano, a Arteterapia e suas rela\u00e7\u00f5es.<a href=\"http:\/\/www.aatesp.com.br\/material\/RevistaArteterapiaAATESPv1n1-2010.pdf\"><strong> <\/strong><\/a><\/p>\n<p><strong>SUM\u00c1RIO DA EDI\u00c7\u00c3O\u00a0<a href=\"http:\/\/www.aatesp.com.br\/material\/RevistaArteterapiaAATESPv1n1-2010.pdf\"><strong>(Link para download)<\/strong><\/a><\/strong><\/p>\n<p>Editorial<br \/>\nUM SONHO QUE SE REALIZA<br \/>\nDeolinda Maria da Costa Florim Fabietti<br \/>\nMa\u00edra Bonaf\u00e9 Sei<br \/>\nMargaret Rose Bateman Pela<\/p>\n<p>Artigos Originais<\/p>\n<p>FONOAUDIOLOGIA E ARTETERAPIA: POSS\u00cdVEIS INTERFACES<br \/>\nSPEECH THERAPY AND ART THERAPY: POSSIBLE INTERFACES<br \/>\nAna Lydia Lima Nogueira<br \/>\nMa\u00edra Bonaf\u00e9 Sei<\/p>\n<p>A M\u00c1SCARA E A PERSONA NO PROCESSO ARTETERAP\u00caUTICO<br \/>\nTHE MASK AND THE PERSONA IN CASE ART THERAPY<br \/>\nValeria Valerio Batista<\/p>\n<p>ARTETERAPIA E O RELACIONAMENTO ENTRE NETOS-ADOLESCENTES E<br \/>\nAV\u00d3S-IDOSOS EM OFICINAS ART\u00cdSTICAS TERAP\u00caUTICAS<br \/>\nART THERAPY AND THE RELATIONSHIP BETWEEN GRANDPARENTS AND<br \/>\nGRANDCHILDREN-TEENAGERS IN THERAPEUTIC ART WORKSHOPS<br \/>\nRonald Horst Sperling<\/p>\n<p>A EXPRESS\u00c3O ESCONDE UMA EST\u00d3RIA. A PALAVRA DESVENDA-A<br \/>\nTHE EXPRESSION CONCEALS A STORY. THE WORD ELICITS<br \/>\nLuzia Sampaio de Athayde<\/p>\n<p>ARTETERAPIA E A MULHER: RESGATE DO POTENCIAL CRIATIVO DE<br \/>\nMULHERES V\u00cdTIMAS DE VIOL\u00caNCIA DOM\u00c9STICA E SEXUAL<br \/>\nART THERAPY AND THE WOMAN: REGAINING THE CREATIVE POTENTIAL IN<br \/>\nWOMEN VICTIMS OF DOMESTIC AND SEXUAL VIOLENCE<br \/>\nMelina Del\u2019 Arco de Oliveira<\/p>\n<p>Resumos<br \/>\nA ARTE COMO ELEMENTO DE CONTATO NOS PROCEDIMENTOS PALIATIVOS<br \/>\nAPLICADOS NA PSICO-ONCOPEDIATRIA<br \/>\nJosefa da Cunha Carvalho Garcia<\/p>\n<p>A ARTE COMO RECURSO DE REORGANIZA\u00c7\u00c3O NA MELHORIA DA AUTOESTIMA<br \/>\nMeire Alencar Malvezi Oliveira<\/p>\n<p>ARTETERAPIA: AS DEUSAS GREGAS E O \u201cFAZER ARTE\u201d NUM PROCESSO DE<br \/>\nAUTOCONHECIMENTO<br \/>\nOneide Regina Depret<\/p>\n","protected":false},"excerpt":{"rendered":"<p>A Revista Arteterapia da AATESP \u00e9 uma publica\u00e7\u00e3o cient\u00edfica da Associa\u00e7\u00e3o de Arteterapia do Estado de S\u00e3o Paulo. Foi iniciada no ano de 2010 com o intuito  de acolher as produ\u00e7\u00f5es advindas dos associados e demais autores interessados na difus\u00e3o e aprofundamento do conhecimento na \u00e1rea de Arteterapia, com periodicidade semestral. (Dispon\u00edvel para download)<\/p>\n","protected":false},"author":1,"featured_media":0,"comment_status":"open","ping_status":"open","sticky":false,"template":"","format":"standard","meta":{"site-container-style":"default","site-container-layout":"default","site-sidebar-layout":"default","disable-article-header":"default","disable-site-header":"default","disable-site-footer":"default","disable-content-area-spacing":"default","footnotes":""},"categories":[52,10,80],"tags":[142],"class_list":["post-17865","post","type-post","status-publish","format-standard","hentry","category-downloadables","category-publicacoes","category-revistas","tag-arteterapia"],"yoast_head":"<!-- This site is optimized with the Yoast SEO plugin v27.4 - https:\/\/yoast.com\/product\/yoast-seo-wordpress\/ -->\n<title>Conhe\u00e7a e leia a Revista de Arteterapia da AATESP -<\/title>\n<meta name=\"robots\" content=\"index, follow, max-snippet:-1, max-image-preview:large, max-video-preview:-1\" \/>\n<link rel=\"canonical\" href=\"https:\/\/inclusivenews.com.br\/?p=17865\" \/>\n<meta property=\"og:locale\" content=\"pt_PT\" \/>\n<meta property=\"og:type\" content=\"article\" \/>\n<meta property=\"og:title\" content=\"Conhe\u00e7a e leia a Revista de Arteterapia da AATESP -\" \/>\n<meta property=\"og:description\" content=\"A Revista Arteterapia da AATESP \u00e9 uma publica\u00e7\u00e3o cient\u00edfica da Associa\u00e7\u00e3o de Arteterapia do Estado de S\u00e3o Paulo. Foi iniciada no ano de 2010 com o intuito de acolher as produ\u00e7\u00f5es advindas dos associados e demais autores interessados na difus\u00e3o e aprofundamento do conhecimento na \u00e1rea de Arteterapia, com periodicidade semestral. (Dispon\u00edvel para download)\" \/>\n<meta property=\"og:url\" content=\"https:\/\/inclusivenews.com.br\/?p=17865\" \/>\n<meta property=\"article:publisher\" content=\"https:\/\/www.facebook.com\/agenciainclusive\/\" \/>\n<meta property=\"article:published_time\" content=\"2010-11-04T11:39:26+00:00\" \/>\n<meta property=\"og:image\" content=\"http:\/\/inclusivenews.com.br\/wp-content\/uploads\/2010\/11\/arteterapia.jpg\" \/>\n<meta name=\"author\" content=\"inclusivenews2024\" \/>\n<meta name=\"twitter:card\" content=\"summary_large_image\" \/>\n<meta name=\"twitter:label1\" content=\"Escrito por\" \/>\n\t<meta name=\"twitter:data1\" content=\"inclusivenews2024\" \/>\n\t<meta name=\"twitter:label2\" content=\"Tempo estimado de leitura\" \/>\n\t<meta name=\"twitter:data2\" content=\"2 minutos\" \/>\n<script type=\"application\/ld+json\" class=\"yoast-schema-graph\">{\"@context\":\"https:\\\/\\\/schema.org\",\"@graph\":[{\"@type\":\"Article\",\"@id\":\"https:\\\/\\\/inclusivenews.com.br\\\/?p=17865#article\",\"isPartOf\":{\"@id\":\"https:\\\/\\\/inclusivenews.com.br\\\/?p=17865\"},\"author\":{\"name\":\"inclusivenews2024\",\"@id\":\"https:\\\/\\\/inclusivenews.com.br\\\/#\\\/schema\\\/person\\\/ae4ec7087559b8692fb33b6fffd2273b\"},\"headline\":\"Conhe\u00e7a e leia a Revista de Arteterapia da AATESP\",\"datePublished\":\"2010-11-04T11:39:26+00:00\",\"mainEntityOfPage\":{\"@id\":\"https:\\\/\\\/inclusivenews.com.br\\\/?p=17865\"},\"wordCount\":386,\"commentCount\":4,\"publisher\":{\"@id\":\"https:\\\/\\\/inclusivenews.com.br\\\/#organization\"},\"image\":{\"@id\":\"https:\\\/\\\/inclusivenews.com.br\\\/?p=17865#primaryimage\"},\"thumbnailUrl\":\"http:\\\/\\\/inclusivenews.com.br\\\/wp-content\\\/uploads\\\/2010\\\/11\\\/arteterapia.jpg\",\"keywords\":[\"Arteterapia\"],\"articleSection\":[\"Downloadables\",\"PUBLICA\u00c7\u00d5ES\",\"Revistas\"],\"inLanguage\":\"pt-PT\",\"potentialAction\":[{\"@type\":\"CommentAction\",\"name\":\"Comment\",\"target\":[\"https:\\\/\\\/inclusivenews.com.br\\\/?p=17865#respond\"]}]},{\"@type\":\"WebPage\",\"@id\":\"https:\\\/\\\/inclusivenews.com.br\\\/?p=17865\",\"url\":\"https:\\\/\\\/inclusivenews.com.br\\\/?p=17865\",\"name\":\"Conhe\u00e7a e leia a Revista de Arteterapia da AATESP -\",\"isPartOf\":{\"@id\":\"https:\\\/\\\/inclusivenews.com.br\\\/#website\"},\"primaryImageOfPage\":{\"@id\":\"https:\\\/\\\/inclusivenews.com.br\\\/?p=17865#primaryimage\"},\"image\":{\"@id\":\"https:\\\/\\\/inclusivenews.com.br\\\/?p=17865#primaryimage\"},\"thumbnailUrl\":\"http:\\\/\\\/inclusivenews.com.br\\\/wp-content\\\/uploads\\\/2010\\\/11\\\/arteterapia.jpg\",\"datePublished\":\"2010-11-04T11:39:26+00:00\",\"breadcrumb\":{\"@id\":\"https:\\\/\\\/inclusivenews.com.br\\\/?p=17865#breadcrumb\"},\"inLanguage\":\"pt-PT\",\"potentialAction\":[{\"@type\":\"ReadAction\",\"target\":[\"https:\\\/\\\/inclusivenews.com.br\\\/?p=17865\"]}]},{\"@type\":\"ImageObject\",\"inLanguage\":\"pt-PT\",\"@id\":\"https:\\\/\\\/inclusivenews.com.br\\\/?p=17865#primaryimage\",\"url\":\"\",\"contentUrl\":\"\"},{\"@type\":\"BreadcrumbList\",\"@id\":\"https:\\\/\\\/inclusivenews.com.br\\\/?p=17865#breadcrumb\",\"itemListElement\":[{\"@type\":\"ListItem\",\"position\":1,\"name\":\"In\u00edcio\",\"item\":\"https:\\\/\\\/inclusivenews.com.br\\\/\"},{\"@type\":\"ListItem\",\"position\":2,\"name\":\"Conhe\u00e7a e leia a Revista de Arteterapia da AATESP\"}]},{\"@type\":\"WebSite\",\"@id\":\"https:\\\/\\\/inclusivenews.com.br\\\/#website\",\"url\":\"https:\\\/\\\/inclusivenews.com.br\\\/\",\"name\":\"Inclusive News\",\"description\":\"Inclusive News\",\"publisher\":{\"@id\":\"https:\\\/\\\/inclusivenews.com.br\\\/#organization\"},\"potentialAction\":[{\"@type\":\"SearchAction\",\"target\":{\"@type\":\"EntryPoint\",\"urlTemplate\":\"https:\\\/\\\/inclusivenews.com.br\\\/?s={search_term_string}\"},\"query-input\":{\"@type\":\"PropertyValueSpecification\",\"valueRequired\":true,\"valueName\":\"search_term_string\"}}],\"inLanguage\":\"pt-PT\"},{\"@type\":\"Organization\",\"@id\":\"https:\\\/\\\/inclusivenews.com.br\\\/#organization\",\"name\":\"Inclusive - inclus\u00e3o e cidadania\",\"url\":\"https:\\\/\\\/inclusivenews.com.br\\\/\",\"logo\":{\"@type\":\"ImageObject\",\"inLanguage\":\"pt-PT\",\"@id\":\"https:\\\/\\\/inclusivenews.com.br\\\/#\\\/schema\\\/logo\\\/image\\\/\",\"url\":\"https:\\\/\\\/inclusivenews.com.br\\\/wp-content\\\/uploads\\\/2024\\\/03\\\/@grandesite.png\",\"contentUrl\":\"https:\\\/\\\/inclusivenews.com.br\\\/wp-content\\\/uploads\\\/2024\\\/03\\\/@grandesite.png\",\"width\":1080,\"height\":1080,\"caption\":\"Inclusive - inclus\u00e3o e cidadania\"},\"image\":{\"@id\":\"https:\\\/\\\/inclusivenews.com.br\\\/#\\\/schema\\\/logo\\\/image\\\/\"},\"sameAs\":[\"https:\\\/\\\/www.facebook.com\\\/agenciainclusive\\\/\",\"https:\\\/\\\/www.instagram.com\\\/newsinclusive\\\/\"]},{\"@type\":\"Person\",\"@id\":\"https:\\\/\\\/inclusivenews.com.br\\\/#\\\/schema\\\/person\\\/ae4ec7087559b8692fb33b6fffd2273b\",\"name\":\"inclusivenews2024\",\"image\":{\"@type\":\"ImageObject\",\"inLanguage\":\"pt-PT\",\"@id\":\"https:\\\/\\\/secure.gravatar.com\\\/avatar\\\/c5a7ef84c66fa914f55bc4f7ce26cfa275a3b9a1c5568b907bd184fb4dde7b40?s=96&d=mm&r=g\",\"url\":\"https:\\\/\\\/secure.gravatar.com\\\/avatar\\\/c5a7ef84c66fa914f55bc4f7ce26cfa275a3b9a1c5568b907bd184fb4dde7b40?s=96&d=mm&r=g\",\"contentUrl\":\"https:\\\/\\\/secure.gravatar.com\\\/avatar\\\/c5a7ef84c66fa914f55bc4f7ce26cfa275a3b9a1c5568b907bd184fb4dde7b40?s=96&d=mm&r=g\",\"caption\":\"inclusivenews2024\"},\"sameAs\":[\"https:\\\/\\\/inclusivenews.com.br\"],\"url\":\"https:\\\/\\\/inclusivenews.com.br\\\/?author=1\"}]}<\/script>\n<!-- \/ Yoast SEO plugin. -->","yoast_head_json":{"title":"Conhe\u00e7a e leia a Revista de Arteterapia da AATESP -","robots":{"index":"index","follow":"follow","max-snippet":"max-snippet:-1","max-image-preview":"max-image-preview:large","max-video-preview":"max-video-preview:-1"},"canonical":"https:\/\/inclusivenews.com.br\/?p=17865","og_locale":"pt_PT","og_type":"article","og_title":"Conhe\u00e7a e leia a Revista de Arteterapia da AATESP -","og_description":"A Revista Arteterapia da AATESP \u00e9 uma publica\u00e7\u00e3o cient\u00edfica da Associa\u00e7\u00e3o de Arteterapia do Estado de S\u00e3o Paulo. Foi iniciada no ano de 2010 com o intuito de acolher as produ\u00e7\u00f5es advindas dos associados e demais autores interessados na difus\u00e3o e aprofundamento do conhecimento na \u00e1rea de Arteterapia, com periodicidade semestral. (Dispon\u00edvel para download)","og_url":"https:\/\/inclusivenews.com.br\/?p=17865","article_publisher":"https:\/\/www.facebook.com\/agenciainclusive\/","article_published_time":"2010-11-04T11:39:26+00:00","og_image":[{"url":"http:\/\/inclusivenews.com.br\/wp-content\/uploads\/2010\/11\/arteterapia.jpg","type":"","width":"","height":""}],"author":"inclusivenews2024","twitter_card":"summary_large_image","twitter_misc":{"Escrito por":"inclusivenews2024","Tempo estimado de leitura":"2 minutos"},"schema":{"@context":"https:\/\/schema.org","@graph":[{"@type":"Article","@id":"https:\/\/inclusivenews.com.br\/?p=17865#article","isPartOf":{"@id":"https:\/\/inclusivenews.com.br\/?p=17865"},"author":{"name":"inclusivenews2024","@id":"https:\/\/inclusivenews.com.br\/#\/schema\/person\/ae4ec7087559b8692fb33b6fffd2273b"},"headline":"Conhe\u00e7a e leia a Revista de Arteterapia da AATESP","datePublished":"2010-11-04T11:39:26+00:00","mainEntityOfPage":{"@id":"https:\/\/inclusivenews.com.br\/?p=17865"},"wordCount":386,"commentCount":4,"publisher":{"@id":"https:\/\/inclusivenews.com.br\/#organization"},"image":{"@id":"https:\/\/inclusivenews.com.br\/?p=17865#primaryimage"},"thumbnailUrl":"http:\/\/inclusivenews.com.br\/wp-content\/uploads\/2010\/11\/arteterapia.jpg","keywords":["Arteterapia"],"articleSection":["Downloadables","PUBLICA\u00c7\u00d5ES","Revistas"],"inLanguage":"pt-PT","potentialAction":[{"@type":"CommentAction","name":"Comment","target":["https:\/\/inclusivenews.com.br\/?p=17865#respond"]}]},{"@type":"WebPage","@id":"https:\/\/inclusivenews.com.br\/?p=17865","url":"https:\/\/inclusivenews.com.br\/?p=17865","name":"Conhe\u00e7a e leia a Revista de Arteterapia da AATESP -","isPartOf":{"@id":"https:\/\/inclusivenews.com.br\/#website"},"primaryImageOfPage":{"@id":"https:\/\/inclusivenews.com.br\/?p=17865#primaryimage"},"image":{"@id":"https:\/\/inclusivenews.com.br\/?p=17865#primaryimage"},"thumbnailUrl":"http:\/\/inclusivenews.com.br\/wp-content\/uploads\/2010\/11\/arteterapia.jpg","datePublished":"2010-11-04T11:39:26+00:00","breadcrumb":{"@id":"https:\/\/inclusivenews.com.br\/?p=17865#breadcrumb"},"inLanguage":"pt-PT","potentialAction":[{"@type":"ReadAction","target":["https:\/\/inclusivenews.com.br\/?p=17865"]}]},{"@type":"ImageObject","inLanguage":"pt-PT","@id":"https:\/\/inclusivenews.com.br\/?p=17865#primaryimage","url":"","contentUrl":""},{"@type":"BreadcrumbList","@id":"https:\/\/inclusivenews.com.br\/?p=17865#breadcrumb","itemListElement":[{"@type":"ListItem","position":1,"name":"In\u00edcio","item":"https:\/\/inclusivenews.com.br\/"},{"@type":"ListItem","position":2,"name":"Conhe\u00e7a e leia a Revista de Arteterapia da AATESP"}]},{"@type":"WebSite","@id":"https:\/\/inclusivenews.com.br\/#website","url":"https:\/\/inclusivenews.com.br\/","name":"Inclusive News","description":"Inclusive News","publisher":{"@id":"https:\/\/inclusivenews.com.br\/#organization"},"potentialAction":[{"@type":"SearchAction","target":{"@type":"EntryPoint","urlTemplate":"https:\/\/inclusivenews.com.br\/?s={search_term_string}"},"query-input":{"@type":"PropertyValueSpecification","valueRequired":true,"valueName":"search_term_string"}}],"inLanguage":"pt-PT"},{"@type":"Organization","@id":"https:\/\/inclusivenews.com.br\/#organization","name":"Inclusive - inclus\u00e3o e cidadania","url":"https:\/\/inclusivenews.com.br\/","logo":{"@type":"ImageObject","inLanguage":"pt-PT","@id":"https:\/\/inclusivenews.com.br\/#\/schema\/logo\/image\/","url":"https:\/\/inclusivenews.com.br\/wp-content\/uploads\/2024\/03\/@grandesite.png","contentUrl":"https:\/\/inclusivenews.com.br\/wp-content\/uploads\/2024\/03\/@grandesite.png","width":1080,"height":1080,"caption":"Inclusive - inclus\u00e3o e cidadania"},"image":{"@id":"https:\/\/inclusivenews.com.br\/#\/schema\/logo\/image\/"},"sameAs":["https:\/\/www.facebook.com\/agenciainclusive\/","https:\/\/www.instagram.com\/newsinclusive\/"]},{"@type":"Person","@id":"https:\/\/inclusivenews.com.br\/#\/schema\/person\/ae4ec7087559b8692fb33b6fffd2273b","name":"inclusivenews2024","image":{"@type":"ImageObject","inLanguage":"pt-PT","@id":"https:\/\/secure.gravatar.com\/avatar\/c5a7ef84c66fa914f55bc4f7ce26cfa275a3b9a1c5568b907bd184fb4dde7b40?s=96&d=mm&r=g","url":"https:\/\/secure.gravatar.com\/avatar\/c5a7ef84c66fa914f55bc4f7ce26cfa275a3b9a1c5568b907bd184fb4dde7b40?s=96&d=mm&r=g","contentUrl":"https:\/\/secure.gravatar.com\/avatar\/c5a7ef84c66fa914f55bc4f7ce26cfa275a3b9a1c5568b907bd184fb4dde7b40?s=96&d=mm&r=g","caption":"inclusivenews2024"},"sameAs":["https:\/\/inclusivenews.com.br"],"url":"https:\/\/inclusivenews.com.br\/?author=1"}]}},"_links":{"self":[{"href":"https:\/\/inclusivenews.com.br\/index.php?rest_route=\/wp\/v2\/posts\/17865","targetHints":{"allow":["GET"]}}],"collection":[{"href":"https:\/\/inclusivenews.com.br\/index.php?rest_route=\/wp\/v2\/posts"}],"about":[{"href":"https:\/\/inclusivenews.com.br\/index.php?rest_route=\/wp\/v2\/types\/post"}],"author":[{"embeddable":true,"href":"https:\/\/inclusivenews.com.br\/index.php?rest_route=\/wp\/v2\/users\/1"}],"replies":[{"embeddable":true,"href":"https:\/\/inclusivenews.com.br\/index.php?rest_route=%2Fwp%2Fv2%2Fcomments&post=17865"}],"version-history":[{"count":0,"href":"https:\/\/inclusivenews.com.br\/index.php?rest_route=\/wp\/v2\/posts\/17865\/revisions"}],"wp:attachment":[{"href":"https:\/\/inclusivenews.com.br\/index.php?rest_route=%2Fwp%2Fv2%2Fmedia&parent=17865"}],"wp:term":[{"taxonomy":"category","embeddable":true,"href":"https:\/\/inclusivenews.com.br\/index.php?rest_route=%2Fwp%2Fv2%2Fcategories&post=17865"},{"taxonomy":"post_tag","embeddable":true,"href":"https:\/\/inclusivenews.com.br\/index.php?rest_route=%2Fwp%2Fv2%2Ftags&post=17865"}],"curies":[{"name":"wp","href":"https:\/\/api.w.org\/{rel}","templated":true}]}}