{"id":17867,"date":"2010-11-04T08:38:10","date_gmt":"2010-11-04T11:38:10","guid":{"rendered":"http:\/\/www.inclusive.org.br\/?p=17867"},"modified":"2010-11-04T08:38:10","modified_gmt":"2010-11-04T11:38:10","slug":"carta-aberta-em-defesa-da-diferenca-e-da-bibliodiversidade","status":"publish","type":"post","link":"https:\/\/inclusivenews.com.br\/?p=17867","title":{"rendered":"Carta Aberta em Defesa da Diferen\u00e7a e da Bibliodiversidade"},"content":{"rendered":"<figure id=\"attachment_17868\" aria-describedby=\"caption-attachment-17868\" style=\"width: 193px\" class=\"wp-caption alignleft\"><a href=\"http:\/\/www.inclusivenews.com.br\/wp-content\/uploads\/2010\/11\/alibre.jpg\"><img loading=\"lazy\" decoding=\"async\" class=\"size-full wp-image-17868\" title=\"LIBRE - Liga Brasileira de Editoras Independentes\" src=\"http:\/\/inclusivenews.com.br\/wp-content\/uploads\/2010\/11\/alibre.jpg\" alt=\"LIBRE - Liga Brasileira de Editoras Independentes\" width=\"193\" height=\"84\" \/><\/a><figcaption id=\"caption-attachment-17868\" class=\"wp-caption-text\"> <\/figcaption><\/figure>\n<p>A Liga Brasileira de Editoras (LIBRE) divulgar\u00e1 na pr\u00f3xima Primavera na Cultura &#8211; S\u00e3o Paulo | 2010, que ocorre de 01 e 15 de novembro, Carta Aberta em Defesa da Diferen\u00e7a e da Bibliodiversidade. Endere\u00e7ada aos candidatos eleitos para a presid\u00eancia e governos estaduais e para os Legislativos Federal e Estaduais, bem como aos ocupantes de mandatos na esfera municipal, o documento prop\u00f5e que o mercado editorial independente ocupe uma posi\u00e7\u00e3o central na elabora\u00e7\u00e3o das pol\u00edticas p\u00fablicas para o livro e a leitura. A Carta Aberta ser\u00e1 entregue a todos os participantes da Primavera na Cultura.<\/p>\n<p>A LIBRE e suas editoras associadas defendem a execu\u00e7\u00e3o de uma pol\u00edtica p\u00fablica de Bibliodiversidade, com medidas concretas, como ado\u00e7\u00e3o de cotas para editores pequenos e m\u00e9dios nas compras governamentais, fortalecimento das bibliotecas p\u00fablicas, implementa\u00e7\u00e3o do pre\u00e7o \u00fanico e a cria\u00e7\u00e3o de uma c\u00e2mara do livro digital, por entenderem que um pa\u00eds com novos potenciais de desenvolvimento depende, principalmente, da democratiza\u00e7\u00e3o da arte e do conhecimento. &#8220;Embora nossos cat\u00e1logos abriguem livros muito conhecidos, v\u00e1rios best sellers, nossa principal contribui\u00e7\u00e3o para a cultura brasileira est\u00e1 na diversidade, e \u00e9 com a arma da Bibliodiversidade que enfrentamos as mais dif\u00edceis condi\u00e7\u00f5es que o mercado nos imp\u00f5e&#8221;, afirma Cristina Warth, presidente da LIBRE.<\/p>\n<p>Sobre a Primavera na Cultura &#8211; S\u00e3o Paulo | 2010<\/p>\n<p>Com o t\u00edtulo Primavera na Cultura, o evento de promo\u00e7\u00e3o das editoras independentes promovido pela Libre ocorre na Livraria Cultura do Conjunto Nacional, em S\u00e3o Paulo, entre os dias 01 e 15 de novembro de 2010. Neste per\u00edodo, obras do cat\u00e1logo de mais de 100 editoras independentes, respons\u00e1veis em grande medida pela diversidade de t\u00edtulos do mercado livreiro brasileiro, ganhar\u00e3o destaque especial na Livraria.<\/p>\n<p>Repleta de novidades, a edi\u00e7\u00e3o do evento deste ano contar\u00e1 com o lan\u00e7amento de dois concursos. Durante a apresenta\u00e7\u00e3o do &#8220;Pr\u00eamio Est\u00edmulo \u00e0 Cultura&#8221;, Eliana S\u00e1, vice-presidente da LIBRE, revelar\u00e1 os detalhes dos Concursos Culturais Primavera dos Livros.<\/p>\n<p>Al\u00e9m disto, a Livraria Cultura ser\u00e1 palco de uma extensa programa\u00e7\u00e3o de eventos gratuitos para o p\u00fablico adulto e infantil, sob a curadoria da Libre. Na Primavera na Cultura, editores, autores e intelectuais de diversas \u00e1reas do conhecimento refletir\u00e3o sobre temas envolvendo pluralidades e diversidades &#8211; \u00e9tnicas, pol\u00edticas, de g\u00eanero, art\u00edsticas e liter\u00e1rias. Est\u00e1 prevista, tamb\u00e9m, uma intensa agenda de debates sobre temas ligados \u00e0 diversidade e \u00e0s diferen\u00e7as &#8211; pol\u00edticas, sociais, \u00e9tnicas e de g\u00eanero.<\/p>\n<p>Agenda:<\/p>\n<p>Primavera na Cultura &#8211; S\u00e3o Paulo|2010<br \/>\nDe 01 a 15 de novembro de 2010, das 9h30 \u00e0s 21h30<br \/>\nLivraria Cultura do Conjunto Nacional<br \/>\nAv. Paulista, 2073 &#8211; S\u00e3o Paulo\/SP<br \/>\nInforma\u00e7\u00f5es pelo telefone (11) 3170-4033 ou pelos sites: www.livrariacultura.com.br\/eventos e www.libre.org.br<br \/>\nCuradoria: Mar\u00edlia Schumann e Andr\u00e9 Valuche<\/p>\n<p>Mais informa\u00e7\u00f5es para a imprensa:<br \/>\nPrimavera na Cultura e LIBRE<br \/>\nE credenciamento<br \/>\nMar\u00edlia Schumann (marilia@bansen.com.br)<br \/>\nClean Barros (clean@bansen.com.br)<br \/>\nTelefone: (55 11) 5539-2344<br \/>\nBANSEN &amp; Associados<br \/>\nwww.bansen.com.br<\/p>\n<p>Sobre a Libre:<br \/>\nDesde 2001, as editoras independentes do pa\u00eds organizam um evento anual, no Rio e em S\u00e3o Paulo, para promover a produ\u00e7\u00e3o dessas empresas, respons\u00e1veis por um acervo de 10.000 t\u00edtulos em cat\u00e1logo e 2.400.000 de exemplares impressos por ano. O sucesso do evento e a import\u00e2ncia dessas editores no mercado deram origem, em 2002, \u00e0 Liga Brasileira de Editoras (LIBRE), rede independente que trabalha cooperativamente em busca de reflex\u00e3o e da a\u00e7\u00e3o para a amplia\u00e7\u00e3o do p\u00fablico leitor, do fortalecimento das empresas editoriais independentes e da cria\u00e7\u00e3o de pol\u00edticas p\u00fablicas em favor do livro e da leitura. Al\u00e9m de buscar pr\u00e1ticas para preservar a bibliodiversidade. Desde ent\u00e3o, a LIBRE, que atualmente re\u00fane mais de 100 editoras de v\u00e1rios pontos do Brasil, promove e realiza suas Primaveras, anualmente, no eixo Rio-S\u00e3o Paulo.<\/p>\n<p>____________<\/p>\n<p><strong>Fonte:<\/strong> <a href=\"http:\/\/www.libre.org.br\/institucional_view.asp?IDPagina=33\">LIBRE<\/a><\/p>\n","protected":false},"excerpt":{"rendered":"<p>Endere\u00e7ada aos candidatos eleitos para a presid\u00eancia e governos estaduais e para os legislativos federal e estaduais, bem como aos ocupantes de mandatos na esfera municipal, o documento prop\u00f5e que o mercado editorial independente ocupe uma posi\u00e7\u00e3o central na elabora\u00e7\u00e3o das pol\u00edticas p\u00fablicas para o livro e a leitura.<\/p>\n","protected":false},"author":1,"featured_media":0,"comment_status":"open","ping_status":"open","sticky":false,"template":"","format":"standard","meta":{"site-container-style":"default","site-container-layout":"default","site-sidebar-layout":"default","disable-article-header":"default","disable-site-header":"default","disable-site-footer":"default","disable-content-area-spacing":"default","footnotes":""},"categories":[4],"tags":[],"class_list":["post-17867","post","type-post","status-publish","format-standard","hentry","category-noticias"],"yoast_head":"<!-- This site is optimized with the Yoast SEO plugin v27.4 - https:\/\/yoast.com\/product\/yoast-seo-wordpress\/ -->\n<title>Carta Aberta em Defesa da Diferen\u00e7a e da Bibliodiversidade -<\/title>\n<meta name=\"robots\" content=\"index, follow, max-snippet:-1, max-image-preview:large, max-video-preview:-1\" \/>\n<link rel=\"canonical\" href=\"https:\/\/inclusivenews.com.br\/?p=17867\" \/>\n<meta property=\"og:locale\" content=\"pt_PT\" \/>\n<meta property=\"og:type\" content=\"article\" \/>\n<meta property=\"og:title\" content=\"Carta Aberta em Defesa da Diferen\u00e7a e da Bibliodiversidade -\" \/>\n<meta property=\"og:description\" content=\"Endere\u00e7ada aos candidatos eleitos para a presid\u00eancia e governos estaduais e para os legislativos federal e estaduais, bem como aos ocupantes de mandatos na esfera municipal, o documento prop\u00f5e que o mercado editorial independente ocupe uma posi\u00e7\u00e3o central na elabora\u00e7\u00e3o das pol\u00edticas p\u00fablicas para o livro e a leitura.\" \/>\n<meta property=\"og:url\" content=\"https:\/\/inclusivenews.com.br\/?p=17867\" \/>\n<meta property=\"article:publisher\" content=\"https:\/\/www.facebook.com\/agenciainclusive\/\" \/>\n<meta property=\"article:published_time\" content=\"2010-11-04T11:38:10+00:00\" \/>\n<meta property=\"og:image\" content=\"http:\/\/inclusivenews.com.br\/wp-content\/uploads\/2010\/11\/alibre.jpg\" \/>\n<meta name=\"author\" content=\"inclusivenews2024\" \/>\n<meta name=\"twitter:card\" content=\"summary_large_image\" \/>\n<meta name=\"twitter:label1\" content=\"Escrito por\" \/>\n\t<meta name=\"twitter:data1\" content=\"inclusivenews2024\" \/>\n\t<meta name=\"twitter:label2\" content=\"Tempo estimado de leitura\" \/>\n\t<meta name=\"twitter:data2\" content=\"3 minutos\" \/>\n<script type=\"application\/ld+json\" class=\"yoast-schema-graph\">{\"@context\":\"https:\\\/\\\/schema.org\",\"@graph\":[{\"@type\":\"Article\",\"@id\":\"https:\\\/\\\/inclusivenews.com.br\\\/?p=17867#article\",\"isPartOf\":{\"@id\":\"https:\\\/\\\/inclusivenews.com.br\\\/?p=17867\"},\"author\":{\"name\":\"inclusivenews2024\",\"@id\":\"https:\\\/\\\/inclusivenews.com.br\\\/#\\\/schema\\\/person\\\/ae4ec7087559b8692fb33b6fffd2273b\"},\"headline\":\"Carta Aberta em Defesa da Diferen\u00e7a e da Bibliodiversidade\",\"datePublished\":\"2010-11-04T11:38:10+00:00\",\"mainEntityOfPage\":{\"@id\":\"https:\\\/\\\/inclusivenews.com.br\\\/?p=17867\"},\"wordCount\":692,\"commentCount\":1,\"publisher\":{\"@id\":\"https:\\\/\\\/inclusivenews.com.br\\\/#organization\"},\"image\":{\"@id\":\"https:\\\/\\\/inclusivenews.com.br\\\/?p=17867#primaryimage\"},\"thumbnailUrl\":\"http:\\\/\\\/inclusivenews.com.br\\\/wp-content\\\/uploads\\\/2010\\\/11\\\/alibre.jpg\",\"articleSection\":[\"NOT\u00cdCIAS\"],\"inLanguage\":\"pt-PT\",\"potentialAction\":[{\"@type\":\"CommentAction\",\"name\":\"Comment\",\"target\":[\"https:\\\/\\\/inclusivenews.com.br\\\/?p=17867#respond\"]}]},{\"@type\":\"WebPage\",\"@id\":\"https:\\\/\\\/inclusivenews.com.br\\\/?p=17867\",\"url\":\"https:\\\/\\\/inclusivenews.com.br\\\/?p=17867\",\"name\":\"Carta Aberta em Defesa da Diferen\u00e7a e da Bibliodiversidade -\",\"isPartOf\":{\"@id\":\"https:\\\/\\\/inclusivenews.com.br\\\/#website\"},\"primaryImageOfPage\":{\"@id\":\"https:\\\/\\\/inclusivenews.com.br\\\/?p=17867#primaryimage\"},\"image\":{\"@id\":\"https:\\\/\\\/inclusivenews.com.br\\\/?p=17867#primaryimage\"},\"thumbnailUrl\":\"http:\\\/\\\/inclusivenews.com.br\\\/wp-content\\\/uploads\\\/2010\\\/11\\\/alibre.jpg\",\"datePublished\":\"2010-11-04T11:38:10+00:00\",\"breadcrumb\":{\"@id\":\"https:\\\/\\\/inclusivenews.com.br\\\/?p=17867#breadcrumb\"},\"inLanguage\":\"pt-PT\",\"potentialAction\":[{\"@type\":\"ReadAction\",\"target\":[\"https:\\\/\\\/inclusivenews.com.br\\\/?p=17867\"]}]},{\"@type\":\"ImageObject\",\"inLanguage\":\"pt-PT\",\"@id\":\"https:\\\/\\\/inclusivenews.com.br\\\/?p=17867#primaryimage\",\"url\":\"\",\"contentUrl\":\"\"},{\"@type\":\"BreadcrumbList\",\"@id\":\"https:\\\/\\\/inclusivenews.com.br\\\/?p=17867#breadcrumb\",\"itemListElement\":[{\"@type\":\"ListItem\",\"position\":1,\"name\":\"In\u00edcio\",\"item\":\"https:\\\/\\\/inclusivenews.com.br\\\/\"},{\"@type\":\"ListItem\",\"position\":2,\"name\":\"Carta Aberta em Defesa da Diferen\u00e7a e da Bibliodiversidade\"}]},{\"@type\":\"WebSite\",\"@id\":\"https:\\\/\\\/inclusivenews.com.br\\\/#website\",\"url\":\"https:\\\/\\\/inclusivenews.com.br\\\/\",\"name\":\"Inclusive News\",\"description\":\"Inclusive News\",\"publisher\":{\"@id\":\"https:\\\/\\\/inclusivenews.com.br\\\/#organization\"},\"potentialAction\":[{\"@type\":\"SearchAction\",\"target\":{\"@type\":\"EntryPoint\",\"urlTemplate\":\"https:\\\/\\\/inclusivenews.com.br\\\/?s={search_term_string}\"},\"query-input\":{\"@type\":\"PropertyValueSpecification\",\"valueRequired\":true,\"valueName\":\"search_term_string\"}}],\"inLanguage\":\"pt-PT\"},{\"@type\":\"Organization\",\"@id\":\"https:\\\/\\\/inclusivenews.com.br\\\/#organization\",\"name\":\"Inclusive - inclus\u00e3o e cidadania\",\"url\":\"https:\\\/\\\/inclusivenews.com.br\\\/\",\"logo\":{\"@type\":\"ImageObject\",\"inLanguage\":\"pt-PT\",\"@id\":\"https:\\\/\\\/inclusivenews.com.br\\\/#\\\/schema\\\/logo\\\/image\\\/\",\"url\":\"https:\\\/\\\/inclusivenews.com.br\\\/wp-content\\\/uploads\\\/2024\\\/03\\\/@grandesite.png\",\"contentUrl\":\"https:\\\/\\\/inclusivenews.com.br\\\/wp-content\\\/uploads\\\/2024\\\/03\\\/@grandesite.png\",\"width\":1080,\"height\":1080,\"caption\":\"Inclusive - inclus\u00e3o e cidadania\"},\"image\":{\"@id\":\"https:\\\/\\\/inclusivenews.com.br\\\/#\\\/schema\\\/logo\\\/image\\\/\"},\"sameAs\":[\"https:\\\/\\\/www.facebook.com\\\/agenciainclusive\\\/\",\"https:\\\/\\\/www.instagram.com\\\/newsinclusive\\\/\"]},{\"@type\":\"Person\",\"@id\":\"https:\\\/\\\/inclusivenews.com.br\\\/#\\\/schema\\\/person\\\/ae4ec7087559b8692fb33b6fffd2273b\",\"name\":\"inclusivenews2024\",\"image\":{\"@type\":\"ImageObject\",\"inLanguage\":\"pt-PT\",\"@id\":\"https:\\\/\\\/secure.gravatar.com\\\/avatar\\\/c5a7ef84c66fa914f55bc4f7ce26cfa275a3b9a1c5568b907bd184fb4dde7b40?s=96&d=mm&r=g\",\"url\":\"https:\\\/\\\/secure.gravatar.com\\\/avatar\\\/c5a7ef84c66fa914f55bc4f7ce26cfa275a3b9a1c5568b907bd184fb4dde7b40?s=96&d=mm&r=g\",\"contentUrl\":\"https:\\\/\\\/secure.gravatar.com\\\/avatar\\\/c5a7ef84c66fa914f55bc4f7ce26cfa275a3b9a1c5568b907bd184fb4dde7b40?s=96&d=mm&r=g\",\"caption\":\"inclusivenews2024\"},\"sameAs\":[\"https:\\\/\\\/inclusivenews.com.br\"],\"url\":\"https:\\\/\\\/inclusivenews.com.br\\\/?author=1\"}]}<\/script>\n<!-- \/ Yoast SEO plugin. -->","yoast_head_json":{"title":"Carta Aberta em Defesa da Diferen\u00e7a e da Bibliodiversidade -","robots":{"index":"index","follow":"follow","max-snippet":"max-snippet:-1","max-image-preview":"max-image-preview:large","max-video-preview":"max-video-preview:-1"},"canonical":"https:\/\/inclusivenews.com.br\/?p=17867","og_locale":"pt_PT","og_type":"article","og_title":"Carta Aberta em Defesa da Diferen\u00e7a e da Bibliodiversidade -","og_description":"Endere\u00e7ada aos candidatos eleitos para a presid\u00eancia e governos estaduais e para os legislativos federal e estaduais, bem como aos ocupantes de mandatos na esfera municipal, o documento prop\u00f5e que o mercado editorial independente ocupe uma posi\u00e7\u00e3o central na elabora\u00e7\u00e3o das pol\u00edticas p\u00fablicas para o livro e a leitura.","og_url":"https:\/\/inclusivenews.com.br\/?p=17867","article_publisher":"https:\/\/www.facebook.com\/agenciainclusive\/","article_published_time":"2010-11-04T11:38:10+00:00","og_image":[{"url":"http:\/\/inclusivenews.com.br\/wp-content\/uploads\/2010\/11\/alibre.jpg","type":"","width":"","height":""}],"author":"inclusivenews2024","twitter_card":"summary_large_image","twitter_misc":{"Escrito por":"inclusivenews2024","Tempo estimado de leitura":"3 minutos"},"schema":{"@context":"https:\/\/schema.org","@graph":[{"@type":"Article","@id":"https:\/\/inclusivenews.com.br\/?p=17867#article","isPartOf":{"@id":"https:\/\/inclusivenews.com.br\/?p=17867"},"author":{"name":"inclusivenews2024","@id":"https:\/\/inclusivenews.com.br\/#\/schema\/person\/ae4ec7087559b8692fb33b6fffd2273b"},"headline":"Carta Aberta em Defesa da Diferen\u00e7a e da Bibliodiversidade","datePublished":"2010-11-04T11:38:10+00:00","mainEntityOfPage":{"@id":"https:\/\/inclusivenews.com.br\/?p=17867"},"wordCount":692,"commentCount":1,"publisher":{"@id":"https:\/\/inclusivenews.com.br\/#organization"},"image":{"@id":"https:\/\/inclusivenews.com.br\/?p=17867#primaryimage"},"thumbnailUrl":"http:\/\/inclusivenews.com.br\/wp-content\/uploads\/2010\/11\/alibre.jpg","articleSection":["NOT\u00cdCIAS"],"inLanguage":"pt-PT","potentialAction":[{"@type":"CommentAction","name":"Comment","target":["https:\/\/inclusivenews.com.br\/?p=17867#respond"]}]},{"@type":"WebPage","@id":"https:\/\/inclusivenews.com.br\/?p=17867","url":"https:\/\/inclusivenews.com.br\/?p=17867","name":"Carta Aberta em Defesa da Diferen\u00e7a e da Bibliodiversidade -","isPartOf":{"@id":"https:\/\/inclusivenews.com.br\/#website"},"primaryImageOfPage":{"@id":"https:\/\/inclusivenews.com.br\/?p=17867#primaryimage"},"image":{"@id":"https:\/\/inclusivenews.com.br\/?p=17867#primaryimage"},"thumbnailUrl":"http:\/\/inclusivenews.com.br\/wp-content\/uploads\/2010\/11\/alibre.jpg","datePublished":"2010-11-04T11:38:10+00:00","breadcrumb":{"@id":"https:\/\/inclusivenews.com.br\/?p=17867#breadcrumb"},"inLanguage":"pt-PT","potentialAction":[{"@type":"ReadAction","target":["https:\/\/inclusivenews.com.br\/?p=17867"]}]},{"@type":"ImageObject","inLanguage":"pt-PT","@id":"https:\/\/inclusivenews.com.br\/?p=17867#primaryimage","url":"","contentUrl":""},{"@type":"BreadcrumbList","@id":"https:\/\/inclusivenews.com.br\/?p=17867#breadcrumb","itemListElement":[{"@type":"ListItem","position":1,"name":"In\u00edcio","item":"https:\/\/inclusivenews.com.br\/"},{"@type":"ListItem","position":2,"name":"Carta Aberta em Defesa da Diferen\u00e7a e da Bibliodiversidade"}]},{"@type":"WebSite","@id":"https:\/\/inclusivenews.com.br\/#website","url":"https:\/\/inclusivenews.com.br\/","name":"Inclusive News","description":"Inclusive News","publisher":{"@id":"https:\/\/inclusivenews.com.br\/#organization"},"potentialAction":[{"@type":"SearchAction","target":{"@type":"EntryPoint","urlTemplate":"https:\/\/inclusivenews.com.br\/?s={search_term_string}"},"query-input":{"@type":"PropertyValueSpecification","valueRequired":true,"valueName":"search_term_string"}}],"inLanguage":"pt-PT"},{"@type":"Organization","@id":"https:\/\/inclusivenews.com.br\/#organization","name":"Inclusive - inclus\u00e3o e cidadania","url":"https:\/\/inclusivenews.com.br\/","logo":{"@type":"ImageObject","inLanguage":"pt-PT","@id":"https:\/\/inclusivenews.com.br\/#\/schema\/logo\/image\/","url":"https:\/\/inclusivenews.com.br\/wp-content\/uploads\/2024\/03\/@grandesite.png","contentUrl":"https:\/\/inclusivenews.com.br\/wp-content\/uploads\/2024\/03\/@grandesite.png","width":1080,"height":1080,"caption":"Inclusive - inclus\u00e3o e cidadania"},"image":{"@id":"https:\/\/inclusivenews.com.br\/#\/schema\/logo\/image\/"},"sameAs":["https:\/\/www.facebook.com\/agenciainclusive\/","https:\/\/www.instagram.com\/newsinclusive\/"]},{"@type":"Person","@id":"https:\/\/inclusivenews.com.br\/#\/schema\/person\/ae4ec7087559b8692fb33b6fffd2273b","name":"inclusivenews2024","image":{"@type":"ImageObject","inLanguage":"pt-PT","@id":"https:\/\/secure.gravatar.com\/avatar\/c5a7ef84c66fa914f55bc4f7ce26cfa275a3b9a1c5568b907bd184fb4dde7b40?s=96&d=mm&r=g","url":"https:\/\/secure.gravatar.com\/avatar\/c5a7ef84c66fa914f55bc4f7ce26cfa275a3b9a1c5568b907bd184fb4dde7b40?s=96&d=mm&r=g","contentUrl":"https:\/\/secure.gravatar.com\/avatar\/c5a7ef84c66fa914f55bc4f7ce26cfa275a3b9a1c5568b907bd184fb4dde7b40?s=96&d=mm&r=g","caption":"inclusivenews2024"},"sameAs":["https:\/\/inclusivenews.com.br"],"url":"https:\/\/inclusivenews.com.br\/?author=1"}]}},"_links":{"self":[{"href":"https:\/\/inclusivenews.com.br\/index.php?rest_route=\/wp\/v2\/posts\/17867","targetHints":{"allow":["GET"]}}],"collection":[{"href":"https:\/\/inclusivenews.com.br\/index.php?rest_route=\/wp\/v2\/posts"}],"about":[{"href":"https:\/\/inclusivenews.com.br\/index.php?rest_route=\/wp\/v2\/types\/post"}],"author":[{"embeddable":true,"href":"https:\/\/inclusivenews.com.br\/index.php?rest_route=\/wp\/v2\/users\/1"}],"replies":[{"embeddable":true,"href":"https:\/\/inclusivenews.com.br\/index.php?rest_route=%2Fwp%2Fv2%2Fcomments&post=17867"}],"version-history":[{"count":0,"href":"https:\/\/inclusivenews.com.br\/index.php?rest_route=\/wp\/v2\/posts\/17867\/revisions"}],"wp:attachment":[{"href":"https:\/\/inclusivenews.com.br\/index.php?rest_route=%2Fwp%2Fv2%2Fmedia&parent=17867"}],"wp:term":[{"taxonomy":"category","embeddable":true,"href":"https:\/\/inclusivenews.com.br\/index.php?rest_route=%2Fwp%2Fv2%2Fcategories&post=17867"},{"taxonomy":"post_tag","embeddable":true,"href":"https:\/\/inclusivenews.com.br\/index.php?rest_route=%2Fwp%2Fv2%2Ftags&post=17867"}],"curies":[{"name":"wp","href":"https:\/\/api.w.org\/{rel}","templated":true}]}}