{"id":17871,"date":"2010-11-04T08:46:10","date_gmt":"2010-11-04T11:46:10","guid":{"rendered":"http:\/\/www.inclusive.org.br\/?p=17871"},"modified":"2010-11-04T08:46:10","modified_gmt":"2010-11-04T11:46:10","slug":"3%c2%aa-semana-de-valorizacao-da-primeira-infancia-e-cultura-da-paz","status":"publish","type":"post","link":"https:\/\/inclusivenews.com.br\/?p=17871","title":{"rendered":"3\u00aa Semana de Valoriza\u00e7\u00e3o da Primeira Inf\u00e2ncia e Cultura da Paz"},"content":{"rendered":"<figure style=\"width: 300px\" class=\"wp-caption alignnone\"><img loading=\"lazy\" decoding=\"async\" title=\"Flyer promocional, texto transcrito abaixo (imagem de fundo: m\u00e3e e beb\u00ea)\" src=\"http:\/\/primeirainfancia.org.br\/wp-content\/uploads\/Inf%C3%A2ncia-e-Paz.jpg\" alt=\"Flyer promocional, texto transcrito abaixo (imagem de fundo: m\u00e3e e beb\u00ea)\" width=\"300\" height=\"372\" \/><figcaption class=\"wp-caption-text\"> <\/figcaption><\/figure>\n<p>Especialistas da Fran\u00e7a e Reino Unido, al\u00e9m do Brasil, se re\u00fanem em Bras\u00edlia, de 16 a 19 de novembro pr\u00f3ximo no Senado Federal, na 3\u00aa Semana de Valoriza\u00e7\u00e3o da Primeira Inf\u00e2ncia e Cultura da Paz, cujo tema central deste ano \u00e9 o \u201cA Import\u00e2ncia dos Primeiros La\u00e7os entre o Beb\u00ea e os Cuidadores\u201d. O objetivo \u00e9 sensibilizar e conscientizar o Poder P\u00fablico e a sociedade para a import\u00e2ncia do cuidado primordial nos primeiros anos de vida, per\u00edodo decisivo para a forma\u00e7\u00e3o do indiv\u00edduo, do seu car\u00e1ter, fundamental \u00e0 conviv\u00eancia social, \u00e0 cultura da paz e preven\u00e7\u00e3o da viol\u00eancia.<\/p>\n<p>Durante quatro dias ser\u00e3o debatidas quest\u00f5es para a elabora\u00e7\u00e3o de pol\u00edticas p\u00fablicas voltadas para a Primeira Inf\u00e2ncia, em v\u00e1rios n\u00edveis e setores, como a sa\u00fade, a educa\u00e7\u00e3o, a assist\u00eancia social, a cultura e os direitos da crian\u00e7a. Entre os participantes, legisladores, membros dos poderes Executivo e Judici\u00e1rio, profissionais das \u00e1reas de educa\u00e7\u00e3o, sa\u00fade, assist\u00eancia social, direitos humanos, planejamento urbano, gestores, pais, professores e estudantes.<\/p>\n<p>Entre os palestrantes Dr. Bernard Golse, chefe da Psiquiatria Infantil do Hospital Necker-Enfants Malades, da Fran\u00e7a, e professor das Universidades de Paris V e Paris VII; Dr. Sylvain Missonier, do Instituto de Psicologia da Universidade Paris X e da Maternidade do Hospital de Versailles (Fran\u00e7a) e brasileira\/brit\u00e2nica Dra Elvidina Nabuco Adamson-Macedo, professora em\u00e9rita da Universidade de Wolverhampton e membro da Se\u00e7\u00e3o Maternidade e Rec\u00e9m Nascidos da Royal Society of Medicine, de Londres.<\/p>\n<p><strong>O apego<\/strong><\/p>\n<p>O apego \u00e9 um la\u00e7o afetivo \u00edntimo e continuo entre duas ou mais pessoas e a literature, segundo a professora Euvidina, sugere uma rela\u00e7\u00e3o entre a qualidade do apego ou dos la\u00e7os afetivos com o desenvolvimento e a sa\u00fade mental do ser humano e os estudos tem vinculado um ambiente fetal desfavor\u00e1vel com consequ\u00eancias na sa\u00fade adulta, inclusive psicol\u00f3gica, com tend\u00eancias maiores a depress\u00e3o. Debater os cuidados necess\u00e1rios a m\u00e3e (e pai ou cuidadores) e o beb\u00ea como forma de preven\u00e7\u00e3o que facilite o desevolvimento de crian\u00e7as (e mais tarde adolescentes e adultos) saud\u00e1ves f\u00edsica e emocionalmente \u00e9 o principal prop\u00f3sito do simp\u00f3sio de confer\u00eancias e audi\u00eancia p\u00fablica.<\/p>\n<p>Outros aspectos ligados ao tema da Primeira Inf\u00e2ncia tamb\u00e9m serao abordados, como a relev\u00e2ncia do est\u00edmulo \u00e0 criatividade nos primeiros anos de vida; a import\u00e2ncia do di\u00e1logo e amplia\u00e7\u00e3o dos v\u00ednculos para a comunidade, inclusive em institui\u00e7\u00f5es de abrigamento e no acolhimento de crian\u00e7as em ado\u00e7\u00e3o; os cuidados com a depress\u00e3o maternal e paterna pr\u00e9 e p\u00f3s parto.<\/p>\n<p><strong>Exposi\u00e7\u00e3o Inf\u00e2ncia e Paz<\/strong><\/p>\n<p>Como parte da 3\u00aa Semana de Valoriza\u00e7\u00e3o da Primeira Inf\u00e2ncia e Cultura da Paz, confer\u00eancias, paineis e mesa de debates, complementados por oficinas e cursos especializados, exibi\u00e7\u00e3o de filmes e realiza\u00e7\u00e3o de uma exposi\u00e7\u00e3o, enfocando alguns dos grandes temas da inf\u00e2ncia nas \u00e1reas da: sa\u00fade, cultura, educa\u00e7\u00e3o, desenvolvimento social e direitos humanos.  A exposi\u00e7\u00e3o Inf\u00e2ncia e Paz, cujo tema ser\u00e1 o Os La\u00e7os Afetivos, ser\u00e1  exibida a convite da Alian\u00e7a Francesa. Al\u00e9m disso, sera realizada audi\u00eancia p\u00fablica conjunta nas Comiss\u00f5es de Educa\u00e7\u00e3o, Cultura e Esporte, Assuntos  Sociais e Direitos Humanos.<\/p>\n<p>3\u00aa Semana de Valoriza\u00e7\u00e3o da Primeira Inf\u00e2ncia e Cultura da Paz<br \/>\nLocais: Audit\u00f3rio Petr\u00f4nio Portela, no Senado Federal, Interlegis e no Instituto Legislativo Brasileiro (ILB)<br \/>\nInscri\u00e7\u00f5es: <a href=\"http:\/\/www.senado.gov.br\/infanciaepaz\">www.senado.gov.br\/infanciaepaz<\/a><br \/>\nInforma\u00e7\u00f5es: (61) 7813-6415<\/p>\n<p><strong>Fonte:<\/strong> Rede Nacional Primeria Inf\u00e2ncia<\/p>\n","protected":false},"excerpt":{"rendered":"<p>Como parte da 3\u00aa Semana de Valoriza\u00e7\u00e3o da Primeira Inf\u00e2ncia e Cultura da Paz, confer\u00eancias, pain\u00e9is e mesa de debates, complementados por oficinas e cursos especializados, exibi\u00e7\u00e3o de filmes e realiza\u00e7\u00e3o de uma exposi\u00e7\u00e3o, enfocando alguns dos grandes temas da inf\u00e2ncia nas \u00e1reas da: sa\u00fade, cultura, educa\u00e7\u00e3o, desenvolvimento social e direitos humanos.<\/p>\n","protected":false},"author":1,"featured_media":0,"comment_status":"open","ping_status":"open","sticky":false,"template":"","format":"standard","meta":{"site-container-style":"default","site-container-layout":"default","site-sidebar-layout":"default","disable-article-header":"default","disable-site-header":"default","disable-site-footer":"default","disable-content-area-spacing":"default","footnotes":""},"categories":[4],"tags":[60],"class_list":["post-17871","post","type-post","status-publish","format-standard","hentry","category-noticias","tag-infancia"],"yoast_head":"<!-- This site is optimized with the Yoast SEO plugin v27.4 - https:\/\/yoast.com\/product\/yoast-seo-wordpress\/ -->\n<title>3\u00aa Semana de Valoriza\u00e7\u00e3o da Primeira Inf\u00e2ncia e Cultura da Paz -<\/title>\n<meta name=\"robots\" content=\"index, follow, max-snippet:-1, max-image-preview:large, max-video-preview:-1\" \/>\n<link rel=\"canonical\" href=\"https:\/\/inclusivenews.com.br\/?p=17871\" \/>\n<meta property=\"og:locale\" content=\"pt_PT\" \/>\n<meta property=\"og:type\" content=\"article\" \/>\n<meta property=\"og:title\" content=\"3\u00aa Semana de Valoriza\u00e7\u00e3o da Primeira Inf\u00e2ncia e Cultura da Paz -\" \/>\n<meta property=\"og:description\" content=\"Como parte da 3\u00aa Semana de Valoriza\u00e7\u00e3o da Primeira Inf\u00e2ncia e Cultura da Paz, confer\u00eancias, pain\u00e9is e mesa de debates, complementados por oficinas e cursos especializados, exibi\u00e7\u00e3o de filmes e realiza\u00e7\u00e3o de uma exposi\u00e7\u00e3o, enfocando alguns dos grandes temas da inf\u00e2ncia nas \u00e1reas da: sa\u00fade, cultura, educa\u00e7\u00e3o, desenvolvimento social e direitos humanos.\" \/>\n<meta property=\"og:url\" content=\"https:\/\/inclusivenews.com.br\/?p=17871\" \/>\n<meta property=\"article:publisher\" content=\"https:\/\/www.facebook.com\/agenciainclusive\/\" \/>\n<meta property=\"article:published_time\" content=\"2010-11-04T11:46:10+00:00\" \/>\n<meta property=\"og:image\" content=\"http:\/\/primeirainfancia.org.br\/wp-content\/uploads\/Inf%C3%A2ncia-e-Paz.jpg\" \/>\n<meta name=\"author\" content=\"inclusivenews2024\" \/>\n<meta name=\"twitter:card\" content=\"summary_large_image\" \/>\n<meta name=\"twitter:label1\" content=\"Escrito por\" \/>\n\t<meta name=\"twitter:data1\" content=\"inclusivenews2024\" \/>\n\t<meta name=\"twitter:label2\" content=\"Tempo estimado de leitura\" \/>\n\t<meta name=\"twitter:data2\" content=\"3 minutos\" \/>\n<script type=\"application\/ld+json\" class=\"yoast-schema-graph\">{\"@context\":\"https:\\\/\\\/schema.org\",\"@graph\":[{\"@type\":\"Article\",\"@id\":\"https:\\\/\\\/inclusivenews.com.br\\\/?p=17871#article\",\"isPartOf\":{\"@id\":\"https:\\\/\\\/inclusivenews.com.br\\\/?p=17871\"},\"author\":{\"name\":\"inclusivenews2024\",\"@id\":\"https:\\\/\\\/inclusivenews.com.br\\\/#\\\/schema\\\/person\\\/ae4ec7087559b8692fb33b6fffd2273b\"},\"headline\":\"3\u00aa Semana de Valoriza\u00e7\u00e3o da Primeira Inf\u00e2ncia e Cultura da Paz\",\"datePublished\":\"2010-11-04T11:46:10+00:00\",\"mainEntityOfPage\":{\"@id\":\"https:\\\/\\\/inclusivenews.com.br\\\/?p=17871\"},\"wordCount\":643,\"commentCount\":0,\"publisher\":{\"@id\":\"https:\\\/\\\/inclusivenews.com.br\\\/#organization\"},\"image\":{\"@id\":\"https:\\\/\\\/inclusivenews.com.br\\\/?p=17871#primaryimage\"},\"thumbnailUrl\":\"http:\\\/\\\/primeirainfancia.org.br\\\/wp-content\\\/uploads\\\/Inf%C3%A2ncia-e-Paz.jpg\",\"keywords\":[\"Inf\u00e2ncia\"],\"articleSection\":[\"NOT\u00cdCIAS\"],\"inLanguage\":\"pt-PT\",\"potentialAction\":[{\"@type\":\"CommentAction\",\"name\":\"Comment\",\"target\":[\"https:\\\/\\\/inclusivenews.com.br\\\/?p=17871#respond\"]}]},{\"@type\":\"WebPage\",\"@id\":\"https:\\\/\\\/inclusivenews.com.br\\\/?p=17871\",\"url\":\"https:\\\/\\\/inclusivenews.com.br\\\/?p=17871\",\"name\":\"3\u00aa Semana de Valoriza\u00e7\u00e3o da Primeira Inf\u00e2ncia e Cultura da Paz -\",\"isPartOf\":{\"@id\":\"https:\\\/\\\/inclusivenews.com.br\\\/#website\"},\"primaryImageOfPage\":{\"@id\":\"https:\\\/\\\/inclusivenews.com.br\\\/?p=17871#primaryimage\"},\"image\":{\"@id\":\"https:\\\/\\\/inclusivenews.com.br\\\/?p=17871#primaryimage\"},\"thumbnailUrl\":\"http:\\\/\\\/primeirainfancia.org.br\\\/wp-content\\\/uploads\\\/Inf%C3%A2ncia-e-Paz.jpg\",\"datePublished\":\"2010-11-04T11:46:10+00:00\",\"breadcrumb\":{\"@id\":\"https:\\\/\\\/inclusivenews.com.br\\\/?p=17871#breadcrumb\"},\"inLanguage\":\"pt-PT\",\"potentialAction\":[{\"@type\":\"ReadAction\",\"target\":[\"https:\\\/\\\/inclusivenews.com.br\\\/?p=17871\"]}]},{\"@type\":\"ImageObject\",\"inLanguage\":\"pt-PT\",\"@id\":\"https:\\\/\\\/inclusivenews.com.br\\\/?p=17871#primaryimage\",\"url\":\"http:\\\/\\\/primeirainfancia.org.br\\\/wp-content\\\/uploads\\\/Inf%C3%A2ncia-e-Paz.jpg\",\"contentUrl\":\"http:\\\/\\\/primeirainfancia.org.br\\\/wp-content\\\/uploads\\\/Inf%C3%A2ncia-e-Paz.jpg\"},{\"@type\":\"BreadcrumbList\",\"@id\":\"https:\\\/\\\/inclusivenews.com.br\\\/?p=17871#breadcrumb\",\"itemListElement\":[{\"@type\":\"ListItem\",\"position\":1,\"name\":\"In\u00edcio\",\"item\":\"https:\\\/\\\/inclusivenews.com.br\\\/\"},{\"@type\":\"ListItem\",\"position\":2,\"name\":\"3\u00aa Semana de Valoriza\u00e7\u00e3o da Primeira Inf\u00e2ncia e Cultura da Paz\"}]},{\"@type\":\"WebSite\",\"@id\":\"https:\\\/\\\/inclusivenews.com.br\\\/#website\",\"url\":\"https:\\\/\\\/inclusivenews.com.br\\\/\",\"name\":\"Inclusive News\",\"description\":\"Inclusive News\",\"publisher\":{\"@id\":\"https:\\\/\\\/inclusivenews.com.br\\\/#organization\"},\"potentialAction\":[{\"@type\":\"SearchAction\",\"target\":{\"@type\":\"EntryPoint\",\"urlTemplate\":\"https:\\\/\\\/inclusivenews.com.br\\\/?s={search_term_string}\"},\"query-input\":{\"@type\":\"PropertyValueSpecification\",\"valueRequired\":true,\"valueName\":\"search_term_string\"}}],\"inLanguage\":\"pt-PT\"},{\"@type\":\"Organization\",\"@id\":\"https:\\\/\\\/inclusivenews.com.br\\\/#organization\",\"name\":\"Inclusive - inclus\u00e3o e cidadania\",\"url\":\"https:\\\/\\\/inclusivenews.com.br\\\/\",\"logo\":{\"@type\":\"ImageObject\",\"inLanguage\":\"pt-PT\",\"@id\":\"https:\\\/\\\/inclusivenews.com.br\\\/#\\\/schema\\\/logo\\\/image\\\/\",\"url\":\"https:\\\/\\\/inclusivenews.com.br\\\/wp-content\\\/uploads\\\/2024\\\/03\\\/@grandesite.png\",\"contentUrl\":\"https:\\\/\\\/inclusivenews.com.br\\\/wp-content\\\/uploads\\\/2024\\\/03\\\/@grandesite.png\",\"width\":1080,\"height\":1080,\"caption\":\"Inclusive - inclus\u00e3o e cidadania\"},\"image\":{\"@id\":\"https:\\\/\\\/inclusivenews.com.br\\\/#\\\/schema\\\/logo\\\/image\\\/\"},\"sameAs\":[\"https:\\\/\\\/www.facebook.com\\\/agenciainclusive\\\/\",\"https:\\\/\\\/www.instagram.com\\\/newsinclusive\\\/\"]},{\"@type\":\"Person\",\"@id\":\"https:\\\/\\\/inclusivenews.com.br\\\/#\\\/schema\\\/person\\\/ae4ec7087559b8692fb33b6fffd2273b\",\"name\":\"inclusivenews2024\",\"image\":{\"@type\":\"ImageObject\",\"inLanguage\":\"pt-PT\",\"@id\":\"https:\\\/\\\/secure.gravatar.com\\\/avatar\\\/c5a7ef84c66fa914f55bc4f7ce26cfa275a3b9a1c5568b907bd184fb4dde7b40?s=96&d=mm&r=g\",\"url\":\"https:\\\/\\\/secure.gravatar.com\\\/avatar\\\/c5a7ef84c66fa914f55bc4f7ce26cfa275a3b9a1c5568b907bd184fb4dde7b40?s=96&d=mm&r=g\",\"contentUrl\":\"https:\\\/\\\/secure.gravatar.com\\\/avatar\\\/c5a7ef84c66fa914f55bc4f7ce26cfa275a3b9a1c5568b907bd184fb4dde7b40?s=96&d=mm&r=g\",\"caption\":\"inclusivenews2024\"},\"sameAs\":[\"https:\\\/\\\/inclusivenews.com.br\"],\"url\":\"https:\\\/\\\/inclusivenews.com.br\\\/?author=1\"}]}<\/script>\n<!-- \/ Yoast SEO plugin. -->","yoast_head_json":{"title":"3\u00aa Semana de Valoriza\u00e7\u00e3o da Primeira Inf\u00e2ncia e Cultura da Paz -","robots":{"index":"index","follow":"follow","max-snippet":"max-snippet:-1","max-image-preview":"max-image-preview:large","max-video-preview":"max-video-preview:-1"},"canonical":"https:\/\/inclusivenews.com.br\/?p=17871","og_locale":"pt_PT","og_type":"article","og_title":"3\u00aa Semana de Valoriza\u00e7\u00e3o da Primeira Inf\u00e2ncia e Cultura da Paz -","og_description":"Como parte da 3\u00aa Semana de Valoriza\u00e7\u00e3o da Primeira Inf\u00e2ncia e Cultura da Paz, confer\u00eancias, pain\u00e9is e mesa de debates, complementados por oficinas e cursos especializados, exibi\u00e7\u00e3o de filmes e realiza\u00e7\u00e3o de uma exposi\u00e7\u00e3o, enfocando alguns dos grandes temas da inf\u00e2ncia nas \u00e1reas da: sa\u00fade, cultura, educa\u00e7\u00e3o, desenvolvimento social e direitos humanos.","og_url":"https:\/\/inclusivenews.com.br\/?p=17871","article_publisher":"https:\/\/www.facebook.com\/agenciainclusive\/","article_published_time":"2010-11-04T11:46:10+00:00","og_image":[{"url":"http:\/\/primeirainfancia.org.br\/wp-content\/uploads\/Inf%C3%A2ncia-e-Paz.jpg","type":"","width":"","height":""}],"author":"inclusivenews2024","twitter_card":"summary_large_image","twitter_misc":{"Escrito por":"inclusivenews2024","Tempo estimado de leitura":"3 minutos"},"schema":{"@context":"https:\/\/schema.org","@graph":[{"@type":"Article","@id":"https:\/\/inclusivenews.com.br\/?p=17871#article","isPartOf":{"@id":"https:\/\/inclusivenews.com.br\/?p=17871"},"author":{"name":"inclusivenews2024","@id":"https:\/\/inclusivenews.com.br\/#\/schema\/person\/ae4ec7087559b8692fb33b6fffd2273b"},"headline":"3\u00aa Semana de Valoriza\u00e7\u00e3o da Primeira Inf\u00e2ncia e Cultura da Paz","datePublished":"2010-11-04T11:46:10+00:00","mainEntityOfPage":{"@id":"https:\/\/inclusivenews.com.br\/?p=17871"},"wordCount":643,"commentCount":0,"publisher":{"@id":"https:\/\/inclusivenews.com.br\/#organization"},"image":{"@id":"https:\/\/inclusivenews.com.br\/?p=17871#primaryimage"},"thumbnailUrl":"http:\/\/primeirainfancia.org.br\/wp-content\/uploads\/Inf%C3%A2ncia-e-Paz.jpg","keywords":["Inf\u00e2ncia"],"articleSection":["NOT\u00cdCIAS"],"inLanguage":"pt-PT","potentialAction":[{"@type":"CommentAction","name":"Comment","target":["https:\/\/inclusivenews.com.br\/?p=17871#respond"]}]},{"@type":"WebPage","@id":"https:\/\/inclusivenews.com.br\/?p=17871","url":"https:\/\/inclusivenews.com.br\/?p=17871","name":"3\u00aa Semana de Valoriza\u00e7\u00e3o da Primeira Inf\u00e2ncia e Cultura da Paz -","isPartOf":{"@id":"https:\/\/inclusivenews.com.br\/#website"},"primaryImageOfPage":{"@id":"https:\/\/inclusivenews.com.br\/?p=17871#primaryimage"},"image":{"@id":"https:\/\/inclusivenews.com.br\/?p=17871#primaryimage"},"thumbnailUrl":"http:\/\/primeirainfancia.org.br\/wp-content\/uploads\/Inf%C3%A2ncia-e-Paz.jpg","datePublished":"2010-11-04T11:46:10+00:00","breadcrumb":{"@id":"https:\/\/inclusivenews.com.br\/?p=17871#breadcrumb"},"inLanguage":"pt-PT","potentialAction":[{"@type":"ReadAction","target":["https:\/\/inclusivenews.com.br\/?p=17871"]}]},{"@type":"ImageObject","inLanguage":"pt-PT","@id":"https:\/\/inclusivenews.com.br\/?p=17871#primaryimage","url":"http:\/\/primeirainfancia.org.br\/wp-content\/uploads\/Inf%C3%A2ncia-e-Paz.jpg","contentUrl":"http:\/\/primeirainfancia.org.br\/wp-content\/uploads\/Inf%C3%A2ncia-e-Paz.jpg"},{"@type":"BreadcrumbList","@id":"https:\/\/inclusivenews.com.br\/?p=17871#breadcrumb","itemListElement":[{"@type":"ListItem","position":1,"name":"In\u00edcio","item":"https:\/\/inclusivenews.com.br\/"},{"@type":"ListItem","position":2,"name":"3\u00aa Semana de Valoriza\u00e7\u00e3o da Primeira Inf\u00e2ncia e Cultura da Paz"}]},{"@type":"WebSite","@id":"https:\/\/inclusivenews.com.br\/#website","url":"https:\/\/inclusivenews.com.br\/","name":"Inclusive News","description":"Inclusive News","publisher":{"@id":"https:\/\/inclusivenews.com.br\/#organization"},"potentialAction":[{"@type":"SearchAction","target":{"@type":"EntryPoint","urlTemplate":"https:\/\/inclusivenews.com.br\/?s={search_term_string}"},"query-input":{"@type":"PropertyValueSpecification","valueRequired":true,"valueName":"search_term_string"}}],"inLanguage":"pt-PT"},{"@type":"Organization","@id":"https:\/\/inclusivenews.com.br\/#organization","name":"Inclusive - inclus\u00e3o e cidadania","url":"https:\/\/inclusivenews.com.br\/","logo":{"@type":"ImageObject","inLanguage":"pt-PT","@id":"https:\/\/inclusivenews.com.br\/#\/schema\/logo\/image\/","url":"https:\/\/inclusivenews.com.br\/wp-content\/uploads\/2024\/03\/@grandesite.png","contentUrl":"https:\/\/inclusivenews.com.br\/wp-content\/uploads\/2024\/03\/@grandesite.png","width":1080,"height":1080,"caption":"Inclusive - inclus\u00e3o e cidadania"},"image":{"@id":"https:\/\/inclusivenews.com.br\/#\/schema\/logo\/image\/"},"sameAs":["https:\/\/www.facebook.com\/agenciainclusive\/","https:\/\/www.instagram.com\/newsinclusive\/"]},{"@type":"Person","@id":"https:\/\/inclusivenews.com.br\/#\/schema\/person\/ae4ec7087559b8692fb33b6fffd2273b","name":"inclusivenews2024","image":{"@type":"ImageObject","inLanguage":"pt-PT","@id":"https:\/\/secure.gravatar.com\/avatar\/c5a7ef84c66fa914f55bc4f7ce26cfa275a3b9a1c5568b907bd184fb4dde7b40?s=96&d=mm&r=g","url":"https:\/\/secure.gravatar.com\/avatar\/c5a7ef84c66fa914f55bc4f7ce26cfa275a3b9a1c5568b907bd184fb4dde7b40?s=96&d=mm&r=g","contentUrl":"https:\/\/secure.gravatar.com\/avatar\/c5a7ef84c66fa914f55bc4f7ce26cfa275a3b9a1c5568b907bd184fb4dde7b40?s=96&d=mm&r=g","caption":"inclusivenews2024"},"sameAs":["https:\/\/inclusivenews.com.br"],"url":"https:\/\/inclusivenews.com.br\/?author=1"}]}},"_links":{"self":[{"href":"https:\/\/inclusivenews.com.br\/index.php?rest_route=\/wp\/v2\/posts\/17871","targetHints":{"allow":["GET"]}}],"collection":[{"href":"https:\/\/inclusivenews.com.br\/index.php?rest_route=\/wp\/v2\/posts"}],"about":[{"href":"https:\/\/inclusivenews.com.br\/index.php?rest_route=\/wp\/v2\/types\/post"}],"author":[{"embeddable":true,"href":"https:\/\/inclusivenews.com.br\/index.php?rest_route=\/wp\/v2\/users\/1"}],"replies":[{"embeddable":true,"href":"https:\/\/inclusivenews.com.br\/index.php?rest_route=%2Fwp%2Fv2%2Fcomments&post=17871"}],"version-history":[{"count":0,"href":"https:\/\/inclusivenews.com.br\/index.php?rest_route=\/wp\/v2\/posts\/17871\/revisions"}],"wp:attachment":[{"href":"https:\/\/inclusivenews.com.br\/index.php?rest_route=%2Fwp%2Fv2%2Fmedia&parent=17871"}],"wp:term":[{"taxonomy":"category","embeddable":true,"href":"https:\/\/inclusivenews.com.br\/index.php?rest_route=%2Fwp%2Fv2%2Fcategories&post=17871"},{"taxonomy":"post_tag","embeddable":true,"href":"https:\/\/inclusivenews.com.br\/index.php?rest_route=%2Fwp%2Fv2%2Ftags&post=17871"}],"curies":[{"name":"wp","href":"https:\/\/api.w.org\/{rel}","templated":true}]}}