{"id":17881,"date":"2010-11-04T08:42:12","date_gmt":"2010-11-04T11:42:12","guid":{"rendered":"http:\/\/www.inclusive.org.br\/?p=17881"},"modified":"2010-11-04T08:42:12","modified_gmt":"2010-11-04T11:42:12","slug":"brasil-continuidade-e-aceleracao","status":"publish","type":"post","link":"https:\/\/inclusivenews.com.br\/?p=17881","title":{"rendered":"Brasil: continuidade e acelera\u00e7\u00e3o"},"content":{"rendered":"<figure style=\"width: 216px\" class=\"wp-caption alignleft\"><img loading=\"lazy\" decoding=\"async\" title=\"Dilma Rousseff acenando\" src=\"http:\/\/www.envolverde.com.br\/fotos_novas\/83054.jpg\" alt=\"Dilma Rousseff acenando\" width=\"216\" height=\"144\" \/><figcaption class=\"wp-caption-text\">Foto: Roberto Stuycker Filho<\/figcaption><\/figure>\n<p><strong>Por Dilma Rousseff *<\/strong><\/p>\n<p>Bras\u00edlia, novembro\/2010 (IPS\/TerraViva) \u2013 O Brasil conseguiu cumprir com antecipa\u00e7\u00e3o a meta de redu\u00e7\u00e3o da pobreza acordada no contexto dos Objetivos de Desenvolvimento do Mil\u00eanio estabelecidos em Nova York, em setembro de 2000, por 170 chefes de Estado e de governo convocados pelas Na\u00e7\u00f5es Unidas. O prazo fixado para o cumprimento da meta \u00e9 2015.<\/p>\n<p>Pol\u00edticas p\u00fablicas orientadas para fazer do Brasil um pa\u00eds sem mis\u00e9ria foram adotadas com o maior vigor nos \u00faltimos oito anos, a partir de um projeto que garante o desenvolvimento econ\u00f4mico junto com a inclus\u00e3o social.<\/p>\n<p>Pela primeira vez em muitas d\u00e9cadas em nosso pa\u00eds o crescimento econ\u00f4mico e a distribui\u00e7\u00e3o da renda caminharam lado a lado e hoje somam 28 milh\u00f5es as pessoas que deixaram para tr\u00e1s a pobreza extrema neste per\u00edodo, ao mesmo tempo em que 29 milh\u00f5es de pessoas ascenderam socialmente \u00e0 classe m\u00e9dia neste pa\u00eds de 192 milh\u00f5es de habitantes.<\/p>\n<p>Mas ainda nos resta muito a fazer. Temos a absoluta convic\u00e7\u00e3o de que alcan\u00e7ar a condi\u00e7\u00e3o de na\u00e7\u00e3o desenvolvida imp\u00f5e como requisito a erradica\u00e7\u00e3o da mis\u00e9ria e exige que todas as brasileiras e todos os brasileiros tenham acesso a condi\u00e7\u00f5es de vida que lhes assegurem dignidade e cidadania. A supera\u00e7\u00e3o das chagas hist\u00f3ricas de pobreza e desigualdade no mundo exige, ainda, uma correla\u00e7\u00e3o internacional de for\u00e7as mais favor\u00e1veis a mudan\u00e7as desta natureza.<\/p>\n<p>Por esta raz\u00e3o, estamos convencidos de que a nova rela\u00e7\u00e3o pol\u00edtica do Brasil com o mundo \u00e9 a outra face das transforma\u00e7\u00f5es sociais. De fato, nosso pa\u00eds \u00e9 parte do grupo das 20 maiores economias do mundo, o G-20, criado em 1999, do Bric, integrado por Brasil, R\u00fassia, \u00cdndia e China, e do Ibsa, formado por \u00cdndia, Brasil e \u00c1frica do Sul.<\/p>\n<p>O compromisso que assumimos sobre a erradica\u00e7\u00e3o da mis\u00e9ria ser\u00e1 perseguido prioritariamente durante os pr\u00f3ximos anos. Uma nova geopol\u00edtica global deve levar em conta os desafios contempor\u00e2neos internacionais: a vit\u00f3ria contra a pobreza e as desigualdades, bem como a concretiza\u00e7\u00e3o de um modelo de desenvolvimento ambientalmente sustent\u00e1vel, s\u00e3o alguns desses desafios.<\/p>\n<p>Tamb\u00e9m sabemos que n\u00e3o pode haver paz sem desenvolvimento econ\u00f4mico e social. Em raz\u00e3o de suas realiza\u00e7\u00f5es no passado recente e de acordo com a posi\u00e7\u00e3o que ocupa no presente, o Brasil sabe que tem uma enorme contribui\u00e7\u00e3o a dar ao futuro do planeta.  IPS\/Envolverde<\/p>\n<p>* Dilma Rousseff, presidente eleita do Brasil pelo Partido dos Trabalhadores, ex-ministra de Minas e Energia e ex-chefe da Casa Civil do governo de Luiz In\u00e1cio Lula da Silva.<\/p>\n<p>___________________<br \/>\n<strong>Fonte:<\/strong> <a href=\"http:\/\/www.envolverde.com.br\/materia.php?cod=83054&amp;edt=9\">IPS\/Envolverde<\/a><\/p>\n","protected":false},"excerpt":{"rendered":"<p>Reproduzimos editorial preparado pela presidente eleita do Brasil, Dilma Rousseff. Da IPS\/Envolverde.<\/p>\n","protected":false},"author":1,"featured_media":0,"comment_status":"open","ping_status":"open","sticky":false,"template":"","format":"standard","meta":{"site-container-style":"default","site-container-layout":"default","site-sidebar-layout":"default","disable-article-header":"default","disable-site-header":"default","disable-site-footer":"default","disable-content-area-spacing":"default","footnotes":""},"categories":[4,8],"tags":[],"class_list":["post-17881","post","type-post","status-publish","format-standard","hentry","category-noticias","category-textos-e-artigos"],"yoast_head":"<!-- This site is optimized with the Yoast SEO plugin v27.4 - https:\/\/yoast.com\/product\/yoast-seo-wordpress\/ -->\n<title>Brasil: continuidade e acelera\u00e7\u00e3o -<\/title>\n<meta name=\"robots\" content=\"index, follow, max-snippet:-1, max-image-preview:large, max-video-preview:-1\" \/>\n<link rel=\"canonical\" href=\"https:\/\/inclusivenews.com.br\/?p=17881\" \/>\n<meta property=\"og:locale\" content=\"pt_PT\" \/>\n<meta property=\"og:type\" content=\"article\" \/>\n<meta property=\"og:title\" content=\"Brasil: continuidade e acelera\u00e7\u00e3o -\" \/>\n<meta property=\"og:description\" content=\"Reproduzimos editorial preparado pela presidente eleita do Brasil, Dilma Rousseff. Da IPS\/Envolverde.\" \/>\n<meta property=\"og:url\" content=\"https:\/\/inclusivenews.com.br\/?p=17881\" \/>\n<meta property=\"article:publisher\" content=\"https:\/\/www.facebook.com\/agenciainclusive\/\" \/>\n<meta property=\"article:published_time\" content=\"2010-11-04T11:42:12+00:00\" \/>\n<meta property=\"og:image\" content=\"http:\/\/www.envolverde.com.br\/fotos_novas\/83054.jpg\" \/>\n<meta name=\"author\" content=\"inclusivenews2024\" \/>\n<meta name=\"twitter:card\" content=\"summary_large_image\" \/>\n<meta name=\"twitter:label1\" content=\"Escrito por\" \/>\n\t<meta name=\"twitter:data1\" content=\"inclusivenews2024\" \/>\n\t<meta name=\"twitter:label2\" content=\"Tempo estimado de leitura\" \/>\n\t<meta name=\"twitter:data2\" content=\"2 minutos\" \/>\n<script type=\"application\/ld+json\" class=\"yoast-schema-graph\">{\"@context\":\"https:\\\/\\\/schema.org\",\"@graph\":[{\"@type\":\"Article\",\"@id\":\"https:\\\/\\\/inclusivenews.com.br\\\/?p=17881#article\",\"isPartOf\":{\"@id\":\"https:\\\/\\\/inclusivenews.com.br\\\/?p=17881\"},\"author\":{\"name\":\"inclusivenews2024\",\"@id\":\"https:\\\/\\\/inclusivenews.com.br\\\/#\\\/schema\\\/person\\\/ae4ec7087559b8692fb33b6fffd2273b\"},\"headline\":\"Brasil: continuidade e acelera\u00e7\u00e3o\",\"datePublished\":\"2010-11-04T11:42:12+00:00\",\"mainEntityOfPage\":{\"@id\":\"https:\\\/\\\/inclusivenews.com.br\\\/?p=17881\"},\"wordCount\":477,\"commentCount\":0,\"publisher\":{\"@id\":\"https:\\\/\\\/inclusivenews.com.br\\\/#organization\"},\"image\":{\"@id\":\"https:\\\/\\\/inclusivenews.com.br\\\/?p=17881#primaryimage\"},\"thumbnailUrl\":\"http:\\\/\\\/www.envolverde.com.br\\\/fotos_novas\\\/83054.jpg\",\"articleSection\":[\"NOT\u00cdCIAS\",\"OPINI\u00c3O\"],\"inLanguage\":\"pt-PT\",\"potentialAction\":[{\"@type\":\"CommentAction\",\"name\":\"Comment\",\"target\":[\"https:\\\/\\\/inclusivenews.com.br\\\/?p=17881#respond\"]}]},{\"@type\":\"WebPage\",\"@id\":\"https:\\\/\\\/inclusivenews.com.br\\\/?p=17881\",\"url\":\"https:\\\/\\\/inclusivenews.com.br\\\/?p=17881\",\"name\":\"Brasil: continuidade e acelera\u00e7\u00e3o -\",\"isPartOf\":{\"@id\":\"https:\\\/\\\/inclusivenews.com.br\\\/#website\"},\"primaryImageOfPage\":{\"@id\":\"https:\\\/\\\/inclusivenews.com.br\\\/?p=17881#primaryimage\"},\"image\":{\"@id\":\"https:\\\/\\\/inclusivenews.com.br\\\/?p=17881#primaryimage\"},\"thumbnailUrl\":\"http:\\\/\\\/www.envolverde.com.br\\\/fotos_novas\\\/83054.jpg\",\"datePublished\":\"2010-11-04T11:42:12+00:00\",\"breadcrumb\":{\"@id\":\"https:\\\/\\\/inclusivenews.com.br\\\/?p=17881#breadcrumb\"},\"inLanguage\":\"pt-PT\",\"potentialAction\":[{\"@type\":\"ReadAction\",\"target\":[\"https:\\\/\\\/inclusivenews.com.br\\\/?p=17881\"]}]},{\"@type\":\"ImageObject\",\"inLanguage\":\"pt-PT\",\"@id\":\"https:\\\/\\\/inclusivenews.com.br\\\/?p=17881#primaryimage\",\"url\":\"http:\\\/\\\/www.envolverde.com.br\\\/fotos_novas\\\/83054.jpg\",\"contentUrl\":\"http:\\\/\\\/www.envolverde.com.br\\\/fotos_novas\\\/83054.jpg\"},{\"@type\":\"BreadcrumbList\",\"@id\":\"https:\\\/\\\/inclusivenews.com.br\\\/?p=17881#breadcrumb\",\"itemListElement\":[{\"@type\":\"ListItem\",\"position\":1,\"name\":\"In\u00edcio\",\"item\":\"https:\\\/\\\/inclusivenews.com.br\\\/\"},{\"@type\":\"ListItem\",\"position\":2,\"name\":\"Brasil: continuidade e acelera\u00e7\u00e3o\"}]},{\"@type\":\"WebSite\",\"@id\":\"https:\\\/\\\/inclusivenews.com.br\\\/#website\",\"url\":\"https:\\\/\\\/inclusivenews.com.br\\\/\",\"name\":\"Inclusive News\",\"description\":\"Inclusive News\",\"publisher\":{\"@id\":\"https:\\\/\\\/inclusivenews.com.br\\\/#organization\"},\"potentialAction\":[{\"@type\":\"SearchAction\",\"target\":{\"@type\":\"EntryPoint\",\"urlTemplate\":\"https:\\\/\\\/inclusivenews.com.br\\\/?s={search_term_string}\"},\"query-input\":{\"@type\":\"PropertyValueSpecification\",\"valueRequired\":true,\"valueName\":\"search_term_string\"}}],\"inLanguage\":\"pt-PT\"},{\"@type\":\"Organization\",\"@id\":\"https:\\\/\\\/inclusivenews.com.br\\\/#organization\",\"name\":\"Inclusive - inclus\u00e3o e cidadania\",\"url\":\"https:\\\/\\\/inclusivenews.com.br\\\/\",\"logo\":{\"@type\":\"ImageObject\",\"inLanguage\":\"pt-PT\",\"@id\":\"https:\\\/\\\/inclusivenews.com.br\\\/#\\\/schema\\\/logo\\\/image\\\/\",\"url\":\"https:\\\/\\\/inclusivenews.com.br\\\/wp-content\\\/uploads\\\/2024\\\/03\\\/@grandesite.png\",\"contentUrl\":\"https:\\\/\\\/inclusivenews.com.br\\\/wp-content\\\/uploads\\\/2024\\\/03\\\/@grandesite.png\",\"width\":1080,\"height\":1080,\"caption\":\"Inclusive - inclus\u00e3o e cidadania\"},\"image\":{\"@id\":\"https:\\\/\\\/inclusivenews.com.br\\\/#\\\/schema\\\/logo\\\/image\\\/\"},\"sameAs\":[\"https:\\\/\\\/www.facebook.com\\\/agenciainclusive\\\/\",\"https:\\\/\\\/www.instagram.com\\\/newsinclusive\\\/\"]},{\"@type\":\"Person\",\"@id\":\"https:\\\/\\\/inclusivenews.com.br\\\/#\\\/schema\\\/person\\\/ae4ec7087559b8692fb33b6fffd2273b\",\"name\":\"inclusivenews2024\",\"image\":{\"@type\":\"ImageObject\",\"inLanguage\":\"pt-PT\",\"@id\":\"https:\\\/\\\/secure.gravatar.com\\\/avatar\\\/c5a7ef84c66fa914f55bc4f7ce26cfa275a3b9a1c5568b907bd184fb4dde7b40?s=96&d=mm&r=g\",\"url\":\"https:\\\/\\\/secure.gravatar.com\\\/avatar\\\/c5a7ef84c66fa914f55bc4f7ce26cfa275a3b9a1c5568b907bd184fb4dde7b40?s=96&d=mm&r=g\",\"contentUrl\":\"https:\\\/\\\/secure.gravatar.com\\\/avatar\\\/c5a7ef84c66fa914f55bc4f7ce26cfa275a3b9a1c5568b907bd184fb4dde7b40?s=96&d=mm&r=g\",\"caption\":\"inclusivenews2024\"},\"sameAs\":[\"https:\\\/\\\/inclusivenews.com.br\"],\"url\":\"https:\\\/\\\/inclusivenews.com.br\\\/?author=1\"}]}<\/script>\n<!-- \/ Yoast SEO plugin. -->","yoast_head_json":{"title":"Brasil: continuidade e acelera\u00e7\u00e3o -","robots":{"index":"index","follow":"follow","max-snippet":"max-snippet:-1","max-image-preview":"max-image-preview:large","max-video-preview":"max-video-preview:-1"},"canonical":"https:\/\/inclusivenews.com.br\/?p=17881","og_locale":"pt_PT","og_type":"article","og_title":"Brasil: continuidade e acelera\u00e7\u00e3o -","og_description":"Reproduzimos editorial preparado pela presidente eleita do Brasil, Dilma Rousseff. Da IPS\/Envolverde.","og_url":"https:\/\/inclusivenews.com.br\/?p=17881","article_publisher":"https:\/\/www.facebook.com\/agenciainclusive\/","article_published_time":"2010-11-04T11:42:12+00:00","og_image":[{"url":"http:\/\/www.envolverde.com.br\/fotos_novas\/83054.jpg","type":"","width":"","height":""}],"author":"inclusivenews2024","twitter_card":"summary_large_image","twitter_misc":{"Escrito por":"inclusivenews2024","Tempo estimado de leitura":"2 minutos"},"schema":{"@context":"https:\/\/schema.org","@graph":[{"@type":"Article","@id":"https:\/\/inclusivenews.com.br\/?p=17881#article","isPartOf":{"@id":"https:\/\/inclusivenews.com.br\/?p=17881"},"author":{"name":"inclusivenews2024","@id":"https:\/\/inclusivenews.com.br\/#\/schema\/person\/ae4ec7087559b8692fb33b6fffd2273b"},"headline":"Brasil: continuidade e acelera\u00e7\u00e3o","datePublished":"2010-11-04T11:42:12+00:00","mainEntityOfPage":{"@id":"https:\/\/inclusivenews.com.br\/?p=17881"},"wordCount":477,"commentCount":0,"publisher":{"@id":"https:\/\/inclusivenews.com.br\/#organization"},"image":{"@id":"https:\/\/inclusivenews.com.br\/?p=17881#primaryimage"},"thumbnailUrl":"http:\/\/www.envolverde.com.br\/fotos_novas\/83054.jpg","articleSection":["NOT\u00cdCIAS","OPINI\u00c3O"],"inLanguage":"pt-PT","potentialAction":[{"@type":"CommentAction","name":"Comment","target":["https:\/\/inclusivenews.com.br\/?p=17881#respond"]}]},{"@type":"WebPage","@id":"https:\/\/inclusivenews.com.br\/?p=17881","url":"https:\/\/inclusivenews.com.br\/?p=17881","name":"Brasil: continuidade e acelera\u00e7\u00e3o -","isPartOf":{"@id":"https:\/\/inclusivenews.com.br\/#website"},"primaryImageOfPage":{"@id":"https:\/\/inclusivenews.com.br\/?p=17881#primaryimage"},"image":{"@id":"https:\/\/inclusivenews.com.br\/?p=17881#primaryimage"},"thumbnailUrl":"http:\/\/www.envolverde.com.br\/fotos_novas\/83054.jpg","datePublished":"2010-11-04T11:42:12+00:00","breadcrumb":{"@id":"https:\/\/inclusivenews.com.br\/?p=17881#breadcrumb"},"inLanguage":"pt-PT","potentialAction":[{"@type":"ReadAction","target":["https:\/\/inclusivenews.com.br\/?p=17881"]}]},{"@type":"ImageObject","inLanguage":"pt-PT","@id":"https:\/\/inclusivenews.com.br\/?p=17881#primaryimage","url":"http:\/\/www.envolverde.com.br\/fotos_novas\/83054.jpg","contentUrl":"http:\/\/www.envolverde.com.br\/fotos_novas\/83054.jpg"},{"@type":"BreadcrumbList","@id":"https:\/\/inclusivenews.com.br\/?p=17881#breadcrumb","itemListElement":[{"@type":"ListItem","position":1,"name":"In\u00edcio","item":"https:\/\/inclusivenews.com.br\/"},{"@type":"ListItem","position":2,"name":"Brasil: continuidade e acelera\u00e7\u00e3o"}]},{"@type":"WebSite","@id":"https:\/\/inclusivenews.com.br\/#website","url":"https:\/\/inclusivenews.com.br\/","name":"Inclusive News","description":"Inclusive News","publisher":{"@id":"https:\/\/inclusivenews.com.br\/#organization"},"potentialAction":[{"@type":"SearchAction","target":{"@type":"EntryPoint","urlTemplate":"https:\/\/inclusivenews.com.br\/?s={search_term_string}"},"query-input":{"@type":"PropertyValueSpecification","valueRequired":true,"valueName":"search_term_string"}}],"inLanguage":"pt-PT"},{"@type":"Organization","@id":"https:\/\/inclusivenews.com.br\/#organization","name":"Inclusive - inclus\u00e3o e cidadania","url":"https:\/\/inclusivenews.com.br\/","logo":{"@type":"ImageObject","inLanguage":"pt-PT","@id":"https:\/\/inclusivenews.com.br\/#\/schema\/logo\/image\/","url":"https:\/\/inclusivenews.com.br\/wp-content\/uploads\/2024\/03\/@grandesite.png","contentUrl":"https:\/\/inclusivenews.com.br\/wp-content\/uploads\/2024\/03\/@grandesite.png","width":1080,"height":1080,"caption":"Inclusive - inclus\u00e3o e cidadania"},"image":{"@id":"https:\/\/inclusivenews.com.br\/#\/schema\/logo\/image\/"},"sameAs":["https:\/\/www.facebook.com\/agenciainclusive\/","https:\/\/www.instagram.com\/newsinclusive\/"]},{"@type":"Person","@id":"https:\/\/inclusivenews.com.br\/#\/schema\/person\/ae4ec7087559b8692fb33b6fffd2273b","name":"inclusivenews2024","image":{"@type":"ImageObject","inLanguage":"pt-PT","@id":"https:\/\/secure.gravatar.com\/avatar\/c5a7ef84c66fa914f55bc4f7ce26cfa275a3b9a1c5568b907bd184fb4dde7b40?s=96&d=mm&r=g","url":"https:\/\/secure.gravatar.com\/avatar\/c5a7ef84c66fa914f55bc4f7ce26cfa275a3b9a1c5568b907bd184fb4dde7b40?s=96&d=mm&r=g","contentUrl":"https:\/\/secure.gravatar.com\/avatar\/c5a7ef84c66fa914f55bc4f7ce26cfa275a3b9a1c5568b907bd184fb4dde7b40?s=96&d=mm&r=g","caption":"inclusivenews2024"},"sameAs":["https:\/\/inclusivenews.com.br"],"url":"https:\/\/inclusivenews.com.br\/?author=1"}]}},"_links":{"self":[{"href":"https:\/\/inclusivenews.com.br\/index.php?rest_route=\/wp\/v2\/posts\/17881","targetHints":{"allow":["GET"]}}],"collection":[{"href":"https:\/\/inclusivenews.com.br\/index.php?rest_route=\/wp\/v2\/posts"}],"about":[{"href":"https:\/\/inclusivenews.com.br\/index.php?rest_route=\/wp\/v2\/types\/post"}],"author":[{"embeddable":true,"href":"https:\/\/inclusivenews.com.br\/index.php?rest_route=\/wp\/v2\/users\/1"}],"replies":[{"embeddable":true,"href":"https:\/\/inclusivenews.com.br\/index.php?rest_route=%2Fwp%2Fv2%2Fcomments&post=17881"}],"version-history":[{"count":0,"href":"https:\/\/inclusivenews.com.br\/index.php?rest_route=\/wp\/v2\/posts\/17881\/revisions"}],"wp:attachment":[{"href":"https:\/\/inclusivenews.com.br\/index.php?rest_route=%2Fwp%2Fv2%2Fmedia&parent=17881"}],"wp:term":[{"taxonomy":"category","embeddable":true,"href":"https:\/\/inclusivenews.com.br\/index.php?rest_route=%2Fwp%2Fv2%2Fcategories&post=17881"},{"taxonomy":"post_tag","embeddable":true,"href":"https:\/\/inclusivenews.com.br\/index.php?rest_route=%2Fwp%2Fv2%2Ftags&post=17881"}],"curies":[{"name":"wp","href":"https:\/\/api.w.org\/{rel}","templated":true}]}}