{"id":17900,"date":"2010-11-11T08:24:24","date_gmt":"2010-11-11T11:24:24","guid":{"rendered":"http:\/\/www.inclusive.org.br\/?p=17900"},"modified":"2010-11-11T08:24:24","modified_gmt":"2010-11-11T11:24:24","slug":"idh-d-reflete-fossos-no-desenvolvimento","status":"publish","type":"post","link":"https:\/\/inclusivenews.com.br\/?p=17900","title":{"rendered":"IDH-D reflete fossos no desenvolvimento"},"content":{"rendered":"<figure style=\"width: 181px\" class=\"wp-caption alignleft\"><img loading=\"lazy\" decoding=\"async\" title=\"Capa do relat\u00f3rio\" src=\"http:\/\/www.pnud.org.br\/public\/imgc3593.jpg\" alt=\"Capa do relat\u00f3rio\" width=\"181\" height=\"221\" \/><figcaption class=\"wp-caption-text\"> <\/figcaption><\/figure>\n<p><a href=\"http:\/\/hdr.undp.org\/en\/media\/HDR_2010_PT_Complete.pdf\">Fa\u00e7a o download do relat\u00f3rio em portugu\u00eas neste link (17,555 Kb).<\/a><\/p>\n<p>O \u00cdndice de Desenvolvimento Humano (IDH) mundial recua 21,7% se forem levadas em conta as disparidades nas tr\u00eas dimens\u00f5es \u2013 educa\u00e7\u00e3o, longevidade e renda. \u00c9 o que aponta o \u00cdndice de Desenvolvimento Humano ajustado \u00e0 Desigualdade (IDH-D), uma das inova\u00e7\u00f5es introduzidas pelo 20\u00ba Relat\u00f3rio de Desenvolvimento Humano (RDH), lan\u00e7ado nesta quinta-feira pelo PNUD, em Nova York.<\/p>\n<p>A perda \u00e9 maior em n\u00edvel global est\u00e1 no sub\u00edndice de educa\u00e7\u00e3o (que inclui disparidades na escolaridade m\u00e9dia dos adultos e no n\u00famero m\u00e9dio de anos de estudos esperados): 28,2%. As diferen\u00e7as de padr\u00e3o de vida \u2013 medido pela renda nacional bruta per capita \u2013 corroem 22,7% do sub\u00edndice dessa dimens\u00e3o. J\u00e1 o \u00edndice de expectativa de vida, quando ajustado pela desigualdade, perde 21,3%.<\/p>\n<p>Essa tend\u00eancia se repete em uma das regi\u00f5es mais populosas do globo, o Sul da \u00c1sia, e nos Pa\u00edses \u00c1rabes. Na Am\u00e9rica Latina e Caribe, no Leste da \u00c1sia e Pac\u00edfico e na Europa e \u00c1sia Central, o impacto \u00e9 maior no sub\u00edndice de renda. Na parte de menor desenvolvimento humano do planeta, a \u00c1frica Subsaariana, s\u00e3o as desigualdades na expectativa de vida que pesam mais.<\/p>\n<p><img loading=\"lazy\" decoding=\"async\" class=\"alignnone\" src=\"http:\/\/www.pnud.org.br\/public\/imgn4293.jpg\" alt=\"\" width=\"421\" height=\"415\" \/><\/p>\n<p>\u201cEm mais de um ter\u00e7o dos pa\u00edses, a desigualdade na sa\u00fade, na educa\u00e7\u00e3o ou em ambas excede a desigualdade relativa ao rendimento\u201d, afirma o relat\u00f3rio. \u201cA varia\u00e7\u00e3o da perda vai de 4% (Isl\u00e2ndia) a 59% (Afeganist\u00e3o) na sa\u00fade, de 1% (Rep\u00fablica Tcheca) a 50% (I\u00eamen) na educa\u00e7\u00e3o, e de 4% (Azerbaij\u00e3o) a 68% (Nam\u00edbia) no rendimento\u201d, detalha.<\/p>\n<p>O Brasil segue o padr\u00e3o latino-americano. O IDH brasileiro tem queda de 27,2% em raz\u00e3o da desigualdade. A perda no sub\u00edndice de renda (37,6%) \u00e9 maior que na educa\u00e7\u00e3o (25,7%) e na expectativa de vida (16,6%). A varia\u00e7\u00e3o percentual leva em conta os valores absolutos de cada uma das dimens\u00f5es.<\/p>\n<p>Num ranking com os 139 pa\u00edses e territ\u00f3rios para os quais h\u00e1 dados sobre disparidade, o Brasil fica em 55\u00ba no IDH convencional e em 70\u00ba no IDH-D \u2013 o que significa dizer que o pa\u00eds cai 15 posi\u00e7\u00f5es devido \u00e0 desigualdade.<\/p>\n<p>O relat\u00f3rio aponta, por\u00e9m, que o o ritmo de queda do IDH pela desigualdade vem se desacelerando: saiu de 31% em 2000, para 28,5% em 2005 e para 27,2% em 2010. Isso reflete o decl\u00ednio da desigualdade em todas as dimens\u00f5es.<\/p>\n<p>O estudo afirma que o enfrentamento das diferen\u00e7as na sa\u00fade e na educa\u00e7\u00e3o \u00e9 \u201cuma das maiores dificuldades\u201d das autoridades em v\u00e1rias partes do mundo. Na \u00e1rea de sa\u00fade, avalia o texto, s\u00e3o necess\u00e1rios \u201cprogra\u00acmas para reduzir a lacuna do acesso aos servi\u00e7os p\u00fablicos \u2013 como programas de vacina\u00e7\u00e3o \u2013 entre ricos e pobres\u201d. Na educa\u00e7\u00e3o, \u00e9 preciso mais esfor\u00e7os para promover o acesso equitativo ao ensino p\u00fablico.<\/p>\n<p><img loading=\"lazy\" decoding=\"async\" class=\"alignnone\" src=\"http:\/\/www.pnud.org.br\/public\/imgn4295.jpg\" alt=\"\" width=\"413\" height=\"401\" \/><\/p>\n<p>___________<\/p>\n<p><strong>Fonte:<\/strong> <a href=\"http:\/\/www.pnud.org.br\/pobreza_desigualdade\/reportagens\/index.php?id01=3599&amp;lay=pde\">PNUD<\/a><\/p>\n","protected":false},"excerpt":{"rendered":"<p>Relat\u00f3rio lan\u00e7a indicador que ajusta \u00cdndice de Desenvolvimento Humano \u00e0s desigualdades em educa\u00e7\u00e3o, expectativa de vida e renda. Informa\u00e7\u00e3o \u00e9 do PNUD. (Dispon\u00edvel para download)<\/p>\n","protected":false},"author":1,"featured_media":0,"comment_status":"open","ping_status":"open","sticky":false,"template":"","format":"standard","meta":{"site-container-style":"default","site-container-layout":"default","site-sidebar-layout":"default","disable-article-header":"default","disable-site-header":"default","disable-site-footer":"default","disable-content-area-spacing":"default","footnotes":""},"categories":[11,52,4,10,117],"tags":[],"class_list":["post-17900","post","type-post","status-publish","format-standard","hentry","category-direitos-humanos","category-downloadables","category-noticias","category-publicacoes","category-relatorios"],"yoast_head":"<!-- This site is optimized with the Yoast SEO plugin v27.4 - https:\/\/yoast.com\/product\/yoast-seo-wordpress\/ -->\n<title>IDH-D reflete fossos no desenvolvimento -<\/title>\n<meta name=\"robots\" content=\"index, follow, max-snippet:-1, max-image-preview:large, max-video-preview:-1\" \/>\n<link rel=\"canonical\" href=\"https:\/\/inclusivenews.com.br\/?p=17900\" \/>\n<meta property=\"og:locale\" content=\"pt_PT\" \/>\n<meta property=\"og:type\" content=\"article\" \/>\n<meta property=\"og:title\" content=\"IDH-D reflete fossos no desenvolvimento -\" \/>\n<meta property=\"og:description\" content=\"Relat\u00f3rio lan\u00e7a indicador que ajusta \u00cdndice de Desenvolvimento Humano \u00e0s desigualdades em educa\u00e7\u00e3o, expectativa de vida e renda. Informa\u00e7\u00e3o \u00e9 do PNUD. (Dispon\u00edvel para download)\" \/>\n<meta property=\"og:url\" content=\"https:\/\/inclusivenews.com.br\/?p=17900\" \/>\n<meta property=\"article:publisher\" content=\"https:\/\/www.facebook.com\/agenciainclusive\/\" \/>\n<meta property=\"article:published_time\" content=\"2010-11-11T11:24:24+00:00\" \/>\n<meta property=\"og:image\" content=\"http:\/\/www.pnud.org.br\/public\/imgc3593.jpg\" \/>\n<meta name=\"author\" content=\"inclusivenews2024\" \/>\n<meta name=\"twitter:card\" content=\"summary_large_image\" \/>\n<meta name=\"twitter:label1\" content=\"Escrito por\" \/>\n\t<meta name=\"twitter:data1\" content=\"inclusivenews2024\" \/>\n\t<meta name=\"twitter:label2\" content=\"Tempo estimado de leitura\" \/>\n\t<meta name=\"twitter:data2\" content=\"2 minutos\" \/>\n<script type=\"application\/ld+json\" class=\"yoast-schema-graph\">{\"@context\":\"https:\\\/\\\/schema.org\",\"@graph\":[{\"@type\":\"Article\",\"@id\":\"https:\\\/\\\/inclusivenews.com.br\\\/?p=17900#article\",\"isPartOf\":{\"@id\":\"https:\\\/\\\/inclusivenews.com.br\\\/?p=17900\"},\"author\":{\"name\":\"inclusivenews2024\",\"@id\":\"https:\\\/\\\/inclusivenews.com.br\\\/#\\\/schema\\\/person\\\/ae4ec7087559b8692fb33b6fffd2273b\"},\"headline\":\"IDH-D reflete fossos no desenvolvimento\",\"datePublished\":\"2010-11-11T11:24:24+00:00\",\"mainEntityOfPage\":{\"@id\":\"https:\\\/\\\/inclusivenews.com.br\\\/?p=17900\"},\"wordCount\":497,\"commentCount\":1,\"publisher\":{\"@id\":\"https:\\\/\\\/inclusivenews.com.br\\\/#organization\"},\"image\":{\"@id\":\"https:\\\/\\\/inclusivenews.com.br\\\/?p=17900#primaryimage\"},\"thumbnailUrl\":\"http:\\\/\\\/www.pnud.org.br\\\/public\\\/imgc3593.jpg\",\"articleSection\":[\"DIREITOS HUMANOS\",\"Downloadables\",\"NOT\u00cdCIAS\",\"PUBLICA\u00c7\u00d5ES\",\"Relat\u00f3rios\"],\"inLanguage\":\"pt-PT\",\"potentialAction\":[{\"@type\":\"CommentAction\",\"name\":\"Comment\",\"target\":[\"https:\\\/\\\/inclusivenews.com.br\\\/?p=17900#respond\"]}]},{\"@type\":\"WebPage\",\"@id\":\"https:\\\/\\\/inclusivenews.com.br\\\/?p=17900\",\"url\":\"https:\\\/\\\/inclusivenews.com.br\\\/?p=17900\",\"name\":\"IDH-D reflete fossos no desenvolvimento -\",\"isPartOf\":{\"@id\":\"https:\\\/\\\/inclusivenews.com.br\\\/#website\"},\"primaryImageOfPage\":{\"@id\":\"https:\\\/\\\/inclusivenews.com.br\\\/?p=17900#primaryimage\"},\"image\":{\"@id\":\"https:\\\/\\\/inclusivenews.com.br\\\/?p=17900#primaryimage\"},\"thumbnailUrl\":\"http:\\\/\\\/www.pnud.org.br\\\/public\\\/imgc3593.jpg\",\"datePublished\":\"2010-11-11T11:24:24+00:00\",\"breadcrumb\":{\"@id\":\"https:\\\/\\\/inclusivenews.com.br\\\/?p=17900#breadcrumb\"},\"inLanguage\":\"pt-PT\",\"potentialAction\":[{\"@type\":\"ReadAction\",\"target\":[\"https:\\\/\\\/inclusivenews.com.br\\\/?p=17900\"]}]},{\"@type\":\"ImageObject\",\"inLanguage\":\"pt-PT\",\"@id\":\"https:\\\/\\\/inclusivenews.com.br\\\/?p=17900#primaryimage\",\"url\":\"http:\\\/\\\/www.pnud.org.br\\\/public\\\/imgc3593.jpg\",\"contentUrl\":\"http:\\\/\\\/www.pnud.org.br\\\/public\\\/imgc3593.jpg\"},{\"@type\":\"BreadcrumbList\",\"@id\":\"https:\\\/\\\/inclusivenews.com.br\\\/?p=17900#breadcrumb\",\"itemListElement\":[{\"@type\":\"ListItem\",\"position\":1,\"name\":\"In\u00edcio\",\"item\":\"https:\\\/\\\/inclusivenews.com.br\\\/\"},{\"@type\":\"ListItem\",\"position\":2,\"name\":\"IDH-D reflete fossos no desenvolvimento\"}]},{\"@type\":\"WebSite\",\"@id\":\"https:\\\/\\\/inclusivenews.com.br\\\/#website\",\"url\":\"https:\\\/\\\/inclusivenews.com.br\\\/\",\"name\":\"Inclusive News\",\"description\":\"Inclusive News\",\"publisher\":{\"@id\":\"https:\\\/\\\/inclusivenews.com.br\\\/#organization\"},\"potentialAction\":[{\"@type\":\"SearchAction\",\"target\":{\"@type\":\"EntryPoint\",\"urlTemplate\":\"https:\\\/\\\/inclusivenews.com.br\\\/?s={search_term_string}\"},\"query-input\":{\"@type\":\"PropertyValueSpecification\",\"valueRequired\":true,\"valueName\":\"search_term_string\"}}],\"inLanguage\":\"pt-PT\"},{\"@type\":\"Organization\",\"@id\":\"https:\\\/\\\/inclusivenews.com.br\\\/#organization\",\"name\":\"Inclusive - inclus\u00e3o e cidadania\",\"url\":\"https:\\\/\\\/inclusivenews.com.br\\\/\",\"logo\":{\"@type\":\"ImageObject\",\"inLanguage\":\"pt-PT\",\"@id\":\"https:\\\/\\\/inclusivenews.com.br\\\/#\\\/schema\\\/logo\\\/image\\\/\",\"url\":\"https:\\\/\\\/inclusivenews.com.br\\\/wp-content\\\/uploads\\\/2024\\\/03\\\/@grandesite.png\",\"contentUrl\":\"https:\\\/\\\/inclusivenews.com.br\\\/wp-content\\\/uploads\\\/2024\\\/03\\\/@grandesite.png\",\"width\":1080,\"height\":1080,\"caption\":\"Inclusive - inclus\u00e3o e cidadania\"},\"image\":{\"@id\":\"https:\\\/\\\/inclusivenews.com.br\\\/#\\\/schema\\\/logo\\\/image\\\/\"},\"sameAs\":[\"https:\\\/\\\/www.facebook.com\\\/agenciainclusive\\\/\",\"https:\\\/\\\/www.instagram.com\\\/newsinclusive\\\/\"]},{\"@type\":\"Person\",\"@id\":\"https:\\\/\\\/inclusivenews.com.br\\\/#\\\/schema\\\/person\\\/ae4ec7087559b8692fb33b6fffd2273b\",\"name\":\"inclusivenews2024\",\"image\":{\"@type\":\"ImageObject\",\"inLanguage\":\"pt-PT\",\"@id\":\"https:\\\/\\\/secure.gravatar.com\\\/avatar\\\/c5a7ef84c66fa914f55bc4f7ce26cfa275a3b9a1c5568b907bd184fb4dde7b40?s=96&d=mm&r=g\",\"url\":\"https:\\\/\\\/secure.gravatar.com\\\/avatar\\\/c5a7ef84c66fa914f55bc4f7ce26cfa275a3b9a1c5568b907bd184fb4dde7b40?s=96&d=mm&r=g\",\"contentUrl\":\"https:\\\/\\\/secure.gravatar.com\\\/avatar\\\/c5a7ef84c66fa914f55bc4f7ce26cfa275a3b9a1c5568b907bd184fb4dde7b40?s=96&d=mm&r=g\",\"caption\":\"inclusivenews2024\"},\"sameAs\":[\"https:\\\/\\\/inclusivenews.com.br\"],\"url\":\"https:\\\/\\\/inclusivenews.com.br\\\/?author=1\"}]}<\/script>\n<!-- \/ Yoast SEO plugin. -->","yoast_head_json":{"title":"IDH-D reflete fossos no desenvolvimento -","robots":{"index":"index","follow":"follow","max-snippet":"max-snippet:-1","max-image-preview":"max-image-preview:large","max-video-preview":"max-video-preview:-1"},"canonical":"https:\/\/inclusivenews.com.br\/?p=17900","og_locale":"pt_PT","og_type":"article","og_title":"IDH-D reflete fossos no desenvolvimento -","og_description":"Relat\u00f3rio lan\u00e7a indicador que ajusta \u00cdndice de Desenvolvimento Humano \u00e0s desigualdades em educa\u00e7\u00e3o, expectativa de vida e renda. Informa\u00e7\u00e3o \u00e9 do PNUD. (Dispon\u00edvel para download)","og_url":"https:\/\/inclusivenews.com.br\/?p=17900","article_publisher":"https:\/\/www.facebook.com\/agenciainclusive\/","article_published_time":"2010-11-11T11:24:24+00:00","og_image":[{"url":"http:\/\/www.pnud.org.br\/public\/imgc3593.jpg","type":"","width":"","height":""}],"author":"inclusivenews2024","twitter_card":"summary_large_image","twitter_misc":{"Escrito por":"inclusivenews2024","Tempo estimado de leitura":"2 minutos"},"schema":{"@context":"https:\/\/schema.org","@graph":[{"@type":"Article","@id":"https:\/\/inclusivenews.com.br\/?p=17900#article","isPartOf":{"@id":"https:\/\/inclusivenews.com.br\/?p=17900"},"author":{"name":"inclusivenews2024","@id":"https:\/\/inclusivenews.com.br\/#\/schema\/person\/ae4ec7087559b8692fb33b6fffd2273b"},"headline":"IDH-D reflete fossos no desenvolvimento","datePublished":"2010-11-11T11:24:24+00:00","mainEntityOfPage":{"@id":"https:\/\/inclusivenews.com.br\/?p=17900"},"wordCount":497,"commentCount":1,"publisher":{"@id":"https:\/\/inclusivenews.com.br\/#organization"},"image":{"@id":"https:\/\/inclusivenews.com.br\/?p=17900#primaryimage"},"thumbnailUrl":"http:\/\/www.pnud.org.br\/public\/imgc3593.jpg","articleSection":["DIREITOS HUMANOS","Downloadables","NOT\u00cdCIAS","PUBLICA\u00c7\u00d5ES","Relat\u00f3rios"],"inLanguage":"pt-PT","potentialAction":[{"@type":"CommentAction","name":"Comment","target":["https:\/\/inclusivenews.com.br\/?p=17900#respond"]}]},{"@type":"WebPage","@id":"https:\/\/inclusivenews.com.br\/?p=17900","url":"https:\/\/inclusivenews.com.br\/?p=17900","name":"IDH-D reflete fossos no desenvolvimento -","isPartOf":{"@id":"https:\/\/inclusivenews.com.br\/#website"},"primaryImageOfPage":{"@id":"https:\/\/inclusivenews.com.br\/?p=17900#primaryimage"},"image":{"@id":"https:\/\/inclusivenews.com.br\/?p=17900#primaryimage"},"thumbnailUrl":"http:\/\/www.pnud.org.br\/public\/imgc3593.jpg","datePublished":"2010-11-11T11:24:24+00:00","breadcrumb":{"@id":"https:\/\/inclusivenews.com.br\/?p=17900#breadcrumb"},"inLanguage":"pt-PT","potentialAction":[{"@type":"ReadAction","target":["https:\/\/inclusivenews.com.br\/?p=17900"]}]},{"@type":"ImageObject","inLanguage":"pt-PT","@id":"https:\/\/inclusivenews.com.br\/?p=17900#primaryimage","url":"http:\/\/www.pnud.org.br\/public\/imgc3593.jpg","contentUrl":"http:\/\/www.pnud.org.br\/public\/imgc3593.jpg"},{"@type":"BreadcrumbList","@id":"https:\/\/inclusivenews.com.br\/?p=17900#breadcrumb","itemListElement":[{"@type":"ListItem","position":1,"name":"In\u00edcio","item":"https:\/\/inclusivenews.com.br\/"},{"@type":"ListItem","position":2,"name":"IDH-D reflete fossos no desenvolvimento"}]},{"@type":"WebSite","@id":"https:\/\/inclusivenews.com.br\/#website","url":"https:\/\/inclusivenews.com.br\/","name":"Inclusive News","description":"Inclusive News","publisher":{"@id":"https:\/\/inclusivenews.com.br\/#organization"},"potentialAction":[{"@type":"SearchAction","target":{"@type":"EntryPoint","urlTemplate":"https:\/\/inclusivenews.com.br\/?s={search_term_string}"},"query-input":{"@type":"PropertyValueSpecification","valueRequired":true,"valueName":"search_term_string"}}],"inLanguage":"pt-PT"},{"@type":"Organization","@id":"https:\/\/inclusivenews.com.br\/#organization","name":"Inclusive - inclus\u00e3o e cidadania","url":"https:\/\/inclusivenews.com.br\/","logo":{"@type":"ImageObject","inLanguage":"pt-PT","@id":"https:\/\/inclusivenews.com.br\/#\/schema\/logo\/image\/","url":"https:\/\/inclusivenews.com.br\/wp-content\/uploads\/2024\/03\/@grandesite.png","contentUrl":"https:\/\/inclusivenews.com.br\/wp-content\/uploads\/2024\/03\/@grandesite.png","width":1080,"height":1080,"caption":"Inclusive - inclus\u00e3o e cidadania"},"image":{"@id":"https:\/\/inclusivenews.com.br\/#\/schema\/logo\/image\/"},"sameAs":["https:\/\/www.facebook.com\/agenciainclusive\/","https:\/\/www.instagram.com\/newsinclusive\/"]},{"@type":"Person","@id":"https:\/\/inclusivenews.com.br\/#\/schema\/person\/ae4ec7087559b8692fb33b6fffd2273b","name":"inclusivenews2024","image":{"@type":"ImageObject","inLanguage":"pt-PT","@id":"https:\/\/secure.gravatar.com\/avatar\/c5a7ef84c66fa914f55bc4f7ce26cfa275a3b9a1c5568b907bd184fb4dde7b40?s=96&d=mm&r=g","url":"https:\/\/secure.gravatar.com\/avatar\/c5a7ef84c66fa914f55bc4f7ce26cfa275a3b9a1c5568b907bd184fb4dde7b40?s=96&d=mm&r=g","contentUrl":"https:\/\/secure.gravatar.com\/avatar\/c5a7ef84c66fa914f55bc4f7ce26cfa275a3b9a1c5568b907bd184fb4dde7b40?s=96&d=mm&r=g","caption":"inclusivenews2024"},"sameAs":["https:\/\/inclusivenews.com.br"],"url":"https:\/\/inclusivenews.com.br\/?author=1"}]}},"_links":{"self":[{"href":"https:\/\/inclusivenews.com.br\/index.php?rest_route=\/wp\/v2\/posts\/17900","targetHints":{"allow":["GET"]}}],"collection":[{"href":"https:\/\/inclusivenews.com.br\/index.php?rest_route=\/wp\/v2\/posts"}],"about":[{"href":"https:\/\/inclusivenews.com.br\/index.php?rest_route=\/wp\/v2\/types\/post"}],"author":[{"embeddable":true,"href":"https:\/\/inclusivenews.com.br\/index.php?rest_route=\/wp\/v2\/users\/1"}],"replies":[{"embeddable":true,"href":"https:\/\/inclusivenews.com.br\/index.php?rest_route=%2Fwp%2Fv2%2Fcomments&post=17900"}],"version-history":[{"count":0,"href":"https:\/\/inclusivenews.com.br\/index.php?rest_route=\/wp\/v2\/posts\/17900\/revisions"}],"wp:attachment":[{"href":"https:\/\/inclusivenews.com.br\/index.php?rest_route=%2Fwp%2Fv2%2Fmedia&parent=17900"}],"wp:term":[{"taxonomy":"category","embeddable":true,"href":"https:\/\/inclusivenews.com.br\/index.php?rest_route=%2Fwp%2Fv2%2Fcategories&post=17900"},{"taxonomy":"post_tag","embeddable":true,"href":"https:\/\/inclusivenews.com.br\/index.php?rest_route=%2Fwp%2Fv2%2Ftags&post=17900"}],"curies":[{"name":"wp","href":"https:\/\/api.w.org\/{rel}","templated":true}]}}