{"id":17901,"date":"2010-11-11T08:30:49","date_gmt":"2010-11-11T11:30:49","guid":{"rendered":"http:\/\/www.inclusive.org.br\/?p=17901"},"modified":"2010-11-11T08:30:49","modified_gmt":"2010-11-11T11:30:49","slug":"quem-puxa-o-gatilho","status":"publish","type":"post","link":"https:\/\/inclusivenews.com.br\/?p=17901","title":{"rendered":"Quem puxa o gatilho?"},"content":{"rendered":"<p><strong><\/p>\n<figure style=\"width: 169px\" class=\"wp-caption alignleft\"><img loading=\"lazy\" decoding=\"async\" class=\" \" title=\"Cartaz do filme Tropa de Elite 2, onde um policial aparece armado\" src=\"http:\/\/i204.photobucket.com\/albums\/bb124\/paulolima01\/Sem%20Demora\/tropadeelite2-281x400.jpg\" alt=\"Cartaz do filme Tropa de Elite 2, onde um policial aparece armado\" width=\"169\" height=\"240\" \/><figcaption class=\"wp-caption-text\"> <\/figcaption><\/figure>\n<p>Por Antonio Engelke *, para o Ibase<\/p>\n<p><\/strong><\/p>\n<p>A julgar pelas cr\u00edticas das revistas Carta Capital e Veja, toda a expectativa em torno de \u201cTropa de Elite 2\u201d n\u00e3o se justifica. \u201cCarta\u201d acusa Jos\u00e9 Padilha de ser um cineasta com muitas certezas e nenhuma d\u00favida, e afirma que o filme n\u00e3o faz mais do que buscar a reconfortante anu\u00eancia do espectador. Veja chega a dizer que \u201cTropa 2\u201d \u00e9 \u201ccinema de primeira\u201d, mas isso apenas em fun\u00e7\u00e3o de suas qualidades est\u00e9ticas (\u201cum filme vertiginoso, um thriller \u00e1gil e envolvente\u201d). Em ambos os casos, o leitor n\u00e3o encontra nenhuma an\u00e1lise ou coment\u00e1rio mais aprofundado sobre o conte\u00fado do filme. Para al\u00e9m de um breve resumo da trama, nada \u00e9 dito sobre suas quest\u00f5es impl\u00edcitas ou implica\u00e7\u00f5es pol\u00edticas. Uma omiss\u00e3o e tanto, se levarmos em conta que estamos diante de duas das publica\u00e7\u00f5es mais politizadas da imprensa brasileira.<\/p>\n<p>\u201cTropa 2\u201d \u00e9 de fato um filme explicado demais, e nele h\u00e1 pouco espa\u00e7o para nuances. Mas critic\u00e1-lo em fun\u00e7\u00e3o do dogmatismo que supostamente o anima n\u00e3o diz nada acerca do essencial. Um filme feito sobre certezas pode acabar suscitando d\u00favidas, e vice-versa. O problema \u00e9 saber que tipo de questionamento as certezas destiladas em \u201cTropa 2\u201d levantam. \u00c9 a\u00ed que a cr\u00edtica de Carta Capital erra o alvo. Padilha n\u00e3o investiu \u201capenas nas certezas de seu p\u00fablico\u201d. Fez o contr\u00e1rio: desconstruiu as certezas que ele mesmo havia ajudado a criar. Quem em 2007 aplaudiu a trucul\u00eancia do Capit\u00e3o Nascimento deve agora sair do cinema com um gosto amargo na boca. Ter\u00e1 aprendido, com o filme, que a demanda popular por uma pol\u00edtica de seguran\u00e7a p\u00fablica baseada exclusivamente no confronto est\u00e1 na raiz da engrenagem que gerou n\u00e3o apenas as mil\u00edcias, mas tamb\u00e9m a perversa l\u00f3gica eleitoral a elas associada.<\/p>\n<p>Curiosamente, essa \u00e9 a mesma raz\u00e3o pela qual Veja elogia em \u201cTropa 2\u201d apenas o verniz est\u00e9tico. O primeiro filme foi saudado nas p\u00e1ginas da revista por haver colocado \u201cos pingos nos is\u201d, mostrando que \u201cbandidos s\u00e3o bandidos, e n\u00e3o v\u00edtimas da quest\u00e3o social&#8221;. Isso importava porque, segundo Veja, o Brasil seria \u201cum pa\u00eds de ideias fora do lugar por causa da afec\u00e7\u00e3o ideol\u00f3gica esquerdista que inverte pap\u00e9is, transformando criminosos em mocinhos e mocinhos em criminosos.\u201d Mas, na esteira da den\u00fancia da realidade mafiosa das mil\u00edcias, \u201cTropa 2\u201d implodiu o tosco binarismo interpretativo que atravessa as p\u00e1ginas de Veja. O Capit\u00e3o Nascimento que inicia o filme zombando do personagem Diogo Fraga, ent\u00e3o mais um \u201cesquerdista defensor dos direitos humanos\u201d, s\u00f3 chega ao final da trama como her\u00f3i por haver reconhecido nele a \u00fanica voz l\u00facida em meio ao caos de corrup\u00e7\u00e3o e viol\u00eancia. Fraga decifrou, antes de todos, o funcionamento do \u201csistema\u201d.<\/p>\n<p>\u00c9 sintom\u00e1tico que o \u201csistema\u201d, personagem principal do filme, tenha sido ignorado por ambas as cr\u00edticas. A quest\u00e3o do \u201csistema\u201d havia sido colocada no primeiro \u201cTropa\u201d, mas acabou ofuscada pelo espet\u00e1culo glorificador da viol\u00eancia dos \u201cCaveiras\u201d. N\u00e3o \u00e9 o que acontece desta vez. \u201cTropa 2\u201d \u00e9 antes de tudo uma aula de sociologia: a intervalos regulares, somos lembrados pela narrativa em off de Wagner Moura que o \u201csistema\u201d opera por uma l\u00f3gica pr\u00f3pria que, quando amea\u00e7ada, refaz-se a fim de garantir sua perpetua\u00e7\u00e3o. Transcende a mera vontade dos indiv\u00edduos, e exerce sobre eles press\u00e3o incontorn\u00e1vel. Constrange inclusive atores pol\u00edticos poderosos, como a imprensa. Tudo \u00e9 parte de um c\u00e1lculo eleitoral que tem a p\u00f3lvora por unidade b\u00e1sica de medida: se os governantes derramarem sangue de bandido em quantidades suficientes para dar \u00e0 sociedade a (falsa) sensa\u00e7\u00e3o de seguran\u00e7a, ter\u00e3o o reconhecimento nas urnas, e a continuidade no poder assegurada. N\u00e3o sem raz\u00e3o, Nascimento diz ao final do filme que o policial n\u00e3o puxa o gatilho sozinho. O que ele n\u00e3o diz, mas deixa subentendido, \u00e9 que bandidos tamb\u00e9m n\u00e3o puxam gatilhos sozinhos. Todos s\u00e3o pe\u00f5es de um jogo social e pol\u00edtico que os engloba, escraviza e m\u00f3i. S\u00f3 ent\u00e3o Nascimento entende aquilo que dizia quando era um soldado do Bope \u2013 que o \u201csistema\u201d n\u00e3o trabalha para resolver os problemas da sociedade, mas sim os problemas do pr\u00f3prio \u201csistema.\u201d<\/p>\n<p>Veja e Carta Capital n\u00e3o discutem as li\u00e7\u00f5es que se podem extrair de \u201cTropa de Elite 2\u201d porque as obrigaria a fazer algo que a rigidez t\u00edpica dos dogmatismos n\u00e3o permite: rever opini\u00f5es e, quem sabe, mud\u00e1-las. Seria preciso reconhecer que Padilha, afinal, n\u00e3o era fascista. E que os \u201cesquerdistas\u201d t\u00eam raz\u00e3o quando dizem que o crime n\u00e3o \u00e9 apenas um desvio individual, mas um problema estruturado socialmente, e que portanto uma pol\u00edtica de seguran\u00e7a p\u00fablica exclusivamente belicista jamais poder\u00e1 dar conta de solucion\u00e1-lo.<\/p>\n<p>*Doutorando em ci\u00eancias sociais pela PUC-RJ.<\/p>\n<p>___________<\/p>\n<p><strong>Fonte:<\/strong> <a href=\"http:\/\/www.ibase.br\/modules.php?name=Conteudo&amp;pid=2947\">Ibase<\/a><\/p>\n","protected":false},"excerpt":{"rendered":"<p>&#8216;Tropa 2&#8217; \u00e9 uma aula de sociologia: somos lembrados pela narrativa em off de Wagner Moura que o &#8216;sistema&#8217; opera por uma l\u00f3gica pr\u00f3pria que, quando amea\u00e7ada, refaz-se.\u201d Confira a an\u00e1lise do doutorando em ci\u00eancias sociais, Antonio Engelke, para o Ibase e reproduzida aqui.<\/p>\n","protected":false},"author":1,"featured_media":0,"comment_status":"open","ping_status":"open","sticky":false,"template":"","format":"standard","meta":{"site-container-style":"default","site-container-layout":"default","site-sidebar-layout":"default","disable-article-header":"default","disable-site-header":"default","disable-site-footer":"default","disable-content-area-spacing":"default","footnotes":""},"categories":[36,29,11,4,8],"tags":[94],"class_list":["post-17901","post","type-post","status-publish","format-standard","hentry","category-colunas-especiais","category-cultura","category-direitos-humanos","category-noticias","category-textos-e-artigos","tag-violencia"],"yoast_head":"<!-- This site is optimized with the Yoast SEO plugin v27.4 - https:\/\/yoast.com\/product\/yoast-seo-wordpress\/ -->\n<title>Quem puxa o gatilho? -<\/title>\n<meta name=\"robots\" content=\"index, follow, max-snippet:-1, max-image-preview:large, max-video-preview:-1\" \/>\n<link rel=\"canonical\" href=\"https:\/\/inclusivenews.com.br\/?p=17901\" \/>\n<meta property=\"og:locale\" content=\"pt_PT\" \/>\n<meta property=\"og:type\" content=\"article\" \/>\n<meta property=\"og:title\" content=\"Quem puxa o gatilho? -\" \/>\n<meta property=\"og:description\" content=\"&#039;Tropa 2&#039; \u00e9 uma aula de sociologia: somos lembrados pela narrativa em off de Wagner Moura que o &#039;sistema&#039; opera por uma l\u00f3gica pr\u00f3pria que, quando amea\u00e7ada, refaz-se.\u201d Confira a an\u00e1lise do doutorando em ci\u00eancias sociais, Antonio Engelke, para o Ibase e reproduzida aqui.\" \/>\n<meta property=\"og:url\" content=\"https:\/\/inclusivenews.com.br\/?p=17901\" \/>\n<meta property=\"article:publisher\" content=\"https:\/\/www.facebook.com\/agenciainclusive\/\" \/>\n<meta property=\"article:published_time\" content=\"2010-11-11T11:30:49+00:00\" \/>\n<meta property=\"og:image\" content=\"http:\/\/i204.photobucket.com\/albums\/bb124\/paulolima01\/Sem%20Demora\/tropadeelite2-281x400.jpg\" \/>\n<meta name=\"author\" content=\"inclusivenews2024\" \/>\n<meta name=\"twitter:card\" content=\"summary_large_image\" \/>\n<meta name=\"twitter:label1\" content=\"Escrito por\" \/>\n\t<meta name=\"twitter:data1\" content=\"inclusivenews2024\" \/>\n\t<meta name=\"twitter:label2\" content=\"Tempo estimado de leitura\" \/>\n\t<meta name=\"twitter:data2\" content=\"4 minutos\" \/>\n<script type=\"application\/ld+json\" class=\"yoast-schema-graph\">{\"@context\":\"https:\\\/\\\/schema.org\",\"@graph\":[{\"@type\":\"Article\",\"@id\":\"https:\\\/\\\/inclusivenews.com.br\\\/?p=17901#article\",\"isPartOf\":{\"@id\":\"https:\\\/\\\/inclusivenews.com.br\\\/?p=17901\"},\"author\":{\"name\":\"inclusivenews2024\",\"@id\":\"https:\\\/\\\/inclusivenews.com.br\\\/#\\\/schema\\\/person\\\/ae4ec7087559b8692fb33b6fffd2273b\"},\"headline\":\"Quem puxa o gatilho?\",\"datePublished\":\"2010-11-11T11:30:49+00:00\",\"mainEntityOfPage\":{\"@id\":\"https:\\\/\\\/inclusivenews.com.br\\\/?p=17901\"},\"wordCount\":859,\"commentCount\":0,\"publisher\":{\"@id\":\"https:\\\/\\\/inclusivenews.com.br\\\/#organization\"},\"image\":{\"@id\":\"https:\\\/\\\/inclusivenews.com.br\\\/?p=17901#primaryimage\"},\"thumbnailUrl\":\"http:\\\/\\\/i204.photobucket.com\\\/albums\\\/bb124\\\/paulolima01\\\/Sem%20Demora\\\/tropadeelite2-281x400.jpg\",\"keywords\":[\"Viol\u00eancia\"],\"articleSection\":[\"Colunas especiais\",\"Cultura\",\"DIREITOS HUMANOS\",\"NOT\u00cdCIAS\",\"OPINI\u00c3O\"],\"inLanguage\":\"pt-PT\",\"potentialAction\":[{\"@type\":\"CommentAction\",\"name\":\"Comment\",\"target\":[\"https:\\\/\\\/inclusivenews.com.br\\\/?p=17901#respond\"]}]},{\"@type\":\"WebPage\",\"@id\":\"https:\\\/\\\/inclusivenews.com.br\\\/?p=17901\",\"url\":\"https:\\\/\\\/inclusivenews.com.br\\\/?p=17901\",\"name\":\"Quem puxa o gatilho? -\",\"isPartOf\":{\"@id\":\"https:\\\/\\\/inclusivenews.com.br\\\/#website\"},\"primaryImageOfPage\":{\"@id\":\"https:\\\/\\\/inclusivenews.com.br\\\/?p=17901#primaryimage\"},\"image\":{\"@id\":\"https:\\\/\\\/inclusivenews.com.br\\\/?p=17901#primaryimage\"},\"thumbnailUrl\":\"http:\\\/\\\/i204.photobucket.com\\\/albums\\\/bb124\\\/paulolima01\\\/Sem%20Demora\\\/tropadeelite2-281x400.jpg\",\"datePublished\":\"2010-11-11T11:30:49+00:00\",\"breadcrumb\":{\"@id\":\"https:\\\/\\\/inclusivenews.com.br\\\/?p=17901#breadcrumb\"},\"inLanguage\":\"pt-PT\",\"potentialAction\":[{\"@type\":\"ReadAction\",\"target\":[\"https:\\\/\\\/inclusivenews.com.br\\\/?p=17901\"]}]},{\"@type\":\"ImageObject\",\"inLanguage\":\"pt-PT\",\"@id\":\"https:\\\/\\\/inclusivenews.com.br\\\/?p=17901#primaryimage\",\"url\":\"http:\\\/\\\/i204.photobucket.com\\\/albums\\\/bb124\\\/paulolima01\\\/Sem%20Demora\\\/tropadeelite2-281x400.jpg\",\"contentUrl\":\"http:\\\/\\\/i204.photobucket.com\\\/albums\\\/bb124\\\/paulolima01\\\/Sem%20Demora\\\/tropadeelite2-281x400.jpg\"},{\"@type\":\"BreadcrumbList\",\"@id\":\"https:\\\/\\\/inclusivenews.com.br\\\/?p=17901#breadcrumb\",\"itemListElement\":[{\"@type\":\"ListItem\",\"position\":1,\"name\":\"In\u00edcio\",\"item\":\"https:\\\/\\\/inclusivenews.com.br\\\/\"},{\"@type\":\"ListItem\",\"position\":2,\"name\":\"Quem puxa o gatilho?\"}]},{\"@type\":\"WebSite\",\"@id\":\"https:\\\/\\\/inclusivenews.com.br\\\/#website\",\"url\":\"https:\\\/\\\/inclusivenews.com.br\\\/\",\"name\":\"Inclusive News\",\"description\":\"Inclusive News\",\"publisher\":{\"@id\":\"https:\\\/\\\/inclusivenews.com.br\\\/#organization\"},\"potentialAction\":[{\"@type\":\"SearchAction\",\"target\":{\"@type\":\"EntryPoint\",\"urlTemplate\":\"https:\\\/\\\/inclusivenews.com.br\\\/?s={search_term_string}\"},\"query-input\":{\"@type\":\"PropertyValueSpecification\",\"valueRequired\":true,\"valueName\":\"search_term_string\"}}],\"inLanguage\":\"pt-PT\"},{\"@type\":\"Organization\",\"@id\":\"https:\\\/\\\/inclusivenews.com.br\\\/#organization\",\"name\":\"Inclusive - inclus\u00e3o e cidadania\",\"url\":\"https:\\\/\\\/inclusivenews.com.br\\\/\",\"logo\":{\"@type\":\"ImageObject\",\"inLanguage\":\"pt-PT\",\"@id\":\"https:\\\/\\\/inclusivenews.com.br\\\/#\\\/schema\\\/logo\\\/image\\\/\",\"url\":\"https:\\\/\\\/inclusivenews.com.br\\\/wp-content\\\/uploads\\\/2024\\\/03\\\/@grandesite.png\",\"contentUrl\":\"https:\\\/\\\/inclusivenews.com.br\\\/wp-content\\\/uploads\\\/2024\\\/03\\\/@grandesite.png\",\"width\":1080,\"height\":1080,\"caption\":\"Inclusive - inclus\u00e3o e cidadania\"},\"image\":{\"@id\":\"https:\\\/\\\/inclusivenews.com.br\\\/#\\\/schema\\\/logo\\\/image\\\/\"},\"sameAs\":[\"https:\\\/\\\/www.facebook.com\\\/agenciainclusive\\\/\",\"https:\\\/\\\/www.instagram.com\\\/newsinclusive\\\/\"]},{\"@type\":\"Person\",\"@id\":\"https:\\\/\\\/inclusivenews.com.br\\\/#\\\/schema\\\/person\\\/ae4ec7087559b8692fb33b6fffd2273b\",\"name\":\"inclusivenews2024\",\"image\":{\"@type\":\"ImageObject\",\"inLanguage\":\"pt-PT\",\"@id\":\"https:\\\/\\\/secure.gravatar.com\\\/avatar\\\/c5a7ef84c66fa914f55bc4f7ce26cfa275a3b9a1c5568b907bd184fb4dde7b40?s=96&d=mm&r=g\",\"url\":\"https:\\\/\\\/secure.gravatar.com\\\/avatar\\\/c5a7ef84c66fa914f55bc4f7ce26cfa275a3b9a1c5568b907bd184fb4dde7b40?s=96&d=mm&r=g\",\"contentUrl\":\"https:\\\/\\\/secure.gravatar.com\\\/avatar\\\/c5a7ef84c66fa914f55bc4f7ce26cfa275a3b9a1c5568b907bd184fb4dde7b40?s=96&d=mm&r=g\",\"caption\":\"inclusivenews2024\"},\"sameAs\":[\"https:\\\/\\\/inclusivenews.com.br\"],\"url\":\"https:\\\/\\\/inclusivenews.com.br\\\/?author=1\"}]}<\/script>\n<!-- \/ Yoast SEO plugin. -->","yoast_head_json":{"title":"Quem puxa o gatilho? -","robots":{"index":"index","follow":"follow","max-snippet":"max-snippet:-1","max-image-preview":"max-image-preview:large","max-video-preview":"max-video-preview:-1"},"canonical":"https:\/\/inclusivenews.com.br\/?p=17901","og_locale":"pt_PT","og_type":"article","og_title":"Quem puxa o gatilho? -","og_description":"'Tropa 2' \u00e9 uma aula de sociologia: somos lembrados pela narrativa em off de Wagner Moura que o 'sistema' opera por uma l\u00f3gica pr\u00f3pria que, quando amea\u00e7ada, refaz-se.\u201d Confira a an\u00e1lise do doutorando em ci\u00eancias sociais, Antonio Engelke, para o Ibase e reproduzida aqui.","og_url":"https:\/\/inclusivenews.com.br\/?p=17901","article_publisher":"https:\/\/www.facebook.com\/agenciainclusive\/","article_published_time":"2010-11-11T11:30:49+00:00","og_image":[{"url":"http:\/\/i204.photobucket.com\/albums\/bb124\/paulolima01\/Sem%20Demora\/tropadeelite2-281x400.jpg","type":"","width":"","height":""}],"author":"inclusivenews2024","twitter_card":"summary_large_image","twitter_misc":{"Escrito por":"inclusivenews2024","Tempo estimado de leitura":"4 minutos"},"schema":{"@context":"https:\/\/schema.org","@graph":[{"@type":"Article","@id":"https:\/\/inclusivenews.com.br\/?p=17901#article","isPartOf":{"@id":"https:\/\/inclusivenews.com.br\/?p=17901"},"author":{"name":"inclusivenews2024","@id":"https:\/\/inclusivenews.com.br\/#\/schema\/person\/ae4ec7087559b8692fb33b6fffd2273b"},"headline":"Quem puxa o gatilho?","datePublished":"2010-11-11T11:30:49+00:00","mainEntityOfPage":{"@id":"https:\/\/inclusivenews.com.br\/?p=17901"},"wordCount":859,"commentCount":0,"publisher":{"@id":"https:\/\/inclusivenews.com.br\/#organization"},"image":{"@id":"https:\/\/inclusivenews.com.br\/?p=17901#primaryimage"},"thumbnailUrl":"http:\/\/i204.photobucket.com\/albums\/bb124\/paulolima01\/Sem%20Demora\/tropadeelite2-281x400.jpg","keywords":["Viol\u00eancia"],"articleSection":["Colunas especiais","Cultura","DIREITOS HUMANOS","NOT\u00cdCIAS","OPINI\u00c3O"],"inLanguage":"pt-PT","potentialAction":[{"@type":"CommentAction","name":"Comment","target":["https:\/\/inclusivenews.com.br\/?p=17901#respond"]}]},{"@type":"WebPage","@id":"https:\/\/inclusivenews.com.br\/?p=17901","url":"https:\/\/inclusivenews.com.br\/?p=17901","name":"Quem puxa o gatilho? -","isPartOf":{"@id":"https:\/\/inclusivenews.com.br\/#website"},"primaryImageOfPage":{"@id":"https:\/\/inclusivenews.com.br\/?p=17901#primaryimage"},"image":{"@id":"https:\/\/inclusivenews.com.br\/?p=17901#primaryimage"},"thumbnailUrl":"http:\/\/i204.photobucket.com\/albums\/bb124\/paulolima01\/Sem%20Demora\/tropadeelite2-281x400.jpg","datePublished":"2010-11-11T11:30:49+00:00","breadcrumb":{"@id":"https:\/\/inclusivenews.com.br\/?p=17901#breadcrumb"},"inLanguage":"pt-PT","potentialAction":[{"@type":"ReadAction","target":["https:\/\/inclusivenews.com.br\/?p=17901"]}]},{"@type":"ImageObject","inLanguage":"pt-PT","@id":"https:\/\/inclusivenews.com.br\/?p=17901#primaryimage","url":"http:\/\/i204.photobucket.com\/albums\/bb124\/paulolima01\/Sem%20Demora\/tropadeelite2-281x400.jpg","contentUrl":"http:\/\/i204.photobucket.com\/albums\/bb124\/paulolima01\/Sem%20Demora\/tropadeelite2-281x400.jpg"},{"@type":"BreadcrumbList","@id":"https:\/\/inclusivenews.com.br\/?p=17901#breadcrumb","itemListElement":[{"@type":"ListItem","position":1,"name":"In\u00edcio","item":"https:\/\/inclusivenews.com.br\/"},{"@type":"ListItem","position":2,"name":"Quem puxa o gatilho?"}]},{"@type":"WebSite","@id":"https:\/\/inclusivenews.com.br\/#website","url":"https:\/\/inclusivenews.com.br\/","name":"Inclusive News","description":"Inclusive News","publisher":{"@id":"https:\/\/inclusivenews.com.br\/#organization"},"potentialAction":[{"@type":"SearchAction","target":{"@type":"EntryPoint","urlTemplate":"https:\/\/inclusivenews.com.br\/?s={search_term_string}"},"query-input":{"@type":"PropertyValueSpecification","valueRequired":true,"valueName":"search_term_string"}}],"inLanguage":"pt-PT"},{"@type":"Organization","@id":"https:\/\/inclusivenews.com.br\/#organization","name":"Inclusive - inclus\u00e3o e cidadania","url":"https:\/\/inclusivenews.com.br\/","logo":{"@type":"ImageObject","inLanguage":"pt-PT","@id":"https:\/\/inclusivenews.com.br\/#\/schema\/logo\/image\/","url":"https:\/\/inclusivenews.com.br\/wp-content\/uploads\/2024\/03\/@grandesite.png","contentUrl":"https:\/\/inclusivenews.com.br\/wp-content\/uploads\/2024\/03\/@grandesite.png","width":1080,"height":1080,"caption":"Inclusive - inclus\u00e3o e cidadania"},"image":{"@id":"https:\/\/inclusivenews.com.br\/#\/schema\/logo\/image\/"},"sameAs":["https:\/\/www.facebook.com\/agenciainclusive\/","https:\/\/www.instagram.com\/newsinclusive\/"]},{"@type":"Person","@id":"https:\/\/inclusivenews.com.br\/#\/schema\/person\/ae4ec7087559b8692fb33b6fffd2273b","name":"inclusivenews2024","image":{"@type":"ImageObject","inLanguage":"pt-PT","@id":"https:\/\/secure.gravatar.com\/avatar\/c5a7ef84c66fa914f55bc4f7ce26cfa275a3b9a1c5568b907bd184fb4dde7b40?s=96&d=mm&r=g","url":"https:\/\/secure.gravatar.com\/avatar\/c5a7ef84c66fa914f55bc4f7ce26cfa275a3b9a1c5568b907bd184fb4dde7b40?s=96&d=mm&r=g","contentUrl":"https:\/\/secure.gravatar.com\/avatar\/c5a7ef84c66fa914f55bc4f7ce26cfa275a3b9a1c5568b907bd184fb4dde7b40?s=96&d=mm&r=g","caption":"inclusivenews2024"},"sameAs":["https:\/\/inclusivenews.com.br"],"url":"https:\/\/inclusivenews.com.br\/?author=1"}]}},"_links":{"self":[{"href":"https:\/\/inclusivenews.com.br\/index.php?rest_route=\/wp\/v2\/posts\/17901","targetHints":{"allow":["GET"]}}],"collection":[{"href":"https:\/\/inclusivenews.com.br\/index.php?rest_route=\/wp\/v2\/posts"}],"about":[{"href":"https:\/\/inclusivenews.com.br\/index.php?rest_route=\/wp\/v2\/types\/post"}],"author":[{"embeddable":true,"href":"https:\/\/inclusivenews.com.br\/index.php?rest_route=\/wp\/v2\/users\/1"}],"replies":[{"embeddable":true,"href":"https:\/\/inclusivenews.com.br\/index.php?rest_route=%2Fwp%2Fv2%2Fcomments&post=17901"}],"version-history":[{"count":0,"href":"https:\/\/inclusivenews.com.br\/index.php?rest_route=\/wp\/v2\/posts\/17901\/revisions"}],"wp:attachment":[{"href":"https:\/\/inclusivenews.com.br\/index.php?rest_route=%2Fwp%2Fv2%2Fmedia&parent=17901"}],"wp:term":[{"taxonomy":"category","embeddable":true,"href":"https:\/\/inclusivenews.com.br\/index.php?rest_route=%2Fwp%2Fv2%2Fcategories&post=17901"},{"taxonomy":"post_tag","embeddable":true,"href":"https:\/\/inclusivenews.com.br\/index.php?rest_route=%2Fwp%2Fv2%2Ftags&post=17901"}],"curies":[{"name":"wp","href":"https:\/\/api.w.org\/{rel}","templated":true}]}}