{"id":17905,"date":"2010-11-11T08:08:21","date_gmt":"2010-11-11T11:08:21","guid":{"rendered":"http:\/\/www.inclusive.org.br\/?p=17905"},"modified":"2010-11-11T08:08:21","modified_gmt":"2010-11-11T11:08:21","slug":"nao-mais-portadores","status":"publish","type":"post","link":"https:\/\/inclusivenews.com.br\/?p=17905","title":{"rendered":"N\u00e3o mais portadores"},"content":{"rendered":"<figure id=\"attachment_16919\" aria-describedby=\"caption-attachment-16919\" style=\"width: 148px\" class=\"wp-caption alignnone\"><a href=\"http:\/\/www.inclusivenews.com.br\/wp-content\/uploads\/2010\/08\/logo_conade.jpg\"><img loading=\"lazy\" decoding=\"async\" class=\"size-full wp-image-16919 \" title=\"Logotipo do CONADE - Conselho Nacional dos Direitos da Pessoa Portadora de Defici\u00eancia, a ilustra\u00e7\u00e3o de duas pessoas de bra\u00e7os apertos\" src=\"http:\/\/inclusivenews.com.br\/wp-content\/uploads\/2010\/08\/logo_conade.jpg\" alt=\"Logotipo do CONADE - Conselho Nacional dos Direitos da Pessoa Portadora de Defici\u00eancia, a ilustra\u00e7\u00e3o de duas pessoas de bra\u00e7os apertos\" width=\"148\" height=\"136\" \/><\/a><figcaption id=\"caption-attachment-16919\" class=\"wp-caption-text\">O CONADE n\u00e3o esquecer\u00e1 de alterar a nomenclatura de seu logotipo tamb\u00e9m.<\/figcaption><\/figure>\n<p>Nota da <strong>Inclusive<\/strong>: <em>esperamos que entidades civis e demais \u00f3rg\u00e3os de governo encontrem a partir de agora motivo para atualizar-se tamb\u00e9m.<\/em><\/p>\n<p>PRESID\u00caNCIA DA REP\u00daBLICA<br \/>\nSECRETARIA DE DIREITOS HUMANOS<\/p>\n<p>PORTARIA N\u00ba 2.344, DE 3 DE NOVEMBRO DE 2010<\/p>\n<p>DOU de 05\/11\/2010 (n\u00ba 212, Se\u00e7\u00e3o 1, p\u00e1g. 4)<\/p>\n<p>O MINISTRO DE ESTADO CHEFE DA SECRETARIA DE DIREITOS HUMANOS DA PRESID\u00caNCIA DA REP\u00daBLICA, no uso de suas atribui\u00e7\u00f5es legais, faz publicar a Resolu\u00e7\u00e3o n\u00ba 1, de 15 de outubro de 2010, do Conselho Nacional dos Direitos da Pessoa Portadora de Defici\u00eancia &#8211; CONADE, que altera dispositivos da Resolu\u00e7\u00e3o n\u00ba 35, de 6 de julho de 2005, que disp\u00f5e sobre seu Regimento Interno:<\/p>\n<p>Art. 1\u00ba &#8211; Esta portaria d\u00e1 publicidade \u00e0s altera\u00e7\u00f5es promovidas pela Resolu\u00e7\u00e3o n\u00ba 1, de 15 de outubro de 2010, do Conselho Nacional dos Direitos da Pessoa Portadora de Defici\u00eancia &#8211; CONADE em seu Regimento Interno.<\/p>\n<p>Art. 2\u00ba &#8211; Atualiza a nomenclatura do Regimento Interno do CONADE, aprovado pela Resolu\u00e7\u00e3o n\u00ba 35, de 6 de julho de 2005, nas seguintes hip\u00f3teses:<\/p>\n<p>I &#8211; Onde se l\u00ea &#8220;Pessoas Portadoras de Defici\u00eancia&#8221;, leia-se &#8220;Pessoas com Defici\u00eancia&#8221;;<\/p>\n<p>II &#8211; Onde se l\u00ea &#8220;Secretaria Especial dos Direitos Humanos da Presid\u00eancia da Rep\u00fablica&#8221;, leia-se &#8220;Secretaria de Direitos Humanos da Presid\u00eancia da Rep\u00fablica&#8221;;<\/p>\n<p>III &#8211; Onde se l\u00ea &#8220;Secret\u00e1rio de Direitos Humanos&#8221;, leia-se &#8220;Ministro de Estado Chefe da Secretaria de Direitos Humanos da Presid\u00eancia da Rep\u00fablica&#8221;;<\/p>\n<p>IV &#8211; Onde se l\u00ea &#8220;Coordenadoria Nacional para Integra\u00e7\u00e3o da Pessoa Portadora de Defici\u00eancia&#8221;, leia-se &#8220;Secretaria Nacional de Promo\u00e7\u00e3o dos Direitos da Pessoa com Defici\u00eancia&#8221;;<\/p>\n<p>V &#8211; Onde se l\u00ea &#8220;Pol\u00edtica Nacional para Integra\u00e7\u00e3o da Pessoa Portadora de Defici\u00eancia&#8221;, leia-se &#8220;Pol\u00edtica Nacional para Inclus\u00e3o da Pessoa com Defici\u00eancia&#8221;;<\/p>\n<p>Art. 3\u00ba &#8211; Os artigos 1\u00ba, 3\u00ba, 5\u00ba, 9\u00ba e 11, passam a vigorar com a seguinte reda\u00e7\u00e3o:<\/p>\n<p>&#8220;Art. 1\u00ba &#8211; &#8230;&#8230;&#8230;&#8230;&#8230;&#8230;&#8230;&#8230;&#8230;&#8230;&#8230;&#8230;&#8230;&#8230;&#8230;&#8230;&#8230;&#8230;&#8230;&#8230;&#8230;&#8230;&#8230;&#8230;&#8230;&#8230;&#8230;&#8230;<\/p>\n<p>XI &#8211; atuar como inst\u00e2ncia de apoio, em todo territ\u00f3rio nacional, nos casos de requerimentos, den\u00fancias e reclama\u00e7\u00f5es formuladas por qualquer pessoa ou entidade, quando ocorrer amea\u00e7a ou viola\u00e7\u00e3o de direitos da pessoa com defici\u00eancia, assegurados na Constitui\u00e7\u00e3o Federal, na Conven\u00e7\u00e3o sobre os Direitos das Pessoas com Defici\u00eancias e demais legisla\u00e7\u00f5es aplic\u00e1veis;<\/p>\n<p>XII &#8211; participar do monitoramento e implementa\u00e7\u00e3o da Conven\u00e7\u00e3o sobre os Direitos da Pessoa com Defici\u00eancia, para que os direitos e garantias que esta estabelece sejam respeitados, protegidos e promovidos; e<\/p>\n<p>&#8230;&#8230;&#8230;&#8230;&#8230;&#8230;&#8230;&#8230;&#8230;&#8230;&#8230;&#8230;&#8230;&#8230;&#8230;&#8230;&#8230;&#8230;&#8230;&#8230;&#8230;&#8230;&#8230;&#8230;&#8230;&#8230;&#8230;&#8230;&#8230;&#8230;&#8230;&#8221; (NR).<\/p>\n<p>Art. 3\u00ba &#8211; Os representantes das organiza\u00e7\u00f5es nacionais, de e para pessoa com defici\u00eancia na forma do inciso II, al\u00ednea a, do art. 2\u00ba, ser\u00e3o escolhidos dentre os que atuam nas seguintes \u00e1reas:<\/p>\n<p>&#8230;&#8230;&#8230;&#8230;&#8230;&#8230;&#8230;&#8230;&#8230;&#8230;&#8230;&#8230;&#8230;&#8230;&#8230;&#8230;&#8230;&#8230;&#8230;&#8230;&#8230;&#8230;&#8230;&#8230;&#8230;&#8230;&#8230;&#8230;&#8230;&#8230;&#8230;&#8230;&#8230;&#8230;&#8230;.<\/p>\n<p>II &#8211; um na \u00e1rea da defici\u00eancia auditiva e\/ou surdez;<\/p>\n<p>&#8230;&#8230;&#8230;&#8230;&#8230;&#8230;&#8230;&#8230;&#8230;&#8230;&#8230;&#8230;&#8230;&#8230;&#8230;&#8230;&#8230;&#8230;&#8230;&#8230;&#8230;&#8230;&#8230;&#8230;&#8230;&#8230;&#8230;&#8230;&#8230;&#8230;&#8230;&#8230;&#8230;&#8230;&#8230;.<\/p>\n<p>IV &#8211; dois na \u00e1rea da defici\u00eancia mental e\/ou intelectual;<\/p>\n<p>&#8230;&#8230;&#8230;&#8230;&#8230;&#8230;&#8230;&#8230;&#8230;&#8230;&#8230;&#8230;&#8230;&#8230;&#8230;&#8230;&#8230;&#8230;&#8230;&#8230;&#8230;&#8230;&#8230;&#8230;&#8230;&#8230;&#8230;&#8230;&#8230;&#8230;&#8230;&#8230; (NR).<\/p>\n<p>Art. 5\u00ba &#8211; As organiza\u00e7\u00f5es nacionais de e para pessoas com defici\u00eancia ser\u00e3o representadas por entidades eleitas em Assembl\u00e9ia Geral convocada para esta finalidade e indicar\u00e3o os membros titulares e suplentes.<\/p>\n<p>\u00a7 1\u00ba &#8211; As entidades eleitas e os representantes indicados ter\u00e3o mandato de dois anos, a contar da data de posse, podendo ser reconduzidos.<\/p>\n<p>\u00a7 2\u00ba &#8211; A elei\u00e7\u00e3o ser\u00e1 convocada pelo CONADE, por meio de edital publicado no Di\u00e1rio Oficial da Uni\u00e3o, no m\u00ednimo 90 (noventa) dias antes do t\u00e9rmino do mandato.<\/p>\n<p>\u00a7 4\u00ba &#8211; O edital de convoca\u00e7\u00e3o das entidades privadas sem fins lucrativos e de \u00e2mbito nacional exigir\u00e1 para a habilita\u00e7\u00e3o de candidatos e eleitores, que tenham filiadas organizadas em pelo menos cinco estados da federa\u00e7\u00e3o, distribu\u00eddas, no m\u00ednimo, por tr\u00eas regi\u00f5es do Pa\u00eds.<\/p>\n<p>&#8230;&#8230;&#8230;&#8230;&#8230;&#8230;&#8230;&#8230;&#8230;&#8230;&#8230;&#8230;&#8230;&#8230;&#8230;&#8230;&#8230;&#8230;&#8230;&#8230;&#8230;&#8230;&#8230;&#8230;&#8230;&#8230;&#8230;&#8230;&#8230;&#8230;&#8230;&#8230;&#8230;&#8230;&#8230;<\/p>\n<p>\u00a7 6\u00ba &#8211; O processo eleitoral ser\u00e1 conduzido por Comiss\u00e3o Eleitoral formada por um representante do CONADE eleito para esse fim, um representante do Minist\u00e9rio P\u00fablico Federal e outro da Secretaria Nacional de Promo\u00e7\u00e3o dos Direitos da Pessoa com Defici\u00eancia &#8211; SNPD, especialmente convidados para esse fim.<\/p>\n<p>&#8230;&#8230;&#8230;&#8230;&#8230;&#8230;&#8230;&#8230;&#8230;&#8230;&#8230;&#8230;&#8230;&#8230;&#8230;&#8230;&#8230;&#8230;&#8230;&#8230;&#8230;&#8230;&#8230;&#8230;&#8230;&#8230;&#8230;&#8230;&#8230;&#8230;&#8230;.. (NR).<\/p>\n<p>Art. 9\u00ba &#8211; Os Conselhos Estaduais e Municipais de Direitos da Pessoa com Defici\u00eancia ser\u00e3o representados por conselheiros eleitos nas respectivas Assembl\u00e9ias Gerais estaduais ou municipais, convocadas para esta finalidade.<\/p>\n<p>Par\u00e1grafo \u00fanico &#8211; O Edital de Convoca\u00e7\u00e3o para a habilita\u00e7\u00e3o dos Conselhos Estaduais e Municipais ser\u00e1 publicado em Di\u00e1rio Oficial pelo menos 90 (noventa) dias antes do in\u00edcio dos novos mandatos e definir\u00e1 as regras da elei\u00e7\u00e3o, exigindo que os candidatos comprovem estar em pleno funcionamento, ter composi\u00e7\u00e3o parit\u00e1ria e car\u00e1ter deliberativo.<\/p>\n<p>Art. 11 &#8211; &#8230;&#8230;&#8230;&#8230;&#8230;&#8230;&#8230;&#8230;&#8230;&#8230;&#8230;&#8230;&#8230;&#8230;&#8230;&#8230;&#8230;&#8230;&#8230;&#8230;&#8230;&#8230;&#8230;&#8230;&#8230;&#8230;&#8230;&#8230;.<\/p>\n<p>\u00a7 1\u00ba &#8211; A elei\u00e7\u00e3o do Presidente e do Vice-Presidente dar-se-\u00e1 mediante escolha, dentre seus membros, por voto de maioria simples, para cumprirem mandato de dois anos.<\/p>\n<p>&#8230;&#8230;&#8230;&#8230;&#8230;&#8230;&#8230;&#8230;&#8230;&#8230;&#8230;&#8230;&#8230;&#8230;&#8230;&#8230;&#8230;&#8230;&#8230;&#8230;&#8230;&#8230;&#8230;&#8230;&#8230;&#8230;&#8230;&#8230;&#8230;&#8230;&#8230;&#8230;&#8230;&#8230;&#8230;.<\/p>\n<p>\u00a7 4\u00ba &#8211; Fica assegurada a representa\u00e7\u00e3o do Governo e da Sociedade Civil na Presid\u00eancia e na Vice-Presid\u00eancia do CONADE e a altern\u00e2ncia dessas representa\u00e7\u00f5es em cada mandato, respeitada a paridade.<\/p>\n<p>&#8230;&#8230;&#8230;&#8230;&#8230;&#8230;&#8230;&#8230;&#8230;&#8230;&#8230;&#8230;&#8230;&#8230;&#8230;&#8230;&#8230;&#8230;&#8230;&#8230;&#8230;&#8230;&#8230;&#8230;&#8230;&#8230;&#8230;&#8230;&#8230;&#8230;&#8230;&#8230;&#8230;&#8230;&#8230;.<\/p>\n<p>\u00a7 6\u00ba &#8211; Caso haja vac\u00e2ncia do cargo de Presidente, o Vice- Presidente assumir\u00e1 e convocar\u00e1 elei\u00e7\u00e3o para escolha do novo Presidente, a fim de complementar o respectivo mandato, observado o disposto no \u00a7 4\u00ba deste artigo.<\/p>\n<p>\u00a7 7\u00ba &#8211; No caso de vac\u00e2ncia da Vice-Presid\u00eancia, o Plen\u00e1rio eleger\u00e1 um de seus membros para exercer o cargo, a fim de concluir o mandato, respeitada a representa\u00e7\u00e3o alternada de Governo e Sociedade Civil.<\/p>\n<p>&#8230;&#8230;&#8230;&#8230;&#8230;&#8230;&#8230;&#8230;&#8230;&#8230;&#8230;&#8230;&#8230;&#8230;&#8230;&#8230;&#8230;&#8230;&#8230;&#8230;&#8230;&#8230;&#8230;&#8230;&#8230;&#8230;&#8230;&#8230;&#8230;&#8230;&#8230;.. (NR).<\/p>\n<p>Art. 4\u00ba &#8211; Revogam-se os \u00a7\u00a7 1\u00ba, 2\u00ba e 3\u00ba do art. 9\u00ba da Resolu\u00e7\u00e3o n\u00ba 35\/2005.<\/p>\n<p>Art. 5\u00ba &#8211; As altera\u00e7\u00f5es no Regimento Interno do CONADE entram em vigor na data de publica\u00e7\u00e3o desta Portaria.<\/p>\n","protected":false},"excerpt":{"rendered":"<p>Foi publicado, no dia 5 de novembro \u00faltimo, portaria da Secretaria de Direitos Humanos, seguindo resolu\u00e7\u00e3o do CONADE, atualizando a nomenclatura em rela\u00e7\u00e3o \u00e0s pessoas com defici\u00eancia no \u00e2mbito da administra\u00e7\u00e3o federal. Nota da Inclusive: esperamos que entidades civis e demais \u00f3rg\u00e3os de governo encontrem a partir de agora motivo para atualizar-se tamb\u00e9m.<\/p>\n","protected":false},"author":1,"featured_media":0,"comment_status":"open","ping_status":"open","sticky":false,"template":"","format":"standard","meta":{"site-container-style":"default","site-container-layout":"default","site-sidebar-layout":"default","disable-article-header":"default","disable-site-header":"default","disable-site-footer":"default","disable-content-area-spacing":"default","footnotes":""},"categories":[48,26,4],"tags":[],"class_list":["post-17905","post","type-post","status-publish","format-standard","hentry","category-inclusao","category-legislacao","category-noticias"],"yoast_head":"<!-- This site is optimized with the Yoast SEO plugin v27.4 - https:\/\/yoast.com\/product\/yoast-seo-wordpress\/ -->\n<title>N\u00e3o mais portadores -<\/title>\n<meta name=\"robots\" content=\"index, follow, max-snippet:-1, max-image-preview:large, max-video-preview:-1\" \/>\n<link rel=\"canonical\" href=\"https:\/\/inclusivenews.com.br\/?p=17905\" \/>\n<meta property=\"og:locale\" content=\"pt_PT\" \/>\n<meta property=\"og:type\" content=\"article\" \/>\n<meta property=\"og:title\" content=\"N\u00e3o mais portadores -\" \/>\n<meta property=\"og:description\" content=\"Foi publicado, no dia 5 de novembro \u00faltimo, portaria da Secretaria de Direitos Humanos, seguindo resolu\u00e7\u00e3o do CONADE, atualizando a nomenclatura em rela\u00e7\u00e3o \u00e0s pessoas com defici\u00eancia no \u00e2mbito da administra\u00e7\u00e3o federal. Nota da Inclusive: esperamos que entidades civis e demais \u00f3rg\u00e3os de governo encontrem a partir de agora motivo para atualizar-se tamb\u00e9m.\" \/>\n<meta property=\"og:url\" content=\"https:\/\/inclusivenews.com.br\/?p=17905\" \/>\n<meta property=\"article:publisher\" content=\"https:\/\/www.facebook.com\/agenciainclusive\/\" \/>\n<meta property=\"article:published_time\" content=\"2010-11-11T11:08:21+00:00\" \/>\n<meta property=\"og:image\" content=\"http:\/\/inclusivenews.com.br\/wp-content\/uploads\/2010\/08\/logo_conade.jpg\" \/>\n<meta name=\"author\" content=\"inclusivenews2024\" \/>\n<meta name=\"twitter:card\" content=\"summary_large_image\" \/>\n<meta name=\"twitter:label1\" content=\"Escrito por\" \/>\n\t<meta name=\"twitter:data1\" content=\"inclusivenews2024\" \/>\n\t<meta name=\"twitter:label2\" content=\"Tempo estimado de leitura\" \/>\n\t<meta name=\"twitter:data2\" content=\"5 minutos\" \/>\n<script type=\"application\/ld+json\" class=\"yoast-schema-graph\">{\"@context\":\"https:\\\/\\\/schema.org\",\"@graph\":[{\"@type\":\"Article\",\"@id\":\"https:\\\/\\\/inclusivenews.com.br\\\/?p=17905#article\",\"isPartOf\":{\"@id\":\"https:\\\/\\\/inclusivenews.com.br\\\/?p=17905\"},\"author\":{\"name\":\"inclusivenews2024\",\"@id\":\"https:\\\/\\\/inclusivenews.com.br\\\/#\\\/schema\\\/person\\\/ae4ec7087559b8692fb33b6fffd2273b\"},\"headline\":\"N\u00e3o mais portadores\",\"datePublished\":\"2010-11-11T11:08:21+00:00\",\"mainEntityOfPage\":{\"@id\":\"https:\\\/\\\/inclusivenews.com.br\\\/?p=17905\"},\"wordCount\":941,\"commentCount\":1,\"publisher\":{\"@id\":\"https:\\\/\\\/inclusivenews.com.br\\\/#organization\"},\"image\":{\"@id\":\"https:\\\/\\\/inclusivenews.com.br\\\/?p=17905#primaryimage\"},\"thumbnailUrl\":\"http:\\\/\\\/inclusivenews.com.br\\\/wp-content\\\/uploads\\\/2010\\\/08\\\/logo_conade.jpg\",\"articleSection\":[\"INCLUS\u00c3O SOCIAL\",\"Legisla\u00e7\u00e3o ...\",\"NOT\u00cdCIAS\"],\"inLanguage\":\"pt-PT\",\"potentialAction\":[{\"@type\":\"CommentAction\",\"name\":\"Comment\",\"target\":[\"https:\\\/\\\/inclusivenews.com.br\\\/?p=17905#respond\"]}]},{\"@type\":\"WebPage\",\"@id\":\"https:\\\/\\\/inclusivenews.com.br\\\/?p=17905\",\"url\":\"https:\\\/\\\/inclusivenews.com.br\\\/?p=17905\",\"name\":\"N\u00e3o mais portadores -\",\"isPartOf\":{\"@id\":\"https:\\\/\\\/inclusivenews.com.br\\\/#website\"},\"primaryImageOfPage\":{\"@id\":\"https:\\\/\\\/inclusivenews.com.br\\\/?p=17905#primaryimage\"},\"image\":{\"@id\":\"https:\\\/\\\/inclusivenews.com.br\\\/?p=17905#primaryimage\"},\"thumbnailUrl\":\"http:\\\/\\\/inclusivenews.com.br\\\/wp-content\\\/uploads\\\/2010\\\/08\\\/logo_conade.jpg\",\"datePublished\":\"2010-11-11T11:08:21+00:00\",\"breadcrumb\":{\"@id\":\"https:\\\/\\\/inclusivenews.com.br\\\/?p=17905#breadcrumb\"},\"inLanguage\":\"pt-PT\",\"potentialAction\":[{\"@type\":\"ReadAction\",\"target\":[\"https:\\\/\\\/inclusivenews.com.br\\\/?p=17905\"]}]},{\"@type\":\"ImageObject\",\"inLanguage\":\"pt-PT\",\"@id\":\"https:\\\/\\\/inclusivenews.com.br\\\/?p=17905#primaryimage\",\"url\":\"\",\"contentUrl\":\"\"},{\"@type\":\"BreadcrumbList\",\"@id\":\"https:\\\/\\\/inclusivenews.com.br\\\/?p=17905#breadcrumb\",\"itemListElement\":[{\"@type\":\"ListItem\",\"position\":1,\"name\":\"In\u00edcio\",\"item\":\"https:\\\/\\\/inclusivenews.com.br\\\/\"},{\"@type\":\"ListItem\",\"position\":2,\"name\":\"N\u00e3o mais portadores\"}]},{\"@type\":\"WebSite\",\"@id\":\"https:\\\/\\\/inclusivenews.com.br\\\/#website\",\"url\":\"https:\\\/\\\/inclusivenews.com.br\\\/\",\"name\":\"Inclusive News\",\"description\":\"Inclusive News\",\"publisher\":{\"@id\":\"https:\\\/\\\/inclusivenews.com.br\\\/#organization\"},\"potentialAction\":[{\"@type\":\"SearchAction\",\"target\":{\"@type\":\"EntryPoint\",\"urlTemplate\":\"https:\\\/\\\/inclusivenews.com.br\\\/?s={search_term_string}\"},\"query-input\":{\"@type\":\"PropertyValueSpecification\",\"valueRequired\":true,\"valueName\":\"search_term_string\"}}],\"inLanguage\":\"pt-PT\"},{\"@type\":\"Organization\",\"@id\":\"https:\\\/\\\/inclusivenews.com.br\\\/#organization\",\"name\":\"Inclusive - inclus\u00e3o e cidadania\",\"url\":\"https:\\\/\\\/inclusivenews.com.br\\\/\",\"logo\":{\"@type\":\"ImageObject\",\"inLanguage\":\"pt-PT\",\"@id\":\"https:\\\/\\\/inclusivenews.com.br\\\/#\\\/schema\\\/logo\\\/image\\\/\",\"url\":\"https:\\\/\\\/inclusivenews.com.br\\\/wp-content\\\/uploads\\\/2024\\\/03\\\/@grandesite.png\",\"contentUrl\":\"https:\\\/\\\/inclusivenews.com.br\\\/wp-content\\\/uploads\\\/2024\\\/03\\\/@grandesite.png\",\"width\":1080,\"height\":1080,\"caption\":\"Inclusive - inclus\u00e3o e cidadania\"},\"image\":{\"@id\":\"https:\\\/\\\/inclusivenews.com.br\\\/#\\\/schema\\\/logo\\\/image\\\/\"},\"sameAs\":[\"https:\\\/\\\/www.facebook.com\\\/agenciainclusive\\\/\",\"https:\\\/\\\/www.instagram.com\\\/newsinclusive\\\/\"]},{\"@type\":\"Person\",\"@id\":\"https:\\\/\\\/inclusivenews.com.br\\\/#\\\/schema\\\/person\\\/ae4ec7087559b8692fb33b6fffd2273b\",\"name\":\"inclusivenews2024\",\"image\":{\"@type\":\"ImageObject\",\"inLanguage\":\"pt-PT\",\"@id\":\"https:\\\/\\\/secure.gravatar.com\\\/avatar\\\/c5a7ef84c66fa914f55bc4f7ce26cfa275a3b9a1c5568b907bd184fb4dde7b40?s=96&d=mm&r=g\",\"url\":\"https:\\\/\\\/secure.gravatar.com\\\/avatar\\\/c5a7ef84c66fa914f55bc4f7ce26cfa275a3b9a1c5568b907bd184fb4dde7b40?s=96&d=mm&r=g\",\"contentUrl\":\"https:\\\/\\\/secure.gravatar.com\\\/avatar\\\/c5a7ef84c66fa914f55bc4f7ce26cfa275a3b9a1c5568b907bd184fb4dde7b40?s=96&d=mm&r=g\",\"caption\":\"inclusivenews2024\"},\"sameAs\":[\"https:\\\/\\\/inclusivenews.com.br\"],\"url\":\"https:\\\/\\\/inclusivenews.com.br\\\/?author=1\"}]}<\/script>\n<!-- \/ Yoast SEO plugin. -->","yoast_head_json":{"title":"N\u00e3o mais portadores -","robots":{"index":"index","follow":"follow","max-snippet":"max-snippet:-1","max-image-preview":"max-image-preview:large","max-video-preview":"max-video-preview:-1"},"canonical":"https:\/\/inclusivenews.com.br\/?p=17905","og_locale":"pt_PT","og_type":"article","og_title":"N\u00e3o mais portadores -","og_description":"Foi publicado, no dia 5 de novembro \u00faltimo, portaria da Secretaria de Direitos Humanos, seguindo resolu\u00e7\u00e3o do CONADE, atualizando a nomenclatura em rela\u00e7\u00e3o \u00e0s pessoas com defici\u00eancia no \u00e2mbito da administra\u00e7\u00e3o federal. Nota da Inclusive: esperamos que entidades civis e demais \u00f3rg\u00e3os de governo encontrem a partir de agora motivo para atualizar-se tamb\u00e9m.","og_url":"https:\/\/inclusivenews.com.br\/?p=17905","article_publisher":"https:\/\/www.facebook.com\/agenciainclusive\/","article_published_time":"2010-11-11T11:08:21+00:00","og_image":[{"url":"http:\/\/inclusivenews.com.br\/wp-content\/uploads\/2010\/08\/logo_conade.jpg","type":"","width":"","height":""}],"author":"inclusivenews2024","twitter_card":"summary_large_image","twitter_misc":{"Escrito por":"inclusivenews2024","Tempo estimado de leitura":"5 minutos"},"schema":{"@context":"https:\/\/schema.org","@graph":[{"@type":"Article","@id":"https:\/\/inclusivenews.com.br\/?p=17905#article","isPartOf":{"@id":"https:\/\/inclusivenews.com.br\/?p=17905"},"author":{"name":"inclusivenews2024","@id":"https:\/\/inclusivenews.com.br\/#\/schema\/person\/ae4ec7087559b8692fb33b6fffd2273b"},"headline":"N\u00e3o mais portadores","datePublished":"2010-11-11T11:08:21+00:00","mainEntityOfPage":{"@id":"https:\/\/inclusivenews.com.br\/?p=17905"},"wordCount":941,"commentCount":1,"publisher":{"@id":"https:\/\/inclusivenews.com.br\/#organization"},"image":{"@id":"https:\/\/inclusivenews.com.br\/?p=17905#primaryimage"},"thumbnailUrl":"http:\/\/inclusivenews.com.br\/wp-content\/uploads\/2010\/08\/logo_conade.jpg","articleSection":["INCLUS\u00c3O SOCIAL","Legisla\u00e7\u00e3o ...","NOT\u00cdCIAS"],"inLanguage":"pt-PT","potentialAction":[{"@type":"CommentAction","name":"Comment","target":["https:\/\/inclusivenews.com.br\/?p=17905#respond"]}]},{"@type":"WebPage","@id":"https:\/\/inclusivenews.com.br\/?p=17905","url":"https:\/\/inclusivenews.com.br\/?p=17905","name":"N\u00e3o mais portadores -","isPartOf":{"@id":"https:\/\/inclusivenews.com.br\/#website"},"primaryImageOfPage":{"@id":"https:\/\/inclusivenews.com.br\/?p=17905#primaryimage"},"image":{"@id":"https:\/\/inclusivenews.com.br\/?p=17905#primaryimage"},"thumbnailUrl":"http:\/\/inclusivenews.com.br\/wp-content\/uploads\/2010\/08\/logo_conade.jpg","datePublished":"2010-11-11T11:08:21+00:00","breadcrumb":{"@id":"https:\/\/inclusivenews.com.br\/?p=17905#breadcrumb"},"inLanguage":"pt-PT","potentialAction":[{"@type":"ReadAction","target":["https:\/\/inclusivenews.com.br\/?p=17905"]}]},{"@type":"ImageObject","inLanguage":"pt-PT","@id":"https:\/\/inclusivenews.com.br\/?p=17905#primaryimage","url":"","contentUrl":""},{"@type":"BreadcrumbList","@id":"https:\/\/inclusivenews.com.br\/?p=17905#breadcrumb","itemListElement":[{"@type":"ListItem","position":1,"name":"In\u00edcio","item":"https:\/\/inclusivenews.com.br\/"},{"@type":"ListItem","position":2,"name":"N\u00e3o mais portadores"}]},{"@type":"WebSite","@id":"https:\/\/inclusivenews.com.br\/#website","url":"https:\/\/inclusivenews.com.br\/","name":"Inclusive News","description":"Inclusive News","publisher":{"@id":"https:\/\/inclusivenews.com.br\/#organization"},"potentialAction":[{"@type":"SearchAction","target":{"@type":"EntryPoint","urlTemplate":"https:\/\/inclusivenews.com.br\/?s={search_term_string}"},"query-input":{"@type":"PropertyValueSpecification","valueRequired":true,"valueName":"search_term_string"}}],"inLanguage":"pt-PT"},{"@type":"Organization","@id":"https:\/\/inclusivenews.com.br\/#organization","name":"Inclusive - inclus\u00e3o e cidadania","url":"https:\/\/inclusivenews.com.br\/","logo":{"@type":"ImageObject","inLanguage":"pt-PT","@id":"https:\/\/inclusivenews.com.br\/#\/schema\/logo\/image\/","url":"https:\/\/inclusivenews.com.br\/wp-content\/uploads\/2024\/03\/@grandesite.png","contentUrl":"https:\/\/inclusivenews.com.br\/wp-content\/uploads\/2024\/03\/@grandesite.png","width":1080,"height":1080,"caption":"Inclusive - inclus\u00e3o e cidadania"},"image":{"@id":"https:\/\/inclusivenews.com.br\/#\/schema\/logo\/image\/"},"sameAs":["https:\/\/www.facebook.com\/agenciainclusive\/","https:\/\/www.instagram.com\/newsinclusive\/"]},{"@type":"Person","@id":"https:\/\/inclusivenews.com.br\/#\/schema\/person\/ae4ec7087559b8692fb33b6fffd2273b","name":"inclusivenews2024","image":{"@type":"ImageObject","inLanguage":"pt-PT","@id":"https:\/\/secure.gravatar.com\/avatar\/c5a7ef84c66fa914f55bc4f7ce26cfa275a3b9a1c5568b907bd184fb4dde7b40?s=96&d=mm&r=g","url":"https:\/\/secure.gravatar.com\/avatar\/c5a7ef84c66fa914f55bc4f7ce26cfa275a3b9a1c5568b907bd184fb4dde7b40?s=96&d=mm&r=g","contentUrl":"https:\/\/secure.gravatar.com\/avatar\/c5a7ef84c66fa914f55bc4f7ce26cfa275a3b9a1c5568b907bd184fb4dde7b40?s=96&d=mm&r=g","caption":"inclusivenews2024"},"sameAs":["https:\/\/inclusivenews.com.br"],"url":"https:\/\/inclusivenews.com.br\/?author=1"}]}},"_links":{"self":[{"href":"https:\/\/inclusivenews.com.br\/index.php?rest_route=\/wp\/v2\/posts\/17905","targetHints":{"allow":["GET"]}}],"collection":[{"href":"https:\/\/inclusivenews.com.br\/index.php?rest_route=\/wp\/v2\/posts"}],"about":[{"href":"https:\/\/inclusivenews.com.br\/index.php?rest_route=\/wp\/v2\/types\/post"}],"author":[{"embeddable":true,"href":"https:\/\/inclusivenews.com.br\/index.php?rest_route=\/wp\/v2\/users\/1"}],"replies":[{"embeddable":true,"href":"https:\/\/inclusivenews.com.br\/index.php?rest_route=%2Fwp%2Fv2%2Fcomments&post=17905"}],"version-history":[{"count":0,"href":"https:\/\/inclusivenews.com.br\/index.php?rest_route=\/wp\/v2\/posts\/17905\/revisions"}],"wp:attachment":[{"href":"https:\/\/inclusivenews.com.br\/index.php?rest_route=%2Fwp%2Fv2%2Fmedia&parent=17905"}],"wp:term":[{"taxonomy":"category","embeddable":true,"href":"https:\/\/inclusivenews.com.br\/index.php?rest_route=%2Fwp%2Fv2%2Fcategories&post=17905"},{"taxonomy":"post_tag","embeddable":true,"href":"https:\/\/inclusivenews.com.br\/index.php?rest_route=%2Fwp%2Fv2%2Ftags&post=17905"}],"curies":[{"name":"wp","href":"https:\/\/api.w.org\/{rel}","templated":true}]}}