{"id":17922,"date":"2010-11-11T08:09:51","date_gmt":"2010-11-11T11:09:51","guid":{"rendered":"http:\/\/www.inclusive.org.br\/?p=17922"},"modified":"2010-11-11T08:09:51","modified_gmt":"2010-11-11T11:09:51","slug":"escola-acessivel-vencendo-os-desafios-da-inclusao","status":"publish","type":"post","link":"https:\/\/inclusivenews.com.br\/?p=17922","title":{"rendered":"Escola Acess\u00edvel: vencendo os desafios da inclus\u00e3o"},"content":{"rendered":"<figure style=\"width: 200px\" class=\"wp-caption alignleft\"><img loading=\"lazy\" decoding=\"async\" title=\"Mesa com participantes\" src=\"http:\/\/www.agencia.ac.gov.br\/images\/stories\/fotos\/thumbnails\/thumb_seminrio_promoveu_o_intercmbio_de_experincias_inclusivas.jpg\" alt=\"Mesa com participantes\" width=\"200\" height=\"133\" \/><figcaption class=\"wp-caption-text\">Semin\u00e1rio promoveu o interc\u00e2mbio de experi\u00eancias inclusivas (Foto: Eunice Caetano\/Assessoria SEE)<\/figcaption><\/figure>\n<p>A Secretaria de Estado de Educa\u00e7\u00e3o, por meio da Coordena\u00e7\u00e3o de Educa\u00e7\u00e3o Especial do Acre, realizou nesta quinta, 4, o Semin\u00e1rio Escola Acess\u00edvel, em que profissionais da educa\u00e7\u00e3o participaram de uma troca de experi\u00eancias vivenciadas nas escolas que apostam na inclus\u00e3o de alunos especiais no ensino regular. Participaram do evento profissionais das escolas vencedoras do Pr\u00eamio Experi\u00eancias Inclusivas em 2010 e representantes do Minist\u00e9rio da Educa\u00e7\u00e3o.<\/p>\n<p>Os gestores das escolas Raimundo Marques de Almeida, do Quixad\u00e1 (CE), e Clarice Fecury, de Rio Branco (AC), apresentaram para professores e coordenadores das escolas municipais e estaduais do Acre suas experi\u00eancias exitosas nos \u00faltimos anos com educa\u00e7\u00e3o especial e os desafios da inclus\u00e3o, a\u00e7\u00f5es que fizeram dessas institui\u00e7\u00f5es vencedoras de um pr\u00eamio nacional.<\/p>\n<p>Para a secret\u00e1ria de Educa\u00e7\u00e3o do Estado, Maria Corr\u00eaa, a inclus\u00e3o \u00e9 um desafio para as escolas, e o principal aspecto a ser trabalhado \u00e9 fazer com que a escola e a fam\u00edlia passem a acreditar na capacidade desses alunos. \u201cTemos visto em nossas escolas a coragem de buscar alternativas para superar os desafios da inclus\u00e3o, em que os professores da rede p\u00fablica participam de forma\u00e7\u00f5es que o habilitam a trabalhar com alunos especiais. E o pr\u00eamio \u00e9 um coroamento do esfor\u00e7o do trabalho realizado por v\u00e1rias m\u00e3os\u201d, declara a secret\u00e1ria.<\/p>\n<p>A escola Clarice Fecury atende mais de 600 alunos, entre os quais 43 alunos especiais que foram inclu\u00eddos em 2010 no ensino regular, oferecendo ainda curso de libras para todos os alunos nos dois per\u00edodos de funcionamento. \u201cPercebi no Acre um envolvimento de todos os profissionais da escola, buscando vencer as barreiras na perspectiva da inclus\u00e3o nas diversas defici\u00eancias, buscando atender as dificuldades\u201d, afirma Jacinta Maria, gestora da escola Raimundo Marques de Almeida, uma das vencedoras do pr\u00eamio.<\/p>\n<p>A educa\u00e7\u00e3o especial no Acre incluiu em 2009 mais de cinco mil alunos, tendo definido como p\u00fablico-alvo os alunos com defici\u00eancia, Transtornos Globais do Desenvolvimento e Altas Habilidades\/Superdota\u00e7\u00e3o. A Secretaria de Estado de Educa\u00e7\u00e3o acredita que a educa\u00e7\u00e3o especial deve atuar de forma articulada com o ensino comum, orientando para o atendimento \u00e0s necessidades educacionais especiais desses alunos.<\/p>\n<p>O Pr\u00eamio Experi\u00eancias Inclusivas contemplou as escolas com R$ 8 mil, sob o patroc\u00ednio da Funda\u00e7\u00e3o MAPFRE\/OEI. Os vencedores realizaram uma apresenta\u00e7\u00e3o da experi\u00eancia premiada e tiveram a divulga\u00e7\u00e3o da experi\u00eancia em publica\u00e7\u00e3o conjunta da Secretaria de Educa\u00e7\u00e3o Especial &#8211; SEESP\/MEC e da OEI. Essa \u00e9 uma realiza\u00e7\u00e3o do Minist\u00e9rio da Educa\u00e7\u00e3o e a Organiza\u00e7\u00e3o dos Estados Ibero-Americanos, em parceria com a Funda\u00e7\u00e3o Mapfre, Conselho Nacional de Secret\u00e1rios de Educa\u00e7\u00e3o (CONSED) e Uni\u00e3o Nacional dos Dirigentes Municipais (UNDIME).<\/p>\n<p>____________________________<\/p>\n<p><strong>Fonte:<\/strong> <a href=\"http:\/\/www.agencia.ac.gov.br\/index.php?option=com_content&amp;task=view&amp;id=14159&amp;Itemid=26\">Ag\u00eancia de Not\u00edcias do Acre<\/a><\/p>\n","protected":false},"excerpt":{"rendered":"<p>Desde 2009 o Acre inclui cerca de cinco mil alunos no ensino regular.<\/p>\n","protected":false},"author":1,"featured_media":0,"comment_status":"open","ping_status":"open","sticky":false,"template":"","format":"standard","meta":{"site-container-style":"default","site-container-layout":"default","site-sidebar-layout":"default","disable-article-header":"default","disable-site-header":"default","disable-site-footer":"default","disable-content-area-spacing":"default","footnotes":""},"categories":[6,48,4],"tags":[],"class_list":["post-17922","post","type-post","status-publish","format-standard","hentry","category-educacao","category-inclusao","category-noticias"],"yoast_head":"<!-- This site is optimized with the Yoast SEO plugin v27.4 - https:\/\/yoast.com\/product\/yoast-seo-wordpress\/ -->\n<title>Escola Acess\u00edvel: vencendo os desafios da inclus\u00e3o -<\/title>\n<meta name=\"robots\" content=\"index, follow, max-snippet:-1, max-image-preview:large, max-video-preview:-1\" \/>\n<link rel=\"canonical\" href=\"https:\/\/inclusivenews.com.br\/?p=17922\" \/>\n<meta property=\"og:locale\" content=\"pt_PT\" \/>\n<meta property=\"og:type\" content=\"article\" \/>\n<meta property=\"og:title\" content=\"Escola Acess\u00edvel: vencendo os desafios da inclus\u00e3o -\" \/>\n<meta property=\"og:description\" content=\"Desde 2009 o Acre inclui cerca de cinco mil alunos no ensino regular.\" \/>\n<meta property=\"og:url\" content=\"https:\/\/inclusivenews.com.br\/?p=17922\" \/>\n<meta property=\"article:publisher\" content=\"https:\/\/www.facebook.com\/agenciainclusive\/\" \/>\n<meta property=\"article:published_time\" content=\"2010-11-11T11:09:51+00:00\" \/>\n<meta property=\"og:image\" content=\"http:\/\/www.agencia.ac.gov.br\/images\/stories\/fotos\/thumbnails\/thumb_seminrio_promoveu_o_intercmbio_de_experincias_inclusivas.jpg\" \/>\n<meta name=\"author\" content=\"inclusivenews2024\" \/>\n<meta name=\"twitter:card\" content=\"summary_large_image\" \/>\n<meta name=\"twitter:label1\" content=\"Escrito por\" \/>\n\t<meta name=\"twitter:data1\" content=\"inclusivenews2024\" \/>\n\t<meta name=\"twitter:label2\" content=\"Tempo estimado de leitura\" \/>\n\t<meta name=\"twitter:data2\" content=\"3 minutos\" \/>\n<script type=\"application\/ld+json\" class=\"yoast-schema-graph\">{\"@context\":\"https:\\\/\\\/schema.org\",\"@graph\":[{\"@type\":\"Article\",\"@id\":\"https:\\\/\\\/inclusivenews.com.br\\\/?p=17922#article\",\"isPartOf\":{\"@id\":\"https:\\\/\\\/inclusivenews.com.br\\\/?p=17922\"},\"author\":{\"name\":\"inclusivenews2024\",\"@id\":\"https:\\\/\\\/inclusivenews.com.br\\\/#\\\/schema\\\/person\\\/ae4ec7087559b8692fb33b6fffd2273b\"},\"headline\":\"Escola Acess\u00edvel: vencendo os desafios da inclus\u00e3o\",\"datePublished\":\"2010-11-11T11:09:51+00:00\",\"mainEntityOfPage\":{\"@id\":\"https:\\\/\\\/inclusivenews.com.br\\\/?p=17922\"},\"wordCount\":516,\"commentCount\":0,\"publisher\":{\"@id\":\"https:\\\/\\\/inclusivenews.com.br\\\/#organization\"},\"image\":{\"@id\":\"https:\\\/\\\/inclusivenews.com.br\\\/?p=17922#primaryimage\"},\"thumbnailUrl\":\"http:\\\/\\\/www.agencia.ac.gov.br\\\/images\\\/stories\\\/fotos\\\/thumbnails\\\/thumb_seminrio_promoveu_o_intercmbio_de_experincias_inclusivas.jpg\",\"articleSection\":[\"EDUCA\u00c7\u00c3O\",\"INCLUS\u00c3O SOCIAL\",\"NOT\u00cdCIAS\"],\"inLanguage\":\"pt-PT\",\"potentialAction\":[{\"@type\":\"CommentAction\",\"name\":\"Comment\",\"target\":[\"https:\\\/\\\/inclusivenews.com.br\\\/?p=17922#respond\"]}]},{\"@type\":\"WebPage\",\"@id\":\"https:\\\/\\\/inclusivenews.com.br\\\/?p=17922\",\"url\":\"https:\\\/\\\/inclusivenews.com.br\\\/?p=17922\",\"name\":\"Escola Acess\u00edvel: vencendo os desafios da inclus\u00e3o -\",\"isPartOf\":{\"@id\":\"https:\\\/\\\/inclusivenews.com.br\\\/#website\"},\"primaryImageOfPage\":{\"@id\":\"https:\\\/\\\/inclusivenews.com.br\\\/?p=17922#primaryimage\"},\"image\":{\"@id\":\"https:\\\/\\\/inclusivenews.com.br\\\/?p=17922#primaryimage\"},\"thumbnailUrl\":\"http:\\\/\\\/www.agencia.ac.gov.br\\\/images\\\/stories\\\/fotos\\\/thumbnails\\\/thumb_seminrio_promoveu_o_intercmbio_de_experincias_inclusivas.jpg\",\"datePublished\":\"2010-11-11T11:09:51+00:00\",\"breadcrumb\":{\"@id\":\"https:\\\/\\\/inclusivenews.com.br\\\/?p=17922#breadcrumb\"},\"inLanguage\":\"pt-PT\",\"potentialAction\":[{\"@type\":\"ReadAction\",\"target\":[\"https:\\\/\\\/inclusivenews.com.br\\\/?p=17922\"]}]},{\"@type\":\"ImageObject\",\"inLanguage\":\"pt-PT\",\"@id\":\"https:\\\/\\\/inclusivenews.com.br\\\/?p=17922#primaryimage\",\"url\":\"http:\\\/\\\/www.agencia.ac.gov.br\\\/images\\\/stories\\\/fotos\\\/thumbnails\\\/thumb_seminrio_promoveu_o_intercmbio_de_experincias_inclusivas.jpg\",\"contentUrl\":\"http:\\\/\\\/www.agencia.ac.gov.br\\\/images\\\/stories\\\/fotos\\\/thumbnails\\\/thumb_seminrio_promoveu_o_intercmbio_de_experincias_inclusivas.jpg\"},{\"@type\":\"BreadcrumbList\",\"@id\":\"https:\\\/\\\/inclusivenews.com.br\\\/?p=17922#breadcrumb\",\"itemListElement\":[{\"@type\":\"ListItem\",\"position\":1,\"name\":\"In\u00edcio\",\"item\":\"https:\\\/\\\/inclusivenews.com.br\\\/\"},{\"@type\":\"ListItem\",\"position\":2,\"name\":\"Escola Acess\u00edvel: vencendo os desafios da inclus\u00e3o\"}]},{\"@type\":\"WebSite\",\"@id\":\"https:\\\/\\\/inclusivenews.com.br\\\/#website\",\"url\":\"https:\\\/\\\/inclusivenews.com.br\\\/\",\"name\":\"Inclusive News\",\"description\":\"Inclusive News\",\"publisher\":{\"@id\":\"https:\\\/\\\/inclusivenews.com.br\\\/#organization\"},\"potentialAction\":[{\"@type\":\"SearchAction\",\"target\":{\"@type\":\"EntryPoint\",\"urlTemplate\":\"https:\\\/\\\/inclusivenews.com.br\\\/?s={search_term_string}\"},\"query-input\":{\"@type\":\"PropertyValueSpecification\",\"valueRequired\":true,\"valueName\":\"search_term_string\"}}],\"inLanguage\":\"pt-PT\"},{\"@type\":\"Organization\",\"@id\":\"https:\\\/\\\/inclusivenews.com.br\\\/#organization\",\"name\":\"Inclusive - inclus\u00e3o e cidadania\",\"url\":\"https:\\\/\\\/inclusivenews.com.br\\\/\",\"logo\":{\"@type\":\"ImageObject\",\"inLanguage\":\"pt-PT\",\"@id\":\"https:\\\/\\\/inclusivenews.com.br\\\/#\\\/schema\\\/logo\\\/image\\\/\",\"url\":\"https:\\\/\\\/inclusivenews.com.br\\\/wp-content\\\/uploads\\\/2024\\\/03\\\/@grandesite.png\",\"contentUrl\":\"https:\\\/\\\/inclusivenews.com.br\\\/wp-content\\\/uploads\\\/2024\\\/03\\\/@grandesite.png\",\"width\":1080,\"height\":1080,\"caption\":\"Inclusive - inclus\u00e3o e cidadania\"},\"image\":{\"@id\":\"https:\\\/\\\/inclusivenews.com.br\\\/#\\\/schema\\\/logo\\\/image\\\/\"},\"sameAs\":[\"https:\\\/\\\/www.facebook.com\\\/agenciainclusive\\\/\",\"https:\\\/\\\/www.instagram.com\\\/newsinclusive\\\/\"]},{\"@type\":\"Person\",\"@id\":\"https:\\\/\\\/inclusivenews.com.br\\\/#\\\/schema\\\/person\\\/ae4ec7087559b8692fb33b6fffd2273b\",\"name\":\"inclusivenews2024\",\"image\":{\"@type\":\"ImageObject\",\"inLanguage\":\"pt-PT\",\"@id\":\"https:\\\/\\\/secure.gravatar.com\\\/avatar\\\/c5a7ef84c66fa914f55bc4f7ce26cfa275a3b9a1c5568b907bd184fb4dde7b40?s=96&d=mm&r=g\",\"url\":\"https:\\\/\\\/secure.gravatar.com\\\/avatar\\\/c5a7ef84c66fa914f55bc4f7ce26cfa275a3b9a1c5568b907bd184fb4dde7b40?s=96&d=mm&r=g\",\"contentUrl\":\"https:\\\/\\\/secure.gravatar.com\\\/avatar\\\/c5a7ef84c66fa914f55bc4f7ce26cfa275a3b9a1c5568b907bd184fb4dde7b40?s=96&d=mm&r=g\",\"caption\":\"inclusivenews2024\"},\"sameAs\":[\"https:\\\/\\\/inclusivenews.com.br\"],\"url\":\"https:\\\/\\\/inclusivenews.com.br\\\/?author=1\"}]}<\/script>\n<!-- \/ Yoast SEO plugin. -->","yoast_head_json":{"title":"Escola Acess\u00edvel: vencendo os desafios da inclus\u00e3o -","robots":{"index":"index","follow":"follow","max-snippet":"max-snippet:-1","max-image-preview":"max-image-preview:large","max-video-preview":"max-video-preview:-1"},"canonical":"https:\/\/inclusivenews.com.br\/?p=17922","og_locale":"pt_PT","og_type":"article","og_title":"Escola Acess\u00edvel: vencendo os desafios da inclus\u00e3o -","og_description":"Desde 2009 o Acre inclui cerca de cinco mil alunos no ensino regular.","og_url":"https:\/\/inclusivenews.com.br\/?p=17922","article_publisher":"https:\/\/www.facebook.com\/agenciainclusive\/","article_published_time":"2010-11-11T11:09:51+00:00","og_image":[{"url":"http:\/\/www.agencia.ac.gov.br\/images\/stories\/fotos\/thumbnails\/thumb_seminrio_promoveu_o_intercmbio_de_experincias_inclusivas.jpg","type":"","width":"","height":""}],"author":"inclusivenews2024","twitter_card":"summary_large_image","twitter_misc":{"Escrito por":"inclusivenews2024","Tempo estimado de leitura":"3 minutos"},"schema":{"@context":"https:\/\/schema.org","@graph":[{"@type":"Article","@id":"https:\/\/inclusivenews.com.br\/?p=17922#article","isPartOf":{"@id":"https:\/\/inclusivenews.com.br\/?p=17922"},"author":{"name":"inclusivenews2024","@id":"https:\/\/inclusivenews.com.br\/#\/schema\/person\/ae4ec7087559b8692fb33b6fffd2273b"},"headline":"Escola Acess\u00edvel: vencendo os desafios da inclus\u00e3o","datePublished":"2010-11-11T11:09:51+00:00","mainEntityOfPage":{"@id":"https:\/\/inclusivenews.com.br\/?p=17922"},"wordCount":516,"commentCount":0,"publisher":{"@id":"https:\/\/inclusivenews.com.br\/#organization"},"image":{"@id":"https:\/\/inclusivenews.com.br\/?p=17922#primaryimage"},"thumbnailUrl":"http:\/\/www.agencia.ac.gov.br\/images\/stories\/fotos\/thumbnails\/thumb_seminrio_promoveu_o_intercmbio_de_experincias_inclusivas.jpg","articleSection":["EDUCA\u00c7\u00c3O","INCLUS\u00c3O SOCIAL","NOT\u00cdCIAS"],"inLanguage":"pt-PT","potentialAction":[{"@type":"CommentAction","name":"Comment","target":["https:\/\/inclusivenews.com.br\/?p=17922#respond"]}]},{"@type":"WebPage","@id":"https:\/\/inclusivenews.com.br\/?p=17922","url":"https:\/\/inclusivenews.com.br\/?p=17922","name":"Escola Acess\u00edvel: vencendo os desafios da inclus\u00e3o -","isPartOf":{"@id":"https:\/\/inclusivenews.com.br\/#website"},"primaryImageOfPage":{"@id":"https:\/\/inclusivenews.com.br\/?p=17922#primaryimage"},"image":{"@id":"https:\/\/inclusivenews.com.br\/?p=17922#primaryimage"},"thumbnailUrl":"http:\/\/www.agencia.ac.gov.br\/images\/stories\/fotos\/thumbnails\/thumb_seminrio_promoveu_o_intercmbio_de_experincias_inclusivas.jpg","datePublished":"2010-11-11T11:09:51+00:00","breadcrumb":{"@id":"https:\/\/inclusivenews.com.br\/?p=17922#breadcrumb"},"inLanguage":"pt-PT","potentialAction":[{"@type":"ReadAction","target":["https:\/\/inclusivenews.com.br\/?p=17922"]}]},{"@type":"ImageObject","inLanguage":"pt-PT","@id":"https:\/\/inclusivenews.com.br\/?p=17922#primaryimage","url":"http:\/\/www.agencia.ac.gov.br\/images\/stories\/fotos\/thumbnails\/thumb_seminrio_promoveu_o_intercmbio_de_experincias_inclusivas.jpg","contentUrl":"http:\/\/www.agencia.ac.gov.br\/images\/stories\/fotos\/thumbnails\/thumb_seminrio_promoveu_o_intercmbio_de_experincias_inclusivas.jpg"},{"@type":"BreadcrumbList","@id":"https:\/\/inclusivenews.com.br\/?p=17922#breadcrumb","itemListElement":[{"@type":"ListItem","position":1,"name":"In\u00edcio","item":"https:\/\/inclusivenews.com.br\/"},{"@type":"ListItem","position":2,"name":"Escola Acess\u00edvel: vencendo os desafios da inclus\u00e3o"}]},{"@type":"WebSite","@id":"https:\/\/inclusivenews.com.br\/#website","url":"https:\/\/inclusivenews.com.br\/","name":"Inclusive News","description":"Inclusive News","publisher":{"@id":"https:\/\/inclusivenews.com.br\/#organization"},"potentialAction":[{"@type":"SearchAction","target":{"@type":"EntryPoint","urlTemplate":"https:\/\/inclusivenews.com.br\/?s={search_term_string}"},"query-input":{"@type":"PropertyValueSpecification","valueRequired":true,"valueName":"search_term_string"}}],"inLanguage":"pt-PT"},{"@type":"Organization","@id":"https:\/\/inclusivenews.com.br\/#organization","name":"Inclusive - inclus\u00e3o e cidadania","url":"https:\/\/inclusivenews.com.br\/","logo":{"@type":"ImageObject","inLanguage":"pt-PT","@id":"https:\/\/inclusivenews.com.br\/#\/schema\/logo\/image\/","url":"https:\/\/inclusivenews.com.br\/wp-content\/uploads\/2024\/03\/@grandesite.png","contentUrl":"https:\/\/inclusivenews.com.br\/wp-content\/uploads\/2024\/03\/@grandesite.png","width":1080,"height":1080,"caption":"Inclusive - inclus\u00e3o e cidadania"},"image":{"@id":"https:\/\/inclusivenews.com.br\/#\/schema\/logo\/image\/"},"sameAs":["https:\/\/www.facebook.com\/agenciainclusive\/","https:\/\/www.instagram.com\/newsinclusive\/"]},{"@type":"Person","@id":"https:\/\/inclusivenews.com.br\/#\/schema\/person\/ae4ec7087559b8692fb33b6fffd2273b","name":"inclusivenews2024","image":{"@type":"ImageObject","inLanguage":"pt-PT","@id":"https:\/\/secure.gravatar.com\/avatar\/c5a7ef84c66fa914f55bc4f7ce26cfa275a3b9a1c5568b907bd184fb4dde7b40?s=96&d=mm&r=g","url":"https:\/\/secure.gravatar.com\/avatar\/c5a7ef84c66fa914f55bc4f7ce26cfa275a3b9a1c5568b907bd184fb4dde7b40?s=96&d=mm&r=g","contentUrl":"https:\/\/secure.gravatar.com\/avatar\/c5a7ef84c66fa914f55bc4f7ce26cfa275a3b9a1c5568b907bd184fb4dde7b40?s=96&d=mm&r=g","caption":"inclusivenews2024"},"sameAs":["https:\/\/inclusivenews.com.br"],"url":"https:\/\/inclusivenews.com.br\/?author=1"}]}},"_links":{"self":[{"href":"https:\/\/inclusivenews.com.br\/index.php?rest_route=\/wp\/v2\/posts\/17922","targetHints":{"allow":["GET"]}}],"collection":[{"href":"https:\/\/inclusivenews.com.br\/index.php?rest_route=\/wp\/v2\/posts"}],"about":[{"href":"https:\/\/inclusivenews.com.br\/index.php?rest_route=\/wp\/v2\/types\/post"}],"author":[{"embeddable":true,"href":"https:\/\/inclusivenews.com.br\/index.php?rest_route=\/wp\/v2\/users\/1"}],"replies":[{"embeddable":true,"href":"https:\/\/inclusivenews.com.br\/index.php?rest_route=%2Fwp%2Fv2%2Fcomments&post=17922"}],"version-history":[{"count":0,"href":"https:\/\/inclusivenews.com.br\/index.php?rest_route=\/wp\/v2\/posts\/17922\/revisions"}],"wp:attachment":[{"href":"https:\/\/inclusivenews.com.br\/index.php?rest_route=%2Fwp%2Fv2%2Fmedia&parent=17922"}],"wp:term":[{"taxonomy":"category","embeddable":true,"href":"https:\/\/inclusivenews.com.br\/index.php?rest_route=%2Fwp%2Fv2%2Fcategories&post=17922"},{"taxonomy":"post_tag","embeddable":true,"href":"https:\/\/inclusivenews.com.br\/index.php?rest_route=%2Fwp%2Fv2%2Ftags&post=17922"}],"curies":[{"name":"wp","href":"https:\/\/api.w.org\/{rel}","templated":true}]}}