{"id":17923,"date":"2010-11-11T08:10:55","date_gmt":"2010-11-11T11:10:55","guid":{"rendered":"http:\/\/www.inclusive.org.br\/?p=17923"},"modified":"2010-11-11T08:10:55","modified_gmt":"2010-11-11T11:10:55","slug":"formacao-de-professores-para-a-educacao-inclusiva-um-desafio-constante","status":"publish","type":"post","link":"https:\/\/inclusivenews.com.br\/?p=17923","title":{"rendered":"Forma\u00e7\u00e3o de professores para a educa\u00e7\u00e3o inclusiva: um desafio constante"},"content":{"rendered":"<p><strong><a href=\"http:\/\/www.inclusivenews.com.br\/wp-content\/uploads\/2010\/08\/educacaoespecial.jpg\"><img loading=\"lazy\" decoding=\"async\" class=\"alignleft size-medium wp-image-16944\" title=\"Inclusive - educa\u00e7\u00e3o especial - ilustra\u00e7\u00e3o de figuras humanas de diversos tamanhos e cores\" src=\"http:\/\/inclusivenews.com.br\/wp-content\/uploads\/2010\/08\/educacaoespecial-300x214.jpg\" alt=\"Inclusive - educa\u00e7\u00e3o especial - ilustra\u00e7\u00e3o de figuras humanas de diversos tamanhos e cores\" width=\"300\" height=\"214\" \/><\/a>Por Marcirene Selzler, e Simone F\u00e9lix da Costa Fontana*<\/strong><\/p>\n<p>Ao longo da hist\u00f3ria da educa\u00e7\u00e3o, a escola caracteriza-se como uma institui\u00e7\u00e3o seletiva e elitista, que serve aos interesses de um determinado grupo da sociedade, por\u00e9m, a partir de empenhos para a igualdade de direitos, a educa\u00e7\u00e3o passa a democratizar-se. No entanto, tal acessibilidade conquistada continua a excluir, resultando em fracasso e evas\u00e3o escolar, fazendo com que o baixo rendimento dos alunos se torne algo comum.<\/p>\n<p>Dessa maneira a Educa\u00e7\u00e3o Especial era oferecida em institui\u00e7\u00f5es especializadas que substitu\u00edam o ensino comum, assim o aluno com necessidades educacionais especiais recebia atendimento especializado, mas era marginalizado da escola regular, convivia apenas com outros alunos especiais, e n\u00e3o tinha acesso \u00e0 classe de ensino regular, desta forma, a interpreta\u00e7\u00e3o equivocada da nomenclatura Educa\u00e7\u00e3o Especial exclu\u00eda o direito dos alunos com necessidades educacionais especiais de freq\u00fcentar o ensino regular.<\/p>\n<p>O ensino que atende os alunos com necessidades educacionais especiais \u00e9 composto por um conjunto de a\u00e7\u00f5es entre escola, professores, coordenadores, especialistas, pais, alunos, isto \u00e9, por toda uma equipe escolar que deve empreender esfor\u00e7os conjuntamente para viabilizar o acesso do aluno a educa\u00e7\u00e3o de qualidade.<\/p>\n<p>Assim o curr\u00edculo, a forma de avalia\u00e7\u00e3o, e o desenvolvimento escolar de um aluno com necessidades educacionais especiais precisam respeitar as &#8220;limita\u00e7\u00f5es&#8221; e valorizar as potencialidades desses alunos, pois, caso contr\u00e1rio, sua estada no ensino regular se torna invi\u00e1vel.<\/p>\n<p>A escola que se denomina inclusiva \u00e9 uma escola aberta \u00e0 comunidade, provida de parceria e totalmente fechada \u00e0s discrimina\u00e7\u00f5es. Na escola inclusiva o processo educativo \u00e9 entendido como um processo social, onde todas as crian\u00e7as, jovens ou adultos com necessidades educacionais especiais e de dist\u00farbios de aprendizagem t\u00eam o direito \u00e0 escolariza\u00e7\u00e3o.<\/p>\n<p>Portanto, aponta-se a import\u00e2ncia de preparo da equipe escolar, pois a escola \u00e9 uma das institui\u00e7\u00f5es mais importantes da sociedade, formadora de conceitos e ideologia, esta pode formar ou &#8220;deformar&#8221; o aluno que ser\u00e1 um futuro cidad\u00e3o, desta forma, \u00e9 pertinente que se n\u00e3o administrada da forma adequada pode se tornar um meio de exclus\u00e3o, fato que n\u00e3o se origina somente entre os estudantes, como seria natural analisar, mas, principalmente entre os docentes que n\u00e3o se sentem preparados para atender os alunos com necessidades educacionais especiais e acabam por rejeit\u00e1-los e consequentemente exclu\u00ed-los. Assim o desenvolvimento e a qualidade do ensino dos alunos portadores de necessidades educacionais especiais n\u00e3o contam com garantia como existe na matr\u00edcula e perman\u00eancia na escola, pois as leis garantem que os alunos especiais tenham direito \u00e0 educa\u00e7\u00e3o, mas n\u00e3o pode assegurar que os mesmos se sintam parte da escola, pois tal s\u00f3 pode ocorrer na sala de aula, na pr\u00e1tica escolar, desta forma cabe ao professor intermediar sua socializa\u00e7\u00e3o para que o aluno possa se sentir seguro e inserido neste contexto.<\/p>\n<p>Partindo do pressuposto, de que todos t\u00eam direito \u00e0 educa\u00e7\u00e3o independentemente da diferen\u00e7a, mediante a obrigatoriedade legal e a articula\u00e7\u00e3o de pol\u00edticas p\u00fablicas, assim como as press\u00f5es de grupos organizados da sociedade civil que visam \u00e0 universaliza\u00e7\u00e3o do ensino, por interm\u00e9dio de uma educa\u00e7\u00e3o inclusiva, existe uma grande parte da sociedade segregada do sistema de ensino, em prol de uma educa\u00e7\u00e3o inclusiva, de qualidade.<\/p>\n<p>\u00c9 pertinente destacar que n\u00e3o s\u00f3 a forma\u00e7\u00e3o de professores, mas, mediante curr\u00edculos apropriados, modifica\u00e7\u00f5es estruturais e organizacionais do espa\u00e7o escolar, estrat\u00e9gias de ensino, recursos humanos qualificados e parceria com a comunidade, podem, de fato, contribuir significativamente para o sucesso desses educandos.<\/p>\n<p><em>Artigo elaborado para O Jornal O Progresso.<br \/>\n<\/em><br \/>\n<em>*Autoras: Marcirene Selzer, formada em Pedagogia e Especialista em Educa\u00e7\u00e3o, Simone F\u00e9lix da Costa Fontana formada em Pedagogia e Especialista em Educa\u00e7\u00e3o Especial: Atendimento \u00e1s Necessidades Especiais.<\/em><\/p>\n<p>________________<\/p>\n<p><strong>Fonte: <\/strong><a href=\"http:\/\/www.progresso.com.br\/not_view.php?not_id=47943\">O Progresso<\/a><strong><br \/>\n<\/strong><\/p>\n","protected":false},"excerpt":{"rendered":"<p>Na escola inclusiva o processo educativo \u00e9 entendido como um processo social, onde todas as crian\u00e7as, jovens ou adultos com necessidades educacionais especiais e de dist\u00farbios de aprendizagem t\u00eam o direito \u00e0 escolariza\u00e7\u00e3o. Artigo est\u00e1 no Jornal O Progresso.<\/p>\n","protected":false},"author":1,"featured_media":0,"comment_status":"open","ping_status":"open","sticky":false,"template":"","format":"standard","meta":{"site-container-style":"default","site-container-layout":"default","site-sidebar-layout":"default","disable-article-header":"default","disable-site-header":"default","disable-site-footer":"default","disable-content-area-spacing":"default","footnotes":""},"categories":[36,6,48,8],"tags":[],"class_list":["post-17923","post","type-post","status-publish","format-standard","hentry","category-colunas-especiais","category-educacao","category-inclusao","category-textos-e-artigos"],"yoast_head":"<!-- This site is optimized with the Yoast SEO plugin v27.4 - https:\/\/yoast.com\/product\/yoast-seo-wordpress\/ -->\n<title>Forma\u00e7\u00e3o de professores para a educa\u00e7\u00e3o inclusiva: um desafio constante -<\/title>\n<meta name=\"robots\" content=\"index, follow, max-snippet:-1, max-image-preview:large, max-video-preview:-1\" \/>\n<link rel=\"canonical\" href=\"https:\/\/inclusivenews.com.br\/?p=17923\" \/>\n<meta property=\"og:locale\" content=\"pt_PT\" \/>\n<meta property=\"og:type\" content=\"article\" \/>\n<meta property=\"og:title\" content=\"Forma\u00e7\u00e3o de professores para a educa\u00e7\u00e3o inclusiva: um desafio constante -\" \/>\n<meta property=\"og:description\" content=\"Na escola inclusiva o processo educativo \u00e9 entendido como um processo social, onde todas as crian\u00e7as, jovens ou adultos com necessidades educacionais especiais e de dist\u00farbios de aprendizagem t\u00eam o direito \u00e0 escolariza\u00e7\u00e3o. Artigo est\u00e1 no Jornal O Progresso.\" \/>\n<meta property=\"og:url\" content=\"https:\/\/inclusivenews.com.br\/?p=17923\" \/>\n<meta property=\"article:publisher\" content=\"https:\/\/www.facebook.com\/agenciainclusive\/\" \/>\n<meta property=\"article:published_time\" content=\"2010-11-11T11:10:55+00:00\" \/>\n<meta property=\"og:image\" content=\"http:\/\/inclusivenews.com.br\/wp-content\/uploads\/2010\/08\/educacaoespecial-300x214.jpg\" \/>\n<meta name=\"author\" content=\"inclusivenews2024\" \/>\n<meta name=\"twitter:card\" content=\"summary_large_image\" \/>\n<meta name=\"twitter:label1\" content=\"Escrito por\" \/>\n\t<meta name=\"twitter:data1\" content=\"inclusivenews2024\" \/>\n\t<meta name=\"twitter:label2\" content=\"Tempo estimado de leitura\" \/>\n\t<meta name=\"twitter:data2\" content=\"3 minutos\" \/>\n<script type=\"application\/ld+json\" class=\"yoast-schema-graph\">{\"@context\":\"https:\\\/\\\/schema.org\",\"@graph\":[{\"@type\":\"Article\",\"@id\":\"https:\\\/\\\/inclusivenews.com.br\\\/?p=17923#article\",\"isPartOf\":{\"@id\":\"https:\\\/\\\/inclusivenews.com.br\\\/?p=17923\"},\"author\":{\"name\":\"inclusivenews2024\",\"@id\":\"https:\\\/\\\/inclusivenews.com.br\\\/#\\\/schema\\\/person\\\/ae4ec7087559b8692fb33b6fffd2273b\"},\"headline\":\"Forma\u00e7\u00e3o de professores para a educa\u00e7\u00e3o inclusiva: um desafio constante\",\"datePublished\":\"2010-11-11T11:10:55+00:00\",\"mainEntityOfPage\":{\"@id\":\"https:\\\/\\\/inclusivenews.com.br\\\/?p=17923\"},\"wordCount\":664,\"commentCount\":1,\"publisher\":{\"@id\":\"https:\\\/\\\/inclusivenews.com.br\\\/#organization\"},\"image\":{\"@id\":\"https:\\\/\\\/inclusivenews.com.br\\\/?p=17923#primaryimage\"},\"thumbnailUrl\":\"http:\\\/\\\/inclusivenews.com.br\\\/wp-content\\\/uploads\\\/2010\\\/08\\\/educacaoespecial-300x214.jpg\",\"articleSection\":[\"Colunas especiais\",\"EDUCA\u00c7\u00c3O\",\"INCLUS\u00c3O SOCIAL\",\"OPINI\u00c3O\"],\"inLanguage\":\"pt-PT\",\"potentialAction\":[{\"@type\":\"CommentAction\",\"name\":\"Comment\",\"target\":[\"https:\\\/\\\/inclusivenews.com.br\\\/?p=17923#respond\"]}]},{\"@type\":\"WebPage\",\"@id\":\"https:\\\/\\\/inclusivenews.com.br\\\/?p=17923\",\"url\":\"https:\\\/\\\/inclusivenews.com.br\\\/?p=17923\",\"name\":\"Forma\u00e7\u00e3o de professores para a educa\u00e7\u00e3o inclusiva: um desafio constante -\",\"isPartOf\":{\"@id\":\"https:\\\/\\\/inclusivenews.com.br\\\/#website\"},\"primaryImageOfPage\":{\"@id\":\"https:\\\/\\\/inclusivenews.com.br\\\/?p=17923#primaryimage\"},\"image\":{\"@id\":\"https:\\\/\\\/inclusivenews.com.br\\\/?p=17923#primaryimage\"},\"thumbnailUrl\":\"http:\\\/\\\/inclusivenews.com.br\\\/wp-content\\\/uploads\\\/2010\\\/08\\\/educacaoespecial-300x214.jpg\",\"datePublished\":\"2010-11-11T11:10:55+00:00\",\"breadcrumb\":{\"@id\":\"https:\\\/\\\/inclusivenews.com.br\\\/?p=17923#breadcrumb\"},\"inLanguage\":\"pt-PT\",\"potentialAction\":[{\"@type\":\"ReadAction\",\"target\":[\"https:\\\/\\\/inclusivenews.com.br\\\/?p=17923\"]}]},{\"@type\":\"ImageObject\",\"inLanguage\":\"pt-PT\",\"@id\":\"https:\\\/\\\/inclusivenews.com.br\\\/?p=17923#primaryimage\",\"url\":\"\",\"contentUrl\":\"\"},{\"@type\":\"BreadcrumbList\",\"@id\":\"https:\\\/\\\/inclusivenews.com.br\\\/?p=17923#breadcrumb\",\"itemListElement\":[{\"@type\":\"ListItem\",\"position\":1,\"name\":\"In\u00edcio\",\"item\":\"https:\\\/\\\/inclusivenews.com.br\\\/\"},{\"@type\":\"ListItem\",\"position\":2,\"name\":\"Forma\u00e7\u00e3o de professores para a educa\u00e7\u00e3o inclusiva: um desafio constante\"}]},{\"@type\":\"WebSite\",\"@id\":\"https:\\\/\\\/inclusivenews.com.br\\\/#website\",\"url\":\"https:\\\/\\\/inclusivenews.com.br\\\/\",\"name\":\"Inclusive News\",\"description\":\"Inclusive News\",\"publisher\":{\"@id\":\"https:\\\/\\\/inclusivenews.com.br\\\/#organization\"},\"potentialAction\":[{\"@type\":\"SearchAction\",\"target\":{\"@type\":\"EntryPoint\",\"urlTemplate\":\"https:\\\/\\\/inclusivenews.com.br\\\/?s={search_term_string}\"},\"query-input\":{\"@type\":\"PropertyValueSpecification\",\"valueRequired\":true,\"valueName\":\"search_term_string\"}}],\"inLanguage\":\"pt-PT\"},{\"@type\":\"Organization\",\"@id\":\"https:\\\/\\\/inclusivenews.com.br\\\/#organization\",\"name\":\"Inclusive - inclus\u00e3o e cidadania\",\"url\":\"https:\\\/\\\/inclusivenews.com.br\\\/\",\"logo\":{\"@type\":\"ImageObject\",\"inLanguage\":\"pt-PT\",\"@id\":\"https:\\\/\\\/inclusivenews.com.br\\\/#\\\/schema\\\/logo\\\/image\\\/\",\"url\":\"https:\\\/\\\/inclusivenews.com.br\\\/wp-content\\\/uploads\\\/2024\\\/03\\\/@grandesite.png\",\"contentUrl\":\"https:\\\/\\\/inclusivenews.com.br\\\/wp-content\\\/uploads\\\/2024\\\/03\\\/@grandesite.png\",\"width\":1080,\"height\":1080,\"caption\":\"Inclusive - inclus\u00e3o e cidadania\"},\"image\":{\"@id\":\"https:\\\/\\\/inclusivenews.com.br\\\/#\\\/schema\\\/logo\\\/image\\\/\"},\"sameAs\":[\"https:\\\/\\\/www.facebook.com\\\/agenciainclusive\\\/\",\"https:\\\/\\\/www.instagram.com\\\/newsinclusive\\\/\"]},{\"@type\":\"Person\",\"@id\":\"https:\\\/\\\/inclusivenews.com.br\\\/#\\\/schema\\\/person\\\/ae4ec7087559b8692fb33b6fffd2273b\",\"name\":\"inclusivenews2024\",\"image\":{\"@type\":\"ImageObject\",\"inLanguage\":\"pt-PT\",\"@id\":\"https:\\\/\\\/secure.gravatar.com\\\/avatar\\\/c5a7ef84c66fa914f55bc4f7ce26cfa275a3b9a1c5568b907bd184fb4dde7b40?s=96&d=mm&r=g\",\"url\":\"https:\\\/\\\/secure.gravatar.com\\\/avatar\\\/c5a7ef84c66fa914f55bc4f7ce26cfa275a3b9a1c5568b907bd184fb4dde7b40?s=96&d=mm&r=g\",\"contentUrl\":\"https:\\\/\\\/secure.gravatar.com\\\/avatar\\\/c5a7ef84c66fa914f55bc4f7ce26cfa275a3b9a1c5568b907bd184fb4dde7b40?s=96&d=mm&r=g\",\"caption\":\"inclusivenews2024\"},\"sameAs\":[\"https:\\\/\\\/inclusivenews.com.br\"],\"url\":\"https:\\\/\\\/inclusivenews.com.br\\\/?author=1\"}]}<\/script>\n<!-- \/ Yoast SEO plugin. -->","yoast_head_json":{"title":"Forma\u00e7\u00e3o de professores para a educa\u00e7\u00e3o inclusiva: um desafio constante -","robots":{"index":"index","follow":"follow","max-snippet":"max-snippet:-1","max-image-preview":"max-image-preview:large","max-video-preview":"max-video-preview:-1"},"canonical":"https:\/\/inclusivenews.com.br\/?p=17923","og_locale":"pt_PT","og_type":"article","og_title":"Forma\u00e7\u00e3o de professores para a educa\u00e7\u00e3o inclusiva: um desafio constante -","og_description":"Na escola inclusiva o processo educativo \u00e9 entendido como um processo social, onde todas as crian\u00e7as, jovens ou adultos com necessidades educacionais especiais e de dist\u00farbios de aprendizagem t\u00eam o direito \u00e0 escolariza\u00e7\u00e3o. Artigo est\u00e1 no Jornal O Progresso.","og_url":"https:\/\/inclusivenews.com.br\/?p=17923","article_publisher":"https:\/\/www.facebook.com\/agenciainclusive\/","article_published_time":"2010-11-11T11:10:55+00:00","og_image":[{"url":"http:\/\/inclusivenews.com.br\/wp-content\/uploads\/2010\/08\/educacaoespecial-300x214.jpg","type":"","width":"","height":""}],"author":"inclusivenews2024","twitter_card":"summary_large_image","twitter_misc":{"Escrito por":"inclusivenews2024","Tempo estimado de leitura":"3 minutos"},"schema":{"@context":"https:\/\/schema.org","@graph":[{"@type":"Article","@id":"https:\/\/inclusivenews.com.br\/?p=17923#article","isPartOf":{"@id":"https:\/\/inclusivenews.com.br\/?p=17923"},"author":{"name":"inclusivenews2024","@id":"https:\/\/inclusivenews.com.br\/#\/schema\/person\/ae4ec7087559b8692fb33b6fffd2273b"},"headline":"Forma\u00e7\u00e3o de professores para a educa\u00e7\u00e3o inclusiva: um desafio constante","datePublished":"2010-11-11T11:10:55+00:00","mainEntityOfPage":{"@id":"https:\/\/inclusivenews.com.br\/?p=17923"},"wordCount":664,"commentCount":1,"publisher":{"@id":"https:\/\/inclusivenews.com.br\/#organization"},"image":{"@id":"https:\/\/inclusivenews.com.br\/?p=17923#primaryimage"},"thumbnailUrl":"http:\/\/inclusivenews.com.br\/wp-content\/uploads\/2010\/08\/educacaoespecial-300x214.jpg","articleSection":["Colunas especiais","EDUCA\u00c7\u00c3O","INCLUS\u00c3O SOCIAL","OPINI\u00c3O"],"inLanguage":"pt-PT","potentialAction":[{"@type":"CommentAction","name":"Comment","target":["https:\/\/inclusivenews.com.br\/?p=17923#respond"]}]},{"@type":"WebPage","@id":"https:\/\/inclusivenews.com.br\/?p=17923","url":"https:\/\/inclusivenews.com.br\/?p=17923","name":"Forma\u00e7\u00e3o de professores para a educa\u00e7\u00e3o inclusiva: um desafio constante -","isPartOf":{"@id":"https:\/\/inclusivenews.com.br\/#website"},"primaryImageOfPage":{"@id":"https:\/\/inclusivenews.com.br\/?p=17923#primaryimage"},"image":{"@id":"https:\/\/inclusivenews.com.br\/?p=17923#primaryimage"},"thumbnailUrl":"http:\/\/inclusivenews.com.br\/wp-content\/uploads\/2010\/08\/educacaoespecial-300x214.jpg","datePublished":"2010-11-11T11:10:55+00:00","breadcrumb":{"@id":"https:\/\/inclusivenews.com.br\/?p=17923#breadcrumb"},"inLanguage":"pt-PT","potentialAction":[{"@type":"ReadAction","target":["https:\/\/inclusivenews.com.br\/?p=17923"]}]},{"@type":"ImageObject","inLanguage":"pt-PT","@id":"https:\/\/inclusivenews.com.br\/?p=17923#primaryimage","url":"","contentUrl":""},{"@type":"BreadcrumbList","@id":"https:\/\/inclusivenews.com.br\/?p=17923#breadcrumb","itemListElement":[{"@type":"ListItem","position":1,"name":"In\u00edcio","item":"https:\/\/inclusivenews.com.br\/"},{"@type":"ListItem","position":2,"name":"Forma\u00e7\u00e3o de professores para a educa\u00e7\u00e3o inclusiva: um desafio constante"}]},{"@type":"WebSite","@id":"https:\/\/inclusivenews.com.br\/#website","url":"https:\/\/inclusivenews.com.br\/","name":"Inclusive News","description":"Inclusive News","publisher":{"@id":"https:\/\/inclusivenews.com.br\/#organization"},"potentialAction":[{"@type":"SearchAction","target":{"@type":"EntryPoint","urlTemplate":"https:\/\/inclusivenews.com.br\/?s={search_term_string}"},"query-input":{"@type":"PropertyValueSpecification","valueRequired":true,"valueName":"search_term_string"}}],"inLanguage":"pt-PT"},{"@type":"Organization","@id":"https:\/\/inclusivenews.com.br\/#organization","name":"Inclusive - inclus\u00e3o e cidadania","url":"https:\/\/inclusivenews.com.br\/","logo":{"@type":"ImageObject","inLanguage":"pt-PT","@id":"https:\/\/inclusivenews.com.br\/#\/schema\/logo\/image\/","url":"https:\/\/inclusivenews.com.br\/wp-content\/uploads\/2024\/03\/@grandesite.png","contentUrl":"https:\/\/inclusivenews.com.br\/wp-content\/uploads\/2024\/03\/@grandesite.png","width":1080,"height":1080,"caption":"Inclusive - inclus\u00e3o e cidadania"},"image":{"@id":"https:\/\/inclusivenews.com.br\/#\/schema\/logo\/image\/"},"sameAs":["https:\/\/www.facebook.com\/agenciainclusive\/","https:\/\/www.instagram.com\/newsinclusive\/"]},{"@type":"Person","@id":"https:\/\/inclusivenews.com.br\/#\/schema\/person\/ae4ec7087559b8692fb33b6fffd2273b","name":"inclusivenews2024","image":{"@type":"ImageObject","inLanguage":"pt-PT","@id":"https:\/\/secure.gravatar.com\/avatar\/c5a7ef84c66fa914f55bc4f7ce26cfa275a3b9a1c5568b907bd184fb4dde7b40?s=96&d=mm&r=g","url":"https:\/\/secure.gravatar.com\/avatar\/c5a7ef84c66fa914f55bc4f7ce26cfa275a3b9a1c5568b907bd184fb4dde7b40?s=96&d=mm&r=g","contentUrl":"https:\/\/secure.gravatar.com\/avatar\/c5a7ef84c66fa914f55bc4f7ce26cfa275a3b9a1c5568b907bd184fb4dde7b40?s=96&d=mm&r=g","caption":"inclusivenews2024"},"sameAs":["https:\/\/inclusivenews.com.br"],"url":"https:\/\/inclusivenews.com.br\/?author=1"}]}},"_links":{"self":[{"href":"https:\/\/inclusivenews.com.br\/index.php?rest_route=\/wp\/v2\/posts\/17923","targetHints":{"allow":["GET"]}}],"collection":[{"href":"https:\/\/inclusivenews.com.br\/index.php?rest_route=\/wp\/v2\/posts"}],"about":[{"href":"https:\/\/inclusivenews.com.br\/index.php?rest_route=\/wp\/v2\/types\/post"}],"author":[{"embeddable":true,"href":"https:\/\/inclusivenews.com.br\/index.php?rest_route=\/wp\/v2\/users\/1"}],"replies":[{"embeddable":true,"href":"https:\/\/inclusivenews.com.br\/index.php?rest_route=%2Fwp%2Fv2%2Fcomments&post=17923"}],"version-history":[{"count":0,"href":"https:\/\/inclusivenews.com.br\/index.php?rest_route=\/wp\/v2\/posts\/17923\/revisions"}],"wp:attachment":[{"href":"https:\/\/inclusivenews.com.br\/index.php?rest_route=%2Fwp%2Fv2%2Fmedia&parent=17923"}],"wp:term":[{"taxonomy":"category","embeddable":true,"href":"https:\/\/inclusivenews.com.br\/index.php?rest_route=%2Fwp%2Fv2%2Fcategories&post=17923"},{"taxonomy":"post_tag","embeddable":true,"href":"https:\/\/inclusivenews.com.br\/index.php?rest_route=%2Fwp%2Fv2%2Ftags&post=17923"}],"curies":[{"name":"wp","href":"https:\/\/api.w.org\/{rel}","templated":true}]}}